{"id":116750,"date":"2025-08-12T17:01:58","date_gmt":"2025-08-12T14:01:58","guid":{"rendered":"https:\/\/shiawaves.com\/turkish\/2025\/08\/12\/balikesirde-meydana-gelen-6-1-buyuklugundeki-depremde-1-kisi-hayatini-kaybetti-29-kisi-yaralandi\/"},"modified":"2025-08-12T17:01:58","modified_gmt":"2025-08-12T14:01:58","slug":"balikesirde-meydana-gelen-6-1-buyuklugundeki-depremde-1-kisi-hayatini-kaybetti-29-kisi-yaralandi","status":"publish","type":"post","link":"https:\/\/shiawaves.com\/turkish\/2025\/08\/12\/balikesirde-meydana-gelen-6-1-buyuklugundeki-depremde-1-kisi-hayatini-kaybetti-29-kisi-yaralandi\/","title":{"rendered":"Bal\u0131kesir\u2019de Meydana Gelen 6.1 B\u00fcy\u00fckl\u00fc\u011f\u00fcndeki Depremde 1 Ki\u015fi Hayat\u0131n\u0131 Kaybetti, 29 Ki\u015fi Yaraland\u0131"},"content":{"rendered":"<p>Bal\u0131kesir\u2019de Meydana Gelen 6.1 B\u00fcy\u00fckl\u00fc\u011f\u00fcndeki Depremde 1 Ki\u015fi Hayat\u0131n\u0131 Kaybetti, 29 Ki\u015fi Yaraland\u0131<\/p>\n<p>T\u00fcrkiye \u0130\u00e7i\u015fleri Bakan\u0131, d\u00fcn gece \u00fclkenin bat\u0131s\u0131ndaki Bal\u0131kesir b\u00f6lgesinde 6.1 b\u00fcy\u00fckl\u00fc\u011f\u00fcnde bir depremin meydana geldi\u011fini, maalesef bu olayda bir ki\u015finin hayat\u0131n\u0131 kaybetti\u011fini ve 29 ki\u015finin yaraland\u0131\u011f\u0131n\u0131 a\u00e7\u0131klad\u0131.<\/p>\n<p>\u015eii Haber Ajans\u0131&#8217;n\u0131n Middle East News&#8217;den aktard\u0131\u011f\u0131 habere g\u00f6re, bu olay b\u00f6lgedeki deprem endi\u015feleri art\u0131rm\u0131\u015f ve yard\u0131m ekipleri h\u0131zla olay yerine g\u00f6nderilmi\u015ftir.<\/p>\n<p>Yetkililer durumu kontrol alt\u0131nda tutmaya devam edip ve daha fazla zarar g\u00f6r\u00fclmemesi i\u00e7in gerekli tedbirleri almaktad\u0131r.<\/p>\n","protected":false},"excerpt":{"rendered":"<p>Bal\u0131kesir\u2019de Meydana Gelen 6.1 B\u00fcy\u00fckl\u00fc\u011f\u00fcndeki Depremde 1 Ki\u015fi Hayat\u0131n\u0131 Kaybetti, 29 Ki\u015fi Yaraland\u0131 T\u00fcrkiye \u0130\u00e7i\u015fleri Bakan\u0131, d\u00fcn gece \u00fclkenin bat\u0131s\u0131ndaki Bal\u0131kesir b\u00f6lgesinde 6.1 b\u00fcy\u00fckl\u00fc\u011f\u00fcnde bir depremin meydana geldi\u011fini, maalesef bu olayda bir ki\u015finin hayat\u0131n\u0131 kaybetti\u011fini ve 29 ki\u015finin yaraland\u0131\u011f\u0131n\u0131 a\u00e7\u0131klad\u0131. \u015eii Haber Ajans\u0131&#8217;n\u0131n Middle East News&#8217;den aktard\u0131\u011f\u0131 habere g\u00f6re, bu olay b\u00f6lgedeki deprem endi\u015feleri art\u0131rm\u0131\u015f &hellip;<\/p>\n","protected":false},"author":1,"featured_media":116749,"comment_status":"open","ping_status":"open","sticky":false,"template":"","format":"standard","meta":{"rop_custom_images_group":[],"rop_custom_messages_group":[],"rop_publish_now":"initial","rop_publish_now_accounts":[],"rop_publish_now_history":[],"rop_publish_now_status":"pending","footnotes":""},"categories":[357],"tags":[],"class_list":["post-116750","post","type-post","status-publish","format-standard","has-post-thumbnail","hentry","category-turkiye"],"_wp_page_template":null,"_wp_attached_file":null,"_wp_attachment_metadata":null,"_edit_lock":null,"yoast_head":"<!-- This site is optimized with the Yoast SEO plugin v24.3 - https:\/\/yoast.com\/wordpress\/plugins\/seo\/ -->\n<title>Bal\u0131kesir\u2019de Meydana Gelen 6.1 B\u00fcy\u00fckl\u00fc\u011f\u00fcndeki Depremde 1 Ki\u015fi Hayat\u0131n\u0131 Kaybetti, 29 Ki\u015fi Yaraland\u0131 - ShiaWaves Turkish - \u015eia Haberleri<\/title>\n<meta name=\"robots\" content=\"index, follow, max-snippet:-1, max-image-preview:large, max-video-preview:-1\" \/>\n<link rel=\"canonical\" href=\"https:\/\/shiawaves.com\/turkish\/2025\/08\/12\/balikesirde-meydana-gelen-6-1-buyuklugundeki-depremde-1-kisi-hayatini-kaybetti-29-kisi-yaralandi\/\" \/>\n<meta property=\"og:locale\" content=\"tr_TR\" \/>\n<meta property=\"og:type\" content=\"article\" \/>\n<meta property=\"og:title\" content=\"Bal\u0131kesir\u2019de Meydana Gelen 6.1 B\u00fcy\u00fckl\u00fc\u011f\u00fcndeki Depremde 1 Ki\u015fi Hayat\u0131n\u0131 Kaybetti, 29 Ki\u015fi Yaraland\u0131 - ShiaWaves Turkish - \u015eia Haberleri\" \/>\n<meta property=\"og:description\" content=\"Bal\u0131kesir\u2019de Meydana Gelen 6.1 B\u00fcy\u00fckl\u00fc\u011f\u00fcndeki Depremde 1 Ki\u015fi Hayat\u0131n\u0131 Kaybetti, 29 Ki\u015fi Yaraland\u0131 T\u00fcrkiye \u0130\u00e7i\u015fleri Bakan\u0131, d\u00fcn gece \u00fclkenin bat\u0131s\u0131ndaki Bal\u0131kesir b\u00f6lgesinde 6.1 b\u00fcy\u00fckl\u00fc\u011f\u00fcnde bir depremin meydana geldi\u011fini, maalesef bu olayda bir ki\u015finin hayat\u0131n\u0131 kaybetti\u011fini ve 29 ki\u015finin yaraland\u0131\u011f\u0131n\u0131 a\u00e7\u0131klad\u0131. \u015eii Haber Ajans\u0131&#8217;n\u0131n Middle East News&#8217;den aktard\u0131\u011f\u0131 habere g\u00f6re, bu olay b\u00f6lgedeki deprem endi\u015feleri art\u0131rm\u0131\u015f &hellip;\" \/>\n<meta property=\"og:url\" content=\"https:\/\/shiawaves.com\/turkish\/2025\/08\/12\/balikesirde-meydana-gelen-6-1-buyuklugundeki-depremde-1-kisi-hayatini-kaybetti-29-kisi-yaralandi\/\" \/>\n<meta property=\"og:site_name\" content=\"ShiaWaves Turkish - \u015eia Haberleri\" \/>\n<meta property=\"article:published_time\" content=\"2025-08-12T14:01:58+00:00\" \/>\n<meta name=\"author\" content=\"modir\" \/>\n<meta name=\"twitter:card\" content=\"summary_large_image\" \/>\n<meta name=\"twitter:label1\" content=\"Yazan:\" \/>\n\t<meta name=\"twitter:data1\" content=\"modir\" \/>\n\t<meta name=\"twitter:label2\" content=\"Tahmini okuma s\u00fcresi\" \/>\n\t<meta name=\"twitter:data2\" content=\"1 dakika\" \/>\n<script type=\"application\/ld+json\" class=\"yoast-schema-graph\">{\"@context\":\"https:\/\/schema.org\",\"@graph\":[{\"@type\":\"WebPage\",\"@id\":\"https:\/\/shiawaves.com\/turkish\/2025\/08\/12\/balikesirde-meydana-gelen-6-1-buyuklugundeki-depremde-1-kisi-hayatini-kaybetti-29-kisi-yaralandi\/\",\"url\":\"https:\/\/shiawaves.com\/turkish\/2025\/08\/12\/balikesirde-meydana-gelen-6-1-buyuklugundeki-depremde-1-kisi-hayatini-kaybetti-29-kisi-yaralandi\/\",\"name\":\"Bal\u0131kesir\u2019de Meydana Gelen 6.1 B\u00fcy\u00fckl\u00fc\u011f\u00fcndeki Depremde 1 Ki\u015fi Hayat\u0131n\u0131 Kaybetti, 29 Ki\u015fi Yaraland\u0131 - ShiaWaves Turkish - \u015eia Haberleri\",\"isPartOf\":{\"@id\":\"https:\/\/shiawaves.com\/turkish\/#website\"},\"primaryImageOfPage\":{\"@id\":\"https:\/\/shiawaves.com\/turkish\/2025\/08\/12\/balikesirde-meydana-gelen-6-1-buyuklugundeki-depremde-1-kisi-hayatini-kaybetti-29-kisi-yaralandi\/#primaryimage\"},\"image\":{\"@id\":\"https:\/\/shiawaves.com\/turkish\/2025\/08\/12\/balikesirde-meydana-gelen-6-1-buyuklugundeki-depremde-1-kisi-hayatini-kaybetti-29-kisi-yaralandi\/#primaryimage\"},\"thumbnailUrl\":\"https:\/\/shiawaves.com\/turkish\/wp-content\/uploads\/sites\/6\/2025\/08\/file_765.jpg\",\"datePublished\":\"2025-08-12T14:01:58+00:00\",\"dateModified\":\"2025-08-12T14:01:58+00:00\",\"author\":{\"@id\":\"https:\/\/shiawaves.com\/turkish\/#\/schema\/person\/9f68d5023e948086b9348fba5aebd954\"},\"breadcrumb\":{\"@id\":\"https:\/\/shiawaves.com\/turkish\/2025\/08\/12\/balikesirde-meydana-gelen-6-1-buyuklugundeki-depremde-1-kisi-hayatini-kaybetti-29-kisi-yaralandi\/#breadcrumb\"},\"inLanguage\":\"tr\",\"potentialAction\":[{\"@type\":\"ReadAction\",\"target\":[\"https:\/\/shiawaves.com\/turkish\/2025\/08\/12\/balikesirde-meydana-gelen-6-1-buyuklugundeki-depremde-1-kisi-hayatini-kaybetti-29-kisi-yaralandi\/\"]}]},{\"@type\":\"ImageObject\",\"inLanguage\":\"tr\",\"@id\":\"https:\/\/shiawaves.com\/turkish\/2025\/08\/12\/balikesirde-meydana-gelen-6-1-buyuklugundeki-depremde-1-kisi-hayatini-kaybetti-29-kisi-yaralandi\/#primaryimage\",\"url\":\"https:\/\/shiawaves.com\/turkish\/wp-content\/uploads\/sites\/6\/2025\/08\/file_765.jpg\",\"contentUrl\":\"https:\/\/shiawaves.com\/turkish\/wp-content\/uploads\/sites\/6\/2025\/08\/file_765.jpg\",\"width\":800,\"height\":449},{\"@type\":\"BreadcrumbList\",\"@id\":\"https:\/\/shiawaves.com\/turkish\/2025\/08\/12\/balikesirde-meydana-gelen-6-1-buyuklugundeki-depremde-1-kisi-hayatini-kaybetti-29-kisi-yaralandi\/#breadcrumb\",\"itemListElement\":[{\"@type\":\"ListItem\",\"position\":1,\"name\":\"Home\",\"item\":\"https:\/\/shiawaves.com\/turkish\/\"},{\"@type\":\"ListItem\",\"position\":2,\"name\":\"Bal\u0131kesir\u2019de Meydana Gelen 6.1 B\u00fcy\u00fckl\u00fc\u011f\u00fcndeki Depremde 1 Ki\u015fi Hayat\u0131n\u0131 Kaybetti, 29 Ki\u015fi Yaraland\u0131\"}]},{\"@type\":\"WebSite\",\"@id\":\"https:\/\/shiawaves.com\/turkish\/#website\",\"url\":\"https:\/\/shiawaves.com\/turkish\/\",\"name\":\"ShiaWaves Turkish - \u015eia Haberleri\",\"description\":\"\",\"potentialAction\":[{\"@type\":\"SearchAction\",\"target\":{\"@type\":\"EntryPoint\",\"urlTemplate\":\"https:\/\/shiawaves.com\/turkish\/?s={search_term_string}\"},\"query-input\":{\"@type\":\"PropertyValueSpecification\",\"valueRequired\":true,\"valueName\":\"search_term_string\"}}],\"inLanguage\":\"tr\"},{\"@type\":\"Person\",\"@id\":\"https:\/\/shiawaves.com\/turkish\/#\/schema\/person\/9f68d5023e948086b9348fba5aebd954\",\"name\":\"modir\",\"image\":{\"@type\":\"ImageObject\",\"inLanguage\":\"tr\",\"@id\":\"https:\/\/shiawaves.com\/turkish\/#\/schema\/person\/image\/\",\"url\":\"https:\/\/secure.gravatar.com\/avatar\/8e76f93cdbdd480bd8918d1e0e1d938664c9cb1516c2a57a2b96fe50b507a6b9?s=96&d=mm&r=g\",\"contentUrl\":\"https:\/\/secure.gravatar.com\/avatar\/8e76f93cdbdd480bd8918d1e0e1d938664c9cb1516c2a57a2b96fe50b507a6b9?s=96&d=mm&r=g\",\"caption\":\"modir\"},\"sameAs\":[\"https:\/\/shiawaves.com\"],\"url\":\"https:\/\/shiawaves.com\/turkish\/author\/modir\/\"}]}<\/script>\n<!-- \/ Yoast SEO plugin. -->","yoast_head_json":{"title":"Bal\u0131kesir\u2019de Meydana Gelen 6.1 B\u00fcy\u00fckl\u00fc\u011f\u00fcndeki Depremde 1 Ki\u015fi Hayat\u0131n\u0131 Kaybetti, 29 Ki\u015fi Yaraland\u0131 - ShiaWaves Turkish - \u015eia Haberleri","robots":{"index":"index","follow":"follow","max-snippet":"max-snippet:-1","max-image-preview":"max-image-preview:large","max-video-preview":"max-video-preview:-1"},"canonical":"https:\/\/shiawaves.com\/turkish\/2025\/08\/12\/balikesirde-meydana-gelen-6-1-buyuklugundeki-depremde-1-kisi-hayatini-kaybetti-29-kisi-yaralandi\/","og_locale":"tr_TR","og_type":"article","og_title":"Bal\u0131kesir\u2019de Meydana Gelen 6.1 B\u00fcy\u00fckl\u00fc\u011f\u00fcndeki Depremde 1 Ki\u015fi Hayat\u0131n\u0131 Kaybetti, 29 Ki\u015fi Yaraland\u0131 - ShiaWaves Turkish - \u015eia Haberleri","og_description":"Bal\u0131kesir\u2019de Meydana Gelen 6.1 B\u00fcy\u00fckl\u00fc\u011f\u00fcndeki Depremde 1 Ki\u015fi Hayat\u0131n\u0131 Kaybetti, 29 Ki\u015fi Yaraland\u0131 T\u00fcrkiye \u0130\u00e7i\u015fleri Bakan\u0131, d\u00fcn gece \u00fclkenin bat\u0131s\u0131ndaki Bal\u0131kesir b\u00f6lgesinde 6.1 b\u00fcy\u00fckl\u00fc\u011f\u00fcnde bir depremin meydana geldi\u011fini, maalesef bu olayda bir ki\u015finin hayat\u0131n\u0131 kaybetti\u011fini ve 29 ki\u015finin yaraland\u0131\u011f\u0131n\u0131 a\u00e7\u0131klad\u0131. \u015eii Haber Ajans\u0131&#8217;n\u0131n Middle East News&#8217;den aktard\u0131\u011f\u0131 habere g\u00f6re, bu olay b\u00f6lgedeki deprem endi\u015feleri art\u0131rm\u0131\u015f &hellip;","og_url":"https:\/\/shiawaves.com\/turkish\/2025\/08\/12\/balikesirde-meydana-gelen-6-1-buyuklugundeki-depremde-1-kisi-hayatini-kaybetti-29-kisi-yaralandi\/","og_site_name":"ShiaWaves Turkish - \u015eia Haberleri","article_published_time":"2025-08-12T14:01:58+00:00","author":"modir","twitter_card":"summary_large_image","twitter_misc":{"Yazan:":"modir","Tahmini okuma s\u00fcresi":"1 dakika"},"schema":{"@context":"https:\/\/schema.org","@graph":[{"@type":"WebPage","@id":"https:\/\/shiawaves.com\/turkish\/2025\/08\/12\/balikesirde-meydana-gelen-6-1-buyuklugundeki-depremde-1-kisi-hayatini-kaybetti-29-kisi-yaralandi\/","url":"https:\/\/shiawaves.com\/turkish\/2025\/08\/12\/balikesirde-meydana-gelen-6-1-buyuklugundeki-depremde-1-kisi-hayatini-kaybetti-29-kisi-yaralandi\/","name":"Bal\u0131kesir\u2019de Meydana Gelen 6.1 B\u00fcy\u00fckl\u00fc\u011f\u00fcndeki Depremde 1 Ki\u015fi Hayat\u0131n\u0131 Kaybetti, 29 Ki\u015fi Yaraland\u0131 - ShiaWaves Turkish - \u015eia Haberleri","isPartOf":{"@id":"https:\/\/shiawaves.com\/turkish\/#website"},"primaryImageOfPage":{"@id":"https:\/\/shiawaves.com\/turkish\/2025\/08\/12\/balikesirde-meydana-gelen-6-1-buyuklugundeki-depremde-1-kisi-hayatini-kaybetti-29-kisi-yaralandi\/#primaryimage"},"image":{"@id":"https:\/\/shiawaves.com\/turkish\/2025\/08\/12\/balikesirde-meydana-gelen-6-1-buyuklugundeki-depremde-1-kisi-hayatini-kaybetti-29-kisi-yaralandi\/#primaryimage"},"thumbnailUrl":"https:\/\/shiawaves.com\/turkish\/wp-content\/uploads\/sites\/6\/2025\/08\/file_765.jpg","datePublished":"2025-08-12T14:01:58+00:00","dateModified":"2025-08-12T14:01:58+00:00","author":{"@id":"https:\/\/shiawaves.com\/turkish\/#\/schema\/person\/9f68d5023e948086b9348fba5aebd954"},"breadcrumb":{"@id":"https:\/\/shiawaves.com\/turkish\/2025\/08\/12\/balikesirde-meydana-gelen-6-1-buyuklugundeki-depremde-1-kisi-hayatini-kaybetti-29-kisi-yaralandi\/#breadcrumb"},"inLanguage":"tr","potentialAction":[{"@type":"ReadAction","target":["https:\/\/shiawaves.com\/turkish\/2025\/08\/12\/balikesirde-meydana-gelen-6-1-buyuklugundeki-depremde-1-kisi-hayatini-kaybetti-29-kisi-yaralandi\/"]}]},{"@type":"ImageObject","inLanguage":"tr","@id":"https:\/\/shiawaves.com\/turkish\/2025\/08\/12\/balikesirde-meydana-gelen-6-1-buyuklugundeki-depremde-1-kisi-hayatini-kaybetti-29-kisi-yaralandi\/#primaryimage","url":"https:\/\/shiawaves.com\/turkish\/wp-content\/uploads\/sites\/6\/2025\/08\/file_765.jpg","contentUrl":"https:\/\/shiawaves.com\/turkish\/wp-content\/uploads\/sites\/6\/2025\/08\/file_765.jpg","width":800,"height":449},{"@type":"BreadcrumbList","@id":"https:\/\/shiawaves.com\/turkish\/2025\/08\/12\/balikesirde-meydana-gelen-6-1-buyuklugundeki-depremde-1-kisi-hayatini-kaybetti-29-kisi-yaralandi\/#breadcrumb","itemListElement":[{"@type":"ListItem","position":1,"name":"Home","item":"https:\/\/shiawaves.com\/turkish\/"},{"@type":"ListItem","position":2,"name":"Bal\u0131kesir\u2019de Meydana Gelen 6.1 B\u00fcy\u00fckl\u00fc\u011f\u00fcndeki Depremde 1 Ki\u015fi Hayat\u0131n\u0131 Kaybetti, 29 Ki\u015fi Yaraland\u0131"}]},{"@type":"WebSite","@id":"https:\/\/shiawaves.com\/turkish\/#website","url":"https:\/\/shiawaves.com\/turkish\/","name":"ShiaWaves Turkish - \u015eia Haberleri","description":"","potentialAction":[{"@type":"SearchAction","target":{"@type":"EntryPoint","urlTemplate":"https:\/\/shiawaves.com\/turkish\/?s={search_term_string}"},"query-input":{"@type":"PropertyValueSpecification","valueRequired":true,"valueName":"search_term_string"}}],"inLanguage":"tr"},{"@type":"Person","@id":"https:\/\/shiawaves.com\/turkish\/#\/schema\/person\/9f68d5023e948086b9348fba5aebd954","name":"modir","image":{"@type":"ImageObject","inLanguage":"tr","@id":"https:\/\/shiawaves.com\/turkish\/#\/schema\/person\/image\/","url":"https:\/\/secure.gravatar.com\/avatar\/8e76f93cdbdd480bd8918d1e0e1d938664c9cb1516c2a57a2b96fe50b507a6b9?s=96&d=mm&r=g","contentUrl":"https:\/\/secure.gravatar.com\/avatar\/8e76f93cdbdd480bd8918d1e0e1d938664c9cb1516c2a57a2b96fe50b507a6b9?s=96&d=mm&r=g","caption":"modir"},"sameAs":["https:\/\/shiawaves.com"],"url":"https:\/\/shiawaves.com\/turkish\/author\/modir\/"}]}},"_links":{"self":[{"href":"https:\/\/shiawaves.com\/turkish\/wp-json\/wp\/v2\/posts\/116750","targetHints":{"allow":["GET"]}}],"collection":[{"href":"https:\/\/shiawaves.com\/turkish\/wp-json\/wp\/v2\/posts"}],"about":[{"href":"https:\/\/shiawaves.com\/turkish\/wp-json\/wp\/v2\/types\/post"}],"author":[{"embeddable":true,"href":"https:\/\/shiawaves.com\/turkish\/wp-json\/wp\/v2\/users\/1"}],"replies":[{"embeddable":true,"href":"https:\/\/shiawaves.com\/turkish\/wp-json\/wp\/v2\/comments?post=116750"}],"version-history":[{"count":0,"href":"https:\/\/shiawaves.com\/turkish\/wp-json\/wp\/v2\/posts\/116750\/revisions"}],"wp:featuredmedia":[{"embeddable":true,"href":"https:\/\/shiawaves.com\/turkish\/wp-json\/wp\/v2\/media\/116749"}],"wp:attachment":[{"href":"https:\/\/shiawaves.com\/turkish\/wp-json\/wp\/v2\/media?parent=116750"}],"wp:term":[{"taxonomy":"category","embeddable":true,"href":"https:\/\/shiawaves.com\/turkish\/wp-json\/wp\/v2\/categories?post=116750"},{"taxonomy":"post_tag","embeddable":true,"href":"https:\/\/shiawaves.com\/turkish\/wp-json\/wp\/v2\/tags?post=116750"}],"curies":[{"name":"wp","href":"https:\/\/api.w.org\/{rel}","templated":true}]}}