{"id":116736,"date":"2025-08-11T23:30:40","date_gmt":"2025-08-11T20:30:40","guid":{"rendered":"https:\/\/shiawaves.com\/turkish\/2025\/08\/11\/ocalandan-kuzey-iraktaki-multecilerin-kademeli-donusu-vaadi\/"},"modified":"2025-08-11T23:30:40","modified_gmt":"2025-08-11T20:30:40","slug":"ocalandan-kuzey-iraktaki-multecilerin-kademeli-donusu-vaadi","status":"publish","type":"post","link":"https:\/\/shiawaves.com\/turkish\/2025\/08\/11\/ocalandan-kuzey-iraktaki-multecilerin-kademeli-donusu-vaadi\/","title":{"rendered":"\u00d6calan\u2019dan Kuzey Irak&#8217;taki M\u00fcltecilerin Kademeli D\u00f6n\u00fc\u015f\u00fc Vaadi"},"content":{"rendered":"<p>\u00d6calan\u2019dan Kuzey Irak&#8217;taki M\u00fcltecilerin Kademeli D\u00f6n\u00fc\u015f\u00fc Vaadi<\/p>\n<p>Cezaevinde tutuklu bulunan PKK lideri Abdullah \u00d6calan, Al-Sharq Al-Awsat taraf\u0131ndan aktar\u0131lan bir mesaj\u0131nda, Kuzey Irak&#8217;ta Mahmur Kamp\u0131&#8217;ndaki K\u00fcrt m\u00fcltecilere, bu partinin silahs\u0131zland\u0131r\u0131lmas\u0131 ve bar\u0131\u015f s\u00fcrecinin ilerlemesiyle birlikte yurda kademeli olarak d\u00f6n\u00fc\u015f imkan\u0131n\u0131n sa\u011flanaca\u011f\u0131n\u0131 vaat etti.<\/p>\n<p>Middle East News&#8217;in haberine g\u00f6re, \u00d6calan, K\u00fcrtlerin d\u00f6n\u00fc\u015f\u00fcn\u00fcn toplumsal, siyasi ve hukuki meseleler dikkate al\u0131narak grup halinde ger\u00e7ekle\u015fece\u011fini vurgulad\u0131.<\/p>\n<p>Ayn\u0131 zamanda, PKK&#8217;n\u0131n \u00fcst d\u00fczey komutan\u0131 Murat Karay\u0131lan, Irak ordusunun Mahmur\u2019a y\u00f6nelik sald\u0131r\u0131lar\u0131n\u0131 durdurmas\u0131n\u0131 istedi ve bu eylemlerin devam etmesinin PKK g\u00fc\u00e7lerinin m\u00fcdahalesine yol a\u00e7abilece\u011fi konusunda uyard\u0131.<\/p>\n<p>1990&#8217;lardan bu yana yakla\u015f\u0131k 12 bin K\u00fcrt m\u00fclteciye ev sahipli\u011fi yapan Mahmur Kamp\u0131, Irak ordusu ile K\u00fcrt g\u00fc\u00e7leri aras\u0131nda s\u00fcrekli bir gerilim kayna\u011f\u0131 olmu\u015ftur.<\/p>\n","protected":false},"excerpt":{"rendered":"<p>\u00d6calan\u2019dan Kuzey Irak&#8217;taki M\u00fcltecilerin Kademeli D\u00f6n\u00fc\u015f\u00fc Vaadi Cezaevinde tutuklu bulunan PKK lideri Abdullah \u00d6calan, Al-Sharq Al-Awsat taraf\u0131ndan aktar\u0131lan bir mesaj\u0131nda, Kuzey Irak&#8217;ta Mahmur Kamp\u0131&#8217;ndaki K\u00fcrt m\u00fcltecilere, bu partinin silahs\u0131zland\u0131r\u0131lmas\u0131 ve bar\u0131\u015f s\u00fcrecinin ilerlemesiyle birlikte yurda kademeli olarak d\u00f6n\u00fc\u015f imkan\u0131n\u0131n sa\u011flanaca\u011f\u0131n\u0131 vaat etti. Middle East News&#8217;in haberine g\u00f6re, \u00d6calan, K\u00fcrtlerin d\u00f6n\u00fc\u015f\u00fcn\u00fcn toplumsal, siyasi ve hukuki meseleler &hellip;<\/p>\n","protected":false},"author":1,"featured_media":116735,"comment_status":"open","ping_status":"open","sticky":false,"template":"","format":"standard","meta":{"rop_custom_images_group":[],"rop_custom_messages_group":[],"rop_publish_now":"initial","rop_publish_now_accounts":[],"rop_publish_now_history":[],"rop_publish_now_status":"pending","footnotes":""},"categories":[14],"tags":[],"class_list":["post-116736","post","type-post","status-publish","format-standard","has-post-thumbnail","hentry","category-iraq"],"_wp_page_template":null,"_wp_attached_file":null,"_wp_attachment_metadata":null,"_edit_lock":null,"yoast_head":"<!-- This site is optimized with the Yoast SEO plugin v24.3 - https:\/\/yoast.com\/wordpress\/plugins\/seo\/ -->\n<title>\u00d6calan\u2019dan Kuzey Irak&#039;taki M\u00fcltecilerin Kademeli D\u00f6n\u00fc\u015f\u00fc Vaadi - ShiaWaves Turkish - \u015eia Haberleri<\/title>\n<meta name=\"robots\" content=\"index, follow, max-snippet:-1, max-image-preview:large, max-video-preview:-1\" \/>\n<link rel=\"canonical\" href=\"https:\/\/shiawaves.com\/turkish\/2025\/08\/11\/ocalandan-kuzey-iraktaki-multecilerin-kademeli-donusu-vaadi\/\" \/>\n<meta property=\"og:locale\" content=\"tr_TR\" \/>\n<meta property=\"og:type\" content=\"article\" \/>\n<meta property=\"og:title\" content=\"\u00d6calan\u2019dan Kuzey Irak&#039;taki M\u00fcltecilerin Kademeli D\u00f6n\u00fc\u015f\u00fc Vaadi - ShiaWaves Turkish - \u015eia Haberleri\" \/>\n<meta property=\"og:description\" content=\"\u00d6calan\u2019dan Kuzey Irak&#8217;taki M\u00fcltecilerin Kademeli D\u00f6n\u00fc\u015f\u00fc Vaadi Cezaevinde tutuklu bulunan PKK lideri Abdullah \u00d6calan, Al-Sharq Al-Awsat taraf\u0131ndan aktar\u0131lan bir mesaj\u0131nda, Kuzey Irak&#8217;ta Mahmur Kamp\u0131&#8217;ndaki K\u00fcrt m\u00fcltecilere, bu partinin silahs\u0131zland\u0131r\u0131lmas\u0131 ve bar\u0131\u015f s\u00fcrecinin ilerlemesiyle birlikte yurda kademeli olarak d\u00f6n\u00fc\u015f imkan\u0131n\u0131n sa\u011flanaca\u011f\u0131n\u0131 vaat etti. Middle East News&#8217;in haberine g\u00f6re, \u00d6calan, K\u00fcrtlerin d\u00f6n\u00fc\u015f\u00fcn\u00fcn toplumsal, siyasi ve hukuki meseleler &hellip;\" \/>\n<meta property=\"og:url\" content=\"https:\/\/shiawaves.com\/turkish\/2025\/08\/11\/ocalandan-kuzey-iraktaki-multecilerin-kademeli-donusu-vaadi\/\" \/>\n<meta property=\"og:site_name\" content=\"ShiaWaves Turkish - \u015eia Haberleri\" \/>\n<meta property=\"article:published_time\" content=\"2025-08-11T20:30:40+00:00\" \/>\n<meta name=\"author\" content=\"modir\" \/>\n<meta name=\"twitter:card\" content=\"summary_large_image\" \/>\n<meta name=\"twitter:label1\" content=\"Yazan:\" \/>\n\t<meta name=\"twitter:data1\" content=\"modir\" \/>\n\t<meta name=\"twitter:label2\" content=\"Tahmini okuma s\u00fcresi\" \/>\n\t<meta name=\"twitter:data2\" content=\"1 dakika\" \/>\n<script type=\"application\/ld+json\" class=\"yoast-schema-graph\">{\"@context\":\"https:\/\/schema.org\",\"@graph\":[{\"@type\":\"WebPage\",\"@id\":\"https:\/\/shiawaves.com\/turkish\/2025\/08\/11\/ocalandan-kuzey-iraktaki-multecilerin-kademeli-donusu-vaadi\/\",\"url\":\"https:\/\/shiawaves.com\/turkish\/2025\/08\/11\/ocalandan-kuzey-iraktaki-multecilerin-kademeli-donusu-vaadi\/\",\"name\":\"\u00d6calan\u2019dan Kuzey Irak'taki M\u00fcltecilerin Kademeli D\u00f6n\u00fc\u015f\u00fc Vaadi - ShiaWaves Turkish - \u015eia Haberleri\",\"isPartOf\":{\"@id\":\"https:\/\/shiawaves.com\/turkish\/#website\"},\"primaryImageOfPage\":{\"@id\":\"https:\/\/shiawaves.com\/turkish\/2025\/08\/11\/ocalandan-kuzey-iraktaki-multecilerin-kademeli-donusu-vaadi\/#primaryimage\"},\"image\":{\"@id\":\"https:\/\/shiawaves.com\/turkish\/2025\/08\/11\/ocalandan-kuzey-iraktaki-multecilerin-kademeli-donusu-vaadi\/#primaryimage\"},\"thumbnailUrl\":\"https:\/\/shiawaves.com\/turkish\/wp-content\/uploads\/sites\/6\/2025\/08\/file_758.jpg\",\"datePublished\":\"2025-08-11T20:30:40+00:00\",\"dateModified\":\"2025-08-11T20:30:40+00:00\",\"author\":{\"@id\":\"https:\/\/shiawaves.com\/turkish\/#\/schema\/person\/9f68d5023e948086b9348fba5aebd954\"},\"breadcrumb\":{\"@id\":\"https:\/\/shiawaves.com\/turkish\/2025\/08\/11\/ocalandan-kuzey-iraktaki-multecilerin-kademeli-donusu-vaadi\/#breadcrumb\"},\"inLanguage\":\"tr\",\"potentialAction\":[{\"@type\":\"ReadAction\",\"target\":[\"https:\/\/shiawaves.com\/turkish\/2025\/08\/11\/ocalandan-kuzey-iraktaki-multecilerin-kademeli-donusu-vaadi\/\"]}]},{\"@type\":\"ImageObject\",\"inLanguage\":\"tr\",\"@id\":\"https:\/\/shiawaves.com\/turkish\/2025\/08\/11\/ocalandan-kuzey-iraktaki-multecilerin-kademeli-donusu-vaadi\/#primaryimage\",\"url\":\"https:\/\/shiawaves.com\/turkish\/wp-content\/uploads\/sites\/6\/2025\/08\/file_758.jpg\",\"contentUrl\":\"https:\/\/shiawaves.com\/turkish\/wp-content\/uploads\/sites\/6\/2025\/08\/file_758.jpg\",\"width\":717,\"height\":455},{\"@type\":\"BreadcrumbList\",\"@id\":\"https:\/\/shiawaves.com\/turkish\/2025\/08\/11\/ocalandan-kuzey-iraktaki-multecilerin-kademeli-donusu-vaadi\/#breadcrumb\",\"itemListElement\":[{\"@type\":\"ListItem\",\"position\":1,\"name\":\"Home\",\"item\":\"https:\/\/shiawaves.com\/turkish\/\"},{\"@type\":\"ListItem\",\"position\":2,\"name\":\"\u00d6calan\u2019dan Kuzey Irak&#8217;taki M\u00fcltecilerin Kademeli D\u00f6n\u00fc\u015f\u00fc Vaadi\"}]},{\"@type\":\"WebSite\",\"@id\":\"https:\/\/shiawaves.com\/turkish\/#website\",\"url\":\"https:\/\/shiawaves.com\/turkish\/\",\"name\":\"ShiaWaves Turkish - \u015eia Haberleri\",\"description\":\"\",\"potentialAction\":[{\"@type\":\"SearchAction\",\"target\":{\"@type\":\"EntryPoint\",\"urlTemplate\":\"https:\/\/shiawaves.com\/turkish\/?s={search_term_string}\"},\"query-input\":{\"@type\":\"PropertyValueSpecification\",\"valueRequired\":true,\"valueName\":\"search_term_string\"}}],\"inLanguage\":\"tr\"},{\"@type\":\"Person\",\"@id\":\"https:\/\/shiawaves.com\/turkish\/#\/schema\/person\/9f68d5023e948086b9348fba5aebd954\",\"name\":\"modir\",\"image\":{\"@type\":\"ImageObject\",\"inLanguage\":\"tr\",\"@id\":\"https:\/\/shiawaves.com\/turkish\/#\/schema\/person\/image\/\",\"url\":\"https:\/\/secure.gravatar.com\/avatar\/8e76f93cdbdd480bd8918d1e0e1d938664c9cb1516c2a57a2b96fe50b507a6b9?s=96&d=mm&r=g\",\"contentUrl\":\"https:\/\/secure.gravatar.com\/avatar\/8e76f93cdbdd480bd8918d1e0e1d938664c9cb1516c2a57a2b96fe50b507a6b9?s=96&d=mm&r=g\",\"caption\":\"modir\"},\"sameAs\":[\"https:\/\/shiawaves.com\"],\"url\":\"https:\/\/shiawaves.com\/turkish\/author\/modir\/\"}]}<\/script>\n<!-- \/ Yoast SEO plugin. -->","yoast_head_json":{"title":"\u00d6calan\u2019dan Kuzey Irak'taki M\u00fcltecilerin Kademeli D\u00f6n\u00fc\u015f\u00fc Vaadi - ShiaWaves Turkish - \u015eia Haberleri","robots":{"index":"index","follow":"follow","max-snippet":"max-snippet:-1","max-image-preview":"max-image-preview:large","max-video-preview":"max-video-preview:-1"},"canonical":"https:\/\/shiawaves.com\/turkish\/2025\/08\/11\/ocalandan-kuzey-iraktaki-multecilerin-kademeli-donusu-vaadi\/","og_locale":"tr_TR","og_type":"article","og_title":"\u00d6calan\u2019dan Kuzey Irak'taki M\u00fcltecilerin Kademeli D\u00f6n\u00fc\u015f\u00fc Vaadi - ShiaWaves Turkish - \u015eia Haberleri","og_description":"\u00d6calan\u2019dan Kuzey Irak&#8217;taki M\u00fcltecilerin Kademeli D\u00f6n\u00fc\u015f\u00fc Vaadi Cezaevinde tutuklu bulunan PKK lideri Abdullah \u00d6calan, Al-Sharq Al-Awsat taraf\u0131ndan aktar\u0131lan bir mesaj\u0131nda, Kuzey Irak&#8217;ta Mahmur Kamp\u0131&#8217;ndaki K\u00fcrt m\u00fcltecilere, bu partinin silahs\u0131zland\u0131r\u0131lmas\u0131 ve bar\u0131\u015f s\u00fcrecinin ilerlemesiyle birlikte yurda kademeli olarak d\u00f6n\u00fc\u015f imkan\u0131n\u0131n sa\u011flanaca\u011f\u0131n\u0131 vaat etti. Middle East News&#8217;in haberine g\u00f6re, \u00d6calan, K\u00fcrtlerin d\u00f6n\u00fc\u015f\u00fcn\u00fcn toplumsal, siyasi ve hukuki meseleler &hellip;","og_url":"https:\/\/shiawaves.com\/turkish\/2025\/08\/11\/ocalandan-kuzey-iraktaki-multecilerin-kademeli-donusu-vaadi\/","og_site_name":"ShiaWaves Turkish - \u015eia Haberleri","article_published_time":"2025-08-11T20:30:40+00:00","author":"modir","twitter_card":"summary_large_image","twitter_misc":{"Yazan:":"modir","Tahmini okuma s\u00fcresi":"1 dakika"},"schema":{"@context":"https:\/\/schema.org","@graph":[{"@type":"WebPage","@id":"https:\/\/shiawaves.com\/turkish\/2025\/08\/11\/ocalandan-kuzey-iraktaki-multecilerin-kademeli-donusu-vaadi\/","url":"https:\/\/shiawaves.com\/turkish\/2025\/08\/11\/ocalandan-kuzey-iraktaki-multecilerin-kademeli-donusu-vaadi\/","name":"\u00d6calan\u2019dan Kuzey Irak'taki M\u00fcltecilerin Kademeli D\u00f6n\u00fc\u015f\u00fc Vaadi - ShiaWaves Turkish - \u015eia Haberleri","isPartOf":{"@id":"https:\/\/shiawaves.com\/turkish\/#website"},"primaryImageOfPage":{"@id":"https:\/\/shiawaves.com\/turkish\/2025\/08\/11\/ocalandan-kuzey-iraktaki-multecilerin-kademeli-donusu-vaadi\/#primaryimage"},"image":{"@id":"https:\/\/shiawaves.com\/turkish\/2025\/08\/11\/ocalandan-kuzey-iraktaki-multecilerin-kademeli-donusu-vaadi\/#primaryimage"},"thumbnailUrl":"https:\/\/shiawaves.com\/turkish\/wp-content\/uploads\/sites\/6\/2025\/08\/file_758.jpg","datePublished":"2025-08-11T20:30:40+00:00","dateModified":"2025-08-11T20:30:40+00:00","author":{"@id":"https:\/\/shiawaves.com\/turkish\/#\/schema\/person\/9f68d5023e948086b9348fba5aebd954"},"breadcrumb":{"@id":"https:\/\/shiawaves.com\/turkish\/2025\/08\/11\/ocalandan-kuzey-iraktaki-multecilerin-kademeli-donusu-vaadi\/#breadcrumb"},"inLanguage":"tr","potentialAction":[{"@type":"ReadAction","target":["https:\/\/shiawaves.com\/turkish\/2025\/08\/11\/ocalandan-kuzey-iraktaki-multecilerin-kademeli-donusu-vaadi\/"]}]},{"@type":"ImageObject","inLanguage":"tr","@id":"https:\/\/shiawaves.com\/turkish\/2025\/08\/11\/ocalandan-kuzey-iraktaki-multecilerin-kademeli-donusu-vaadi\/#primaryimage","url":"https:\/\/shiawaves.com\/turkish\/wp-content\/uploads\/sites\/6\/2025\/08\/file_758.jpg","contentUrl":"https:\/\/shiawaves.com\/turkish\/wp-content\/uploads\/sites\/6\/2025\/08\/file_758.jpg","width":717,"height":455},{"@type":"BreadcrumbList","@id":"https:\/\/shiawaves.com\/turkish\/2025\/08\/11\/ocalandan-kuzey-iraktaki-multecilerin-kademeli-donusu-vaadi\/#breadcrumb","itemListElement":[{"@type":"ListItem","position":1,"name":"Home","item":"https:\/\/shiawaves.com\/turkish\/"},{"@type":"ListItem","position":2,"name":"\u00d6calan\u2019dan Kuzey Irak&#8217;taki M\u00fcltecilerin Kademeli D\u00f6n\u00fc\u015f\u00fc Vaadi"}]},{"@type":"WebSite","@id":"https:\/\/shiawaves.com\/turkish\/#website","url":"https:\/\/shiawaves.com\/turkish\/","name":"ShiaWaves Turkish - \u015eia Haberleri","description":"","potentialAction":[{"@type":"SearchAction","target":{"@type":"EntryPoint","urlTemplate":"https:\/\/shiawaves.com\/turkish\/?s={search_term_string}"},"query-input":{"@type":"PropertyValueSpecification","valueRequired":true,"valueName":"search_term_string"}}],"inLanguage":"tr"},{"@type":"Person","@id":"https:\/\/shiawaves.com\/turkish\/#\/schema\/person\/9f68d5023e948086b9348fba5aebd954","name":"modir","image":{"@type":"ImageObject","inLanguage":"tr","@id":"https:\/\/shiawaves.com\/turkish\/#\/schema\/person\/image\/","url":"https:\/\/secure.gravatar.com\/avatar\/8e76f93cdbdd480bd8918d1e0e1d938664c9cb1516c2a57a2b96fe50b507a6b9?s=96&d=mm&r=g","contentUrl":"https:\/\/secure.gravatar.com\/avatar\/8e76f93cdbdd480bd8918d1e0e1d938664c9cb1516c2a57a2b96fe50b507a6b9?s=96&d=mm&r=g","caption":"modir"},"sameAs":["https:\/\/shiawaves.com"],"url":"https:\/\/shiawaves.com\/turkish\/author\/modir\/"}]}},"_links":{"self":[{"href":"https:\/\/shiawaves.com\/turkish\/wp-json\/wp\/v2\/posts\/116736","targetHints":{"allow":["GET"]}}],"collection":[{"href":"https:\/\/shiawaves.com\/turkish\/wp-json\/wp\/v2\/posts"}],"about":[{"href":"https:\/\/shiawaves.com\/turkish\/wp-json\/wp\/v2\/types\/post"}],"author":[{"embeddable":true,"href":"https:\/\/shiawaves.com\/turkish\/wp-json\/wp\/v2\/users\/1"}],"replies":[{"embeddable":true,"href":"https:\/\/shiawaves.com\/turkish\/wp-json\/wp\/v2\/comments?post=116736"}],"version-history":[{"count":0,"href":"https:\/\/shiawaves.com\/turkish\/wp-json\/wp\/v2\/posts\/116736\/revisions"}],"wp:featuredmedia":[{"embeddable":true,"href":"https:\/\/shiawaves.com\/turkish\/wp-json\/wp\/v2\/media\/116735"}],"wp:attachment":[{"href":"https:\/\/shiawaves.com\/turkish\/wp-json\/wp\/v2\/media?parent=116736"}],"wp:term":[{"taxonomy":"category","embeddable":true,"href":"https:\/\/shiawaves.com\/turkish\/wp-json\/wp\/v2\/categories?post=116736"},{"taxonomy":"post_tag","embeddable":true,"href":"https:\/\/shiawaves.com\/turkish\/wp-json\/wp\/v2\/tags?post=116736"}],"curies":[{"name":"wp","href":"https:\/\/api.w.org\/{rel}","templated":true}]}}