{"id":116502,"date":"2025-07-29T15:01:28","date_gmt":"2025-07-29T12:01:28","guid":{"rendered":"https:\/\/shiawaves.com\/turkish\/2025\/07\/29\/2025-yilinda-en-cok-cocuk-nufusuna-sahip-on-afrika-ulkesi-aciklandi\/"},"modified":"2025-07-29T15:01:28","modified_gmt":"2025-07-29T12:01:28","slug":"2025-yilinda-en-cok-cocuk-nufusuna-sahip-on-afrika-ulkesi-aciklandi","status":"publish","type":"post","link":"https:\/\/shiawaves.com\/turkish\/2025\/07\/29\/2025-yilinda-en-cok-cocuk-nufusuna-sahip-on-afrika-ulkesi-aciklandi\/","title":{"rendered":"2025 Y\u0131l\u0131nda En \u00c7ok \u00c7ocuk N\u00fcfusuna Sahip On Afrika \u00dclkesi A\u00e7\u0131kland\u0131"},"content":{"rendered":"<p>2025 Y\u0131l\u0131nda En \u00c7ok \u00c7ocuk N\u00fcfusuna Sahip On Afrika \u00dclkesi A\u00e7\u0131kland\u0131<\/p>\n<p>Afrika, d\u00fcnyan\u0131n en gen\u00e7 k\u0131tas\u0131 olarak, n\u00fcfusunun yar\u0131s\u0131ndan fazlas\u0131n\u0131 18 ya\u015f\u0131n alt\u0131ndaki \u00e7ocuklar\u0131n olu\u015fturdu\u011fu \u00fclkelerle ev sahipli\u011fi yapmaktad\u0131r.<\/p>\n<p>Shia News Ajans\u0131&#8217;n\u0131n UNICEF&#8217;e dayand\u0131rd\u0131\u011f\u0131 haberine g\u00f6re, 2025 y\u0131l\u0131na ait n\u00fcfus istatistiklerine g\u00f6re, Orta Afrika Cumhuriyeti, %56,2 \u00e7ocuk oran\u0131yla bu listenin ba\u015f\u0131nda yer al\u0131yor.<\/p>\n<p>Bunu Nijer (%53,3), Somali (%53) ve Mali (%52,9) takip etmektedir.<\/p>\n<p>2050 y\u0131l\u0131 itibar\u0131yla, d\u00fcnya genelindeki \u00e7ocuklar\u0131n %40\u2019\u0131n\u0131n Afrika&#8217;da ya\u015fayaca\u011f\u0131 \u00f6ng\u00f6r\u00fclmektedir.<\/p>\n<p>Bu demografik e\u011filim, e\u011fitim, sa\u011fl\u0131k ve istihdam alanlar\u0131nda b\u00fcy\u00fck f\u0131rsatlar sa\u011flarken, ayn\u0131 zamanda ciddi meydan okumalar da yaratacakt\u0131r.<\/p>\n","protected":false},"excerpt":{"rendered":"<p>2025 Y\u0131l\u0131nda En \u00c7ok \u00c7ocuk N\u00fcfusuna Sahip On Afrika \u00dclkesi A\u00e7\u0131kland\u0131 Afrika, d\u00fcnyan\u0131n en gen\u00e7 k\u0131tas\u0131 olarak, n\u00fcfusunun yar\u0131s\u0131ndan fazlas\u0131n\u0131 18 ya\u015f\u0131n alt\u0131ndaki \u00e7ocuklar\u0131n olu\u015fturdu\u011fu \u00fclkelerle ev sahipli\u011fi yapmaktad\u0131r. Shia News Ajans\u0131&#8217;n\u0131n UNICEF&#8217;e dayand\u0131rd\u0131\u011f\u0131 haberine g\u00f6re, 2025 y\u0131l\u0131na ait n\u00fcfus istatistiklerine g\u00f6re, Orta Afrika Cumhuriyeti, %56,2 \u00e7ocuk oran\u0131yla bu listenin ba\u015f\u0131nda yer al\u0131yor. Bunu Nijer &hellip;<\/p>\n","protected":false},"author":1,"featured_media":116501,"comment_status":"open","ping_status":"open","sticky":false,"template":"","format":"standard","meta":{"rop_custom_images_group":[],"rop_custom_messages_group":[],"rop_publish_now":"initial","rop_publish_now_accounts":[],"rop_publish_now_history":[],"rop_publish_now_status":"pending","footnotes":""},"categories":[24],"tags":[],"class_list":["post-116502","post","type-post","status-publish","format-standard","has-post-thumbnail","hentry","category-africa"],"_wp_page_template":null,"_wp_attached_file":null,"_wp_attachment_metadata":null,"_edit_lock":null,"yoast_head":"<!-- This site is optimized with the Yoast SEO plugin v24.3 - https:\/\/yoast.com\/wordpress\/plugins\/seo\/ -->\n<title>2025 Y\u0131l\u0131nda En \u00c7ok \u00c7ocuk N\u00fcfusuna Sahip On Afrika \u00dclkesi A\u00e7\u0131kland\u0131 - ShiaWaves Turkish - \u015eia Haberleri<\/title>\n<meta name=\"robots\" content=\"index, follow, max-snippet:-1, max-image-preview:large, max-video-preview:-1\" \/>\n<link rel=\"canonical\" href=\"https:\/\/shiawaves.com\/turkish\/2025\/07\/29\/2025-yilinda-en-cok-cocuk-nufusuna-sahip-on-afrika-ulkesi-aciklandi\/\" \/>\n<meta property=\"og:locale\" content=\"tr_TR\" \/>\n<meta property=\"og:type\" content=\"article\" \/>\n<meta property=\"og:title\" content=\"2025 Y\u0131l\u0131nda En \u00c7ok \u00c7ocuk N\u00fcfusuna Sahip On Afrika \u00dclkesi A\u00e7\u0131kland\u0131 - ShiaWaves Turkish - \u015eia Haberleri\" \/>\n<meta property=\"og:description\" content=\"2025 Y\u0131l\u0131nda En \u00c7ok \u00c7ocuk N\u00fcfusuna Sahip On Afrika \u00dclkesi A\u00e7\u0131kland\u0131 Afrika, d\u00fcnyan\u0131n en gen\u00e7 k\u0131tas\u0131 olarak, n\u00fcfusunun yar\u0131s\u0131ndan fazlas\u0131n\u0131 18 ya\u015f\u0131n alt\u0131ndaki \u00e7ocuklar\u0131n olu\u015fturdu\u011fu \u00fclkelerle ev sahipli\u011fi yapmaktad\u0131r. Shia News Ajans\u0131&#8217;n\u0131n UNICEF&#8217;e dayand\u0131rd\u0131\u011f\u0131 haberine g\u00f6re, 2025 y\u0131l\u0131na ait n\u00fcfus istatistiklerine g\u00f6re, Orta Afrika Cumhuriyeti, %56,2 \u00e7ocuk oran\u0131yla bu listenin ba\u015f\u0131nda yer al\u0131yor. Bunu Nijer &hellip;\" \/>\n<meta property=\"og:url\" content=\"https:\/\/shiawaves.com\/turkish\/2025\/07\/29\/2025-yilinda-en-cok-cocuk-nufusuna-sahip-on-afrika-ulkesi-aciklandi\/\" \/>\n<meta property=\"og:site_name\" content=\"ShiaWaves Turkish - \u015eia Haberleri\" \/>\n<meta property=\"article:published_time\" content=\"2025-07-29T12:01:28+00:00\" \/>\n<meta name=\"author\" content=\"modir\" \/>\n<meta name=\"twitter:card\" content=\"summary_large_image\" \/>\n<meta name=\"twitter:label1\" content=\"Yazan:\" \/>\n\t<meta name=\"twitter:data1\" content=\"modir\" \/>\n\t<meta name=\"twitter:label2\" content=\"Tahmini okuma s\u00fcresi\" \/>\n\t<meta name=\"twitter:data2\" content=\"1 dakika\" \/>\n<script type=\"application\/ld+json\" class=\"yoast-schema-graph\">{\"@context\":\"https:\/\/schema.org\",\"@graph\":[{\"@type\":\"WebPage\",\"@id\":\"https:\/\/shiawaves.com\/turkish\/2025\/07\/29\/2025-yilinda-en-cok-cocuk-nufusuna-sahip-on-afrika-ulkesi-aciklandi\/\",\"url\":\"https:\/\/shiawaves.com\/turkish\/2025\/07\/29\/2025-yilinda-en-cok-cocuk-nufusuna-sahip-on-afrika-ulkesi-aciklandi\/\",\"name\":\"2025 Y\u0131l\u0131nda En \u00c7ok \u00c7ocuk N\u00fcfusuna Sahip On Afrika \u00dclkesi A\u00e7\u0131kland\u0131 - ShiaWaves Turkish - \u015eia Haberleri\",\"isPartOf\":{\"@id\":\"https:\/\/shiawaves.com\/turkish\/#website\"},\"primaryImageOfPage\":{\"@id\":\"https:\/\/shiawaves.com\/turkish\/2025\/07\/29\/2025-yilinda-en-cok-cocuk-nufusuna-sahip-on-afrika-ulkesi-aciklandi\/#primaryimage\"},\"image\":{\"@id\":\"https:\/\/shiawaves.com\/turkish\/2025\/07\/29\/2025-yilinda-en-cok-cocuk-nufusuna-sahip-on-afrika-ulkesi-aciklandi\/#primaryimage\"},\"thumbnailUrl\":\"https:\/\/shiawaves.com\/turkish\/wp-content\/uploads\/sites\/6\/2025\/07\/file_634.jpg\",\"datePublished\":\"2025-07-29T12:01:28+00:00\",\"dateModified\":\"2025-07-29T12:01:28+00:00\",\"author\":{\"@id\":\"https:\/\/shiawaves.com\/turkish\/#\/schema\/person\/9f68d5023e948086b9348fba5aebd954\"},\"breadcrumb\":{\"@id\":\"https:\/\/shiawaves.com\/turkish\/2025\/07\/29\/2025-yilinda-en-cok-cocuk-nufusuna-sahip-on-afrika-ulkesi-aciklandi\/#breadcrumb\"},\"inLanguage\":\"tr\",\"potentialAction\":[{\"@type\":\"ReadAction\",\"target\":[\"https:\/\/shiawaves.com\/turkish\/2025\/07\/29\/2025-yilinda-en-cok-cocuk-nufusuna-sahip-on-afrika-ulkesi-aciklandi\/\"]}]},{\"@type\":\"ImageObject\",\"inLanguage\":\"tr\",\"@id\":\"https:\/\/shiawaves.com\/turkish\/2025\/07\/29\/2025-yilinda-en-cok-cocuk-nufusuna-sahip-on-afrika-ulkesi-aciklandi\/#primaryimage\",\"url\":\"https:\/\/shiawaves.com\/turkish\/wp-content\/uploads\/sites\/6\/2025\/07\/file_634.jpg\",\"contentUrl\":\"https:\/\/shiawaves.com\/turkish\/wp-content\/uploads\/sites\/6\/2025\/07\/file_634.jpg\",\"width\":1131,\"height\":594},{\"@type\":\"BreadcrumbList\",\"@id\":\"https:\/\/shiawaves.com\/turkish\/2025\/07\/29\/2025-yilinda-en-cok-cocuk-nufusuna-sahip-on-afrika-ulkesi-aciklandi\/#breadcrumb\",\"itemListElement\":[{\"@type\":\"ListItem\",\"position\":1,\"name\":\"Home\",\"item\":\"https:\/\/shiawaves.com\/turkish\/\"},{\"@type\":\"ListItem\",\"position\":2,\"name\":\"2025 Y\u0131l\u0131nda En \u00c7ok \u00c7ocuk N\u00fcfusuna Sahip On Afrika \u00dclkesi A\u00e7\u0131kland\u0131\"}]},{\"@type\":\"WebSite\",\"@id\":\"https:\/\/shiawaves.com\/turkish\/#website\",\"url\":\"https:\/\/shiawaves.com\/turkish\/\",\"name\":\"ShiaWaves Turkish - \u015eia Haberleri\",\"description\":\"\",\"potentialAction\":[{\"@type\":\"SearchAction\",\"target\":{\"@type\":\"EntryPoint\",\"urlTemplate\":\"https:\/\/shiawaves.com\/turkish\/?s={search_term_string}\"},\"query-input\":{\"@type\":\"PropertyValueSpecification\",\"valueRequired\":true,\"valueName\":\"search_term_string\"}}],\"inLanguage\":\"tr\"},{\"@type\":\"Person\",\"@id\":\"https:\/\/shiawaves.com\/turkish\/#\/schema\/person\/9f68d5023e948086b9348fba5aebd954\",\"name\":\"modir\",\"image\":{\"@type\":\"ImageObject\",\"inLanguage\":\"tr\",\"@id\":\"https:\/\/shiawaves.com\/turkish\/#\/schema\/person\/image\/\",\"url\":\"https:\/\/secure.gravatar.com\/avatar\/8e76f93cdbdd480bd8918d1e0e1d938664c9cb1516c2a57a2b96fe50b507a6b9?s=96&d=mm&r=g\",\"contentUrl\":\"https:\/\/secure.gravatar.com\/avatar\/8e76f93cdbdd480bd8918d1e0e1d938664c9cb1516c2a57a2b96fe50b507a6b9?s=96&d=mm&r=g\",\"caption\":\"modir\"},\"sameAs\":[\"https:\/\/shiawaves.com\"],\"url\":\"https:\/\/shiawaves.com\/turkish\/author\/modir\/\"}]}<\/script>\n<!-- \/ Yoast SEO plugin. -->","yoast_head_json":{"title":"2025 Y\u0131l\u0131nda En \u00c7ok \u00c7ocuk N\u00fcfusuna Sahip On Afrika \u00dclkesi A\u00e7\u0131kland\u0131 - ShiaWaves Turkish - \u015eia Haberleri","robots":{"index":"index","follow":"follow","max-snippet":"max-snippet:-1","max-image-preview":"max-image-preview:large","max-video-preview":"max-video-preview:-1"},"canonical":"https:\/\/shiawaves.com\/turkish\/2025\/07\/29\/2025-yilinda-en-cok-cocuk-nufusuna-sahip-on-afrika-ulkesi-aciklandi\/","og_locale":"tr_TR","og_type":"article","og_title":"2025 Y\u0131l\u0131nda En \u00c7ok \u00c7ocuk N\u00fcfusuna Sahip On Afrika \u00dclkesi A\u00e7\u0131kland\u0131 - ShiaWaves Turkish - \u015eia Haberleri","og_description":"2025 Y\u0131l\u0131nda En \u00c7ok \u00c7ocuk N\u00fcfusuna Sahip On Afrika \u00dclkesi A\u00e7\u0131kland\u0131 Afrika, d\u00fcnyan\u0131n en gen\u00e7 k\u0131tas\u0131 olarak, n\u00fcfusunun yar\u0131s\u0131ndan fazlas\u0131n\u0131 18 ya\u015f\u0131n alt\u0131ndaki \u00e7ocuklar\u0131n olu\u015fturdu\u011fu \u00fclkelerle ev sahipli\u011fi yapmaktad\u0131r. Shia News Ajans\u0131&#8217;n\u0131n UNICEF&#8217;e dayand\u0131rd\u0131\u011f\u0131 haberine g\u00f6re, 2025 y\u0131l\u0131na ait n\u00fcfus istatistiklerine g\u00f6re, Orta Afrika Cumhuriyeti, %56,2 \u00e7ocuk oran\u0131yla bu listenin ba\u015f\u0131nda yer al\u0131yor. Bunu Nijer &hellip;","og_url":"https:\/\/shiawaves.com\/turkish\/2025\/07\/29\/2025-yilinda-en-cok-cocuk-nufusuna-sahip-on-afrika-ulkesi-aciklandi\/","og_site_name":"ShiaWaves Turkish - \u015eia Haberleri","article_published_time":"2025-07-29T12:01:28+00:00","author":"modir","twitter_card":"summary_large_image","twitter_misc":{"Yazan:":"modir","Tahmini okuma s\u00fcresi":"1 dakika"},"schema":{"@context":"https:\/\/schema.org","@graph":[{"@type":"WebPage","@id":"https:\/\/shiawaves.com\/turkish\/2025\/07\/29\/2025-yilinda-en-cok-cocuk-nufusuna-sahip-on-afrika-ulkesi-aciklandi\/","url":"https:\/\/shiawaves.com\/turkish\/2025\/07\/29\/2025-yilinda-en-cok-cocuk-nufusuna-sahip-on-afrika-ulkesi-aciklandi\/","name":"2025 Y\u0131l\u0131nda En \u00c7ok \u00c7ocuk N\u00fcfusuna Sahip On Afrika \u00dclkesi A\u00e7\u0131kland\u0131 - ShiaWaves Turkish - \u015eia Haberleri","isPartOf":{"@id":"https:\/\/shiawaves.com\/turkish\/#website"},"primaryImageOfPage":{"@id":"https:\/\/shiawaves.com\/turkish\/2025\/07\/29\/2025-yilinda-en-cok-cocuk-nufusuna-sahip-on-afrika-ulkesi-aciklandi\/#primaryimage"},"image":{"@id":"https:\/\/shiawaves.com\/turkish\/2025\/07\/29\/2025-yilinda-en-cok-cocuk-nufusuna-sahip-on-afrika-ulkesi-aciklandi\/#primaryimage"},"thumbnailUrl":"https:\/\/shiawaves.com\/turkish\/wp-content\/uploads\/sites\/6\/2025\/07\/file_634.jpg","datePublished":"2025-07-29T12:01:28+00:00","dateModified":"2025-07-29T12:01:28+00:00","author":{"@id":"https:\/\/shiawaves.com\/turkish\/#\/schema\/person\/9f68d5023e948086b9348fba5aebd954"},"breadcrumb":{"@id":"https:\/\/shiawaves.com\/turkish\/2025\/07\/29\/2025-yilinda-en-cok-cocuk-nufusuna-sahip-on-afrika-ulkesi-aciklandi\/#breadcrumb"},"inLanguage":"tr","potentialAction":[{"@type":"ReadAction","target":["https:\/\/shiawaves.com\/turkish\/2025\/07\/29\/2025-yilinda-en-cok-cocuk-nufusuna-sahip-on-afrika-ulkesi-aciklandi\/"]}]},{"@type":"ImageObject","inLanguage":"tr","@id":"https:\/\/shiawaves.com\/turkish\/2025\/07\/29\/2025-yilinda-en-cok-cocuk-nufusuna-sahip-on-afrika-ulkesi-aciklandi\/#primaryimage","url":"https:\/\/shiawaves.com\/turkish\/wp-content\/uploads\/sites\/6\/2025\/07\/file_634.jpg","contentUrl":"https:\/\/shiawaves.com\/turkish\/wp-content\/uploads\/sites\/6\/2025\/07\/file_634.jpg","width":1131,"height":594},{"@type":"BreadcrumbList","@id":"https:\/\/shiawaves.com\/turkish\/2025\/07\/29\/2025-yilinda-en-cok-cocuk-nufusuna-sahip-on-afrika-ulkesi-aciklandi\/#breadcrumb","itemListElement":[{"@type":"ListItem","position":1,"name":"Home","item":"https:\/\/shiawaves.com\/turkish\/"},{"@type":"ListItem","position":2,"name":"2025 Y\u0131l\u0131nda En \u00c7ok \u00c7ocuk N\u00fcfusuna Sahip On Afrika \u00dclkesi A\u00e7\u0131kland\u0131"}]},{"@type":"WebSite","@id":"https:\/\/shiawaves.com\/turkish\/#website","url":"https:\/\/shiawaves.com\/turkish\/","name":"ShiaWaves Turkish - \u015eia Haberleri","description":"","potentialAction":[{"@type":"SearchAction","target":{"@type":"EntryPoint","urlTemplate":"https:\/\/shiawaves.com\/turkish\/?s={search_term_string}"},"query-input":{"@type":"PropertyValueSpecification","valueRequired":true,"valueName":"search_term_string"}}],"inLanguage":"tr"},{"@type":"Person","@id":"https:\/\/shiawaves.com\/turkish\/#\/schema\/person\/9f68d5023e948086b9348fba5aebd954","name":"modir","image":{"@type":"ImageObject","inLanguage":"tr","@id":"https:\/\/shiawaves.com\/turkish\/#\/schema\/person\/image\/","url":"https:\/\/secure.gravatar.com\/avatar\/8e76f93cdbdd480bd8918d1e0e1d938664c9cb1516c2a57a2b96fe50b507a6b9?s=96&d=mm&r=g","contentUrl":"https:\/\/secure.gravatar.com\/avatar\/8e76f93cdbdd480bd8918d1e0e1d938664c9cb1516c2a57a2b96fe50b507a6b9?s=96&d=mm&r=g","caption":"modir"},"sameAs":["https:\/\/shiawaves.com"],"url":"https:\/\/shiawaves.com\/turkish\/author\/modir\/"}]}},"_links":{"self":[{"href":"https:\/\/shiawaves.com\/turkish\/wp-json\/wp\/v2\/posts\/116502","targetHints":{"allow":["GET"]}}],"collection":[{"href":"https:\/\/shiawaves.com\/turkish\/wp-json\/wp\/v2\/posts"}],"about":[{"href":"https:\/\/shiawaves.com\/turkish\/wp-json\/wp\/v2\/types\/post"}],"author":[{"embeddable":true,"href":"https:\/\/shiawaves.com\/turkish\/wp-json\/wp\/v2\/users\/1"}],"replies":[{"embeddable":true,"href":"https:\/\/shiawaves.com\/turkish\/wp-json\/wp\/v2\/comments?post=116502"}],"version-history":[{"count":0,"href":"https:\/\/shiawaves.com\/turkish\/wp-json\/wp\/v2\/posts\/116502\/revisions"}],"wp:featuredmedia":[{"embeddable":true,"href":"https:\/\/shiawaves.com\/turkish\/wp-json\/wp\/v2\/media\/116501"}],"wp:attachment":[{"href":"https:\/\/shiawaves.com\/turkish\/wp-json\/wp\/v2\/media?parent=116502"}],"wp:term":[{"taxonomy":"category","embeddable":true,"href":"https:\/\/shiawaves.com\/turkish\/wp-json\/wp\/v2\/categories?post=116502"},{"taxonomy":"post_tag","embeddable":true,"href":"https:\/\/shiawaves.com\/turkish\/wp-json\/wp\/v2\/tags?post=116502"}],"curies":[{"name":"wp","href":"https:\/\/api.w.org\/{rel}","templated":true}]}}