{"id":116396,"date":"2025-07-24T23:01:20","date_gmt":"2025-07-24T20:01:20","guid":{"rendered":"https:\/\/shiawaves.com\/turkish\/2025\/07\/24\/imam-huseyinin-a-s-kutsal-turbesine-gorme-engelli-ziyaretcilerin-katilimi\/"},"modified":"2025-07-24T23:01:20","modified_gmt":"2025-07-24T20:01:20","slug":"imam-huseyinin-a-s-kutsal-turbesine-gorme-engelli-ziyaretcilerin-katilimi","status":"publish","type":"post","link":"https:\/\/shiawaves.com\/turkish\/2025\/07\/24\/imam-huseyinin-a-s-kutsal-turbesine-gorme-engelli-ziyaretcilerin-katilimi\/","title":{"rendered":"\u0130mam H\u00fcseyin&#8217;in (a.s) Kutsal T\u00fcrbesine G\u00f6rme Engelli Ziyaret\u00e7ilerin Kat\u0131l\u0131m\u0131"},"content":{"rendered":"<p>\u0130mam H\u00fcseyin&#8217;in (a.s) Kutsal T\u00fcrbesine G\u00f6rme Engelli Ziyaret\u00e7ilerin Kat\u0131l\u0131m\u0131<\/p>\n<p>Kutsal Kerbela \u015fehrinde yer alan \u015eii Haber Ajans\u0131&#8217;n\u0131n saha muhabiri, \u0130mam H\u00fcseyin&#8217;in (a.s) kutsal t\u00fcrbesinde g\u00f6rme engelli ziyaret\u00e7ilerin kat\u0131ld\u0131\u011f\u0131 haberini verdi.<\/p>\n<p>Muhabirimizin yapt\u0131\u011f\u0131 incelemelerde, bu ziyaret\u00e7ilerin, ilk kez Hz. Eba Abdullah H\u00fcseyin\u2019in (a.s) kutsal t\u00fcrbesini ziyarete gelen \u0130ran G\u00f6rme Engelliler Derne\u011fi \u00fcyeleri oldu\u011fu belirtildi.<\/p>\n<p>\u015eii Haber Ajans\u0131 muhabiri, bu kafilenin ba\u015f\u0131ndaki yetkililerden biriyle yapt\u0131\u011f\u0131 k\u0131sa g\u00f6r\u00fc\u015fmede, ziyaret\u00e7i say\u0131s\u0131 hakk\u0131nda bilgi talep etti. Yetkili, bu ziyaret\u00e7ilerin toplamda e\u015fleriyle birlikte yakla\u015f\u0131k elli ki\u015fi oldu\u011funu belirtti.<\/p>\n<p>Ayr\u0131ca: &#8220;Bu kafile, \u0130ran G\u00f6rme Engelliler Derne\u011fi&#8217;nin \u00fcyelerinden olu\u015fmakta olup, \u0130ran&#8217;\u0131n farkl\u0131 \u015fehirlerinden gelmi\u015flerdir.&#8221; diye ekledi.<\/p>\n<p>Belirtmek gerekir ki, bu ziyaret\u00e7iler, kaybolmamak amac\u0131yla zincir \u015feklinde dizilerek hareket etmekte ve her biri \u00f6nlerindeki ki\u015fiyi arkadan tutarak \u0130mam H\u00fcseyin&#8217;in (a.s) kutsal t\u00fcrbesine girmi\u015flerdir.<\/p>\n","protected":false},"excerpt":{"rendered":"<p>\u0130mam H\u00fcseyin&#8217;in (a.s) Kutsal T\u00fcrbesine G\u00f6rme Engelli Ziyaret\u00e7ilerin Kat\u0131l\u0131m\u0131 Kutsal Kerbela \u015fehrinde yer alan \u015eii Haber Ajans\u0131&#8217;n\u0131n saha muhabiri, \u0130mam H\u00fcseyin&#8217;in (a.s) kutsal t\u00fcrbesinde g\u00f6rme engelli ziyaret\u00e7ilerin kat\u0131ld\u0131\u011f\u0131 haberini verdi. Muhabirimizin yapt\u0131\u011f\u0131 incelemelerde, bu ziyaret\u00e7ilerin, ilk kez Hz. Eba Abdullah H\u00fcseyin\u2019in (a.s) kutsal t\u00fcrbesini ziyarete gelen \u0130ran G\u00f6rme Engelliler Derne\u011fi \u00fcyeleri oldu\u011fu belirtildi. \u015eii Haber &hellip;<\/p>\n","protected":false},"author":1,"featured_media":116395,"comment_status":"open","ping_status":"open","sticky":false,"template":"","format":"standard","meta":{"rop_custom_images_group":[],"rop_custom_messages_group":[],"rop_publish_now":"initial","rop_publish_now_accounts":[],"rop_publish_now_history":[],"rop_publish_now_status":"pending","footnotes":""},"categories":[30],"tags":[],"class_list":["post-116396","post","type-post","status-publish","format-standard","has-post-thumbnail","hentry","category-atabat"],"_wp_page_template":null,"_wp_attached_file":null,"_wp_attachment_metadata":null,"_edit_lock":null,"yoast_head":"<!-- This site is optimized with the Yoast SEO plugin v24.3 - https:\/\/yoast.com\/wordpress\/plugins\/seo\/ -->\n<title>\u0130mam H\u00fcseyin&#039;in (a.s) Kutsal T\u00fcrbesine G\u00f6rme Engelli Ziyaret\u00e7ilerin Kat\u0131l\u0131m\u0131 - ShiaWaves Turkish - \u015eia Haberleri<\/title>\n<meta name=\"robots\" content=\"index, follow, max-snippet:-1, max-image-preview:large, max-video-preview:-1\" \/>\n<link rel=\"canonical\" href=\"https:\/\/shiawaves.com\/turkish\/2025\/07\/24\/imam-huseyinin-a-s-kutsal-turbesine-gorme-engelli-ziyaretcilerin-katilimi\/\" \/>\n<meta property=\"og:locale\" content=\"tr_TR\" \/>\n<meta property=\"og:type\" content=\"article\" \/>\n<meta property=\"og:title\" content=\"\u0130mam H\u00fcseyin&#039;in (a.s) Kutsal T\u00fcrbesine G\u00f6rme Engelli Ziyaret\u00e7ilerin Kat\u0131l\u0131m\u0131 - ShiaWaves Turkish - \u015eia Haberleri\" \/>\n<meta property=\"og:description\" content=\"\u0130mam H\u00fcseyin&#8217;in (a.s) Kutsal T\u00fcrbesine G\u00f6rme Engelli Ziyaret\u00e7ilerin Kat\u0131l\u0131m\u0131 Kutsal Kerbela \u015fehrinde yer alan \u015eii Haber Ajans\u0131&#8217;n\u0131n saha muhabiri, \u0130mam H\u00fcseyin&#8217;in (a.s) kutsal t\u00fcrbesinde g\u00f6rme engelli ziyaret\u00e7ilerin kat\u0131ld\u0131\u011f\u0131 haberini verdi. Muhabirimizin yapt\u0131\u011f\u0131 incelemelerde, bu ziyaret\u00e7ilerin, ilk kez Hz. Eba Abdullah H\u00fcseyin\u2019in (a.s) kutsal t\u00fcrbesini ziyarete gelen \u0130ran G\u00f6rme Engelliler Derne\u011fi \u00fcyeleri oldu\u011fu belirtildi. \u015eii Haber &hellip;\" \/>\n<meta property=\"og:url\" content=\"https:\/\/shiawaves.com\/turkish\/2025\/07\/24\/imam-huseyinin-a-s-kutsal-turbesine-gorme-engelli-ziyaretcilerin-katilimi\/\" \/>\n<meta property=\"og:site_name\" content=\"ShiaWaves Turkish - \u015eia Haberleri\" \/>\n<meta property=\"article:published_time\" content=\"2025-07-24T20:01:20+00:00\" \/>\n<meta name=\"author\" content=\"modir\" \/>\n<meta name=\"twitter:card\" content=\"summary_large_image\" \/>\n<meta name=\"twitter:label1\" content=\"Yazan:\" \/>\n\t<meta name=\"twitter:data1\" content=\"modir\" \/>\n\t<meta name=\"twitter:label2\" content=\"Tahmini okuma s\u00fcresi\" \/>\n\t<meta name=\"twitter:data2\" content=\"1 dakika\" \/>\n<script type=\"application\/ld+json\" class=\"yoast-schema-graph\">{\"@context\":\"https:\/\/schema.org\",\"@graph\":[{\"@type\":\"WebPage\",\"@id\":\"https:\/\/shiawaves.com\/turkish\/2025\/07\/24\/imam-huseyinin-a-s-kutsal-turbesine-gorme-engelli-ziyaretcilerin-katilimi\/\",\"url\":\"https:\/\/shiawaves.com\/turkish\/2025\/07\/24\/imam-huseyinin-a-s-kutsal-turbesine-gorme-engelli-ziyaretcilerin-katilimi\/\",\"name\":\"\u0130mam H\u00fcseyin'in (a.s) Kutsal T\u00fcrbesine G\u00f6rme Engelli Ziyaret\u00e7ilerin Kat\u0131l\u0131m\u0131 - ShiaWaves Turkish - \u015eia Haberleri\",\"isPartOf\":{\"@id\":\"https:\/\/shiawaves.com\/turkish\/#website\"},\"primaryImageOfPage\":{\"@id\":\"https:\/\/shiawaves.com\/turkish\/2025\/07\/24\/imam-huseyinin-a-s-kutsal-turbesine-gorme-engelli-ziyaretcilerin-katilimi\/#primaryimage\"},\"image\":{\"@id\":\"https:\/\/shiawaves.com\/turkish\/2025\/07\/24\/imam-huseyinin-a-s-kutsal-turbesine-gorme-engelli-ziyaretcilerin-katilimi\/#primaryimage\"},\"thumbnailUrl\":\"https:\/\/shiawaves.com\/turkish\/wp-content\/uploads\/sites\/6\/2025\/07\/file_582.jpg\",\"datePublished\":\"2025-07-24T20:01:20+00:00\",\"dateModified\":\"2025-07-24T20:01:20+00:00\",\"author\":{\"@id\":\"https:\/\/shiawaves.com\/turkish\/#\/schema\/person\/9f68d5023e948086b9348fba5aebd954\"},\"breadcrumb\":{\"@id\":\"https:\/\/shiawaves.com\/turkish\/2025\/07\/24\/imam-huseyinin-a-s-kutsal-turbesine-gorme-engelli-ziyaretcilerin-katilimi\/#breadcrumb\"},\"inLanguage\":\"tr\",\"potentialAction\":[{\"@type\":\"ReadAction\",\"target\":[\"https:\/\/shiawaves.com\/turkish\/2025\/07\/24\/imam-huseyinin-a-s-kutsal-turbesine-gorme-engelli-ziyaretcilerin-katilimi\/\"]}]},{\"@type\":\"ImageObject\",\"inLanguage\":\"tr\",\"@id\":\"https:\/\/shiawaves.com\/turkish\/2025\/07\/24\/imam-huseyinin-a-s-kutsal-turbesine-gorme-engelli-ziyaretcilerin-katilimi\/#primaryimage\",\"url\":\"https:\/\/shiawaves.com\/turkish\/wp-content\/uploads\/sites\/6\/2025\/07\/file_582.jpg\",\"contentUrl\":\"https:\/\/shiawaves.com\/turkish\/wp-content\/uploads\/sites\/6\/2025\/07\/file_582.jpg\",\"width\":800,\"height\":450},{\"@type\":\"BreadcrumbList\",\"@id\":\"https:\/\/shiawaves.com\/turkish\/2025\/07\/24\/imam-huseyinin-a-s-kutsal-turbesine-gorme-engelli-ziyaretcilerin-katilimi\/#breadcrumb\",\"itemListElement\":[{\"@type\":\"ListItem\",\"position\":1,\"name\":\"Home\",\"item\":\"https:\/\/shiawaves.com\/turkish\/\"},{\"@type\":\"ListItem\",\"position\":2,\"name\":\"\u0130mam H\u00fcseyin&#8217;in (a.s) Kutsal T\u00fcrbesine G\u00f6rme Engelli Ziyaret\u00e7ilerin Kat\u0131l\u0131m\u0131\"}]},{\"@type\":\"WebSite\",\"@id\":\"https:\/\/shiawaves.com\/turkish\/#website\",\"url\":\"https:\/\/shiawaves.com\/turkish\/\",\"name\":\"ShiaWaves Turkish - \u015eia Haberleri\",\"description\":\"\",\"potentialAction\":[{\"@type\":\"SearchAction\",\"target\":{\"@type\":\"EntryPoint\",\"urlTemplate\":\"https:\/\/shiawaves.com\/turkish\/?s={search_term_string}\"},\"query-input\":{\"@type\":\"PropertyValueSpecification\",\"valueRequired\":true,\"valueName\":\"search_term_string\"}}],\"inLanguage\":\"tr\"},{\"@type\":\"Person\",\"@id\":\"https:\/\/shiawaves.com\/turkish\/#\/schema\/person\/9f68d5023e948086b9348fba5aebd954\",\"name\":\"modir\",\"image\":{\"@type\":\"ImageObject\",\"inLanguage\":\"tr\",\"@id\":\"https:\/\/shiawaves.com\/turkish\/#\/schema\/person\/image\/\",\"url\":\"https:\/\/secure.gravatar.com\/avatar\/8e76f93cdbdd480bd8918d1e0e1d938664c9cb1516c2a57a2b96fe50b507a6b9?s=96&d=mm&r=g\",\"contentUrl\":\"https:\/\/secure.gravatar.com\/avatar\/8e76f93cdbdd480bd8918d1e0e1d938664c9cb1516c2a57a2b96fe50b507a6b9?s=96&d=mm&r=g\",\"caption\":\"modir\"},\"sameAs\":[\"https:\/\/shiawaves.com\"],\"url\":\"https:\/\/shiawaves.com\/turkish\/author\/modir\/\"}]}<\/script>\n<!-- \/ Yoast SEO plugin. -->","yoast_head_json":{"title":"\u0130mam H\u00fcseyin'in (a.s) Kutsal T\u00fcrbesine G\u00f6rme Engelli Ziyaret\u00e7ilerin Kat\u0131l\u0131m\u0131 - ShiaWaves Turkish - \u015eia Haberleri","robots":{"index":"index","follow":"follow","max-snippet":"max-snippet:-1","max-image-preview":"max-image-preview:large","max-video-preview":"max-video-preview:-1"},"canonical":"https:\/\/shiawaves.com\/turkish\/2025\/07\/24\/imam-huseyinin-a-s-kutsal-turbesine-gorme-engelli-ziyaretcilerin-katilimi\/","og_locale":"tr_TR","og_type":"article","og_title":"\u0130mam H\u00fcseyin'in (a.s) Kutsal T\u00fcrbesine G\u00f6rme Engelli Ziyaret\u00e7ilerin Kat\u0131l\u0131m\u0131 - ShiaWaves Turkish - \u015eia Haberleri","og_description":"\u0130mam H\u00fcseyin&#8217;in (a.s) Kutsal T\u00fcrbesine G\u00f6rme Engelli Ziyaret\u00e7ilerin Kat\u0131l\u0131m\u0131 Kutsal Kerbela \u015fehrinde yer alan \u015eii Haber Ajans\u0131&#8217;n\u0131n saha muhabiri, \u0130mam H\u00fcseyin&#8217;in (a.s) kutsal t\u00fcrbesinde g\u00f6rme engelli ziyaret\u00e7ilerin kat\u0131ld\u0131\u011f\u0131 haberini verdi. Muhabirimizin yapt\u0131\u011f\u0131 incelemelerde, bu ziyaret\u00e7ilerin, ilk kez Hz. Eba Abdullah H\u00fcseyin\u2019in (a.s) kutsal t\u00fcrbesini ziyarete gelen \u0130ran G\u00f6rme Engelliler Derne\u011fi \u00fcyeleri oldu\u011fu belirtildi. \u015eii Haber &hellip;","og_url":"https:\/\/shiawaves.com\/turkish\/2025\/07\/24\/imam-huseyinin-a-s-kutsal-turbesine-gorme-engelli-ziyaretcilerin-katilimi\/","og_site_name":"ShiaWaves Turkish - \u015eia Haberleri","article_published_time":"2025-07-24T20:01:20+00:00","author":"modir","twitter_card":"summary_large_image","twitter_misc":{"Yazan:":"modir","Tahmini okuma s\u00fcresi":"1 dakika"},"schema":{"@context":"https:\/\/schema.org","@graph":[{"@type":"WebPage","@id":"https:\/\/shiawaves.com\/turkish\/2025\/07\/24\/imam-huseyinin-a-s-kutsal-turbesine-gorme-engelli-ziyaretcilerin-katilimi\/","url":"https:\/\/shiawaves.com\/turkish\/2025\/07\/24\/imam-huseyinin-a-s-kutsal-turbesine-gorme-engelli-ziyaretcilerin-katilimi\/","name":"\u0130mam H\u00fcseyin'in (a.s) Kutsal T\u00fcrbesine G\u00f6rme Engelli Ziyaret\u00e7ilerin Kat\u0131l\u0131m\u0131 - ShiaWaves Turkish - \u015eia Haberleri","isPartOf":{"@id":"https:\/\/shiawaves.com\/turkish\/#website"},"primaryImageOfPage":{"@id":"https:\/\/shiawaves.com\/turkish\/2025\/07\/24\/imam-huseyinin-a-s-kutsal-turbesine-gorme-engelli-ziyaretcilerin-katilimi\/#primaryimage"},"image":{"@id":"https:\/\/shiawaves.com\/turkish\/2025\/07\/24\/imam-huseyinin-a-s-kutsal-turbesine-gorme-engelli-ziyaretcilerin-katilimi\/#primaryimage"},"thumbnailUrl":"https:\/\/shiawaves.com\/turkish\/wp-content\/uploads\/sites\/6\/2025\/07\/file_582.jpg","datePublished":"2025-07-24T20:01:20+00:00","dateModified":"2025-07-24T20:01:20+00:00","author":{"@id":"https:\/\/shiawaves.com\/turkish\/#\/schema\/person\/9f68d5023e948086b9348fba5aebd954"},"breadcrumb":{"@id":"https:\/\/shiawaves.com\/turkish\/2025\/07\/24\/imam-huseyinin-a-s-kutsal-turbesine-gorme-engelli-ziyaretcilerin-katilimi\/#breadcrumb"},"inLanguage":"tr","potentialAction":[{"@type":"ReadAction","target":["https:\/\/shiawaves.com\/turkish\/2025\/07\/24\/imam-huseyinin-a-s-kutsal-turbesine-gorme-engelli-ziyaretcilerin-katilimi\/"]}]},{"@type":"ImageObject","inLanguage":"tr","@id":"https:\/\/shiawaves.com\/turkish\/2025\/07\/24\/imam-huseyinin-a-s-kutsal-turbesine-gorme-engelli-ziyaretcilerin-katilimi\/#primaryimage","url":"https:\/\/shiawaves.com\/turkish\/wp-content\/uploads\/sites\/6\/2025\/07\/file_582.jpg","contentUrl":"https:\/\/shiawaves.com\/turkish\/wp-content\/uploads\/sites\/6\/2025\/07\/file_582.jpg","width":800,"height":450},{"@type":"BreadcrumbList","@id":"https:\/\/shiawaves.com\/turkish\/2025\/07\/24\/imam-huseyinin-a-s-kutsal-turbesine-gorme-engelli-ziyaretcilerin-katilimi\/#breadcrumb","itemListElement":[{"@type":"ListItem","position":1,"name":"Home","item":"https:\/\/shiawaves.com\/turkish\/"},{"@type":"ListItem","position":2,"name":"\u0130mam H\u00fcseyin&#8217;in (a.s) Kutsal T\u00fcrbesine G\u00f6rme Engelli Ziyaret\u00e7ilerin Kat\u0131l\u0131m\u0131"}]},{"@type":"WebSite","@id":"https:\/\/shiawaves.com\/turkish\/#website","url":"https:\/\/shiawaves.com\/turkish\/","name":"ShiaWaves Turkish - \u015eia Haberleri","description":"","potentialAction":[{"@type":"SearchAction","target":{"@type":"EntryPoint","urlTemplate":"https:\/\/shiawaves.com\/turkish\/?s={search_term_string}"},"query-input":{"@type":"PropertyValueSpecification","valueRequired":true,"valueName":"search_term_string"}}],"inLanguage":"tr"},{"@type":"Person","@id":"https:\/\/shiawaves.com\/turkish\/#\/schema\/person\/9f68d5023e948086b9348fba5aebd954","name":"modir","image":{"@type":"ImageObject","inLanguage":"tr","@id":"https:\/\/shiawaves.com\/turkish\/#\/schema\/person\/image\/","url":"https:\/\/secure.gravatar.com\/avatar\/8e76f93cdbdd480bd8918d1e0e1d938664c9cb1516c2a57a2b96fe50b507a6b9?s=96&d=mm&r=g","contentUrl":"https:\/\/secure.gravatar.com\/avatar\/8e76f93cdbdd480bd8918d1e0e1d938664c9cb1516c2a57a2b96fe50b507a6b9?s=96&d=mm&r=g","caption":"modir"},"sameAs":["https:\/\/shiawaves.com"],"url":"https:\/\/shiawaves.com\/turkish\/author\/modir\/"}]}},"_links":{"self":[{"href":"https:\/\/shiawaves.com\/turkish\/wp-json\/wp\/v2\/posts\/116396","targetHints":{"allow":["GET"]}}],"collection":[{"href":"https:\/\/shiawaves.com\/turkish\/wp-json\/wp\/v2\/posts"}],"about":[{"href":"https:\/\/shiawaves.com\/turkish\/wp-json\/wp\/v2\/types\/post"}],"author":[{"embeddable":true,"href":"https:\/\/shiawaves.com\/turkish\/wp-json\/wp\/v2\/users\/1"}],"replies":[{"embeddable":true,"href":"https:\/\/shiawaves.com\/turkish\/wp-json\/wp\/v2\/comments?post=116396"}],"version-history":[{"count":0,"href":"https:\/\/shiawaves.com\/turkish\/wp-json\/wp\/v2\/posts\/116396\/revisions"}],"wp:featuredmedia":[{"embeddable":true,"href":"https:\/\/shiawaves.com\/turkish\/wp-json\/wp\/v2\/media\/116395"}],"wp:attachment":[{"href":"https:\/\/shiawaves.com\/turkish\/wp-json\/wp\/v2\/media?parent=116396"}],"wp:term":[{"taxonomy":"category","embeddable":true,"href":"https:\/\/shiawaves.com\/turkish\/wp-json\/wp\/v2\/categories?post=116396"},{"taxonomy":"post_tag","embeddable":true,"href":"https:\/\/shiawaves.com\/turkish\/wp-json\/wp\/v2\/tags?post=116396"}],"curies":[{"name":"wp","href":"https:\/\/api.w.org\/{rel}","templated":true}]}}