{"id":116306,"date":"2025-07-21T13:01:58","date_gmt":"2025-07-21T10:01:58","guid":{"rendered":"https:\/\/shiawaves.com\/turkish\/2025\/07\/21\/afganistanda-cocuk-acliginin-sessiz-krizi-unicef-ulusal-temel-gidalar-programini-baslatti\/"},"modified":"2025-07-21T13:01:58","modified_gmt":"2025-07-21T10:01:58","slug":"afganistanda-cocuk-acliginin-sessiz-krizi-unicef-ulusal-temel-gidalar-programini-baslatti","status":"publish","type":"post","link":"https:\/\/shiawaves.com\/turkish\/2025\/07\/21\/afganistanda-cocuk-acliginin-sessiz-krizi-unicef-ulusal-temel-gidalar-programini-baslatti\/","title":{"rendered":"Afganistan&#8217;da \u00c7ocuk A\u00e7l\u0131\u011f\u0131n\u0131n Sessiz Krizi; UNICEF, Ulusal &#8220;Temel G\u0131dalar&#8221; Program\u0131n\u0131 Ba\u015flatt\u0131"},"content":{"rendered":"<p>Afganistan&#8217;da \u00c7ocuk A\u00e7l\u0131\u011f\u0131n\u0131n Sessiz Krizi; UNICEF, Ulusal &#8220;Temel G\u0131dalar&#8221; Program\u0131n\u0131 Ba\u015flatt\u0131<\/p>\n<p>UNICEF, Britanya h\u00fck\u00fcmetinin deste\u011fiyle Afganistan&#8217;da \u00e7ocuklar\u0131n \u015fiddetli g\u0131da yoksullu\u011fuyla m\u00fccadele etmek amac\u0131yla &#8220;First Foods Afghanistan&#8221; adl\u0131 ulusal kampanyay\u0131 ba\u015flatt\u0131.<\/p>\n<p>\u015eia Haber Ajans\u0131&#8217;n\u0131n Gardiya&#8217;ya dayand\u0131rd\u0131\u011f\u0131 haberine g\u00f6re, \u00fclkedeki 5 ya\u015f alt\u0131 \u00e7ocuklar\u0131n neredeyse yar\u0131s\u0131 yetersiz beslenme sorunuyla kar\u015f\u0131 kar\u015f\u0131ya ve sadece %50&#8217;den az\u0131 6 ila 23 ayl\u0131k \u00e7ocuklar iki veya daha az g\u0131da grubuna eri\u015fim sa\u011fl\u0131yor.<\/p>\n<p>Bu plan, 2028 y\u0131l\u0131na kadar t\u00fcm 34 vilayette uygulanacak ve yerel g\u0131da \u00fcretimine, annelere e\u011fitim verilmesine, ev bah\u00e7elerinin olu\u015fturulmas\u0131na ve iklim de\u011fi\u015fikli\u011fine kar\u015f\u0131 diren\u00e7li beslenmeye odaklanacak.<\/p>\n<p>Belirtmek gerekir ki, bu program\u0131n nihai hedefi d\u00f6rt milyon ki\u015fiye ula\u015fmakt\u0131r.<\/p>\n","protected":false},"excerpt":{"rendered":"<p>Afganistan&#8217;da \u00c7ocuk A\u00e7l\u0131\u011f\u0131n\u0131n Sessiz Krizi; UNICEF, Ulusal &#8220;Temel G\u0131dalar&#8221; Program\u0131n\u0131 Ba\u015flatt\u0131 UNICEF, Britanya h\u00fck\u00fcmetinin deste\u011fiyle Afganistan&#8217;da \u00e7ocuklar\u0131n \u015fiddetli g\u0131da yoksullu\u011fuyla m\u00fccadele etmek amac\u0131yla &#8220;First Foods Afghanistan&#8221; adl\u0131 ulusal kampanyay\u0131 ba\u015flatt\u0131. \u015eia Haber Ajans\u0131&#8217;n\u0131n Gardiya&#8217;ya dayand\u0131rd\u0131\u011f\u0131 haberine g\u00f6re, \u00fclkedeki 5 ya\u015f alt\u0131 \u00e7ocuklar\u0131n neredeyse yar\u0131s\u0131 yetersiz beslenme sorunuyla kar\u015f\u0131 kar\u015f\u0131ya ve sadece %50&#8217;den az\u0131 6 ila &hellip;<\/p>\n","protected":false},"author":1,"featured_media":116305,"comment_status":"open","ping_status":"open","sticky":false,"template":"","format":"standard","meta":{"rop_custom_images_group":[],"rop_custom_messages_group":[],"rop_publish_now":"initial","rop_publish_now_accounts":[],"rop_publish_now_history":[],"rop_publish_now_status":"pending","footnotes":""},"categories":[8],"tags":[],"class_list":["post-116306","post","type-post","status-publish","format-standard","has-post-thumbnail","hentry","category-afghanistan"],"_wp_page_template":null,"_wp_attached_file":null,"_wp_attachment_metadata":null,"_edit_lock":null,"yoast_head":"<!-- This site is optimized with the Yoast SEO plugin v24.3 - https:\/\/yoast.com\/wordpress\/plugins\/seo\/ -->\n<title>Afganistan&#039;da \u00c7ocuk A\u00e7l\u0131\u011f\u0131n\u0131n Sessiz Krizi; UNICEF, Ulusal &quot;Temel G\u0131dalar&quot; Program\u0131n\u0131 Ba\u015flatt\u0131 - ShiaWaves Turkish - \u015eia Haberleri<\/title>\n<meta name=\"robots\" content=\"index, follow, max-snippet:-1, max-image-preview:large, max-video-preview:-1\" \/>\n<link rel=\"canonical\" href=\"https:\/\/shiawaves.com\/turkish\/2025\/07\/21\/afganistanda-cocuk-acliginin-sessiz-krizi-unicef-ulusal-temel-gidalar-programini-baslatti\/\" \/>\n<meta property=\"og:locale\" content=\"tr_TR\" \/>\n<meta property=\"og:type\" content=\"article\" \/>\n<meta property=\"og:title\" content=\"Afganistan&#039;da \u00c7ocuk A\u00e7l\u0131\u011f\u0131n\u0131n Sessiz Krizi; UNICEF, Ulusal &quot;Temel G\u0131dalar&quot; Program\u0131n\u0131 Ba\u015flatt\u0131 - ShiaWaves Turkish - \u015eia Haberleri\" \/>\n<meta property=\"og:description\" content=\"Afganistan&#8217;da \u00c7ocuk A\u00e7l\u0131\u011f\u0131n\u0131n Sessiz Krizi; UNICEF, Ulusal &#8220;Temel G\u0131dalar&#8221; Program\u0131n\u0131 Ba\u015flatt\u0131 UNICEF, Britanya h\u00fck\u00fcmetinin deste\u011fiyle Afganistan&#8217;da \u00e7ocuklar\u0131n \u015fiddetli g\u0131da yoksullu\u011fuyla m\u00fccadele etmek amac\u0131yla &#8220;First Foods Afghanistan&#8221; adl\u0131 ulusal kampanyay\u0131 ba\u015flatt\u0131. \u015eia Haber Ajans\u0131&#8217;n\u0131n Gardiya&#8217;ya dayand\u0131rd\u0131\u011f\u0131 haberine g\u00f6re, \u00fclkedeki 5 ya\u015f alt\u0131 \u00e7ocuklar\u0131n neredeyse yar\u0131s\u0131 yetersiz beslenme sorunuyla kar\u015f\u0131 kar\u015f\u0131ya ve sadece %50&#8217;den az\u0131 6 ila &hellip;\" \/>\n<meta property=\"og:url\" content=\"https:\/\/shiawaves.com\/turkish\/2025\/07\/21\/afganistanda-cocuk-acliginin-sessiz-krizi-unicef-ulusal-temel-gidalar-programini-baslatti\/\" \/>\n<meta property=\"og:site_name\" content=\"ShiaWaves Turkish - \u015eia Haberleri\" \/>\n<meta property=\"article:published_time\" content=\"2025-07-21T10:01:58+00:00\" \/>\n<meta name=\"author\" content=\"modir\" \/>\n<meta name=\"twitter:card\" content=\"summary_large_image\" \/>\n<meta name=\"twitter:label1\" content=\"Yazan:\" \/>\n\t<meta name=\"twitter:data1\" content=\"modir\" \/>\n\t<meta name=\"twitter:label2\" content=\"Tahmini okuma s\u00fcresi\" \/>\n\t<meta name=\"twitter:data2\" content=\"1 dakika\" \/>\n<script type=\"application\/ld+json\" class=\"yoast-schema-graph\">{\"@context\":\"https:\/\/schema.org\",\"@graph\":[{\"@type\":\"WebPage\",\"@id\":\"https:\/\/shiawaves.com\/turkish\/2025\/07\/21\/afganistanda-cocuk-acliginin-sessiz-krizi-unicef-ulusal-temel-gidalar-programini-baslatti\/\",\"url\":\"https:\/\/shiawaves.com\/turkish\/2025\/07\/21\/afganistanda-cocuk-acliginin-sessiz-krizi-unicef-ulusal-temel-gidalar-programini-baslatti\/\",\"name\":\"Afganistan'da \u00c7ocuk A\u00e7l\u0131\u011f\u0131n\u0131n Sessiz Krizi; UNICEF, Ulusal \\\"Temel G\u0131dalar\\\" Program\u0131n\u0131 Ba\u015flatt\u0131 - ShiaWaves Turkish - \u015eia Haberleri\",\"isPartOf\":{\"@id\":\"https:\/\/shiawaves.com\/turkish\/#website\"},\"primaryImageOfPage\":{\"@id\":\"https:\/\/shiawaves.com\/turkish\/2025\/07\/21\/afganistanda-cocuk-acliginin-sessiz-krizi-unicef-ulusal-temel-gidalar-programini-baslatti\/#primaryimage\"},\"image\":{\"@id\":\"https:\/\/shiawaves.com\/turkish\/2025\/07\/21\/afganistanda-cocuk-acliginin-sessiz-krizi-unicef-ulusal-temel-gidalar-programini-baslatti\/#primaryimage\"},\"thumbnailUrl\":\"https:\/\/shiawaves.com\/turkish\/wp-content\/uploads\/sites\/6\/2025\/07\/file_537.jpg\",\"datePublished\":\"2025-07-21T10:01:58+00:00\",\"dateModified\":\"2025-07-21T10:01:58+00:00\",\"author\":{\"@id\":\"https:\/\/shiawaves.com\/turkish\/#\/schema\/person\/9f68d5023e948086b9348fba5aebd954\"},\"breadcrumb\":{\"@id\":\"https:\/\/shiawaves.com\/turkish\/2025\/07\/21\/afganistanda-cocuk-acliginin-sessiz-krizi-unicef-ulusal-temel-gidalar-programini-baslatti\/#breadcrumb\"},\"inLanguage\":\"tr\",\"potentialAction\":[{\"@type\":\"ReadAction\",\"target\":[\"https:\/\/shiawaves.com\/turkish\/2025\/07\/21\/afganistanda-cocuk-acliginin-sessiz-krizi-unicef-ulusal-temel-gidalar-programini-baslatti\/\"]}]},{\"@type\":\"ImageObject\",\"inLanguage\":\"tr\",\"@id\":\"https:\/\/shiawaves.com\/turkish\/2025\/07\/21\/afganistanda-cocuk-acliginin-sessiz-krizi-unicef-ulusal-temel-gidalar-programini-baslatti\/#primaryimage\",\"url\":\"https:\/\/shiawaves.com\/turkish\/wp-content\/uploads\/sites\/6\/2025\/07\/file_537.jpg\",\"contentUrl\":\"https:\/\/shiawaves.com\/turkish\/wp-content\/uploads\/sites\/6\/2025\/07\/file_537.jpg\",\"width\":1174,\"height\":677},{\"@type\":\"BreadcrumbList\",\"@id\":\"https:\/\/shiawaves.com\/turkish\/2025\/07\/21\/afganistanda-cocuk-acliginin-sessiz-krizi-unicef-ulusal-temel-gidalar-programini-baslatti\/#breadcrumb\",\"itemListElement\":[{\"@type\":\"ListItem\",\"position\":1,\"name\":\"Home\",\"item\":\"https:\/\/shiawaves.com\/turkish\/\"},{\"@type\":\"ListItem\",\"position\":2,\"name\":\"Afganistan&#8217;da \u00c7ocuk A\u00e7l\u0131\u011f\u0131n\u0131n Sessiz Krizi; UNICEF, Ulusal &#8220;Temel G\u0131dalar&#8221; Program\u0131n\u0131 Ba\u015flatt\u0131\"}]},{\"@type\":\"WebSite\",\"@id\":\"https:\/\/shiawaves.com\/turkish\/#website\",\"url\":\"https:\/\/shiawaves.com\/turkish\/\",\"name\":\"ShiaWaves Turkish - \u015eia Haberleri\",\"description\":\"\",\"potentialAction\":[{\"@type\":\"SearchAction\",\"target\":{\"@type\":\"EntryPoint\",\"urlTemplate\":\"https:\/\/shiawaves.com\/turkish\/?s={search_term_string}\"},\"query-input\":{\"@type\":\"PropertyValueSpecification\",\"valueRequired\":true,\"valueName\":\"search_term_string\"}}],\"inLanguage\":\"tr\"},{\"@type\":\"Person\",\"@id\":\"https:\/\/shiawaves.com\/turkish\/#\/schema\/person\/9f68d5023e948086b9348fba5aebd954\",\"name\":\"modir\",\"image\":{\"@type\":\"ImageObject\",\"inLanguage\":\"tr\",\"@id\":\"https:\/\/shiawaves.com\/turkish\/#\/schema\/person\/image\/\",\"url\":\"https:\/\/secure.gravatar.com\/avatar\/8e76f93cdbdd480bd8918d1e0e1d938664c9cb1516c2a57a2b96fe50b507a6b9?s=96&d=mm&r=g\",\"contentUrl\":\"https:\/\/secure.gravatar.com\/avatar\/8e76f93cdbdd480bd8918d1e0e1d938664c9cb1516c2a57a2b96fe50b507a6b9?s=96&d=mm&r=g\",\"caption\":\"modir\"},\"sameAs\":[\"https:\/\/shiawaves.com\"],\"url\":\"https:\/\/shiawaves.com\/turkish\/author\/modir\/\"}]}<\/script>\n<!-- \/ Yoast SEO plugin. -->","yoast_head_json":{"title":"Afganistan'da \u00c7ocuk A\u00e7l\u0131\u011f\u0131n\u0131n Sessiz Krizi; UNICEF, Ulusal \"Temel G\u0131dalar\" Program\u0131n\u0131 Ba\u015flatt\u0131 - ShiaWaves Turkish - \u015eia Haberleri","robots":{"index":"index","follow":"follow","max-snippet":"max-snippet:-1","max-image-preview":"max-image-preview:large","max-video-preview":"max-video-preview:-1"},"canonical":"https:\/\/shiawaves.com\/turkish\/2025\/07\/21\/afganistanda-cocuk-acliginin-sessiz-krizi-unicef-ulusal-temel-gidalar-programini-baslatti\/","og_locale":"tr_TR","og_type":"article","og_title":"Afganistan'da \u00c7ocuk A\u00e7l\u0131\u011f\u0131n\u0131n Sessiz Krizi; UNICEF, Ulusal \"Temel G\u0131dalar\" Program\u0131n\u0131 Ba\u015flatt\u0131 - ShiaWaves Turkish - \u015eia Haberleri","og_description":"Afganistan&#8217;da \u00c7ocuk A\u00e7l\u0131\u011f\u0131n\u0131n Sessiz Krizi; UNICEF, Ulusal &#8220;Temel G\u0131dalar&#8221; Program\u0131n\u0131 Ba\u015flatt\u0131 UNICEF, Britanya h\u00fck\u00fcmetinin deste\u011fiyle Afganistan&#8217;da \u00e7ocuklar\u0131n \u015fiddetli g\u0131da yoksullu\u011fuyla m\u00fccadele etmek amac\u0131yla &#8220;First Foods Afghanistan&#8221; adl\u0131 ulusal kampanyay\u0131 ba\u015flatt\u0131. \u015eia Haber Ajans\u0131&#8217;n\u0131n Gardiya&#8217;ya dayand\u0131rd\u0131\u011f\u0131 haberine g\u00f6re, \u00fclkedeki 5 ya\u015f alt\u0131 \u00e7ocuklar\u0131n neredeyse yar\u0131s\u0131 yetersiz beslenme sorunuyla kar\u015f\u0131 kar\u015f\u0131ya ve sadece %50&#8217;den az\u0131 6 ila &hellip;","og_url":"https:\/\/shiawaves.com\/turkish\/2025\/07\/21\/afganistanda-cocuk-acliginin-sessiz-krizi-unicef-ulusal-temel-gidalar-programini-baslatti\/","og_site_name":"ShiaWaves Turkish - \u015eia Haberleri","article_published_time":"2025-07-21T10:01:58+00:00","author":"modir","twitter_card":"summary_large_image","twitter_misc":{"Yazan:":"modir","Tahmini okuma s\u00fcresi":"1 dakika"},"schema":{"@context":"https:\/\/schema.org","@graph":[{"@type":"WebPage","@id":"https:\/\/shiawaves.com\/turkish\/2025\/07\/21\/afganistanda-cocuk-acliginin-sessiz-krizi-unicef-ulusal-temel-gidalar-programini-baslatti\/","url":"https:\/\/shiawaves.com\/turkish\/2025\/07\/21\/afganistanda-cocuk-acliginin-sessiz-krizi-unicef-ulusal-temel-gidalar-programini-baslatti\/","name":"Afganistan'da \u00c7ocuk A\u00e7l\u0131\u011f\u0131n\u0131n Sessiz Krizi; UNICEF, Ulusal \"Temel G\u0131dalar\" Program\u0131n\u0131 Ba\u015flatt\u0131 - ShiaWaves Turkish - \u015eia Haberleri","isPartOf":{"@id":"https:\/\/shiawaves.com\/turkish\/#website"},"primaryImageOfPage":{"@id":"https:\/\/shiawaves.com\/turkish\/2025\/07\/21\/afganistanda-cocuk-acliginin-sessiz-krizi-unicef-ulusal-temel-gidalar-programini-baslatti\/#primaryimage"},"image":{"@id":"https:\/\/shiawaves.com\/turkish\/2025\/07\/21\/afganistanda-cocuk-acliginin-sessiz-krizi-unicef-ulusal-temel-gidalar-programini-baslatti\/#primaryimage"},"thumbnailUrl":"https:\/\/shiawaves.com\/turkish\/wp-content\/uploads\/sites\/6\/2025\/07\/file_537.jpg","datePublished":"2025-07-21T10:01:58+00:00","dateModified":"2025-07-21T10:01:58+00:00","author":{"@id":"https:\/\/shiawaves.com\/turkish\/#\/schema\/person\/9f68d5023e948086b9348fba5aebd954"},"breadcrumb":{"@id":"https:\/\/shiawaves.com\/turkish\/2025\/07\/21\/afganistanda-cocuk-acliginin-sessiz-krizi-unicef-ulusal-temel-gidalar-programini-baslatti\/#breadcrumb"},"inLanguage":"tr","potentialAction":[{"@type":"ReadAction","target":["https:\/\/shiawaves.com\/turkish\/2025\/07\/21\/afganistanda-cocuk-acliginin-sessiz-krizi-unicef-ulusal-temel-gidalar-programini-baslatti\/"]}]},{"@type":"ImageObject","inLanguage":"tr","@id":"https:\/\/shiawaves.com\/turkish\/2025\/07\/21\/afganistanda-cocuk-acliginin-sessiz-krizi-unicef-ulusal-temel-gidalar-programini-baslatti\/#primaryimage","url":"https:\/\/shiawaves.com\/turkish\/wp-content\/uploads\/sites\/6\/2025\/07\/file_537.jpg","contentUrl":"https:\/\/shiawaves.com\/turkish\/wp-content\/uploads\/sites\/6\/2025\/07\/file_537.jpg","width":1174,"height":677},{"@type":"BreadcrumbList","@id":"https:\/\/shiawaves.com\/turkish\/2025\/07\/21\/afganistanda-cocuk-acliginin-sessiz-krizi-unicef-ulusal-temel-gidalar-programini-baslatti\/#breadcrumb","itemListElement":[{"@type":"ListItem","position":1,"name":"Home","item":"https:\/\/shiawaves.com\/turkish\/"},{"@type":"ListItem","position":2,"name":"Afganistan&#8217;da \u00c7ocuk A\u00e7l\u0131\u011f\u0131n\u0131n Sessiz Krizi; UNICEF, Ulusal &#8220;Temel G\u0131dalar&#8221; Program\u0131n\u0131 Ba\u015flatt\u0131"}]},{"@type":"WebSite","@id":"https:\/\/shiawaves.com\/turkish\/#website","url":"https:\/\/shiawaves.com\/turkish\/","name":"ShiaWaves Turkish - \u015eia Haberleri","description":"","potentialAction":[{"@type":"SearchAction","target":{"@type":"EntryPoint","urlTemplate":"https:\/\/shiawaves.com\/turkish\/?s={search_term_string}"},"query-input":{"@type":"PropertyValueSpecification","valueRequired":true,"valueName":"search_term_string"}}],"inLanguage":"tr"},{"@type":"Person","@id":"https:\/\/shiawaves.com\/turkish\/#\/schema\/person\/9f68d5023e948086b9348fba5aebd954","name":"modir","image":{"@type":"ImageObject","inLanguage":"tr","@id":"https:\/\/shiawaves.com\/turkish\/#\/schema\/person\/image\/","url":"https:\/\/secure.gravatar.com\/avatar\/8e76f93cdbdd480bd8918d1e0e1d938664c9cb1516c2a57a2b96fe50b507a6b9?s=96&d=mm&r=g","contentUrl":"https:\/\/secure.gravatar.com\/avatar\/8e76f93cdbdd480bd8918d1e0e1d938664c9cb1516c2a57a2b96fe50b507a6b9?s=96&d=mm&r=g","caption":"modir"},"sameAs":["https:\/\/shiawaves.com"],"url":"https:\/\/shiawaves.com\/turkish\/author\/modir\/"}]}},"_links":{"self":[{"href":"https:\/\/shiawaves.com\/turkish\/wp-json\/wp\/v2\/posts\/116306","targetHints":{"allow":["GET"]}}],"collection":[{"href":"https:\/\/shiawaves.com\/turkish\/wp-json\/wp\/v2\/posts"}],"about":[{"href":"https:\/\/shiawaves.com\/turkish\/wp-json\/wp\/v2\/types\/post"}],"author":[{"embeddable":true,"href":"https:\/\/shiawaves.com\/turkish\/wp-json\/wp\/v2\/users\/1"}],"replies":[{"embeddable":true,"href":"https:\/\/shiawaves.com\/turkish\/wp-json\/wp\/v2\/comments?post=116306"}],"version-history":[{"count":0,"href":"https:\/\/shiawaves.com\/turkish\/wp-json\/wp\/v2\/posts\/116306\/revisions"}],"wp:featuredmedia":[{"embeddable":true,"href":"https:\/\/shiawaves.com\/turkish\/wp-json\/wp\/v2\/media\/116305"}],"wp:attachment":[{"href":"https:\/\/shiawaves.com\/turkish\/wp-json\/wp\/v2\/media?parent=116306"}],"wp:term":[{"taxonomy":"category","embeddable":true,"href":"https:\/\/shiawaves.com\/turkish\/wp-json\/wp\/v2\/categories?post=116306"},{"taxonomy":"post_tag","embeddable":true,"href":"https:\/\/shiawaves.com\/turkish\/wp-json\/wp\/v2\/tags?post=116306"}],"curies":[{"name":"wp","href":"https:\/\/api.w.org\/{rel}","templated":true}]}}