{"id":116146,"date":"2025-07-14T23:01:52","date_gmt":"2025-07-14T20:01:52","guid":{"rendered":"https:\/\/shiawaves.com\/turkish\/2025\/07\/14\/berlinde-ogretmenlerin-basortusu-takma-ozgurlugu-tarafsizlik-yasasinin-zorlayicilari\/"},"modified":"2025-07-14T23:01:52","modified_gmt":"2025-07-14T20:01:52","slug":"berlinde-ogretmenlerin-basortusu-takma-ozgurlugu-tarafsizlik-yasasinin-zorlayicilari","status":"publish","type":"post","link":"https:\/\/shiawaves.com\/turkish\/2025\/07\/14\/berlinde-ogretmenlerin-basortusu-takma-ozgurlugu-tarafsizlik-yasasinin-zorlayicilari\/","title":{"rendered":"Berlin&#8217;de \u00d6\u011fretmenlerin Ba\u015f\u00f6rt\u00fcs\u00fc Takma \u00d6zg\u00fcrl\u00fc\u011f\u00fc; Tarafs\u0131zl\u0131k Yasas\u0131&#8217;n\u0131n Zorlay\u0131c\u0131lar\u0131"},"content":{"rendered":"<p>Berlin&#8217;de \u00d6\u011fretmenlerin Ba\u015f\u00f6rt\u00fcs\u00fc Takma \u00d6zg\u00fcrl\u00fc\u011f\u00fc; Tarafs\u0131zl\u0131k Yasas\u0131&#8217;n\u0131n Zorlay\u0131c\u0131lar\u0131<\/p>\n<p>Almanya&#8217;n\u0131n Berlin eyalet h\u00fck\u00fcmeti, \u00f6\u011fretmenlerin ba\u015f\u00f6rt\u00fcs\u00fc takmas\u0131n\u0131 yasaklayan Tarafs\u0131zl\u0131k Yasas\u0131&#8217;n\u0131 g\u00f6zden ge\u00e7irmeyi ve d\u00fczeltmeyi planl\u0131yor.<\/p>\n<p>Deutsche Welle haber ajans\u0131na g\u00f6re, bu yasa 2005 y\u0131l\u0131ndan beri uygulamada olup, dini sembolleri i\u015f yerlerinde s\u0131n\u0131rlam\u0131\u015ft\u0131. Ancak mahkemeler ba\u015f\u00f6rt\u00fcs\u00fc yasa\u011f\u0131n\u0131 yasad\u0131\u015f\u0131 ilan etti.<\/p>\n<p>Ye\u015filler ve Sol Partisi milletvekilleri, bu yasan\u0131n tamamen kald\u0131r\u0131lmas\u0131 ve ba\u015f\u00f6rt\u00fcl\u00fc kad\u0131nlar\u0131n haklar\u0131n\u0131n korunmas\u0131 \u00e7a\u011fr\u0131s\u0131nda bulundular.<\/p>\n<p>Berlin, e\u011fitim ortam\u0131n\u0131n huzurunu bozmadan okullarda dini giysi tercihini garanti alt\u0131na almak istiyor.<\/p>\n","protected":false},"excerpt":{"rendered":"<p>Berlin&#8217;de \u00d6\u011fretmenlerin Ba\u015f\u00f6rt\u00fcs\u00fc Takma \u00d6zg\u00fcrl\u00fc\u011f\u00fc; Tarafs\u0131zl\u0131k Yasas\u0131&#8217;n\u0131n Zorlay\u0131c\u0131lar\u0131 Almanya&#8217;n\u0131n Berlin eyalet h\u00fck\u00fcmeti, \u00f6\u011fretmenlerin ba\u015f\u00f6rt\u00fcs\u00fc takmas\u0131n\u0131 yasaklayan Tarafs\u0131zl\u0131k Yasas\u0131&#8217;n\u0131 g\u00f6zden ge\u00e7irmeyi ve d\u00fczeltmeyi planl\u0131yor. Deutsche Welle haber ajans\u0131na g\u00f6re, bu yasa 2005 y\u0131l\u0131ndan beri uygulamada olup, dini sembolleri i\u015f yerlerinde s\u0131n\u0131rlam\u0131\u015ft\u0131. Ancak mahkemeler ba\u015f\u00f6rt\u00fcs\u00fc yasa\u011f\u0131n\u0131 yasad\u0131\u015f\u0131 ilan etti. Ye\u015filler ve Sol Partisi milletvekilleri, bu yasan\u0131n tamamen &hellip;<\/p>\n","protected":false},"author":1,"featured_media":116145,"comment_status":"open","ping_status":"open","sticky":false,"template":"","format":"standard","meta":{"rop_custom_images_group":[],"rop_custom_messages_group":[],"rop_publish_now":"initial","rop_publish_now_accounts":[],"rop_publish_now_history":[],"rop_publish_now_status":"pending","footnotes":""},"categories":[71],"tags":[],"class_list":["post-116146","post","type-post","status-publish","format-standard","has-post-thumbnail","hentry","category-germany"],"_wp_page_template":null,"_wp_attached_file":null,"_wp_attachment_metadata":null,"_edit_lock":null,"yoast_head":"<!-- This site is optimized with the Yoast SEO plugin v24.3 - https:\/\/yoast.com\/wordpress\/plugins\/seo\/ -->\n<title>Berlin&#039;de \u00d6\u011fretmenlerin Ba\u015f\u00f6rt\u00fcs\u00fc Takma \u00d6zg\u00fcrl\u00fc\u011f\u00fc; Tarafs\u0131zl\u0131k Yasas\u0131&#039;n\u0131n Zorlay\u0131c\u0131lar\u0131 - ShiaWaves Turkish - \u015eia Haberleri<\/title>\n<meta name=\"robots\" content=\"index, follow, max-snippet:-1, max-image-preview:large, max-video-preview:-1\" \/>\n<link rel=\"canonical\" href=\"https:\/\/shiawaves.com\/turkish\/2025\/07\/14\/berlinde-ogretmenlerin-basortusu-takma-ozgurlugu-tarafsizlik-yasasinin-zorlayicilari\/\" \/>\n<meta property=\"og:locale\" content=\"tr_TR\" \/>\n<meta property=\"og:type\" content=\"article\" \/>\n<meta property=\"og:title\" content=\"Berlin&#039;de \u00d6\u011fretmenlerin Ba\u015f\u00f6rt\u00fcs\u00fc Takma \u00d6zg\u00fcrl\u00fc\u011f\u00fc; Tarafs\u0131zl\u0131k Yasas\u0131&#039;n\u0131n Zorlay\u0131c\u0131lar\u0131 - ShiaWaves Turkish - \u015eia Haberleri\" \/>\n<meta property=\"og:description\" content=\"Berlin&#8217;de \u00d6\u011fretmenlerin Ba\u015f\u00f6rt\u00fcs\u00fc Takma \u00d6zg\u00fcrl\u00fc\u011f\u00fc; Tarafs\u0131zl\u0131k Yasas\u0131&#8217;n\u0131n Zorlay\u0131c\u0131lar\u0131 Almanya&#8217;n\u0131n Berlin eyalet h\u00fck\u00fcmeti, \u00f6\u011fretmenlerin ba\u015f\u00f6rt\u00fcs\u00fc takmas\u0131n\u0131 yasaklayan Tarafs\u0131zl\u0131k Yasas\u0131&#8217;n\u0131 g\u00f6zden ge\u00e7irmeyi ve d\u00fczeltmeyi planl\u0131yor. Deutsche Welle haber ajans\u0131na g\u00f6re, bu yasa 2005 y\u0131l\u0131ndan beri uygulamada olup, dini sembolleri i\u015f yerlerinde s\u0131n\u0131rlam\u0131\u015ft\u0131. Ancak mahkemeler ba\u015f\u00f6rt\u00fcs\u00fc yasa\u011f\u0131n\u0131 yasad\u0131\u015f\u0131 ilan etti. Ye\u015filler ve Sol Partisi milletvekilleri, bu yasan\u0131n tamamen &hellip;\" \/>\n<meta property=\"og:url\" content=\"https:\/\/shiawaves.com\/turkish\/2025\/07\/14\/berlinde-ogretmenlerin-basortusu-takma-ozgurlugu-tarafsizlik-yasasinin-zorlayicilari\/\" \/>\n<meta property=\"og:site_name\" content=\"ShiaWaves Turkish - \u015eia Haberleri\" \/>\n<meta property=\"article:published_time\" content=\"2025-07-14T20:01:52+00:00\" \/>\n<meta name=\"author\" content=\"modir\" \/>\n<meta name=\"twitter:card\" content=\"summary_large_image\" \/>\n<meta name=\"twitter:label1\" content=\"Yazan:\" \/>\n\t<meta name=\"twitter:data1\" content=\"modir\" \/>\n\t<meta name=\"twitter:label2\" content=\"Tahmini okuma s\u00fcresi\" \/>\n\t<meta name=\"twitter:data2\" content=\"1 dakika\" \/>\n<script type=\"application\/ld+json\" class=\"yoast-schema-graph\">{\"@context\":\"https:\/\/schema.org\",\"@graph\":[{\"@type\":\"WebPage\",\"@id\":\"https:\/\/shiawaves.com\/turkish\/2025\/07\/14\/berlinde-ogretmenlerin-basortusu-takma-ozgurlugu-tarafsizlik-yasasinin-zorlayicilari\/\",\"url\":\"https:\/\/shiawaves.com\/turkish\/2025\/07\/14\/berlinde-ogretmenlerin-basortusu-takma-ozgurlugu-tarafsizlik-yasasinin-zorlayicilari\/\",\"name\":\"Berlin'de \u00d6\u011fretmenlerin Ba\u015f\u00f6rt\u00fcs\u00fc Takma \u00d6zg\u00fcrl\u00fc\u011f\u00fc; Tarafs\u0131zl\u0131k Yasas\u0131'n\u0131n Zorlay\u0131c\u0131lar\u0131 - ShiaWaves Turkish - \u015eia Haberleri\",\"isPartOf\":{\"@id\":\"https:\/\/shiawaves.com\/turkish\/#website\"},\"primaryImageOfPage\":{\"@id\":\"https:\/\/shiawaves.com\/turkish\/2025\/07\/14\/berlinde-ogretmenlerin-basortusu-takma-ozgurlugu-tarafsizlik-yasasinin-zorlayicilari\/#primaryimage\"},\"image\":{\"@id\":\"https:\/\/shiawaves.com\/turkish\/2025\/07\/14\/berlinde-ogretmenlerin-basortusu-takma-ozgurlugu-tarafsizlik-yasasinin-zorlayicilari\/#primaryimage\"},\"thumbnailUrl\":\"https:\/\/shiawaves.com\/turkish\/wp-content\/uploads\/sites\/6\/2025\/07\/file_458.jpg\",\"datePublished\":\"2025-07-14T20:01:52+00:00\",\"dateModified\":\"2025-07-14T20:01:52+00:00\",\"author\":{\"@id\":\"https:\/\/shiawaves.com\/turkish\/#\/schema\/person\/9f68d5023e948086b9348fba5aebd954\"},\"breadcrumb\":{\"@id\":\"https:\/\/shiawaves.com\/turkish\/2025\/07\/14\/berlinde-ogretmenlerin-basortusu-takma-ozgurlugu-tarafsizlik-yasasinin-zorlayicilari\/#breadcrumb\"},\"inLanguage\":\"tr\",\"potentialAction\":[{\"@type\":\"ReadAction\",\"target\":[\"https:\/\/shiawaves.com\/turkish\/2025\/07\/14\/berlinde-ogretmenlerin-basortusu-takma-ozgurlugu-tarafsizlik-yasasinin-zorlayicilari\/\"]}]},{\"@type\":\"ImageObject\",\"inLanguage\":\"tr\",\"@id\":\"https:\/\/shiawaves.com\/turkish\/2025\/07\/14\/berlinde-ogretmenlerin-basortusu-takma-ozgurlugu-tarafsizlik-yasasinin-zorlayicilari\/#primaryimage\",\"url\":\"https:\/\/shiawaves.com\/turkish\/wp-content\/uploads\/sites\/6\/2025\/07\/file_458.jpg\",\"contentUrl\":\"https:\/\/shiawaves.com\/turkish\/wp-content\/uploads\/sites\/6\/2025\/07\/file_458.jpg\",\"width\":800,\"height\":532},{\"@type\":\"BreadcrumbList\",\"@id\":\"https:\/\/shiawaves.com\/turkish\/2025\/07\/14\/berlinde-ogretmenlerin-basortusu-takma-ozgurlugu-tarafsizlik-yasasinin-zorlayicilari\/#breadcrumb\",\"itemListElement\":[{\"@type\":\"ListItem\",\"position\":1,\"name\":\"Home\",\"item\":\"https:\/\/shiawaves.com\/turkish\/\"},{\"@type\":\"ListItem\",\"position\":2,\"name\":\"Berlin&#8217;de \u00d6\u011fretmenlerin Ba\u015f\u00f6rt\u00fcs\u00fc Takma \u00d6zg\u00fcrl\u00fc\u011f\u00fc; Tarafs\u0131zl\u0131k Yasas\u0131&#8217;n\u0131n Zorlay\u0131c\u0131lar\u0131\"}]},{\"@type\":\"WebSite\",\"@id\":\"https:\/\/shiawaves.com\/turkish\/#website\",\"url\":\"https:\/\/shiawaves.com\/turkish\/\",\"name\":\"ShiaWaves Turkish - \u015eia Haberleri\",\"description\":\"\",\"potentialAction\":[{\"@type\":\"SearchAction\",\"target\":{\"@type\":\"EntryPoint\",\"urlTemplate\":\"https:\/\/shiawaves.com\/turkish\/?s={search_term_string}\"},\"query-input\":{\"@type\":\"PropertyValueSpecification\",\"valueRequired\":true,\"valueName\":\"search_term_string\"}}],\"inLanguage\":\"tr\"},{\"@type\":\"Person\",\"@id\":\"https:\/\/shiawaves.com\/turkish\/#\/schema\/person\/9f68d5023e948086b9348fba5aebd954\",\"name\":\"modir\",\"image\":{\"@type\":\"ImageObject\",\"inLanguage\":\"tr\",\"@id\":\"https:\/\/shiawaves.com\/turkish\/#\/schema\/person\/image\/\",\"url\":\"https:\/\/secure.gravatar.com\/avatar\/8e76f93cdbdd480bd8918d1e0e1d938664c9cb1516c2a57a2b96fe50b507a6b9?s=96&d=mm&r=g\",\"contentUrl\":\"https:\/\/secure.gravatar.com\/avatar\/8e76f93cdbdd480bd8918d1e0e1d938664c9cb1516c2a57a2b96fe50b507a6b9?s=96&d=mm&r=g\",\"caption\":\"modir\"},\"sameAs\":[\"https:\/\/shiawaves.com\"],\"url\":\"https:\/\/shiawaves.com\/turkish\/author\/modir\/\"}]}<\/script>\n<!-- \/ Yoast SEO plugin. -->","yoast_head_json":{"title":"Berlin'de \u00d6\u011fretmenlerin Ba\u015f\u00f6rt\u00fcs\u00fc Takma \u00d6zg\u00fcrl\u00fc\u011f\u00fc; Tarafs\u0131zl\u0131k Yasas\u0131'n\u0131n Zorlay\u0131c\u0131lar\u0131 - ShiaWaves Turkish - \u015eia Haberleri","robots":{"index":"index","follow":"follow","max-snippet":"max-snippet:-1","max-image-preview":"max-image-preview:large","max-video-preview":"max-video-preview:-1"},"canonical":"https:\/\/shiawaves.com\/turkish\/2025\/07\/14\/berlinde-ogretmenlerin-basortusu-takma-ozgurlugu-tarafsizlik-yasasinin-zorlayicilari\/","og_locale":"tr_TR","og_type":"article","og_title":"Berlin'de \u00d6\u011fretmenlerin Ba\u015f\u00f6rt\u00fcs\u00fc Takma \u00d6zg\u00fcrl\u00fc\u011f\u00fc; Tarafs\u0131zl\u0131k Yasas\u0131'n\u0131n Zorlay\u0131c\u0131lar\u0131 - ShiaWaves Turkish - \u015eia Haberleri","og_description":"Berlin&#8217;de \u00d6\u011fretmenlerin Ba\u015f\u00f6rt\u00fcs\u00fc Takma \u00d6zg\u00fcrl\u00fc\u011f\u00fc; Tarafs\u0131zl\u0131k Yasas\u0131&#8217;n\u0131n Zorlay\u0131c\u0131lar\u0131 Almanya&#8217;n\u0131n Berlin eyalet h\u00fck\u00fcmeti, \u00f6\u011fretmenlerin ba\u015f\u00f6rt\u00fcs\u00fc takmas\u0131n\u0131 yasaklayan Tarafs\u0131zl\u0131k Yasas\u0131&#8217;n\u0131 g\u00f6zden ge\u00e7irmeyi ve d\u00fczeltmeyi planl\u0131yor. Deutsche Welle haber ajans\u0131na g\u00f6re, bu yasa 2005 y\u0131l\u0131ndan beri uygulamada olup, dini sembolleri i\u015f yerlerinde s\u0131n\u0131rlam\u0131\u015ft\u0131. Ancak mahkemeler ba\u015f\u00f6rt\u00fcs\u00fc yasa\u011f\u0131n\u0131 yasad\u0131\u015f\u0131 ilan etti. Ye\u015filler ve Sol Partisi milletvekilleri, bu yasan\u0131n tamamen &hellip;","og_url":"https:\/\/shiawaves.com\/turkish\/2025\/07\/14\/berlinde-ogretmenlerin-basortusu-takma-ozgurlugu-tarafsizlik-yasasinin-zorlayicilari\/","og_site_name":"ShiaWaves Turkish - \u015eia Haberleri","article_published_time":"2025-07-14T20:01:52+00:00","author":"modir","twitter_card":"summary_large_image","twitter_misc":{"Yazan:":"modir","Tahmini okuma s\u00fcresi":"1 dakika"},"schema":{"@context":"https:\/\/schema.org","@graph":[{"@type":"WebPage","@id":"https:\/\/shiawaves.com\/turkish\/2025\/07\/14\/berlinde-ogretmenlerin-basortusu-takma-ozgurlugu-tarafsizlik-yasasinin-zorlayicilari\/","url":"https:\/\/shiawaves.com\/turkish\/2025\/07\/14\/berlinde-ogretmenlerin-basortusu-takma-ozgurlugu-tarafsizlik-yasasinin-zorlayicilari\/","name":"Berlin'de \u00d6\u011fretmenlerin Ba\u015f\u00f6rt\u00fcs\u00fc Takma \u00d6zg\u00fcrl\u00fc\u011f\u00fc; Tarafs\u0131zl\u0131k Yasas\u0131'n\u0131n Zorlay\u0131c\u0131lar\u0131 - ShiaWaves Turkish - \u015eia Haberleri","isPartOf":{"@id":"https:\/\/shiawaves.com\/turkish\/#website"},"primaryImageOfPage":{"@id":"https:\/\/shiawaves.com\/turkish\/2025\/07\/14\/berlinde-ogretmenlerin-basortusu-takma-ozgurlugu-tarafsizlik-yasasinin-zorlayicilari\/#primaryimage"},"image":{"@id":"https:\/\/shiawaves.com\/turkish\/2025\/07\/14\/berlinde-ogretmenlerin-basortusu-takma-ozgurlugu-tarafsizlik-yasasinin-zorlayicilari\/#primaryimage"},"thumbnailUrl":"https:\/\/shiawaves.com\/turkish\/wp-content\/uploads\/sites\/6\/2025\/07\/file_458.jpg","datePublished":"2025-07-14T20:01:52+00:00","dateModified":"2025-07-14T20:01:52+00:00","author":{"@id":"https:\/\/shiawaves.com\/turkish\/#\/schema\/person\/9f68d5023e948086b9348fba5aebd954"},"breadcrumb":{"@id":"https:\/\/shiawaves.com\/turkish\/2025\/07\/14\/berlinde-ogretmenlerin-basortusu-takma-ozgurlugu-tarafsizlik-yasasinin-zorlayicilari\/#breadcrumb"},"inLanguage":"tr","potentialAction":[{"@type":"ReadAction","target":["https:\/\/shiawaves.com\/turkish\/2025\/07\/14\/berlinde-ogretmenlerin-basortusu-takma-ozgurlugu-tarafsizlik-yasasinin-zorlayicilari\/"]}]},{"@type":"ImageObject","inLanguage":"tr","@id":"https:\/\/shiawaves.com\/turkish\/2025\/07\/14\/berlinde-ogretmenlerin-basortusu-takma-ozgurlugu-tarafsizlik-yasasinin-zorlayicilari\/#primaryimage","url":"https:\/\/shiawaves.com\/turkish\/wp-content\/uploads\/sites\/6\/2025\/07\/file_458.jpg","contentUrl":"https:\/\/shiawaves.com\/turkish\/wp-content\/uploads\/sites\/6\/2025\/07\/file_458.jpg","width":800,"height":532},{"@type":"BreadcrumbList","@id":"https:\/\/shiawaves.com\/turkish\/2025\/07\/14\/berlinde-ogretmenlerin-basortusu-takma-ozgurlugu-tarafsizlik-yasasinin-zorlayicilari\/#breadcrumb","itemListElement":[{"@type":"ListItem","position":1,"name":"Home","item":"https:\/\/shiawaves.com\/turkish\/"},{"@type":"ListItem","position":2,"name":"Berlin&#8217;de \u00d6\u011fretmenlerin Ba\u015f\u00f6rt\u00fcs\u00fc Takma \u00d6zg\u00fcrl\u00fc\u011f\u00fc; Tarafs\u0131zl\u0131k Yasas\u0131&#8217;n\u0131n Zorlay\u0131c\u0131lar\u0131"}]},{"@type":"WebSite","@id":"https:\/\/shiawaves.com\/turkish\/#website","url":"https:\/\/shiawaves.com\/turkish\/","name":"ShiaWaves Turkish - \u015eia Haberleri","description":"","potentialAction":[{"@type":"SearchAction","target":{"@type":"EntryPoint","urlTemplate":"https:\/\/shiawaves.com\/turkish\/?s={search_term_string}"},"query-input":{"@type":"PropertyValueSpecification","valueRequired":true,"valueName":"search_term_string"}}],"inLanguage":"tr"},{"@type":"Person","@id":"https:\/\/shiawaves.com\/turkish\/#\/schema\/person\/9f68d5023e948086b9348fba5aebd954","name":"modir","image":{"@type":"ImageObject","inLanguage":"tr","@id":"https:\/\/shiawaves.com\/turkish\/#\/schema\/person\/image\/","url":"https:\/\/secure.gravatar.com\/avatar\/8e76f93cdbdd480bd8918d1e0e1d938664c9cb1516c2a57a2b96fe50b507a6b9?s=96&d=mm&r=g","contentUrl":"https:\/\/secure.gravatar.com\/avatar\/8e76f93cdbdd480bd8918d1e0e1d938664c9cb1516c2a57a2b96fe50b507a6b9?s=96&d=mm&r=g","caption":"modir"},"sameAs":["https:\/\/shiawaves.com"],"url":"https:\/\/shiawaves.com\/turkish\/author\/modir\/"}]}},"_links":{"self":[{"href":"https:\/\/shiawaves.com\/turkish\/wp-json\/wp\/v2\/posts\/116146","targetHints":{"allow":["GET"]}}],"collection":[{"href":"https:\/\/shiawaves.com\/turkish\/wp-json\/wp\/v2\/posts"}],"about":[{"href":"https:\/\/shiawaves.com\/turkish\/wp-json\/wp\/v2\/types\/post"}],"author":[{"embeddable":true,"href":"https:\/\/shiawaves.com\/turkish\/wp-json\/wp\/v2\/users\/1"}],"replies":[{"embeddable":true,"href":"https:\/\/shiawaves.com\/turkish\/wp-json\/wp\/v2\/comments?post=116146"}],"version-history":[{"count":0,"href":"https:\/\/shiawaves.com\/turkish\/wp-json\/wp\/v2\/posts\/116146\/revisions"}],"wp:featuredmedia":[{"embeddable":true,"href":"https:\/\/shiawaves.com\/turkish\/wp-json\/wp\/v2\/media\/116145"}],"wp:attachment":[{"href":"https:\/\/shiawaves.com\/turkish\/wp-json\/wp\/v2\/media?parent=116146"}],"wp:term":[{"taxonomy":"category","embeddable":true,"href":"https:\/\/shiawaves.com\/turkish\/wp-json\/wp\/v2\/categories?post=116146"},{"taxonomy":"post_tag","embeddable":true,"href":"https:\/\/shiawaves.com\/turkish\/wp-json\/wp\/v2\/tags?post=116146"}],"curies":[{"name":"wp","href":"https:\/\/api.w.org\/{rel}","templated":true}]}}