{"id":116120,"date":"2025-07-13T23:30:42","date_gmt":"2025-07-13T20:30:42","guid":{"rendered":"https:\/\/shiawaves.com\/turkish\/2025\/07\/13\/irakta-sessiz-bir-insani-felaket-abd-yardimlarinin-kesilmesi-kamplari-felc-etti\/"},"modified":"2025-07-13T23:30:42","modified_gmt":"2025-07-13T20:30:42","slug":"irakta-sessiz-bir-insani-felaket-abd-yardimlarinin-kesilmesi-kamplari-felc-etti","status":"publish","type":"post","link":"https:\/\/shiawaves.com\/turkish\/2025\/07\/13\/irakta-sessiz-bir-insani-felaket-abd-yardimlarinin-kesilmesi-kamplari-felc-etti\/","title":{"rendered":"Irak&#8217;ta Sessiz Bir \u0130nsani Felaket; ABD Yard\u0131mlar\u0131n\u0131n Kesilmesi Kamplar\u0131 Fel\u00e7 Etti"},"content":{"rendered":"<p>Irak&#8217;ta Sessiz Bir \u0130nsani Felaket; ABD Yard\u0131mlar\u0131n\u0131n Kesilmesi Kamplar\u0131 Fel\u00e7 Etti<\/p>\n<p>Ocak 2025&#8217;te ABD yard\u0131mlar\u0131n\u0131n aniden kesilmesiyle birlikte, \u00f6zellikle K\u00fcrdistan B\u00f6lgesi ve \u00e7at\u0131\u015fmal\u0131 b\u00f6lgelerdeki Irak m\u00fclteci kamplar\u0131ndaki hayati insani ve psikolojik hizmetler neredeyse tamamen durdu.<\/p>\n<p>\u015eii Haber Ajans\u0131&#8217;n\u0131n El Cezire&#8217;ye dayand\u0131rd\u0131\u011f\u0131 habere g\u00f6re, binlerce Ezidi ve Suriyeli m\u00fclteci desteksiz kald\u0131 ve bir\u00e7ok insan haklar\u0131 \u00f6rg\u00fct\u00fc kapand\u0131.<\/p>\n<p>Ak\u0131l sa\u011fl\u0131\u011f\u0131 krizi, artan aile i\u00e7i \u015fiddet ve intiharlar kamplar\u0131 kritik bir duruma soktu.<\/p>\n<p>Uzmanlar, merkezi h\u00fck\u00fcmetin rol oynamad\u0131\u011f\u0131na ve halk\u0131n g\u00fcveninin azald\u0131\u011f\u0131na inan\u0131yor.<\/p>\n<p>Kamp sakinleri ciddi su, elektrik, yiyecek ve sa\u011fl\u0131k hizmetleri s\u0131k\u0131nt\u0131s\u0131ndan \u015fikayet ediyor ve \u00e7o\u011fu evsiz kal\u0131yor.<\/p>\n<p>Yabanc\u0131 deste\u011fin kesilmesi, yard\u0131m kurulu\u015flar\u0131 aras\u0131nda da kafa kar\u0131\u015f\u0131kl\u0131\u011f\u0131na ve e\u011fitim ve sa\u011fl\u0131k projelerinin ask\u0131ya al\u0131nmas\u0131na neden oldu.<\/p>\n<p>\u0130nsan haklar\u0131 aktivistleri, bu durumun devam etmesinin yayg\u0131n bir umutsuzlu\u011fa ve g\u00fcvenli olmayan g\u00f6\u00e7e yol a\u00e7aca\u011f\u0131 konusunda uyar\u0131yor.<\/p>\n","protected":false},"excerpt":{"rendered":"<p>Irak&#8217;ta Sessiz Bir \u0130nsani Felaket; ABD Yard\u0131mlar\u0131n\u0131n Kesilmesi Kamplar\u0131 Fel\u00e7 Etti Ocak 2025&#8217;te ABD yard\u0131mlar\u0131n\u0131n aniden kesilmesiyle birlikte, \u00f6zellikle K\u00fcrdistan B\u00f6lgesi ve \u00e7at\u0131\u015fmal\u0131 b\u00f6lgelerdeki Irak m\u00fclteci kamplar\u0131ndaki hayati insani ve psikolojik hizmetler neredeyse tamamen durdu. \u015eii Haber Ajans\u0131&#8217;n\u0131n El Cezire&#8217;ye dayand\u0131rd\u0131\u011f\u0131 habere g\u00f6re, binlerce Ezidi ve Suriyeli m\u00fclteci desteksiz kald\u0131 ve bir\u00e7ok insan haklar\u0131 \u00f6rg\u00fct\u00fc &hellip;<\/p>\n","protected":false},"author":1,"featured_media":116119,"comment_status":"open","ping_status":"open","sticky":false,"template":"","format":"standard","meta":{"rop_custom_images_group":[],"rop_custom_messages_group":[],"rop_publish_now":"initial","rop_publish_now_accounts":[],"rop_publish_now_history":[],"rop_publish_now_status":"pending","footnotes":""},"categories":[14],"tags":[],"class_list":["post-116120","post","type-post","status-publish","format-standard","has-post-thumbnail","hentry","category-iraq"],"_wp_page_template":null,"_wp_attached_file":null,"_wp_attachment_metadata":null,"_edit_lock":null,"yoast_head":"<!-- This site is optimized with the Yoast SEO plugin v24.3 - https:\/\/yoast.com\/wordpress\/plugins\/seo\/ -->\n<title>Irak&#039;ta Sessiz Bir \u0130nsani Felaket; ABD Yard\u0131mlar\u0131n\u0131n Kesilmesi Kamplar\u0131 Fel\u00e7 Etti - ShiaWaves Turkish - \u015eia Haberleri<\/title>\n<meta name=\"robots\" content=\"index, follow, max-snippet:-1, max-image-preview:large, max-video-preview:-1\" \/>\n<link rel=\"canonical\" href=\"https:\/\/shiawaves.com\/turkish\/2025\/07\/13\/irakta-sessiz-bir-insani-felaket-abd-yardimlarinin-kesilmesi-kamplari-felc-etti\/\" \/>\n<meta property=\"og:locale\" content=\"tr_TR\" \/>\n<meta property=\"og:type\" content=\"article\" \/>\n<meta property=\"og:title\" content=\"Irak&#039;ta Sessiz Bir \u0130nsani Felaket; ABD Yard\u0131mlar\u0131n\u0131n Kesilmesi Kamplar\u0131 Fel\u00e7 Etti - ShiaWaves Turkish - \u015eia Haberleri\" \/>\n<meta property=\"og:description\" content=\"Irak&#8217;ta Sessiz Bir \u0130nsani Felaket; ABD Yard\u0131mlar\u0131n\u0131n Kesilmesi Kamplar\u0131 Fel\u00e7 Etti Ocak 2025&#8217;te ABD yard\u0131mlar\u0131n\u0131n aniden kesilmesiyle birlikte, \u00f6zellikle K\u00fcrdistan B\u00f6lgesi ve \u00e7at\u0131\u015fmal\u0131 b\u00f6lgelerdeki Irak m\u00fclteci kamplar\u0131ndaki hayati insani ve psikolojik hizmetler neredeyse tamamen durdu. \u015eii Haber Ajans\u0131&#8217;n\u0131n El Cezire&#8217;ye dayand\u0131rd\u0131\u011f\u0131 habere g\u00f6re, binlerce Ezidi ve Suriyeli m\u00fclteci desteksiz kald\u0131 ve bir\u00e7ok insan haklar\u0131 \u00f6rg\u00fct\u00fc &hellip;\" \/>\n<meta property=\"og:url\" content=\"https:\/\/shiawaves.com\/turkish\/2025\/07\/13\/irakta-sessiz-bir-insani-felaket-abd-yardimlarinin-kesilmesi-kamplari-felc-etti\/\" \/>\n<meta property=\"og:site_name\" content=\"ShiaWaves Turkish - \u015eia Haberleri\" \/>\n<meta property=\"article:published_time\" content=\"2025-07-13T20:30:42+00:00\" \/>\n<meta name=\"author\" content=\"modir\" \/>\n<meta name=\"twitter:card\" content=\"summary_large_image\" \/>\n<meta name=\"twitter:label1\" content=\"Yazan:\" \/>\n\t<meta name=\"twitter:data1\" content=\"modir\" \/>\n\t<meta name=\"twitter:label2\" content=\"Tahmini okuma s\u00fcresi\" \/>\n\t<meta name=\"twitter:data2\" content=\"1 dakika\" \/>\n<script type=\"application\/ld+json\" class=\"yoast-schema-graph\">{\"@context\":\"https:\/\/schema.org\",\"@graph\":[{\"@type\":\"WebPage\",\"@id\":\"https:\/\/shiawaves.com\/turkish\/2025\/07\/13\/irakta-sessiz-bir-insani-felaket-abd-yardimlarinin-kesilmesi-kamplari-felc-etti\/\",\"url\":\"https:\/\/shiawaves.com\/turkish\/2025\/07\/13\/irakta-sessiz-bir-insani-felaket-abd-yardimlarinin-kesilmesi-kamplari-felc-etti\/\",\"name\":\"Irak'ta Sessiz Bir \u0130nsani Felaket; ABD Yard\u0131mlar\u0131n\u0131n Kesilmesi Kamplar\u0131 Fel\u00e7 Etti - ShiaWaves Turkish - \u015eia Haberleri\",\"isPartOf\":{\"@id\":\"https:\/\/shiawaves.com\/turkish\/#website\"},\"primaryImageOfPage\":{\"@id\":\"https:\/\/shiawaves.com\/turkish\/2025\/07\/13\/irakta-sessiz-bir-insani-felaket-abd-yardimlarinin-kesilmesi-kamplari-felc-etti\/#primaryimage\"},\"image\":{\"@id\":\"https:\/\/shiawaves.com\/turkish\/2025\/07\/13\/irakta-sessiz-bir-insani-felaket-abd-yardimlarinin-kesilmesi-kamplari-felc-etti\/#primaryimage\"},\"thumbnailUrl\":\"https:\/\/shiawaves.com\/turkish\/wp-content\/uploads\/sites\/6\/2025\/07\/file_445.jpg\",\"datePublished\":\"2025-07-13T20:30:42+00:00\",\"dateModified\":\"2025-07-13T20:30:42+00:00\",\"author\":{\"@id\":\"https:\/\/shiawaves.com\/turkish\/#\/schema\/person\/9f68d5023e948086b9348fba5aebd954\"},\"breadcrumb\":{\"@id\":\"https:\/\/shiawaves.com\/turkish\/2025\/07\/13\/irakta-sessiz-bir-insani-felaket-abd-yardimlarinin-kesilmesi-kamplari-felc-etti\/#breadcrumb\"},\"inLanguage\":\"tr\",\"potentialAction\":[{\"@type\":\"ReadAction\",\"target\":[\"https:\/\/shiawaves.com\/turkish\/2025\/07\/13\/irakta-sessiz-bir-insani-felaket-abd-yardimlarinin-kesilmesi-kamplari-felc-etti\/\"]}]},{\"@type\":\"ImageObject\",\"inLanguage\":\"tr\",\"@id\":\"https:\/\/shiawaves.com\/turkish\/2025\/07\/13\/irakta-sessiz-bir-insani-felaket-abd-yardimlarinin-kesilmesi-kamplari-felc-etti\/#primaryimage\",\"url\":\"https:\/\/shiawaves.com\/turkish\/wp-content\/uploads\/sites\/6\/2025\/07\/file_445.jpg\",\"contentUrl\":\"https:\/\/shiawaves.com\/turkish\/wp-content\/uploads\/sites\/6\/2025\/07\/file_445.jpg\",\"width\":1151,\"height\":600},{\"@type\":\"BreadcrumbList\",\"@id\":\"https:\/\/shiawaves.com\/turkish\/2025\/07\/13\/irakta-sessiz-bir-insani-felaket-abd-yardimlarinin-kesilmesi-kamplari-felc-etti\/#breadcrumb\",\"itemListElement\":[{\"@type\":\"ListItem\",\"position\":1,\"name\":\"Home\",\"item\":\"https:\/\/shiawaves.com\/turkish\/\"},{\"@type\":\"ListItem\",\"position\":2,\"name\":\"Irak&#8217;ta Sessiz Bir \u0130nsani Felaket; ABD Yard\u0131mlar\u0131n\u0131n Kesilmesi Kamplar\u0131 Fel\u00e7 Etti\"}]},{\"@type\":\"WebSite\",\"@id\":\"https:\/\/shiawaves.com\/turkish\/#website\",\"url\":\"https:\/\/shiawaves.com\/turkish\/\",\"name\":\"ShiaWaves Turkish - \u015eia Haberleri\",\"description\":\"\",\"potentialAction\":[{\"@type\":\"SearchAction\",\"target\":{\"@type\":\"EntryPoint\",\"urlTemplate\":\"https:\/\/shiawaves.com\/turkish\/?s={search_term_string}\"},\"query-input\":{\"@type\":\"PropertyValueSpecification\",\"valueRequired\":true,\"valueName\":\"search_term_string\"}}],\"inLanguage\":\"tr\"},{\"@type\":\"Person\",\"@id\":\"https:\/\/shiawaves.com\/turkish\/#\/schema\/person\/9f68d5023e948086b9348fba5aebd954\",\"name\":\"modir\",\"image\":{\"@type\":\"ImageObject\",\"inLanguage\":\"tr\",\"@id\":\"https:\/\/shiawaves.com\/turkish\/#\/schema\/person\/image\/\",\"url\":\"https:\/\/secure.gravatar.com\/avatar\/8e76f93cdbdd480bd8918d1e0e1d938664c9cb1516c2a57a2b96fe50b507a6b9?s=96&d=mm&r=g\",\"contentUrl\":\"https:\/\/secure.gravatar.com\/avatar\/8e76f93cdbdd480bd8918d1e0e1d938664c9cb1516c2a57a2b96fe50b507a6b9?s=96&d=mm&r=g\",\"caption\":\"modir\"},\"sameAs\":[\"https:\/\/shiawaves.com\"],\"url\":\"https:\/\/shiawaves.com\/turkish\/author\/modir\/\"}]}<\/script>\n<!-- \/ Yoast SEO plugin. -->","yoast_head_json":{"title":"Irak'ta Sessiz Bir \u0130nsani Felaket; ABD Yard\u0131mlar\u0131n\u0131n Kesilmesi Kamplar\u0131 Fel\u00e7 Etti - ShiaWaves Turkish - \u015eia Haberleri","robots":{"index":"index","follow":"follow","max-snippet":"max-snippet:-1","max-image-preview":"max-image-preview:large","max-video-preview":"max-video-preview:-1"},"canonical":"https:\/\/shiawaves.com\/turkish\/2025\/07\/13\/irakta-sessiz-bir-insani-felaket-abd-yardimlarinin-kesilmesi-kamplari-felc-etti\/","og_locale":"tr_TR","og_type":"article","og_title":"Irak'ta Sessiz Bir \u0130nsani Felaket; ABD Yard\u0131mlar\u0131n\u0131n Kesilmesi Kamplar\u0131 Fel\u00e7 Etti - ShiaWaves Turkish - \u015eia Haberleri","og_description":"Irak&#8217;ta Sessiz Bir \u0130nsani Felaket; ABD Yard\u0131mlar\u0131n\u0131n Kesilmesi Kamplar\u0131 Fel\u00e7 Etti Ocak 2025&#8217;te ABD yard\u0131mlar\u0131n\u0131n aniden kesilmesiyle birlikte, \u00f6zellikle K\u00fcrdistan B\u00f6lgesi ve \u00e7at\u0131\u015fmal\u0131 b\u00f6lgelerdeki Irak m\u00fclteci kamplar\u0131ndaki hayati insani ve psikolojik hizmetler neredeyse tamamen durdu. \u015eii Haber Ajans\u0131&#8217;n\u0131n El Cezire&#8217;ye dayand\u0131rd\u0131\u011f\u0131 habere g\u00f6re, binlerce Ezidi ve Suriyeli m\u00fclteci desteksiz kald\u0131 ve bir\u00e7ok insan haklar\u0131 \u00f6rg\u00fct\u00fc &hellip;","og_url":"https:\/\/shiawaves.com\/turkish\/2025\/07\/13\/irakta-sessiz-bir-insani-felaket-abd-yardimlarinin-kesilmesi-kamplari-felc-etti\/","og_site_name":"ShiaWaves Turkish - \u015eia Haberleri","article_published_time":"2025-07-13T20:30:42+00:00","author":"modir","twitter_card":"summary_large_image","twitter_misc":{"Yazan:":"modir","Tahmini okuma s\u00fcresi":"1 dakika"},"schema":{"@context":"https:\/\/schema.org","@graph":[{"@type":"WebPage","@id":"https:\/\/shiawaves.com\/turkish\/2025\/07\/13\/irakta-sessiz-bir-insani-felaket-abd-yardimlarinin-kesilmesi-kamplari-felc-etti\/","url":"https:\/\/shiawaves.com\/turkish\/2025\/07\/13\/irakta-sessiz-bir-insani-felaket-abd-yardimlarinin-kesilmesi-kamplari-felc-etti\/","name":"Irak'ta Sessiz Bir \u0130nsani Felaket; ABD Yard\u0131mlar\u0131n\u0131n Kesilmesi Kamplar\u0131 Fel\u00e7 Etti - ShiaWaves Turkish - \u015eia Haberleri","isPartOf":{"@id":"https:\/\/shiawaves.com\/turkish\/#website"},"primaryImageOfPage":{"@id":"https:\/\/shiawaves.com\/turkish\/2025\/07\/13\/irakta-sessiz-bir-insani-felaket-abd-yardimlarinin-kesilmesi-kamplari-felc-etti\/#primaryimage"},"image":{"@id":"https:\/\/shiawaves.com\/turkish\/2025\/07\/13\/irakta-sessiz-bir-insani-felaket-abd-yardimlarinin-kesilmesi-kamplari-felc-etti\/#primaryimage"},"thumbnailUrl":"https:\/\/shiawaves.com\/turkish\/wp-content\/uploads\/sites\/6\/2025\/07\/file_445.jpg","datePublished":"2025-07-13T20:30:42+00:00","dateModified":"2025-07-13T20:30:42+00:00","author":{"@id":"https:\/\/shiawaves.com\/turkish\/#\/schema\/person\/9f68d5023e948086b9348fba5aebd954"},"breadcrumb":{"@id":"https:\/\/shiawaves.com\/turkish\/2025\/07\/13\/irakta-sessiz-bir-insani-felaket-abd-yardimlarinin-kesilmesi-kamplari-felc-etti\/#breadcrumb"},"inLanguage":"tr","potentialAction":[{"@type":"ReadAction","target":["https:\/\/shiawaves.com\/turkish\/2025\/07\/13\/irakta-sessiz-bir-insani-felaket-abd-yardimlarinin-kesilmesi-kamplari-felc-etti\/"]}]},{"@type":"ImageObject","inLanguage":"tr","@id":"https:\/\/shiawaves.com\/turkish\/2025\/07\/13\/irakta-sessiz-bir-insani-felaket-abd-yardimlarinin-kesilmesi-kamplari-felc-etti\/#primaryimage","url":"https:\/\/shiawaves.com\/turkish\/wp-content\/uploads\/sites\/6\/2025\/07\/file_445.jpg","contentUrl":"https:\/\/shiawaves.com\/turkish\/wp-content\/uploads\/sites\/6\/2025\/07\/file_445.jpg","width":1151,"height":600},{"@type":"BreadcrumbList","@id":"https:\/\/shiawaves.com\/turkish\/2025\/07\/13\/irakta-sessiz-bir-insani-felaket-abd-yardimlarinin-kesilmesi-kamplari-felc-etti\/#breadcrumb","itemListElement":[{"@type":"ListItem","position":1,"name":"Home","item":"https:\/\/shiawaves.com\/turkish\/"},{"@type":"ListItem","position":2,"name":"Irak&#8217;ta Sessiz Bir \u0130nsani Felaket; ABD Yard\u0131mlar\u0131n\u0131n Kesilmesi Kamplar\u0131 Fel\u00e7 Etti"}]},{"@type":"WebSite","@id":"https:\/\/shiawaves.com\/turkish\/#website","url":"https:\/\/shiawaves.com\/turkish\/","name":"ShiaWaves Turkish - \u015eia Haberleri","description":"","potentialAction":[{"@type":"SearchAction","target":{"@type":"EntryPoint","urlTemplate":"https:\/\/shiawaves.com\/turkish\/?s={search_term_string}"},"query-input":{"@type":"PropertyValueSpecification","valueRequired":true,"valueName":"search_term_string"}}],"inLanguage":"tr"},{"@type":"Person","@id":"https:\/\/shiawaves.com\/turkish\/#\/schema\/person\/9f68d5023e948086b9348fba5aebd954","name":"modir","image":{"@type":"ImageObject","inLanguage":"tr","@id":"https:\/\/shiawaves.com\/turkish\/#\/schema\/person\/image\/","url":"https:\/\/secure.gravatar.com\/avatar\/8e76f93cdbdd480bd8918d1e0e1d938664c9cb1516c2a57a2b96fe50b507a6b9?s=96&d=mm&r=g","contentUrl":"https:\/\/secure.gravatar.com\/avatar\/8e76f93cdbdd480bd8918d1e0e1d938664c9cb1516c2a57a2b96fe50b507a6b9?s=96&d=mm&r=g","caption":"modir"},"sameAs":["https:\/\/shiawaves.com"],"url":"https:\/\/shiawaves.com\/turkish\/author\/modir\/"}]}},"_links":{"self":[{"href":"https:\/\/shiawaves.com\/turkish\/wp-json\/wp\/v2\/posts\/116120","targetHints":{"allow":["GET"]}}],"collection":[{"href":"https:\/\/shiawaves.com\/turkish\/wp-json\/wp\/v2\/posts"}],"about":[{"href":"https:\/\/shiawaves.com\/turkish\/wp-json\/wp\/v2\/types\/post"}],"author":[{"embeddable":true,"href":"https:\/\/shiawaves.com\/turkish\/wp-json\/wp\/v2\/users\/1"}],"replies":[{"embeddable":true,"href":"https:\/\/shiawaves.com\/turkish\/wp-json\/wp\/v2\/comments?post=116120"}],"version-history":[{"count":0,"href":"https:\/\/shiawaves.com\/turkish\/wp-json\/wp\/v2\/posts\/116120\/revisions"}],"wp:featuredmedia":[{"embeddable":true,"href":"https:\/\/shiawaves.com\/turkish\/wp-json\/wp\/v2\/media\/116119"}],"wp:attachment":[{"href":"https:\/\/shiawaves.com\/turkish\/wp-json\/wp\/v2\/media?parent=116120"}],"wp:term":[{"taxonomy":"category","embeddable":true,"href":"https:\/\/shiawaves.com\/turkish\/wp-json\/wp\/v2\/categories?post=116120"},{"taxonomy":"post_tag","embeddable":true,"href":"https:\/\/shiawaves.com\/turkish\/wp-json\/wp\/v2\/tags?post=116120"}],"curies":[{"name":"wp","href":"https:\/\/api.w.org\/{rel}","templated":true}]}}