{"id":115956,"date":"2025-07-04T19:01:10","date_gmt":"2025-07-04T16:01:10","guid":{"rendered":"https:\/\/shiawaves.com\/turkish\/2025\/07\/04\/avrupanin-kalbinde-asura-dayanismanin-dinler-arasi-diyalogun-ve-imam-huseyinin-evrensel-mesajinin-simgesi\/"},"modified":"2025-07-04T19:01:10","modified_gmt":"2025-07-04T16:01:10","slug":"avrupanin-kalbinde-asura-dayanismanin-dinler-arasi-diyalogun-ve-imam-huseyinin-evrensel-mesajinin-simgesi","status":"publish","type":"post","link":"https:\/\/shiawaves.com\/turkish\/2025\/07\/04\/avrupanin-kalbinde-asura-dayanismanin-dinler-arasi-diyalogun-ve-imam-huseyinin-evrensel-mesajinin-simgesi\/","title":{"rendered":"Avrupa&#8217;n\u0131n Kalbinde A\u015fura; Dayan\u0131\u015fman\u0131n, Dinler Aras\u0131 Diyalo\u011fun ve \u0130mam H\u00fcseyin&#8217;in Evrensel Mesaj\u0131n\u0131n Simgesi"},"content":{"rendered":"<p>Avrupa&#8217;n\u0131n Kalbinde A\u015fura; Dayan\u0131\u015fman\u0131n, Dinler Aras\u0131 Diyalo\u011fun ve \u0130mam H\u00fcseyin&#8217;in Evrensel Mesaj\u0131n\u0131n Simgesi<\/p>\n<p>Avrupa&#8217;n\u0131n bir\u00e7ok \u015fehrinde d\u00fczenlenen H\u00fcseyni A\u015fura t\u00f6renleri, dini y\u00f6nlerinin yan\u0131 s\u0131ra, dinler aras\u0131 diyalo\u011fun, bar\u0131\u015f i\u00e7inde bir arada ya\u015faman\u0131n ve insani de\u011ferlerin yay\u0131lmas\u0131n\u0131n zemini haline gelmi\u015ftir.<\/p>\n<p>Bu k\u00fclt\u00fcrel-sosyal etkinlik, M\u00fcsl\u00fcmanlar\u0131n ve gayrim\u00fcslimlerin kat\u0131l\u0131m\u0131yla, Kerbela mesaj\u0131n\u0131 dini s\u0131n\u0131rlar\u0131n \u00f6tesine ta\u015f\u0131yarak d\u00fcnyaya sunmaktad\u0131r.<\/p>\n<p>\ud83d\udc48\ud83c\udffbArkada\u015f\u0131m\u0131z\u0131n bu konu hakk\u0131ndaki raporunu inceleyelim.\ud83d\udc49\ud83c\udffb<\/p>\n<p>Son y\u0131llarda Avrupa \u00fclkelerinde \u0130mam H\u00fcseyin (a.s)\u2019a ithafen d\u00fczenlenen yas t\u00f6renleri b\u00fcy\u00fck bir ivme kazanm\u0131\u015f ve M\u00fcsl\u00fcmanlar ile dini az\u0131nl\u0131klar aras\u0131nda dayan\u0131\u015fman\u0131n ve birlikteli\u011fin simgesi haline gelmi\u015ftir.<\/p>\n<p>\u0130ngiltere&#8217;de ilk resmi A\u015fura t\u00f6reni, 1962 y\u0131l\u0131na dayan\u0131r. Nu t\u00f6ren, Britanya ordusundan emekli ve sonradan \u015eii olan Abdullah Hubet taraf\u0131ndan Londra halk\u0131na Kerbela anlat\u0131lar\u0131n\u0131n tan\u0131t\u0131lmas\u0131yla ger\u00e7ekle\u015fmi\u015ftir.<\/p>\n<p>G\u00fcn\u00fcm\u00fczde Marble Arch ve Hyde Park b\u00f6lgelerindeki H\u00fcseyni dergahlar\u0131 ve camiler, Irak, L\u00fcbnan, \u0130ran, Pakistan ve di\u011fer \u00fclkelerden M\u00fcsl\u00fcmanlar\u0131 a\u011f\u0131rlamakta ve bu topluluklar, kurduklar\u0131 \u00e7ad\u0131rlar, A\u015fura kitap\u00e7\u0131klar\u0131n\u0131n da\u011f\u0131t\u0131lmas\u0131 ve k\u00fclt\u00fcrel faaliyetler arac\u0131l\u0131\u011f\u0131yla bu hareketin mesaj\u0131n\u0131 gayrim\u00fcslim topluma da aktarmaktad\u0131r.<\/p>\n<p>Almanya&#8217;da d\u00f6rt milyondan fazla M\u00fcsl\u00fcman\u0131n bulundu\u011fu \u00fclkede, yas t\u00f6renlerinin yan\u0131 s\u0131ra hay\u0131r kampanyalar\u0131, ihtiya\u00e7 sahiplerine yemek da\u011f\u0131t\u0131m\u0131 ve dinler aras\u0131 diyaloglar\u0131 da kapsamaktad\u0131r.<\/p>\n<p>Bir M\u00fcsl\u00fcman aktivist, A\u015fura&#8217;y\u0131 bar\u0131\u015f i\u00e7inde bir arada ya\u015famay\u0131 ve dinler aras\u0131 kar\u015f\u0131l\u0131kl\u0131 anlay\u0131\u015f\u0131 g\u00fc\u00e7lendirmek i\u00e7in bir f\u0131rsat olarak g\u00f6rmekte ve bu t\u00f6renlerin, \u0130mam H\u00fcseyin (a.s)\u2019\u0131n ahlak, direni\u015f ve adalet aray\u0131\u015f\u0131n\u0131n mesaj\u0131n\u0131 yeni nesillere aktard\u0131\u011f\u0131na inanmaktad\u0131r.<\/p>\n<p>Bel\u00e7ika&#8217;da 380 aktif cami, Hollanda&#8217;da bir\u00e7ok \u015eii h\u00fcseyniye ve camii, \u0130sve\u00e7 ve Danimarka&#8217;da geni\u015f halk deste\u011fi ve hatta Norve\u00e7&#8217;te &#8220;H\u00fcseyin&#8217;in Devrimi&#8221; dersinin resmi okul m\u00fcfredat\u0131na dahil edilmesi, A\u015fura&#8217;n\u0131n Avrupa&#8217;daki k\u00fclt\u00fcrel etkisinin belirgin \u00f6rnekleridir.<\/p>\n<p>Bu \u00fclkelerdeki A\u015fura t\u00f6renleri, dini bir rit\u00fcelin \u00f6tesinde, zulme kar\u015f\u0131 direni\u015f, dayan\u0131\u015fma, \u00f6zg\u00fcrl\u00fck ve adalet aray\u0131\u015f\u0131 gibi de\u011ferlerin te\u015fvik edilmesine y\u00f6nelik k\u00fclt\u00fcrel ve sosyal bir zemin olu\u015fturmaktad\u0131r.<\/p>\n<p>\u0130mam H\u00fcseyin (a.s), Avrupa&#8217;n\u0131n kalbinde adaletin ve kararl\u0131l\u0131\u011f\u0131n evrensel bir sembol\u00fcd\u00fcr. Her y\u0131l Kerbela&#8217;n\u0131n mesaj\u0131na olan ilgi ve hayranl\u0131k artarken dinler aras\u0131 diyalo\u011fun f\u0131rsatlar\u0131n\u0131 daha da geni\u015fletmektedir.<\/p>\n","protected":false},"excerpt":{"rendered":"<p>Avrupa&#8217;n\u0131n Kalbinde A\u015fura; Dayan\u0131\u015fman\u0131n, Dinler Aras\u0131 Diyalo\u011fun ve \u0130mam H\u00fcseyin&#8217;in Evrensel Mesaj\u0131n\u0131n Simgesi Avrupa&#8217;n\u0131n bir\u00e7ok \u015fehrinde d\u00fczenlenen H\u00fcseyni A\u015fura t\u00f6renleri, dini y\u00f6nlerinin yan\u0131 s\u0131ra, dinler aras\u0131 diyalo\u011fun, bar\u0131\u015f i\u00e7inde bir arada ya\u015faman\u0131n ve insani de\u011ferlerin yay\u0131lmas\u0131n\u0131n zemini haline gelmi\u015ftir. Bu k\u00fclt\u00fcrel-sosyal etkinlik, M\u00fcsl\u00fcmanlar\u0131n ve gayrim\u00fcslimlerin kat\u0131l\u0131m\u0131yla, Kerbela mesaj\u0131n\u0131 dini s\u0131n\u0131rlar\u0131n \u00f6tesine ta\u015f\u0131yarak d\u00fcnyaya sunmaktad\u0131r. \ud83d\udc48\ud83c\udffbArkada\u015f\u0131m\u0131z\u0131n &hellip;<\/p>\n","protected":false},"author":1,"featured_media":115955,"comment_status":"open","ping_status":"open","sticky":false,"template":"","format":"standard","meta":{"rop_custom_images_group":[],"rop_custom_messages_group":[],"rop_publish_now":"initial","rop_publish_now_accounts":[],"rop_publish_now_history":[],"rop_publish_now_status":"pending","footnotes":""},"categories":[23],"tags":[],"class_list":["post-115956","post","type-post","status-publish","format-standard","has-post-thumbnail","hentry","category-europe"],"_wp_page_template":null,"_wp_attached_file":null,"_wp_attachment_metadata":null,"_edit_lock":null,"yoast_head":"<!-- This site is optimized with the Yoast SEO plugin v24.3 - https:\/\/yoast.com\/wordpress\/plugins\/seo\/ -->\n<title>Avrupa&#039;n\u0131n Kalbinde A\u015fura; Dayan\u0131\u015fman\u0131n, Dinler Aras\u0131 Diyalo\u011fun ve \u0130mam H\u00fcseyin&#039;in Evrensel Mesaj\u0131n\u0131n Simgesi - ShiaWaves Turkish - \u015eia Haberleri<\/title>\n<meta name=\"robots\" content=\"index, follow, max-snippet:-1, max-image-preview:large, max-video-preview:-1\" \/>\n<link rel=\"canonical\" href=\"https:\/\/shiawaves.com\/turkish\/2025\/07\/04\/avrupanin-kalbinde-asura-dayanismanin-dinler-arasi-diyalogun-ve-imam-huseyinin-evrensel-mesajinin-simgesi\/\" \/>\n<meta property=\"og:locale\" content=\"tr_TR\" \/>\n<meta property=\"og:type\" content=\"article\" \/>\n<meta property=\"og:title\" content=\"Avrupa&#039;n\u0131n Kalbinde A\u015fura; Dayan\u0131\u015fman\u0131n, Dinler Aras\u0131 Diyalo\u011fun ve \u0130mam H\u00fcseyin&#039;in Evrensel Mesaj\u0131n\u0131n Simgesi - ShiaWaves Turkish - \u015eia Haberleri\" \/>\n<meta property=\"og:description\" content=\"Avrupa&#8217;n\u0131n Kalbinde A\u015fura; Dayan\u0131\u015fman\u0131n, Dinler Aras\u0131 Diyalo\u011fun ve \u0130mam H\u00fcseyin&#8217;in Evrensel Mesaj\u0131n\u0131n Simgesi Avrupa&#8217;n\u0131n bir\u00e7ok \u015fehrinde d\u00fczenlenen H\u00fcseyni A\u015fura t\u00f6renleri, dini y\u00f6nlerinin yan\u0131 s\u0131ra, dinler aras\u0131 diyalo\u011fun, bar\u0131\u015f i\u00e7inde bir arada ya\u015faman\u0131n ve insani de\u011ferlerin yay\u0131lmas\u0131n\u0131n zemini haline gelmi\u015ftir. Bu k\u00fclt\u00fcrel-sosyal etkinlik, M\u00fcsl\u00fcmanlar\u0131n ve gayrim\u00fcslimlerin kat\u0131l\u0131m\u0131yla, Kerbela mesaj\u0131n\u0131 dini s\u0131n\u0131rlar\u0131n \u00f6tesine ta\u015f\u0131yarak d\u00fcnyaya sunmaktad\u0131r. \ud83d\udc48\ud83c\udffbArkada\u015f\u0131m\u0131z\u0131n &hellip;\" \/>\n<meta property=\"og:url\" content=\"https:\/\/shiawaves.com\/turkish\/2025\/07\/04\/avrupanin-kalbinde-asura-dayanismanin-dinler-arasi-diyalogun-ve-imam-huseyinin-evrensel-mesajinin-simgesi\/\" \/>\n<meta property=\"og:site_name\" content=\"ShiaWaves Turkish - \u015eia Haberleri\" \/>\n<meta property=\"article:published_time\" content=\"2025-07-04T16:01:10+00:00\" \/>\n<meta name=\"author\" content=\"modir\" \/>\n<meta name=\"twitter:card\" content=\"summary_large_image\" \/>\n<meta name=\"twitter:label1\" content=\"Yazan:\" \/>\n\t<meta name=\"twitter:data1\" content=\"modir\" \/>\n\t<meta name=\"twitter:label2\" content=\"Tahmini okuma s\u00fcresi\" \/>\n\t<meta name=\"twitter:data2\" content=\"2 dakika\" \/>\n<script type=\"application\/ld+json\" class=\"yoast-schema-graph\">{\"@context\":\"https:\/\/schema.org\",\"@graph\":[{\"@type\":\"WebPage\",\"@id\":\"https:\/\/shiawaves.com\/turkish\/2025\/07\/04\/avrupanin-kalbinde-asura-dayanismanin-dinler-arasi-diyalogun-ve-imam-huseyinin-evrensel-mesajinin-simgesi\/\",\"url\":\"https:\/\/shiawaves.com\/turkish\/2025\/07\/04\/avrupanin-kalbinde-asura-dayanismanin-dinler-arasi-diyalogun-ve-imam-huseyinin-evrensel-mesajinin-simgesi\/\",\"name\":\"Avrupa'n\u0131n Kalbinde A\u015fura; Dayan\u0131\u015fman\u0131n, Dinler Aras\u0131 Diyalo\u011fun ve \u0130mam H\u00fcseyin'in Evrensel Mesaj\u0131n\u0131n Simgesi - ShiaWaves Turkish - \u015eia Haberleri\",\"isPartOf\":{\"@id\":\"https:\/\/shiawaves.com\/turkish\/#website\"},\"primaryImageOfPage\":{\"@id\":\"https:\/\/shiawaves.com\/turkish\/2025\/07\/04\/avrupanin-kalbinde-asura-dayanismanin-dinler-arasi-diyalogun-ve-imam-huseyinin-evrensel-mesajinin-simgesi\/#primaryimage\"},\"image\":{\"@id\":\"https:\/\/shiawaves.com\/turkish\/2025\/07\/04\/avrupanin-kalbinde-asura-dayanismanin-dinler-arasi-diyalogun-ve-imam-huseyinin-evrensel-mesajinin-simgesi\/#primaryimage\"},\"thumbnailUrl\":\"https:\/\/shiawaves.com\/turkish\/wp-content\/uploads\/sites\/6\/2025\/07\/file_364.jpg\",\"datePublished\":\"2025-07-04T16:01:10+00:00\",\"dateModified\":\"2025-07-04T16:01:10+00:00\",\"author\":{\"@id\":\"https:\/\/shiawaves.com\/turkish\/#\/schema\/person\/9f68d5023e948086b9348fba5aebd954\"},\"breadcrumb\":{\"@id\":\"https:\/\/shiawaves.com\/turkish\/2025\/07\/04\/avrupanin-kalbinde-asura-dayanismanin-dinler-arasi-diyalogun-ve-imam-huseyinin-evrensel-mesajinin-simgesi\/#breadcrumb\"},\"inLanguage\":\"tr\",\"potentialAction\":[{\"@type\":\"ReadAction\",\"target\":[\"https:\/\/shiawaves.com\/turkish\/2025\/07\/04\/avrupanin-kalbinde-asura-dayanismanin-dinler-arasi-diyalogun-ve-imam-huseyinin-evrensel-mesajinin-simgesi\/\"]}]},{\"@type\":\"ImageObject\",\"inLanguage\":\"tr\",\"@id\":\"https:\/\/shiawaves.com\/turkish\/2025\/07\/04\/avrupanin-kalbinde-asura-dayanismanin-dinler-arasi-diyalogun-ve-imam-huseyinin-evrensel-mesajinin-simgesi\/#primaryimage\",\"url\":\"https:\/\/shiawaves.com\/turkish\/wp-content\/uploads\/sites\/6\/2025\/07\/file_364.jpg\",\"contentUrl\":\"https:\/\/shiawaves.com\/turkish\/wp-content\/uploads\/sites\/6\/2025\/07\/file_364.jpg\",\"width\":540,\"height\":406},{\"@type\":\"BreadcrumbList\",\"@id\":\"https:\/\/shiawaves.com\/turkish\/2025\/07\/04\/avrupanin-kalbinde-asura-dayanismanin-dinler-arasi-diyalogun-ve-imam-huseyinin-evrensel-mesajinin-simgesi\/#breadcrumb\",\"itemListElement\":[{\"@type\":\"ListItem\",\"position\":1,\"name\":\"Home\",\"item\":\"https:\/\/shiawaves.com\/turkish\/\"},{\"@type\":\"ListItem\",\"position\":2,\"name\":\"Avrupa&#8217;n\u0131n Kalbinde A\u015fura; Dayan\u0131\u015fman\u0131n, Dinler Aras\u0131 Diyalo\u011fun ve \u0130mam H\u00fcseyin&#8217;in Evrensel Mesaj\u0131n\u0131n Simgesi\"}]},{\"@type\":\"WebSite\",\"@id\":\"https:\/\/shiawaves.com\/turkish\/#website\",\"url\":\"https:\/\/shiawaves.com\/turkish\/\",\"name\":\"ShiaWaves Turkish - \u015eia Haberleri\",\"description\":\"\",\"potentialAction\":[{\"@type\":\"SearchAction\",\"target\":{\"@type\":\"EntryPoint\",\"urlTemplate\":\"https:\/\/shiawaves.com\/turkish\/?s={search_term_string}\"},\"query-input\":{\"@type\":\"PropertyValueSpecification\",\"valueRequired\":true,\"valueName\":\"search_term_string\"}}],\"inLanguage\":\"tr\"},{\"@type\":\"Person\",\"@id\":\"https:\/\/shiawaves.com\/turkish\/#\/schema\/person\/9f68d5023e948086b9348fba5aebd954\",\"name\":\"modir\",\"image\":{\"@type\":\"ImageObject\",\"inLanguage\":\"tr\",\"@id\":\"https:\/\/shiawaves.com\/turkish\/#\/schema\/person\/image\/\",\"url\":\"https:\/\/secure.gravatar.com\/avatar\/8e76f93cdbdd480bd8918d1e0e1d938664c9cb1516c2a57a2b96fe50b507a6b9?s=96&d=mm&r=g\",\"contentUrl\":\"https:\/\/secure.gravatar.com\/avatar\/8e76f93cdbdd480bd8918d1e0e1d938664c9cb1516c2a57a2b96fe50b507a6b9?s=96&d=mm&r=g\",\"caption\":\"modir\"},\"sameAs\":[\"https:\/\/shiawaves.com\"],\"url\":\"https:\/\/shiawaves.com\/turkish\/author\/modir\/\"}]}<\/script>\n<!-- \/ Yoast SEO plugin. -->","yoast_head_json":{"title":"Avrupa'n\u0131n Kalbinde A\u015fura; Dayan\u0131\u015fman\u0131n, Dinler Aras\u0131 Diyalo\u011fun ve \u0130mam H\u00fcseyin'in Evrensel Mesaj\u0131n\u0131n Simgesi - ShiaWaves Turkish - \u015eia Haberleri","robots":{"index":"index","follow":"follow","max-snippet":"max-snippet:-1","max-image-preview":"max-image-preview:large","max-video-preview":"max-video-preview:-1"},"canonical":"https:\/\/shiawaves.com\/turkish\/2025\/07\/04\/avrupanin-kalbinde-asura-dayanismanin-dinler-arasi-diyalogun-ve-imam-huseyinin-evrensel-mesajinin-simgesi\/","og_locale":"tr_TR","og_type":"article","og_title":"Avrupa'n\u0131n Kalbinde A\u015fura; Dayan\u0131\u015fman\u0131n, Dinler Aras\u0131 Diyalo\u011fun ve \u0130mam H\u00fcseyin'in Evrensel Mesaj\u0131n\u0131n Simgesi - ShiaWaves Turkish - \u015eia Haberleri","og_description":"Avrupa&#8217;n\u0131n Kalbinde A\u015fura; Dayan\u0131\u015fman\u0131n, Dinler Aras\u0131 Diyalo\u011fun ve \u0130mam H\u00fcseyin&#8217;in Evrensel Mesaj\u0131n\u0131n Simgesi Avrupa&#8217;n\u0131n bir\u00e7ok \u015fehrinde d\u00fczenlenen H\u00fcseyni A\u015fura t\u00f6renleri, dini y\u00f6nlerinin yan\u0131 s\u0131ra, dinler aras\u0131 diyalo\u011fun, bar\u0131\u015f i\u00e7inde bir arada ya\u015faman\u0131n ve insani de\u011ferlerin yay\u0131lmas\u0131n\u0131n zemini haline gelmi\u015ftir. Bu k\u00fclt\u00fcrel-sosyal etkinlik, M\u00fcsl\u00fcmanlar\u0131n ve gayrim\u00fcslimlerin kat\u0131l\u0131m\u0131yla, Kerbela mesaj\u0131n\u0131 dini s\u0131n\u0131rlar\u0131n \u00f6tesine ta\u015f\u0131yarak d\u00fcnyaya sunmaktad\u0131r. \ud83d\udc48\ud83c\udffbArkada\u015f\u0131m\u0131z\u0131n &hellip;","og_url":"https:\/\/shiawaves.com\/turkish\/2025\/07\/04\/avrupanin-kalbinde-asura-dayanismanin-dinler-arasi-diyalogun-ve-imam-huseyinin-evrensel-mesajinin-simgesi\/","og_site_name":"ShiaWaves Turkish - \u015eia Haberleri","article_published_time":"2025-07-04T16:01:10+00:00","author":"modir","twitter_card":"summary_large_image","twitter_misc":{"Yazan:":"modir","Tahmini okuma s\u00fcresi":"2 dakika"},"schema":{"@context":"https:\/\/schema.org","@graph":[{"@type":"WebPage","@id":"https:\/\/shiawaves.com\/turkish\/2025\/07\/04\/avrupanin-kalbinde-asura-dayanismanin-dinler-arasi-diyalogun-ve-imam-huseyinin-evrensel-mesajinin-simgesi\/","url":"https:\/\/shiawaves.com\/turkish\/2025\/07\/04\/avrupanin-kalbinde-asura-dayanismanin-dinler-arasi-diyalogun-ve-imam-huseyinin-evrensel-mesajinin-simgesi\/","name":"Avrupa'n\u0131n Kalbinde A\u015fura; Dayan\u0131\u015fman\u0131n, Dinler Aras\u0131 Diyalo\u011fun ve \u0130mam H\u00fcseyin'in Evrensel Mesaj\u0131n\u0131n Simgesi - ShiaWaves Turkish - \u015eia Haberleri","isPartOf":{"@id":"https:\/\/shiawaves.com\/turkish\/#website"},"primaryImageOfPage":{"@id":"https:\/\/shiawaves.com\/turkish\/2025\/07\/04\/avrupanin-kalbinde-asura-dayanismanin-dinler-arasi-diyalogun-ve-imam-huseyinin-evrensel-mesajinin-simgesi\/#primaryimage"},"image":{"@id":"https:\/\/shiawaves.com\/turkish\/2025\/07\/04\/avrupanin-kalbinde-asura-dayanismanin-dinler-arasi-diyalogun-ve-imam-huseyinin-evrensel-mesajinin-simgesi\/#primaryimage"},"thumbnailUrl":"https:\/\/shiawaves.com\/turkish\/wp-content\/uploads\/sites\/6\/2025\/07\/file_364.jpg","datePublished":"2025-07-04T16:01:10+00:00","dateModified":"2025-07-04T16:01:10+00:00","author":{"@id":"https:\/\/shiawaves.com\/turkish\/#\/schema\/person\/9f68d5023e948086b9348fba5aebd954"},"breadcrumb":{"@id":"https:\/\/shiawaves.com\/turkish\/2025\/07\/04\/avrupanin-kalbinde-asura-dayanismanin-dinler-arasi-diyalogun-ve-imam-huseyinin-evrensel-mesajinin-simgesi\/#breadcrumb"},"inLanguage":"tr","potentialAction":[{"@type":"ReadAction","target":["https:\/\/shiawaves.com\/turkish\/2025\/07\/04\/avrupanin-kalbinde-asura-dayanismanin-dinler-arasi-diyalogun-ve-imam-huseyinin-evrensel-mesajinin-simgesi\/"]}]},{"@type":"ImageObject","inLanguage":"tr","@id":"https:\/\/shiawaves.com\/turkish\/2025\/07\/04\/avrupanin-kalbinde-asura-dayanismanin-dinler-arasi-diyalogun-ve-imam-huseyinin-evrensel-mesajinin-simgesi\/#primaryimage","url":"https:\/\/shiawaves.com\/turkish\/wp-content\/uploads\/sites\/6\/2025\/07\/file_364.jpg","contentUrl":"https:\/\/shiawaves.com\/turkish\/wp-content\/uploads\/sites\/6\/2025\/07\/file_364.jpg","width":540,"height":406},{"@type":"BreadcrumbList","@id":"https:\/\/shiawaves.com\/turkish\/2025\/07\/04\/avrupanin-kalbinde-asura-dayanismanin-dinler-arasi-diyalogun-ve-imam-huseyinin-evrensel-mesajinin-simgesi\/#breadcrumb","itemListElement":[{"@type":"ListItem","position":1,"name":"Home","item":"https:\/\/shiawaves.com\/turkish\/"},{"@type":"ListItem","position":2,"name":"Avrupa&#8217;n\u0131n Kalbinde A\u015fura; Dayan\u0131\u015fman\u0131n, Dinler Aras\u0131 Diyalo\u011fun ve \u0130mam H\u00fcseyin&#8217;in Evrensel Mesaj\u0131n\u0131n Simgesi"}]},{"@type":"WebSite","@id":"https:\/\/shiawaves.com\/turkish\/#website","url":"https:\/\/shiawaves.com\/turkish\/","name":"ShiaWaves Turkish - \u015eia Haberleri","description":"","potentialAction":[{"@type":"SearchAction","target":{"@type":"EntryPoint","urlTemplate":"https:\/\/shiawaves.com\/turkish\/?s={search_term_string}"},"query-input":{"@type":"PropertyValueSpecification","valueRequired":true,"valueName":"search_term_string"}}],"inLanguage":"tr"},{"@type":"Person","@id":"https:\/\/shiawaves.com\/turkish\/#\/schema\/person\/9f68d5023e948086b9348fba5aebd954","name":"modir","image":{"@type":"ImageObject","inLanguage":"tr","@id":"https:\/\/shiawaves.com\/turkish\/#\/schema\/person\/image\/","url":"https:\/\/secure.gravatar.com\/avatar\/8e76f93cdbdd480bd8918d1e0e1d938664c9cb1516c2a57a2b96fe50b507a6b9?s=96&d=mm&r=g","contentUrl":"https:\/\/secure.gravatar.com\/avatar\/8e76f93cdbdd480bd8918d1e0e1d938664c9cb1516c2a57a2b96fe50b507a6b9?s=96&d=mm&r=g","caption":"modir"},"sameAs":["https:\/\/shiawaves.com"],"url":"https:\/\/shiawaves.com\/turkish\/author\/modir\/"}]}},"_links":{"self":[{"href":"https:\/\/shiawaves.com\/turkish\/wp-json\/wp\/v2\/posts\/115956","targetHints":{"allow":["GET"]}}],"collection":[{"href":"https:\/\/shiawaves.com\/turkish\/wp-json\/wp\/v2\/posts"}],"about":[{"href":"https:\/\/shiawaves.com\/turkish\/wp-json\/wp\/v2\/types\/post"}],"author":[{"embeddable":true,"href":"https:\/\/shiawaves.com\/turkish\/wp-json\/wp\/v2\/users\/1"}],"replies":[{"embeddable":true,"href":"https:\/\/shiawaves.com\/turkish\/wp-json\/wp\/v2\/comments?post=115956"}],"version-history":[{"count":0,"href":"https:\/\/shiawaves.com\/turkish\/wp-json\/wp\/v2\/posts\/115956\/revisions"}],"wp:featuredmedia":[{"embeddable":true,"href":"https:\/\/shiawaves.com\/turkish\/wp-json\/wp\/v2\/media\/115955"}],"wp:attachment":[{"href":"https:\/\/shiawaves.com\/turkish\/wp-json\/wp\/v2\/media?parent=115956"}],"wp:term":[{"taxonomy":"category","embeddable":true,"href":"https:\/\/shiawaves.com\/turkish\/wp-json\/wp\/v2\/categories?post=115956"},{"taxonomy":"post_tag","embeddable":true,"href":"https:\/\/shiawaves.com\/turkish\/wp-json\/wp\/v2\/tags?post=115956"}],"curies":[{"name":"wp","href":"https:\/\/api.w.org\/{rel}","templated":true}]}}