{"id":115774,"date":"2025-06-20T17:30:25","date_gmt":"2025-06-20T14:30:25","guid":{"rendered":"https:\/\/shiawaves.com\/turkish\/2025\/06\/20\/bmden-sudanda-tarihin-en-kotu-aclik-krizi-golgesinde-yuz-binlerce-kisi-icin-kitlik-uyarisi\/"},"modified":"2025-06-20T17:30:25","modified_gmt":"2025-06-20T14:30:25","slug":"bmden-sudanda-tarihin-en-kotu-aclik-krizi-golgesinde-yuz-binlerce-kisi-icin-kitlik-uyarisi","status":"publish","type":"post","link":"https:\/\/shiawaves.com\/turkish\/2025\/06\/20\/bmden-sudanda-tarihin-en-kotu-aclik-krizi-golgesinde-yuz-binlerce-kisi-icin-kitlik-uyarisi\/","title":{"rendered":"BM&#8217;den Sudan&#8217;da Tarihin En K\u00f6t\u00fc A\u00e7l\u0131k Krizi G\u00f6lgesinde Y\u00fcz Binlerce Ki\u015fi \u0130\u00e7in K\u0131tl\u0131k Uyar\u0131s\u0131"},"content":{"rendered":"<p>BM&#8217;den Sudan&#8217;da Tarihin En K\u00f6t\u00fc A\u00e7l\u0131k Krizi G\u00f6lgesinde Y\u00fcz Binlerce Ki\u015fi \u0130\u00e7in K\u0131tl\u0131k Uyar\u0131s\u0131<\/p>\n<p>Birle\u015fmi\u015f Milletler \u0130nsani Yard\u0131m Koordinasyon Ofisi (OCHA), Sudan&#8217;da 638 binden fazla ki\u015finin k\u0131tl\u0131kla kar\u015f\u0131 kar\u015f\u0131ya oldu\u011funu a\u00e7\u0131klad\u0131.<\/p>\n<p>Bu durumu \u00fclkenin tarihindeki en k\u00f6t\u00fc a\u00e7l\u0131k krizi olarak tan\u0131mlad\u0131.<\/p>\n<p>Bu ofisin raporuna g\u00f6re, yard\u0131m hedefi olarak belirlenen n\u00fcfusun yaln\u0131zca yar\u0131s\u0131, Nisan ay\u0131 sonuna kadar ihtiya\u00e7 duyulan yard\u0131mlara ula\u015fabildi.<\/p>\n<p>\u00d6te yandan, FAO ve D\u00fcnya G\u0131da Program\u0131&#8217;n\u0131n ortak raporu, Sudan&#8217;\u0131 Filistin, Mali, Haiti ve G\u00fcney Sudan ile birlikte d\u00fcnya genelindeki be\u015f a\u00e7l\u0131k kriz b\u00f6lgesinden biri olarak nitelendirdi.<\/p>\n<p>Ayn\u0131 zamanda, Uluslararas\u0131 G\u00f6\u00e7 \u00d6rg\u00fct\u00fc&#8217;n\u00fcn verileri, askeri \u00e7at\u0131\u015fmalar nedeniyle binlerce ailenin yerinden oldu\u011funu g\u00f6stermektedir.<\/p>\n<p>Uzmanlar, acil ve kapsaml\u0131 yard\u0131m sa\u011flanmazsa Sudan&#8217;daki insani durumun h\u0131zla k\u00f6t\u00fcle\u015fece\u011fi ve b\u00f6lgenin g\u0131da g\u00fcvenli\u011fi ile istikrar\u0131 \u00fczerinde geni\u015f kapsaml\u0131 etkileri olaca\u011f\u0131 konusunda uyar\u0131da bulunmu\u015ftur.<\/p>\n<p>Birle\u015fmi\u015f Milletler, uluslararas\u0131 toplumu bu \u00fclke halk\u0131n\u0131 desteklemek i\u00e7in acil harekete ge\u00e7meye \u00e7a\u011f\u0131rm\u0131\u015ft\u0131r.<\/p>\n","protected":false},"excerpt":{"rendered":"<p>BM&#8217;den Sudan&#8217;da Tarihin En K\u00f6t\u00fc A\u00e7l\u0131k Krizi G\u00f6lgesinde Y\u00fcz Binlerce Ki\u015fi \u0130\u00e7in K\u0131tl\u0131k Uyar\u0131s\u0131 Birle\u015fmi\u015f Milletler \u0130nsani Yard\u0131m Koordinasyon Ofisi (OCHA), Sudan&#8217;da 638 binden fazla ki\u015finin k\u0131tl\u0131kla kar\u015f\u0131 kar\u015f\u0131ya oldu\u011funu a\u00e7\u0131klad\u0131. Bu durumu \u00fclkenin tarihindeki en k\u00f6t\u00fc a\u00e7l\u0131k krizi olarak tan\u0131mlad\u0131. Bu ofisin raporuna g\u00f6re, yard\u0131m hedefi olarak belirlenen n\u00fcfusun yaln\u0131zca yar\u0131s\u0131, Nisan ay\u0131 sonuna &hellip;<\/p>\n","protected":false},"author":1,"featured_media":115773,"comment_status":"open","ping_status":"open","sticky":false,"template":"","format":"standard","meta":{"rop_custom_images_group":[],"rop_custom_messages_group":[],"rop_publish_now":"initial","rop_publish_now_accounts":[],"rop_publish_now_history":[],"rop_publish_now_status":"pending","footnotes":""},"categories":[24],"tags":[],"class_list":["post-115774","post","type-post","status-publish","format-standard","has-post-thumbnail","hentry","category-africa"],"_wp_page_template":null,"_wp_attached_file":null,"_wp_attachment_metadata":null,"_edit_lock":null,"yoast_head":"<!-- This site is optimized with the Yoast SEO plugin v24.3 - https:\/\/yoast.com\/wordpress\/plugins\/seo\/ -->\n<title>BM&#039;den Sudan&#039;da Tarihin En K\u00f6t\u00fc A\u00e7l\u0131k Krizi G\u00f6lgesinde Y\u00fcz Binlerce Ki\u015fi \u0130\u00e7in K\u0131tl\u0131k Uyar\u0131s\u0131 - ShiaWaves Turkish - \u015eia Haberleri<\/title>\n<meta name=\"robots\" content=\"index, follow, max-snippet:-1, max-image-preview:large, max-video-preview:-1\" \/>\n<link rel=\"canonical\" href=\"https:\/\/shiawaves.com\/turkish\/2025\/06\/20\/bmden-sudanda-tarihin-en-kotu-aclik-krizi-golgesinde-yuz-binlerce-kisi-icin-kitlik-uyarisi\/\" \/>\n<meta property=\"og:locale\" content=\"tr_TR\" \/>\n<meta property=\"og:type\" content=\"article\" \/>\n<meta property=\"og:title\" content=\"BM&#039;den Sudan&#039;da Tarihin En K\u00f6t\u00fc A\u00e7l\u0131k Krizi G\u00f6lgesinde Y\u00fcz Binlerce Ki\u015fi \u0130\u00e7in K\u0131tl\u0131k Uyar\u0131s\u0131 - ShiaWaves Turkish - \u015eia Haberleri\" \/>\n<meta property=\"og:description\" content=\"BM&#8217;den Sudan&#8217;da Tarihin En K\u00f6t\u00fc A\u00e7l\u0131k Krizi G\u00f6lgesinde Y\u00fcz Binlerce Ki\u015fi \u0130\u00e7in K\u0131tl\u0131k Uyar\u0131s\u0131 Birle\u015fmi\u015f Milletler \u0130nsani Yard\u0131m Koordinasyon Ofisi (OCHA), Sudan&#8217;da 638 binden fazla ki\u015finin k\u0131tl\u0131kla kar\u015f\u0131 kar\u015f\u0131ya oldu\u011funu a\u00e7\u0131klad\u0131. Bu durumu \u00fclkenin tarihindeki en k\u00f6t\u00fc a\u00e7l\u0131k krizi olarak tan\u0131mlad\u0131. Bu ofisin raporuna g\u00f6re, yard\u0131m hedefi olarak belirlenen n\u00fcfusun yaln\u0131zca yar\u0131s\u0131, Nisan ay\u0131 sonuna &hellip;\" \/>\n<meta property=\"og:url\" content=\"https:\/\/shiawaves.com\/turkish\/2025\/06\/20\/bmden-sudanda-tarihin-en-kotu-aclik-krizi-golgesinde-yuz-binlerce-kisi-icin-kitlik-uyarisi\/\" \/>\n<meta property=\"og:site_name\" content=\"ShiaWaves Turkish - \u015eia Haberleri\" \/>\n<meta property=\"article:published_time\" content=\"2025-06-20T14:30:25+00:00\" \/>\n<meta name=\"author\" content=\"modir\" \/>\n<meta name=\"twitter:card\" content=\"summary_large_image\" \/>\n<meta name=\"twitter:label1\" content=\"Yazan:\" \/>\n\t<meta name=\"twitter:data1\" content=\"modir\" \/>\n\t<meta name=\"twitter:label2\" content=\"Tahmini okuma s\u00fcresi\" \/>\n\t<meta name=\"twitter:data2\" content=\"1 dakika\" \/>\n<script type=\"application\/ld+json\" class=\"yoast-schema-graph\">{\"@context\":\"https:\/\/schema.org\",\"@graph\":[{\"@type\":\"WebPage\",\"@id\":\"https:\/\/shiawaves.com\/turkish\/2025\/06\/20\/bmden-sudanda-tarihin-en-kotu-aclik-krizi-golgesinde-yuz-binlerce-kisi-icin-kitlik-uyarisi\/\",\"url\":\"https:\/\/shiawaves.com\/turkish\/2025\/06\/20\/bmden-sudanda-tarihin-en-kotu-aclik-krizi-golgesinde-yuz-binlerce-kisi-icin-kitlik-uyarisi\/\",\"name\":\"BM'den Sudan'da Tarihin En K\u00f6t\u00fc A\u00e7l\u0131k Krizi G\u00f6lgesinde Y\u00fcz Binlerce Ki\u015fi \u0130\u00e7in K\u0131tl\u0131k Uyar\u0131s\u0131 - ShiaWaves Turkish - \u015eia Haberleri\",\"isPartOf\":{\"@id\":\"https:\/\/shiawaves.com\/turkish\/#website\"},\"primaryImageOfPage\":{\"@id\":\"https:\/\/shiawaves.com\/turkish\/2025\/06\/20\/bmden-sudanda-tarihin-en-kotu-aclik-krizi-golgesinde-yuz-binlerce-kisi-icin-kitlik-uyarisi\/#primaryimage\"},\"image\":{\"@id\":\"https:\/\/shiawaves.com\/turkish\/2025\/06\/20\/bmden-sudanda-tarihin-en-kotu-aclik-krizi-golgesinde-yuz-binlerce-kisi-icin-kitlik-uyarisi\/#primaryimage\"},\"thumbnailUrl\":\"https:\/\/shiawaves.com\/turkish\/wp-content\/uploads\/sites\/6\/2025\/06\/file_261.jpg\",\"datePublished\":\"2025-06-20T14:30:25+00:00\",\"dateModified\":\"2025-06-20T14:30:25+00:00\",\"author\":{\"@id\":\"https:\/\/shiawaves.com\/turkish\/#\/schema\/person\/9f68d5023e948086b9348fba5aebd954\"},\"breadcrumb\":{\"@id\":\"https:\/\/shiawaves.com\/turkish\/2025\/06\/20\/bmden-sudanda-tarihin-en-kotu-aclik-krizi-golgesinde-yuz-binlerce-kisi-icin-kitlik-uyarisi\/#breadcrumb\"},\"inLanguage\":\"tr\",\"potentialAction\":[{\"@type\":\"ReadAction\",\"target\":[\"https:\/\/shiawaves.com\/turkish\/2025\/06\/20\/bmden-sudanda-tarihin-en-kotu-aclik-krizi-golgesinde-yuz-binlerce-kisi-icin-kitlik-uyarisi\/\"]}]},{\"@type\":\"ImageObject\",\"inLanguage\":\"tr\",\"@id\":\"https:\/\/shiawaves.com\/turkish\/2025\/06\/20\/bmden-sudanda-tarihin-en-kotu-aclik-krizi-golgesinde-yuz-binlerce-kisi-icin-kitlik-uyarisi\/#primaryimage\",\"url\":\"https:\/\/shiawaves.com\/turkish\/wp-content\/uploads\/sites\/6\/2025\/06\/file_261.jpg\",\"contentUrl\":\"https:\/\/shiawaves.com\/turkish\/wp-content\/uploads\/sites\/6\/2025\/06\/file_261.jpg\",\"width\":320,\"height\":178},{\"@type\":\"BreadcrumbList\",\"@id\":\"https:\/\/shiawaves.com\/turkish\/2025\/06\/20\/bmden-sudanda-tarihin-en-kotu-aclik-krizi-golgesinde-yuz-binlerce-kisi-icin-kitlik-uyarisi\/#breadcrumb\",\"itemListElement\":[{\"@type\":\"ListItem\",\"position\":1,\"name\":\"Home\",\"item\":\"https:\/\/shiawaves.com\/turkish\/\"},{\"@type\":\"ListItem\",\"position\":2,\"name\":\"BM&#8217;den Sudan&#8217;da Tarihin En K\u00f6t\u00fc A\u00e7l\u0131k Krizi G\u00f6lgesinde Y\u00fcz Binlerce Ki\u015fi \u0130\u00e7in K\u0131tl\u0131k Uyar\u0131s\u0131\"}]},{\"@type\":\"WebSite\",\"@id\":\"https:\/\/shiawaves.com\/turkish\/#website\",\"url\":\"https:\/\/shiawaves.com\/turkish\/\",\"name\":\"ShiaWaves Turkish - \u015eia Haberleri\",\"description\":\"\",\"potentialAction\":[{\"@type\":\"SearchAction\",\"target\":{\"@type\":\"EntryPoint\",\"urlTemplate\":\"https:\/\/shiawaves.com\/turkish\/?s={search_term_string}\"},\"query-input\":{\"@type\":\"PropertyValueSpecification\",\"valueRequired\":true,\"valueName\":\"search_term_string\"}}],\"inLanguage\":\"tr\"},{\"@type\":\"Person\",\"@id\":\"https:\/\/shiawaves.com\/turkish\/#\/schema\/person\/9f68d5023e948086b9348fba5aebd954\",\"name\":\"modir\",\"image\":{\"@type\":\"ImageObject\",\"inLanguage\":\"tr\",\"@id\":\"https:\/\/shiawaves.com\/turkish\/#\/schema\/person\/image\/\",\"url\":\"https:\/\/secure.gravatar.com\/avatar\/8e76f93cdbdd480bd8918d1e0e1d938664c9cb1516c2a57a2b96fe50b507a6b9?s=96&d=mm&r=g\",\"contentUrl\":\"https:\/\/secure.gravatar.com\/avatar\/8e76f93cdbdd480bd8918d1e0e1d938664c9cb1516c2a57a2b96fe50b507a6b9?s=96&d=mm&r=g\",\"caption\":\"modir\"},\"sameAs\":[\"https:\/\/shiawaves.com\"],\"url\":\"https:\/\/shiawaves.com\/turkish\/author\/modir\/\"}]}<\/script>\n<!-- \/ Yoast SEO plugin. -->","yoast_head_json":{"title":"BM'den Sudan'da Tarihin En K\u00f6t\u00fc A\u00e7l\u0131k Krizi G\u00f6lgesinde Y\u00fcz Binlerce Ki\u015fi \u0130\u00e7in K\u0131tl\u0131k Uyar\u0131s\u0131 - ShiaWaves Turkish - \u015eia Haberleri","robots":{"index":"index","follow":"follow","max-snippet":"max-snippet:-1","max-image-preview":"max-image-preview:large","max-video-preview":"max-video-preview:-1"},"canonical":"https:\/\/shiawaves.com\/turkish\/2025\/06\/20\/bmden-sudanda-tarihin-en-kotu-aclik-krizi-golgesinde-yuz-binlerce-kisi-icin-kitlik-uyarisi\/","og_locale":"tr_TR","og_type":"article","og_title":"BM'den Sudan'da Tarihin En K\u00f6t\u00fc A\u00e7l\u0131k Krizi G\u00f6lgesinde Y\u00fcz Binlerce Ki\u015fi \u0130\u00e7in K\u0131tl\u0131k Uyar\u0131s\u0131 - ShiaWaves Turkish - \u015eia Haberleri","og_description":"BM&#8217;den Sudan&#8217;da Tarihin En K\u00f6t\u00fc A\u00e7l\u0131k Krizi G\u00f6lgesinde Y\u00fcz Binlerce Ki\u015fi \u0130\u00e7in K\u0131tl\u0131k Uyar\u0131s\u0131 Birle\u015fmi\u015f Milletler \u0130nsani Yard\u0131m Koordinasyon Ofisi (OCHA), Sudan&#8217;da 638 binden fazla ki\u015finin k\u0131tl\u0131kla kar\u015f\u0131 kar\u015f\u0131ya oldu\u011funu a\u00e7\u0131klad\u0131. Bu durumu \u00fclkenin tarihindeki en k\u00f6t\u00fc a\u00e7l\u0131k krizi olarak tan\u0131mlad\u0131. Bu ofisin raporuna g\u00f6re, yard\u0131m hedefi olarak belirlenen n\u00fcfusun yaln\u0131zca yar\u0131s\u0131, Nisan ay\u0131 sonuna &hellip;","og_url":"https:\/\/shiawaves.com\/turkish\/2025\/06\/20\/bmden-sudanda-tarihin-en-kotu-aclik-krizi-golgesinde-yuz-binlerce-kisi-icin-kitlik-uyarisi\/","og_site_name":"ShiaWaves Turkish - \u015eia Haberleri","article_published_time":"2025-06-20T14:30:25+00:00","author":"modir","twitter_card":"summary_large_image","twitter_misc":{"Yazan:":"modir","Tahmini okuma s\u00fcresi":"1 dakika"},"schema":{"@context":"https:\/\/schema.org","@graph":[{"@type":"WebPage","@id":"https:\/\/shiawaves.com\/turkish\/2025\/06\/20\/bmden-sudanda-tarihin-en-kotu-aclik-krizi-golgesinde-yuz-binlerce-kisi-icin-kitlik-uyarisi\/","url":"https:\/\/shiawaves.com\/turkish\/2025\/06\/20\/bmden-sudanda-tarihin-en-kotu-aclik-krizi-golgesinde-yuz-binlerce-kisi-icin-kitlik-uyarisi\/","name":"BM'den Sudan'da Tarihin En K\u00f6t\u00fc A\u00e7l\u0131k Krizi G\u00f6lgesinde Y\u00fcz Binlerce Ki\u015fi \u0130\u00e7in K\u0131tl\u0131k Uyar\u0131s\u0131 - ShiaWaves Turkish - \u015eia Haberleri","isPartOf":{"@id":"https:\/\/shiawaves.com\/turkish\/#website"},"primaryImageOfPage":{"@id":"https:\/\/shiawaves.com\/turkish\/2025\/06\/20\/bmden-sudanda-tarihin-en-kotu-aclik-krizi-golgesinde-yuz-binlerce-kisi-icin-kitlik-uyarisi\/#primaryimage"},"image":{"@id":"https:\/\/shiawaves.com\/turkish\/2025\/06\/20\/bmden-sudanda-tarihin-en-kotu-aclik-krizi-golgesinde-yuz-binlerce-kisi-icin-kitlik-uyarisi\/#primaryimage"},"thumbnailUrl":"https:\/\/shiawaves.com\/turkish\/wp-content\/uploads\/sites\/6\/2025\/06\/file_261.jpg","datePublished":"2025-06-20T14:30:25+00:00","dateModified":"2025-06-20T14:30:25+00:00","author":{"@id":"https:\/\/shiawaves.com\/turkish\/#\/schema\/person\/9f68d5023e948086b9348fba5aebd954"},"breadcrumb":{"@id":"https:\/\/shiawaves.com\/turkish\/2025\/06\/20\/bmden-sudanda-tarihin-en-kotu-aclik-krizi-golgesinde-yuz-binlerce-kisi-icin-kitlik-uyarisi\/#breadcrumb"},"inLanguage":"tr","potentialAction":[{"@type":"ReadAction","target":["https:\/\/shiawaves.com\/turkish\/2025\/06\/20\/bmden-sudanda-tarihin-en-kotu-aclik-krizi-golgesinde-yuz-binlerce-kisi-icin-kitlik-uyarisi\/"]}]},{"@type":"ImageObject","inLanguage":"tr","@id":"https:\/\/shiawaves.com\/turkish\/2025\/06\/20\/bmden-sudanda-tarihin-en-kotu-aclik-krizi-golgesinde-yuz-binlerce-kisi-icin-kitlik-uyarisi\/#primaryimage","url":"https:\/\/shiawaves.com\/turkish\/wp-content\/uploads\/sites\/6\/2025\/06\/file_261.jpg","contentUrl":"https:\/\/shiawaves.com\/turkish\/wp-content\/uploads\/sites\/6\/2025\/06\/file_261.jpg","width":320,"height":178},{"@type":"BreadcrumbList","@id":"https:\/\/shiawaves.com\/turkish\/2025\/06\/20\/bmden-sudanda-tarihin-en-kotu-aclik-krizi-golgesinde-yuz-binlerce-kisi-icin-kitlik-uyarisi\/#breadcrumb","itemListElement":[{"@type":"ListItem","position":1,"name":"Home","item":"https:\/\/shiawaves.com\/turkish\/"},{"@type":"ListItem","position":2,"name":"BM&#8217;den Sudan&#8217;da Tarihin En K\u00f6t\u00fc A\u00e7l\u0131k Krizi G\u00f6lgesinde Y\u00fcz Binlerce Ki\u015fi \u0130\u00e7in K\u0131tl\u0131k Uyar\u0131s\u0131"}]},{"@type":"WebSite","@id":"https:\/\/shiawaves.com\/turkish\/#website","url":"https:\/\/shiawaves.com\/turkish\/","name":"ShiaWaves Turkish - \u015eia Haberleri","description":"","potentialAction":[{"@type":"SearchAction","target":{"@type":"EntryPoint","urlTemplate":"https:\/\/shiawaves.com\/turkish\/?s={search_term_string}"},"query-input":{"@type":"PropertyValueSpecification","valueRequired":true,"valueName":"search_term_string"}}],"inLanguage":"tr"},{"@type":"Person","@id":"https:\/\/shiawaves.com\/turkish\/#\/schema\/person\/9f68d5023e948086b9348fba5aebd954","name":"modir","image":{"@type":"ImageObject","inLanguage":"tr","@id":"https:\/\/shiawaves.com\/turkish\/#\/schema\/person\/image\/","url":"https:\/\/secure.gravatar.com\/avatar\/8e76f93cdbdd480bd8918d1e0e1d938664c9cb1516c2a57a2b96fe50b507a6b9?s=96&d=mm&r=g","contentUrl":"https:\/\/secure.gravatar.com\/avatar\/8e76f93cdbdd480bd8918d1e0e1d938664c9cb1516c2a57a2b96fe50b507a6b9?s=96&d=mm&r=g","caption":"modir"},"sameAs":["https:\/\/shiawaves.com"],"url":"https:\/\/shiawaves.com\/turkish\/author\/modir\/"}]}},"_links":{"self":[{"href":"https:\/\/shiawaves.com\/turkish\/wp-json\/wp\/v2\/posts\/115774","targetHints":{"allow":["GET"]}}],"collection":[{"href":"https:\/\/shiawaves.com\/turkish\/wp-json\/wp\/v2\/posts"}],"about":[{"href":"https:\/\/shiawaves.com\/turkish\/wp-json\/wp\/v2\/types\/post"}],"author":[{"embeddable":true,"href":"https:\/\/shiawaves.com\/turkish\/wp-json\/wp\/v2\/users\/1"}],"replies":[{"embeddable":true,"href":"https:\/\/shiawaves.com\/turkish\/wp-json\/wp\/v2\/comments?post=115774"}],"version-history":[{"count":0,"href":"https:\/\/shiawaves.com\/turkish\/wp-json\/wp\/v2\/posts\/115774\/revisions"}],"wp:featuredmedia":[{"embeddable":true,"href":"https:\/\/shiawaves.com\/turkish\/wp-json\/wp\/v2\/media\/115773"}],"wp:attachment":[{"href":"https:\/\/shiawaves.com\/turkish\/wp-json\/wp\/v2\/media?parent=115774"}],"wp:term":[{"taxonomy":"category","embeddable":true,"href":"https:\/\/shiawaves.com\/turkish\/wp-json\/wp\/v2\/categories?post=115774"},{"taxonomy":"post_tag","embeddable":true,"href":"https:\/\/shiawaves.com\/turkish\/wp-json\/wp\/v2\/tags?post=115774"}],"curies":[{"name":"wp","href":"https:\/\/api.w.org\/{rel}","templated":true}]}}