{"id":115378,"date":"2025-05-29T15:01:06","date_gmt":"2025-05-29T12:01:06","guid":{"rendered":"https:\/\/shiawaves.com\/turkish\/2025\/05\/29\/bati-dunyasinda-islamofobinin-gucu-kok-salmis-durumdadir\/"},"modified":"2025-05-29T15:01:06","modified_gmt":"2025-05-29T12:01:06","slug":"bati-dunyasinda-islamofobinin-gucu-kok-salmis-durumdadir","status":"publish","type":"post","link":"https:\/\/shiawaves.com\/turkish\/2025\/05\/29\/bati-dunyasinda-islamofobinin-gucu-kok-salmis-durumdadir\/","title":{"rendered":"Bat\u0131 D\u00fcnyas\u0131nda \u0130slamofobinin G\u00fcc\u00fc K\u00f6k Salm\u0131\u015f Durumdad\u0131r"},"content":{"rendered":"<p>Bat\u0131 D\u00fcnyas\u0131nda \u0130slamofobinin G\u00fcc\u00fc K\u00f6k Salm\u0131\u015f Durumdad\u0131r<\/p>\n<p>\u0130slamofobi bug\u00fcn art\u0131k yaln\u0131zca bir \u00f6nyarg\u0131 de\u011fil, aksine Bat\u0131&#8217;n\u0131n siyaset, medya ve toplumsal yap\u0131s\u0131nda k\u00f6k salm\u0131\u015f yap\u0131sal bir sorundur.<\/p>\n<p>Middle East News&#8217;e g\u00f6re, Ha\u00e7l\u0131 Seferlerinden medya sava\u015f\u0131na kadar M\u00fcsl\u00fcmanlar, kli\u015fele\u015ftirme ve nefret s\u00f6yleminin kurban\u0131 olmu\u015ftur.<\/p>\n<p>Fransa&#8217;da havuza girmesi yasaklanan ba\u015f\u00f6rt\u00fcl\u00fc bir kad\u0131n veya Bat\u0131da iki k\u00fclt\u00fcr aras\u0131nda bocalayan M\u00fcsl\u00fcman bir gen\u00e7, bu k\u00fcresel krizin sadece birka\u00e7 \u00f6rne\u011fidir.<\/p>\n<p>Uzmanlar, bu olguyla ba\u015f etmek i\u00e7in \u00f6nyarg\u0131s\u0131z e\u011fitim, ba\u011f\u0131ms\u0131z medya ve ayr\u0131mc\u0131l\u0131\u011fa kar\u015f\u0131 yasalar\u0131n y\u00fcr\u00fcrl\u00fc\u011fe girmesi gerekti\u011fini savunuyorlar.<\/p>\n","protected":false},"excerpt":{"rendered":"<p>Bat\u0131 D\u00fcnyas\u0131nda \u0130slamofobinin G\u00fcc\u00fc K\u00f6k Salm\u0131\u015f Durumdad\u0131r \u0130slamofobi bug\u00fcn art\u0131k yaln\u0131zca bir \u00f6nyarg\u0131 de\u011fil, aksine Bat\u0131&#8217;n\u0131n siyaset, medya ve toplumsal yap\u0131s\u0131nda k\u00f6k salm\u0131\u015f yap\u0131sal bir sorundur. Middle East News&#8217;e g\u00f6re, Ha\u00e7l\u0131 Seferlerinden medya sava\u015f\u0131na kadar M\u00fcsl\u00fcmanlar, kli\u015fele\u015ftirme ve nefret s\u00f6yleminin kurban\u0131 olmu\u015ftur. Fransa&#8217;da havuza girmesi yasaklanan ba\u015f\u00f6rt\u00fcl\u00fc bir kad\u0131n veya Bat\u0131da iki k\u00fclt\u00fcr aras\u0131nda bocalayan &hellip;<\/p>\n","protected":false},"author":1,"featured_media":115377,"comment_status":"open","ping_status":"open","sticky":false,"template":"","format":"standard","meta":{"rop_custom_images_group":[],"rop_custom_messages_group":[],"rop_publish_now":"initial","rop_publish_now_accounts":[],"rop_publish_now_history":[],"rop_publish_now_status":"pending","footnotes":""},"categories":[6],"tags":[],"class_list":["post-115378","post","type-post","status-publish","format-standard","has-post-thumbnail","hentry","category-islam"],"_wp_page_template":null,"_wp_attached_file":null,"_wp_attachment_metadata":null,"_edit_lock":null,"yoast_head":"<!-- This site is optimized with the Yoast SEO plugin v24.3 - https:\/\/yoast.com\/wordpress\/plugins\/seo\/ -->\n<title>Bat\u0131 D\u00fcnyas\u0131nda \u0130slamofobinin G\u00fcc\u00fc K\u00f6k Salm\u0131\u015f Durumdad\u0131r - ShiaWaves Turkish - \u015eia Haberleri<\/title>\n<meta name=\"robots\" content=\"index, follow, max-snippet:-1, max-image-preview:large, max-video-preview:-1\" \/>\n<link rel=\"canonical\" href=\"https:\/\/shiawaves.com\/turkish\/2025\/05\/29\/bati-dunyasinda-islamofobinin-gucu-kok-salmis-durumdadir\/\" \/>\n<meta property=\"og:locale\" content=\"tr_TR\" \/>\n<meta property=\"og:type\" content=\"article\" \/>\n<meta property=\"og:title\" content=\"Bat\u0131 D\u00fcnyas\u0131nda \u0130slamofobinin G\u00fcc\u00fc K\u00f6k Salm\u0131\u015f Durumdad\u0131r - ShiaWaves Turkish - \u015eia Haberleri\" \/>\n<meta property=\"og:description\" content=\"Bat\u0131 D\u00fcnyas\u0131nda \u0130slamofobinin G\u00fcc\u00fc K\u00f6k Salm\u0131\u015f Durumdad\u0131r \u0130slamofobi bug\u00fcn art\u0131k yaln\u0131zca bir \u00f6nyarg\u0131 de\u011fil, aksine Bat\u0131&#8217;n\u0131n siyaset, medya ve toplumsal yap\u0131s\u0131nda k\u00f6k salm\u0131\u015f yap\u0131sal bir sorundur. Middle East News&#8217;e g\u00f6re, Ha\u00e7l\u0131 Seferlerinden medya sava\u015f\u0131na kadar M\u00fcsl\u00fcmanlar, kli\u015fele\u015ftirme ve nefret s\u00f6yleminin kurban\u0131 olmu\u015ftur. Fransa&#8217;da havuza girmesi yasaklanan ba\u015f\u00f6rt\u00fcl\u00fc bir kad\u0131n veya Bat\u0131da iki k\u00fclt\u00fcr aras\u0131nda bocalayan &hellip;\" \/>\n<meta property=\"og:url\" content=\"https:\/\/shiawaves.com\/turkish\/2025\/05\/29\/bati-dunyasinda-islamofobinin-gucu-kok-salmis-durumdadir\/\" \/>\n<meta property=\"og:site_name\" content=\"ShiaWaves Turkish - \u015eia Haberleri\" \/>\n<meta property=\"article:published_time\" content=\"2025-05-29T12:01:06+00:00\" \/>\n<meta name=\"author\" content=\"modir\" \/>\n<meta name=\"twitter:card\" content=\"summary_large_image\" \/>\n<meta name=\"twitter:label1\" content=\"Yazan:\" \/>\n\t<meta name=\"twitter:data1\" content=\"modir\" \/>\n\t<meta name=\"twitter:label2\" content=\"Tahmini okuma s\u00fcresi\" \/>\n\t<meta name=\"twitter:data2\" content=\"1 dakika\" \/>\n<script type=\"application\/ld+json\" class=\"yoast-schema-graph\">{\"@context\":\"https:\/\/schema.org\",\"@graph\":[{\"@type\":\"WebPage\",\"@id\":\"https:\/\/shiawaves.com\/turkish\/2025\/05\/29\/bati-dunyasinda-islamofobinin-gucu-kok-salmis-durumdadir\/\",\"url\":\"https:\/\/shiawaves.com\/turkish\/2025\/05\/29\/bati-dunyasinda-islamofobinin-gucu-kok-salmis-durumdadir\/\",\"name\":\"Bat\u0131 D\u00fcnyas\u0131nda \u0130slamofobinin G\u00fcc\u00fc K\u00f6k Salm\u0131\u015f Durumdad\u0131r - ShiaWaves Turkish - \u015eia Haberleri\",\"isPartOf\":{\"@id\":\"https:\/\/shiawaves.com\/turkish\/#website\"},\"primaryImageOfPage\":{\"@id\":\"https:\/\/shiawaves.com\/turkish\/2025\/05\/29\/bati-dunyasinda-islamofobinin-gucu-kok-salmis-durumdadir\/#primaryimage\"},\"image\":{\"@id\":\"https:\/\/shiawaves.com\/turkish\/2025\/05\/29\/bati-dunyasinda-islamofobinin-gucu-kok-salmis-durumdadir\/#primaryimage\"},\"thumbnailUrl\":\"https:\/\/shiawaves.com\/turkish\/wp-content\/uploads\/sites\/6\/2025\/05\/file_61.jpg\",\"datePublished\":\"2025-05-29T12:01:06+00:00\",\"dateModified\":\"2025-05-29T12:01:06+00:00\",\"author\":{\"@id\":\"https:\/\/shiawaves.com\/turkish\/#\/schema\/person\/9f68d5023e948086b9348fba5aebd954\"},\"breadcrumb\":{\"@id\":\"https:\/\/shiawaves.com\/turkish\/2025\/05\/29\/bati-dunyasinda-islamofobinin-gucu-kok-salmis-durumdadir\/#breadcrumb\"},\"inLanguage\":\"tr\",\"potentialAction\":[{\"@type\":\"ReadAction\",\"target\":[\"https:\/\/shiawaves.com\/turkish\/2025\/05\/29\/bati-dunyasinda-islamofobinin-gucu-kok-salmis-durumdadir\/\"]}]},{\"@type\":\"ImageObject\",\"inLanguage\":\"tr\",\"@id\":\"https:\/\/shiawaves.com\/turkish\/2025\/05\/29\/bati-dunyasinda-islamofobinin-gucu-kok-salmis-durumdadir\/#primaryimage\",\"url\":\"https:\/\/shiawaves.com\/turkish\/wp-content\/uploads\/sites\/6\/2025\/05\/file_61.jpg\",\"contentUrl\":\"https:\/\/shiawaves.com\/turkish\/wp-content\/uploads\/sites\/6\/2025\/05\/file_61.jpg\",\"width\":1129,\"height\":797},{\"@type\":\"BreadcrumbList\",\"@id\":\"https:\/\/shiawaves.com\/turkish\/2025\/05\/29\/bati-dunyasinda-islamofobinin-gucu-kok-salmis-durumdadir\/#breadcrumb\",\"itemListElement\":[{\"@type\":\"ListItem\",\"position\":1,\"name\":\"Home\",\"item\":\"https:\/\/shiawaves.com\/turkish\/\"},{\"@type\":\"ListItem\",\"position\":2,\"name\":\"Bat\u0131 D\u00fcnyas\u0131nda \u0130slamofobinin G\u00fcc\u00fc K\u00f6k Salm\u0131\u015f Durumdad\u0131r\"}]},{\"@type\":\"WebSite\",\"@id\":\"https:\/\/shiawaves.com\/turkish\/#website\",\"url\":\"https:\/\/shiawaves.com\/turkish\/\",\"name\":\"ShiaWaves Turkish - \u015eia Haberleri\",\"description\":\"\",\"potentialAction\":[{\"@type\":\"SearchAction\",\"target\":{\"@type\":\"EntryPoint\",\"urlTemplate\":\"https:\/\/shiawaves.com\/turkish\/?s={search_term_string}\"},\"query-input\":{\"@type\":\"PropertyValueSpecification\",\"valueRequired\":true,\"valueName\":\"search_term_string\"}}],\"inLanguage\":\"tr\"},{\"@type\":\"Person\",\"@id\":\"https:\/\/shiawaves.com\/turkish\/#\/schema\/person\/9f68d5023e948086b9348fba5aebd954\",\"name\":\"modir\",\"image\":{\"@type\":\"ImageObject\",\"inLanguage\":\"tr\",\"@id\":\"https:\/\/shiawaves.com\/turkish\/#\/schema\/person\/image\/\",\"url\":\"https:\/\/secure.gravatar.com\/avatar\/8e76f93cdbdd480bd8918d1e0e1d938664c9cb1516c2a57a2b96fe50b507a6b9?s=96&d=mm&r=g\",\"contentUrl\":\"https:\/\/secure.gravatar.com\/avatar\/8e76f93cdbdd480bd8918d1e0e1d938664c9cb1516c2a57a2b96fe50b507a6b9?s=96&d=mm&r=g\",\"caption\":\"modir\"},\"sameAs\":[\"https:\/\/shiawaves.com\"],\"url\":\"https:\/\/shiawaves.com\/turkish\/author\/modir\/\"}]}<\/script>\n<!-- \/ Yoast SEO plugin. -->","yoast_head_json":{"title":"Bat\u0131 D\u00fcnyas\u0131nda \u0130slamofobinin G\u00fcc\u00fc K\u00f6k Salm\u0131\u015f Durumdad\u0131r - ShiaWaves Turkish - \u015eia Haberleri","robots":{"index":"index","follow":"follow","max-snippet":"max-snippet:-1","max-image-preview":"max-image-preview:large","max-video-preview":"max-video-preview:-1"},"canonical":"https:\/\/shiawaves.com\/turkish\/2025\/05\/29\/bati-dunyasinda-islamofobinin-gucu-kok-salmis-durumdadir\/","og_locale":"tr_TR","og_type":"article","og_title":"Bat\u0131 D\u00fcnyas\u0131nda \u0130slamofobinin G\u00fcc\u00fc K\u00f6k Salm\u0131\u015f Durumdad\u0131r - ShiaWaves Turkish - \u015eia Haberleri","og_description":"Bat\u0131 D\u00fcnyas\u0131nda \u0130slamofobinin G\u00fcc\u00fc K\u00f6k Salm\u0131\u015f Durumdad\u0131r \u0130slamofobi bug\u00fcn art\u0131k yaln\u0131zca bir \u00f6nyarg\u0131 de\u011fil, aksine Bat\u0131&#8217;n\u0131n siyaset, medya ve toplumsal yap\u0131s\u0131nda k\u00f6k salm\u0131\u015f yap\u0131sal bir sorundur. Middle East News&#8217;e g\u00f6re, Ha\u00e7l\u0131 Seferlerinden medya sava\u015f\u0131na kadar M\u00fcsl\u00fcmanlar, kli\u015fele\u015ftirme ve nefret s\u00f6yleminin kurban\u0131 olmu\u015ftur. Fransa&#8217;da havuza girmesi yasaklanan ba\u015f\u00f6rt\u00fcl\u00fc bir kad\u0131n veya Bat\u0131da iki k\u00fclt\u00fcr aras\u0131nda bocalayan &hellip;","og_url":"https:\/\/shiawaves.com\/turkish\/2025\/05\/29\/bati-dunyasinda-islamofobinin-gucu-kok-salmis-durumdadir\/","og_site_name":"ShiaWaves Turkish - \u015eia Haberleri","article_published_time":"2025-05-29T12:01:06+00:00","author":"modir","twitter_card":"summary_large_image","twitter_misc":{"Yazan:":"modir","Tahmini okuma s\u00fcresi":"1 dakika"},"schema":{"@context":"https:\/\/schema.org","@graph":[{"@type":"WebPage","@id":"https:\/\/shiawaves.com\/turkish\/2025\/05\/29\/bati-dunyasinda-islamofobinin-gucu-kok-salmis-durumdadir\/","url":"https:\/\/shiawaves.com\/turkish\/2025\/05\/29\/bati-dunyasinda-islamofobinin-gucu-kok-salmis-durumdadir\/","name":"Bat\u0131 D\u00fcnyas\u0131nda \u0130slamofobinin G\u00fcc\u00fc K\u00f6k Salm\u0131\u015f Durumdad\u0131r - ShiaWaves Turkish - \u015eia Haberleri","isPartOf":{"@id":"https:\/\/shiawaves.com\/turkish\/#website"},"primaryImageOfPage":{"@id":"https:\/\/shiawaves.com\/turkish\/2025\/05\/29\/bati-dunyasinda-islamofobinin-gucu-kok-salmis-durumdadir\/#primaryimage"},"image":{"@id":"https:\/\/shiawaves.com\/turkish\/2025\/05\/29\/bati-dunyasinda-islamofobinin-gucu-kok-salmis-durumdadir\/#primaryimage"},"thumbnailUrl":"https:\/\/shiawaves.com\/turkish\/wp-content\/uploads\/sites\/6\/2025\/05\/file_61.jpg","datePublished":"2025-05-29T12:01:06+00:00","dateModified":"2025-05-29T12:01:06+00:00","author":{"@id":"https:\/\/shiawaves.com\/turkish\/#\/schema\/person\/9f68d5023e948086b9348fba5aebd954"},"breadcrumb":{"@id":"https:\/\/shiawaves.com\/turkish\/2025\/05\/29\/bati-dunyasinda-islamofobinin-gucu-kok-salmis-durumdadir\/#breadcrumb"},"inLanguage":"tr","potentialAction":[{"@type":"ReadAction","target":["https:\/\/shiawaves.com\/turkish\/2025\/05\/29\/bati-dunyasinda-islamofobinin-gucu-kok-salmis-durumdadir\/"]}]},{"@type":"ImageObject","inLanguage":"tr","@id":"https:\/\/shiawaves.com\/turkish\/2025\/05\/29\/bati-dunyasinda-islamofobinin-gucu-kok-salmis-durumdadir\/#primaryimage","url":"https:\/\/shiawaves.com\/turkish\/wp-content\/uploads\/sites\/6\/2025\/05\/file_61.jpg","contentUrl":"https:\/\/shiawaves.com\/turkish\/wp-content\/uploads\/sites\/6\/2025\/05\/file_61.jpg","width":1129,"height":797},{"@type":"BreadcrumbList","@id":"https:\/\/shiawaves.com\/turkish\/2025\/05\/29\/bati-dunyasinda-islamofobinin-gucu-kok-salmis-durumdadir\/#breadcrumb","itemListElement":[{"@type":"ListItem","position":1,"name":"Home","item":"https:\/\/shiawaves.com\/turkish\/"},{"@type":"ListItem","position":2,"name":"Bat\u0131 D\u00fcnyas\u0131nda \u0130slamofobinin G\u00fcc\u00fc K\u00f6k Salm\u0131\u015f Durumdad\u0131r"}]},{"@type":"WebSite","@id":"https:\/\/shiawaves.com\/turkish\/#website","url":"https:\/\/shiawaves.com\/turkish\/","name":"ShiaWaves Turkish - \u015eia Haberleri","description":"","potentialAction":[{"@type":"SearchAction","target":{"@type":"EntryPoint","urlTemplate":"https:\/\/shiawaves.com\/turkish\/?s={search_term_string}"},"query-input":{"@type":"PropertyValueSpecification","valueRequired":true,"valueName":"search_term_string"}}],"inLanguage":"tr"},{"@type":"Person","@id":"https:\/\/shiawaves.com\/turkish\/#\/schema\/person\/9f68d5023e948086b9348fba5aebd954","name":"modir","image":{"@type":"ImageObject","inLanguage":"tr","@id":"https:\/\/shiawaves.com\/turkish\/#\/schema\/person\/image\/","url":"https:\/\/secure.gravatar.com\/avatar\/8e76f93cdbdd480bd8918d1e0e1d938664c9cb1516c2a57a2b96fe50b507a6b9?s=96&d=mm&r=g","contentUrl":"https:\/\/secure.gravatar.com\/avatar\/8e76f93cdbdd480bd8918d1e0e1d938664c9cb1516c2a57a2b96fe50b507a6b9?s=96&d=mm&r=g","caption":"modir"},"sameAs":["https:\/\/shiawaves.com"],"url":"https:\/\/shiawaves.com\/turkish\/author\/modir\/"}]}},"_links":{"self":[{"href":"https:\/\/shiawaves.com\/turkish\/wp-json\/wp\/v2\/posts\/115378","targetHints":{"allow":["GET"]}}],"collection":[{"href":"https:\/\/shiawaves.com\/turkish\/wp-json\/wp\/v2\/posts"}],"about":[{"href":"https:\/\/shiawaves.com\/turkish\/wp-json\/wp\/v2\/types\/post"}],"author":[{"embeddable":true,"href":"https:\/\/shiawaves.com\/turkish\/wp-json\/wp\/v2\/users\/1"}],"replies":[{"embeddable":true,"href":"https:\/\/shiawaves.com\/turkish\/wp-json\/wp\/v2\/comments?post=115378"}],"version-history":[{"count":0,"href":"https:\/\/shiawaves.com\/turkish\/wp-json\/wp\/v2\/posts\/115378\/revisions"}],"wp:featuredmedia":[{"embeddable":true,"href":"https:\/\/shiawaves.com\/turkish\/wp-json\/wp\/v2\/media\/115377"}],"wp:attachment":[{"href":"https:\/\/shiawaves.com\/turkish\/wp-json\/wp\/v2\/media?parent=115378"}],"wp:term":[{"taxonomy":"category","embeddable":true,"href":"https:\/\/shiawaves.com\/turkish\/wp-json\/wp\/v2\/categories?post=115378"},{"taxonomy":"post_tag","embeddable":true,"href":"https:\/\/shiawaves.com\/turkish\/wp-json\/wp\/v2\/tags?post=115378"}],"curies":[{"name":"wp","href":"https:\/\/api.w.org\/{rel}","templated":true}]}}