{"id":114034,"date":"2025-04-19T14:29:14","date_gmt":"2025-04-19T11:29:14","guid":{"rendered":"https:\/\/shiawaves.com\/turkish\/?p=114034"},"modified":"2025-04-19T14:29:15","modified_gmt":"2025-04-19T11:29:15","slug":"kibrisa-yonelik-artan-goc-baskisi-suriyeliler-avrupada-en-fazla-siginma-talebinde-bulunan-grup","status":"publish","type":"post","link":"https:\/\/shiawaves.com\/turkish\/2025\/04\/19\/kibrisa-yonelik-artan-goc-baskisi-suriyeliler-avrupada-en-fazla-siginma-talebinde-bulunan-grup\/","title":{"rendered":"K\u0131br\u0131s&#8217;a Y\u00f6nelik Artan G\u00f6\u00e7 Bask\u0131s\u0131; Suriyeliler Avrupa&#8217;da En Fazla S\u0131\u011f\u0131nma Talebinde Bulunan Grup"},"content":{"rendered":"\n<p>Avrupa Birli\u011fi&#8217;ne yap\u0131lan s\u0131\u011f\u0131nma ba\u015fvurular\u0131n\u0131n say\u0131s\u0131 ge\u00e7en y\u0131la g\u00f6re azal\u0131rken, K\u0131br\u0131s ve Yunanistan gibi baz\u0131 \u00fclkeler n\u00fcfuslar\u0131na oranla daha b\u00fcy\u00fck bir bask\u0131yla kar\u015f\u0131 kar\u015f\u0131ya kal\u0131yor.<\/p>\n\n\n\n<p>Suriyeliler, en b\u00fcy\u00fck m\u00fclteci grubunu olu\u015fturmaya devam ediyor.<\/p>\n\n\n\n<p>\ud83d\udc48\ud83c\udffbArkada\u015f\u0131m\u0131z\u0131n bu konu hakk\u0131ndaki haberini inceleyelim.\ud83d\udc49\ud83c\udffb<\/p>\n\n\n\n<p>2024 y\u0131l\u0131nda Avrupa Birli\u011fi \u00fclkelerine yap\u0131lan s\u0131\u011f\u0131nma ba\u015fvurular\u0131n\u0131n say\u0131s\u0131 10 y\u0131l aradan sonra ilk kez bir milyonun alt\u0131na d\u00fc\u015ferek 912 bine geriledi; Bu da bir \u00f6nceki y\u0131la g\u00f6re y\u00fczde 13&#8217;l\u00fck bir d\u00fc\u015f\u00fc\u015f\u00fc temsil ediyor.<\/p>\n\n\n\n<p>Euronews Fars\u00e7a&#8217;n\u0131n haberine g\u00f6re, s\u0131\u011f\u0131nmac\u0131lar aras\u0131nda en b\u00fcy\u00fck paya 148 bin ba\u015fvuruyla Suriyeliler (toplam\u0131n y\u00fczde 16&#8217;s\u0131) sahip.<\/p>\n\n\n\n<p> <\/p>\n\n\n\n<figure class=\"wp-block-image size-full\"><img loading=\"lazy\" decoding=\"async\" width=\"940\" height=\"529\" src=\"https:\/\/shiawaves.com\/turkish\/wp-content\/uploads\/sites\/6\/2025\/04\/image-191.png\" alt=\"\" class=\"wp-image-114035\" srcset=\"https:\/\/shiawaves.com\/turkish\/wp-content\/uploads\/sites\/6\/2025\/04\/image-191.png 940w, https:\/\/shiawaves.com\/turkish\/wp-content\/uploads\/sites\/6\/2025\/04\/image-191-300x169.png 300w, https:\/\/shiawaves.com\/turkish\/wp-content\/uploads\/sites\/6\/2025\/04\/image-191-768x432.png 768w, https:\/\/shiawaves.com\/turkish\/wp-content\/uploads\/sites\/6\/2025\/04\/image-191-390x220.png 390w\" sizes=\"auto, (max-width: 940px) 100vw, 940px\" \/><\/figure>\n\n\n\n<p>Ard\u0131ndan 73 bin ba\u015fvuruyla Venezuela ve 72 bin ba\u015fvuruyla Afganistan vatanda\u015flar\u0131 ikinci ve \u00fc\u00e7\u00fcnc\u00fc s\u0131rada yer ald\u0131.<\/p>\n\n\n\n<p>Ba\u015fvurulardaki genel d\u00fc\u015f\u00fc\u015fe ra\u011fmen, m\u00fclteci bask\u0131s\u0131n\u0131n baz\u0131 \u00fclkeler \u00fczerinde orant\u0131s\u0131z bir \u015fekilde hissedildi\u011fi g\u00f6r\u00fcl\u00fcyor.<\/p>\n\n\n\n<p>Almanya, t\u00fcm ba\u015fvurular\u0131n d\u00f6rtte birini alarak, s\u0131\u011f\u0131nmac\u0131lar\u0131n en \u00e7ok ba\u015fvurdu\u011fu \u00fclke olmaya devam etti.<\/p>\n\n\n\n<p>Ancak n\u00fcfus a\u00e7\u0131s\u0131ndan bak\u0131ld\u0131\u011f\u0131nda K\u0131br\u0131s, bin ki\u015fi ba\u015f\u0131na 7,2 ba\u015fvuruyla en fazla bask\u0131y\u0131 ya\u015fayan \u00fclke konumunda. Bunu Yunanistan, \u0130rlanda ve \u0130spanya izliyor.<\/p>\n\n\n\n<p>Bu arada Avrupa Birli\u011fi S\u0131n\u0131r Koruma Ajans\u0131, Do\u011fu Akdeniz&#8217;de yasad\u0131\u015f\u0131 s\u0131n\u0131r ge\u00e7i\u015flerinde art\u0131\u015f oldu\u011funu bildirdi.<\/p>\n\n\n\n<p>K\u0131br\u0131s a\u00e7\u0131klar\u0131nda Suriyeli g\u00f6\u00e7menleri ta\u015f\u0131yan bir teknenin batmas\u0131 ve sadece iki ki\u015finin sa\u011f kurtulmas\u0131yla sonu\u00e7lanan deniz facias\u0131, b\u00f6lgedeki g\u00f6\u00e7\u00fcn neden oldu\u011fu insani krize yeniden dikkat \u00e7ekti.<\/p>\n\n\n\n<p>Uzmanlar, krizin k\u00f6ken \u00fclkelerindeki sava\u015f, yoksulluk ve g\u00fcvensizlik gibi k\u00f6kenleri \u00e7\u00f6z\u00fclene kadar, bu bask\u0131n\u0131n s\u0131n\u0131r \u00fclkeleri ve halklar\u0131 \u00fczerinde a\u011f\u0131r bir \u015fekilde hissedilmeye devam edece\u011fini d\u00fc\u015f\u00fcn\u00fcyor.<\/p>\n","protected":false},"excerpt":{"rendered":"<p>Avrupa Birli\u011fi&#8217;ne yap\u0131lan s\u0131\u011f\u0131nma ba\u015fvurular\u0131n\u0131n say\u0131s\u0131 ge\u00e7en y\u0131la g\u00f6re azal\u0131rken, K\u0131br\u0131s ve Yunanistan gibi baz\u0131 \u00fclkeler n\u00fcfuslar\u0131na oranla daha b\u00fcy\u00fck bir bask\u0131yla kar\u015f\u0131 kar\u015f\u0131ya kal\u0131yor. Suriyeliler, en b\u00fcy\u00fck m\u00fclteci grubunu olu\u015fturmaya devam ediyor. \ud83d\udc48\ud83c\udffbArkada\u015f\u0131m\u0131z\u0131n bu konu hakk\u0131ndaki haberini inceleyelim.\ud83d\udc49\ud83c\udffb 2024 y\u0131l\u0131nda Avrupa Birli\u011fi \u00fclkelerine yap\u0131lan s\u0131\u011f\u0131nma ba\u015fvurular\u0131n\u0131n say\u0131s\u0131 10 y\u0131l aradan sonra ilk kez bir &hellip;<\/p>\n","protected":false},"author":1,"featured_media":114035,"comment_status":"open","ping_status":"open","sticky":false,"template":"","format":"standard","meta":{"rop_custom_images_group":[],"rop_custom_messages_group":[],"rop_publish_now":"initial","rop_publish_now_accounts":[],"rop_publish_now_history":[],"rop_publish_now_status":"pending","footnotes":""},"categories":[23],"tags":[3045],"class_list":["post-114034","post","type-post","status-publish","format-standard","has-post-thumbnail","hentry","category-europe","tag-kibrisa-yonelik-artan-goc-baskisi-suriyeliler-avrupada-en-fazla-siginma-talebinde-bulunan-grup"],"_wp_page_template":null,"_wp_attached_file":null,"_wp_attachment_metadata":null,"_edit_lock":"1745062155:1","yoast_head":"<!-- This site is optimized with the Yoast SEO plugin v24.3 - https:\/\/yoast.com\/wordpress\/plugins\/seo\/ -->\n<title>K\u0131br\u0131s&#039;a Y\u00f6nelik Artan G\u00f6\u00e7 Bask\u0131s\u0131; Suriyeliler Avrupa&#039;da En Fazla S\u0131\u011f\u0131nma Talebinde Bulunan Grup - ShiaWaves Turkish - \u015eia Haberleri<\/title>\n<meta name=\"description\" content=\"K\u0131br\u0131s&#039;a Y\u00f6nelik Artan G\u00f6\u00e7 Bask\u0131s\u0131; Suriyeliler Avrupa&#039;da En Fazla S\u0131\u011f\u0131nma Talebinde Bulunan Grup\" \/>\n<meta name=\"robots\" content=\"index, follow, max-snippet:-1, max-image-preview:large, max-video-preview:-1\" \/>\n<link rel=\"canonical\" href=\"https:\/\/shiawaves.com\/turkish\/2025\/04\/19\/kibrisa-yonelik-artan-goc-baskisi-suriyeliler-avrupada-en-fazla-siginma-talebinde-bulunan-grup\/\" \/>\n<meta property=\"og:locale\" content=\"tr_TR\" \/>\n<meta property=\"og:type\" content=\"article\" \/>\n<meta property=\"og:title\" content=\"K\u0131br\u0131s&#039;a Y\u00f6nelik Artan G\u00f6\u00e7 Bask\u0131s\u0131; Suriyeliler Avrupa&#039;da En Fazla S\u0131\u011f\u0131nma Talebinde Bulunan Grup - ShiaWaves Turkish - \u015eia Haberleri\" \/>\n<meta property=\"og:description\" content=\"K\u0131br\u0131s&#039;a Y\u00f6nelik Artan G\u00f6\u00e7 Bask\u0131s\u0131; Suriyeliler Avrupa&#039;da En Fazla S\u0131\u011f\u0131nma Talebinde Bulunan Grup\" \/>\n<meta property=\"og:url\" content=\"https:\/\/shiawaves.com\/turkish\/2025\/04\/19\/kibrisa-yonelik-artan-goc-baskisi-suriyeliler-avrupada-en-fazla-siginma-talebinde-bulunan-grup\/\" \/>\n<meta property=\"og:site_name\" content=\"ShiaWaves Turkish - \u015eia Haberleri\" \/>\n<meta property=\"article:published_time\" content=\"2025-04-19T11:29:14+00:00\" \/>\n<meta property=\"article:modified_time\" content=\"2025-04-19T11:29:15+00:00\" \/>\n<meta property=\"og:image\" content=\"https:\/\/shiawaves.com\/turkish\/wp-content\/uploads\/sites\/6\/2025\/04\/image-191.png\" \/>\n\t<meta property=\"og:image:width\" content=\"940\" \/>\n\t<meta property=\"og:image:height\" content=\"529\" \/>\n\t<meta property=\"og:image:type\" content=\"image\/png\" \/>\n<meta name=\"author\" content=\"modir\" \/>\n<meta name=\"twitter:card\" content=\"summary_large_image\" \/>\n<meta name=\"twitter:label1\" content=\"Yazan:\" \/>\n\t<meta name=\"twitter:data1\" content=\"modir\" \/>\n\t<meta name=\"twitter:label2\" content=\"Tahmini okuma s\u00fcresi\" \/>\n\t<meta name=\"twitter:data2\" content=\"2 dakika\" \/>\n<script type=\"application\/ld+json\" class=\"yoast-schema-graph\">{\"@context\":\"https:\/\/schema.org\",\"@graph\":[{\"@type\":\"WebPage\",\"@id\":\"https:\/\/shiawaves.com\/turkish\/2025\/04\/19\/kibrisa-yonelik-artan-goc-baskisi-suriyeliler-avrupada-en-fazla-siginma-talebinde-bulunan-grup\/\",\"url\":\"https:\/\/shiawaves.com\/turkish\/2025\/04\/19\/kibrisa-yonelik-artan-goc-baskisi-suriyeliler-avrupada-en-fazla-siginma-talebinde-bulunan-grup\/\",\"name\":\"K\u0131br\u0131s'a Y\u00f6nelik Artan G\u00f6\u00e7 Bask\u0131s\u0131; Suriyeliler Avrupa'da En Fazla S\u0131\u011f\u0131nma Talebinde Bulunan Grup - ShiaWaves Turkish - \u015eia Haberleri\",\"isPartOf\":{\"@id\":\"https:\/\/shiawaves.com\/turkish\/#website\"},\"primaryImageOfPage\":{\"@id\":\"https:\/\/shiawaves.com\/turkish\/2025\/04\/19\/kibrisa-yonelik-artan-goc-baskisi-suriyeliler-avrupada-en-fazla-siginma-talebinde-bulunan-grup\/#primaryimage\"},\"image\":{\"@id\":\"https:\/\/shiawaves.com\/turkish\/2025\/04\/19\/kibrisa-yonelik-artan-goc-baskisi-suriyeliler-avrupada-en-fazla-siginma-talebinde-bulunan-grup\/#primaryimage\"},\"thumbnailUrl\":\"https:\/\/shiawaves.com\/turkish\/wp-content\/uploads\/sites\/6\/2025\/04\/image-191.png\",\"datePublished\":\"2025-04-19T11:29:14+00:00\",\"dateModified\":\"2025-04-19T11:29:15+00:00\",\"author\":{\"@id\":\"https:\/\/shiawaves.com\/turkish\/#\/schema\/person\/9f68d5023e948086b9348fba5aebd954\"},\"description\":\"K\u0131br\u0131s'a Y\u00f6nelik Artan G\u00f6\u00e7 Bask\u0131s\u0131; Suriyeliler Avrupa'da En Fazla S\u0131\u011f\u0131nma Talebinde Bulunan Grup\",\"breadcrumb\":{\"@id\":\"https:\/\/shiawaves.com\/turkish\/2025\/04\/19\/kibrisa-yonelik-artan-goc-baskisi-suriyeliler-avrupada-en-fazla-siginma-talebinde-bulunan-grup\/#breadcrumb\"},\"inLanguage\":\"tr\",\"potentialAction\":[{\"@type\":\"ReadAction\",\"target\":[\"https:\/\/shiawaves.com\/turkish\/2025\/04\/19\/kibrisa-yonelik-artan-goc-baskisi-suriyeliler-avrupada-en-fazla-siginma-talebinde-bulunan-grup\/\"]}]},{\"@type\":\"ImageObject\",\"inLanguage\":\"tr\",\"@id\":\"https:\/\/shiawaves.com\/turkish\/2025\/04\/19\/kibrisa-yonelik-artan-goc-baskisi-suriyeliler-avrupada-en-fazla-siginma-talebinde-bulunan-grup\/#primaryimage\",\"url\":\"https:\/\/shiawaves.com\/turkish\/wp-content\/uploads\/sites\/6\/2025\/04\/image-191.png\",\"contentUrl\":\"https:\/\/shiawaves.com\/turkish\/wp-content\/uploads\/sites\/6\/2025\/04\/image-191.png\",\"width\":940,\"height\":529,\"caption\":\"K\u0131br\u0131s'a Y\u00f6nelik Artan G\u00f6\u00e7 Bask\u0131s\u0131; Suriyeliler Avrupa'da En Fazla S\u0131\u011f\u0131nma Talebinde Bulunan Grup\"},{\"@type\":\"BreadcrumbList\",\"@id\":\"https:\/\/shiawaves.com\/turkish\/2025\/04\/19\/kibrisa-yonelik-artan-goc-baskisi-suriyeliler-avrupada-en-fazla-siginma-talebinde-bulunan-grup\/#breadcrumb\",\"itemListElement\":[{\"@type\":\"ListItem\",\"position\":1,\"name\":\"Home\",\"item\":\"https:\/\/shiawaves.com\/turkish\/\"},{\"@type\":\"ListItem\",\"position\":2,\"name\":\"K\u0131br\u0131s&#8217;a Y\u00f6nelik Artan G\u00f6\u00e7 Bask\u0131s\u0131; Suriyeliler Avrupa&#8217;da En Fazla S\u0131\u011f\u0131nma Talebinde Bulunan Grup\"}]},{\"@type\":\"WebSite\",\"@id\":\"https:\/\/shiawaves.com\/turkish\/#website\",\"url\":\"https:\/\/shiawaves.com\/turkish\/\",\"name\":\"ShiaWaves Turkish - \u015eia Haberleri\",\"description\":\"\",\"potentialAction\":[{\"@type\":\"SearchAction\",\"target\":{\"@type\":\"EntryPoint\",\"urlTemplate\":\"https:\/\/shiawaves.com\/turkish\/?s={search_term_string}\"},\"query-input\":{\"@type\":\"PropertyValueSpecification\",\"valueRequired\":true,\"valueName\":\"search_term_string\"}}],\"inLanguage\":\"tr\"},{\"@type\":\"Person\",\"@id\":\"https:\/\/shiawaves.com\/turkish\/#\/schema\/person\/9f68d5023e948086b9348fba5aebd954\",\"name\":\"modir\",\"image\":{\"@type\":\"ImageObject\",\"inLanguage\":\"tr\",\"@id\":\"https:\/\/shiawaves.com\/turkish\/#\/schema\/person\/image\/\",\"url\":\"https:\/\/secure.gravatar.com\/avatar\/8e76f93cdbdd480bd8918d1e0e1d938664c9cb1516c2a57a2b96fe50b507a6b9?s=96&d=mm&r=g\",\"contentUrl\":\"https:\/\/secure.gravatar.com\/avatar\/8e76f93cdbdd480bd8918d1e0e1d938664c9cb1516c2a57a2b96fe50b507a6b9?s=96&d=mm&r=g\",\"caption\":\"modir\"},\"sameAs\":[\"https:\/\/shiawaves.com\"],\"url\":\"https:\/\/shiawaves.com\/turkish\/author\/modir\/\"}]}<\/script>\n<!-- \/ Yoast SEO plugin. -->","yoast_head_json":{"title":"K\u0131br\u0131s'a Y\u00f6nelik Artan G\u00f6\u00e7 Bask\u0131s\u0131; Suriyeliler Avrupa'da En Fazla S\u0131\u011f\u0131nma Talebinde Bulunan Grup - ShiaWaves Turkish - \u015eia Haberleri","description":"K\u0131br\u0131s'a Y\u00f6nelik Artan G\u00f6\u00e7 Bask\u0131s\u0131; Suriyeliler Avrupa'da En Fazla S\u0131\u011f\u0131nma Talebinde Bulunan Grup","robots":{"index":"index","follow":"follow","max-snippet":"max-snippet:-1","max-image-preview":"max-image-preview:large","max-video-preview":"max-video-preview:-1"},"canonical":"https:\/\/shiawaves.com\/turkish\/2025\/04\/19\/kibrisa-yonelik-artan-goc-baskisi-suriyeliler-avrupada-en-fazla-siginma-talebinde-bulunan-grup\/","og_locale":"tr_TR","og_type":"article","og_title":"K\u0131br\u0131s'a Y\u00f6nelik Artan G\u00f6\u00e7 Bask\u0131s\u0131; Suriyeliler Avrupa'da En Fazla S\u0131\u011f\u0131nma Talebinde Bulunan Grup - ShiaWaves Turkish - \u015eia Haberleri","og_description":"K\u0131br\u0131s'a Y\u00f6nelik Artan G\u00f6\u00e7 Bask\u0131s\u0131; Suriyeliler Avrupa'da En Fazla S\u0131\u011f\u0131nma Talebinde Bulunan Grup","og_url":"https:\/\/shiawaves.com\/turkish\/2025\/04\/19\/kibrisa-yonelik-artan-goc-baskisi-suriyeliler-avrupada-en-fazla-siginma-talebinde-bulunan-grup\/","og_site_name":"ShiaWaves Turkish - \u015eia Haberleri","article_published_time":"2025-04-19T11:29:14+00:00","article_modified_time":"2025-04-19T11:29:15+00:00","og_image":[{"width":940,"height":529,"url":"https:\/\/shiawaves.com\/turkish\/wp-content\/uploads\/sites\/6\/2025\/04\/image-191.png","type":"image\/png"}],"author":"modir","twitter_card":"summary_large_image","twitter_misc":{"Yazan:":"modir","Tahmini okuma s\u00fcresi":"2 dakika"},"schema":{"@context":"https:\/\/schema.org","@graph":[{"@type":"WebPage","@id":"https:\/\/shiawaves.com\/turkish\/2025\/04\/19\/kibrisa-yonelik-artan-goc-baskisi-suriyeliler-avrupada-en-fazla-siginma-talebinde-bulunan-grup\/","url":"https:\/\/shiawaves.com\/turkish\/2025\/04\/19\/kibrisa-yonelik-artan-goc-baskisi-suriyeliler-avrupada-en-fazla-siginma-talebinde-bulunan-grup\/","name":"K\u0131br\u0131s'a Y\u00f6nelik Artan G\u00f6\u00e7 Bask\u0131s\u0131; Suriyeliler Avrupa'da En Fazla S\u0131\u011f\u0131nma Talebinde Bulunan Grup - ShiaWaves Turkish - \u015eia Haberleri","isPartOf":{"@id":"https:\/\/shiawaves.com\/turkish\/#website"},"primaryImageOfPage":{"@id":"https:\/\/shiawaves.com\/turkish\/2025\/04\/19\/kibrisa-yonelik-artan-goc-baskisi-suriyeliler-avrupada-en-fazla-siginma-talebinde-bulunan-grup\/#primaryimage"},"image":{"@id":"https:\/\/shiawaves.com\/turkish\/2025\/04\/19\/kibrisa-yonelik-artan-goc-baskisi-suriyeliler-avrupada-en-fazla-siginma-talebinde-bulunan-grup\/#primaryimage"},"thumbnailUrl":"https:\/\/shiawaves.com\/turkish\/wp-content\/uploads\/sites\/6\/2025\/04\/image-191.png","datePublished":"2025-04-19T11:29:14+00:00","dateModified":"2025-04-19T11:29:15+00:00","author":{"@id":"https:\/\/shiawaves.com\/turkish\/#\/schema\/person\/9f68d5023e948086b9348fba5aebd954"},"description":"K\u0131br\u0131s'a Y\u00f6nelik Artan G\u00f6\u00e7 Bask\u0131s\u0131; Suriyeliler Avrupa'da En Fazla S\u0131\u011f\u0131nma Talebinde Bulunan Grup","breadcrumb":{"@id":"https:\/\/shiawaves.com\/turkish\/2025\/04\/19\/kibrisa-yonelik-artan-goc-baskisi-suriyeliler-avrupada-en-fazla-siginma-talebinde-bulunan-grup\/#breadcrumb"},"inLanguage":"tr","potentialAction":[{"@type":"ReadAction","target":["https:\/\/shiawaves.com\/turkish\/2025\/04\/19\/kibrisa-yonelik-artan-goc-baskisi-suriyeliler-avrupada-en-fazla-siginma-talebinde-bulunan-grup\/"]}]},{"@type":"ImageObject","inLanguage":"tr","@id":"https:\/\/shiawaves.com\/turkish\/2025\/04\/19\/kibrisa-yonelik-artan-goc-baskisi-suriyeliler-avrupada-en-fazla-siginma-talebinde-bulunan-grup\/#primaryimage","url":"https:\/\/shiawaves.com\/turkish\/wp-content\/uploads\/sites\/6\/2025\/04\/image-191.png","contentUrl":"https:\/\/shiawaves.com\/turkish\/wp-content\/uploads\/sites\/6\/2025\/04\/image-191.png","width":940,"height":529,"caption":"K\u0131br\u0131s'a Y\u00f6nelik Artan G\u00f6\u00e7 Bask\u0131s\u0131; Suriyeliler Avrupa'da En Fazla S\u0131\u011f\u0131nma Talebinde Bulunan Grup"},{"@type":"BreadcrumbList","@id":"https:\/\/shiawaves.com\/turkish\/2025\/04\/19\/kibrisa-yonelik-artan-goc-baskisi-suriyeliler-avrupada-en-fazla-siginma-talebinde-bulunan-grup\/#breadcrumb","itemListElement":[{"@type":"ListItem","position":1,"name":"Home","item":"https:\/\/shiawaves.com\/turkish\/"},{"@type":"ListItem","position":2,"name":"K\u0131br\u0131s&#8217;a Y\u00f6nelik Artan G\u00f6\u00e7 Bask\u0131s\u0131; Suriyeliler Avrupa&#8217;da En Fazla S\u0131\u011f\u0131nma Talebinde Bulunan Grup"}]},{"@type":"WebSite","@id":"https:\/\/shiawaves.com\/turkish\/#website","url":"https:\/\/shiawaves.com\/turkish\/","name":"ShiaWaves Turkish - \u015eia Haberleri","description":"","potentialAction":[{"@type":"SearchAction","target":{"@type":"EntryPoint","urlTemplate":"https:\/\/shiawaves.com\/turkish\/?s={search_term_string}"},"query-input":{"@type":"PropertyValueSpecification","valueRequired":true,"valueName":"search_term_string"}}],"inLanguage":"tr"},{"@type":"Person","@id":"https:\/\/shiawaves.com\/turkish\/#\/schema\/person\/9f68d5023e948086b9348fba5aebd954","name":"modir","image":{"@type":"ImageObject","inLanguage":"tr","@id":"https:\/\/shiawaves.com\/turkish\/#\/schema\/person\/image\/","url":"https:\/\/secure.gravatar.com\/avatar\/8e76f93cdbdd480bd8918d1e0e1d938664c9cb1516c2a57a2b96fe50b507a6b9?s=96&d=mm&r=g","contentUrl":"https:\/\/secure.gravatar.com\/avatar\/8e76f93cdbdd480bd8918d1e0e1d938664c9cb1516c2a57a2b96fe50b507a6b9?s=96&d=mm&r=g","caption":"modir"},"sameAs":["https:\/\/shiawaves.com"],"url":"https:\/\/shiawaves.com\/turkish\/author\/modir\/"}]}},"_links":{"self":[{"href":"https:\/\/shiawaves.com\/turkish\/wp-json\/wp\/v2\/posts\/114034","targetHints":{"allow":["GET"]}}],"collection":[{"href":"https:\/\/shiawaves.com\/turkish\/wp-json\/wp\/v2\/posts"}],"about":[{"href":"https:\/\/shiawaves.com\/turkish\/wp-json\/wp\/v2\/types\/post"}],"author":[{"embeddable":true,"href":"https:\/\/shiawaves.com\/turkish\/wp-json\/wp\/v2\/users\/1"}],"replies":[{"embeddable":true,"href":"https:\/\/shiawaves.com\/turkish\/wp-json\/wp\/v2\/comments?post=114034"}],"version-history":[{"count":1,"href":"https:\/\/shiawaves.com\/turkish\/wp-json\/wp\/v2\/posts\/114034\/revisions"}],"predecessor-version":[{"id":114036,"href":"https:\/\/shiawaves.com\/turkish\/wp-json\/wp\/v2\/posts\/114034\/revisions\/114036"}],"wp:featuredmedia":[{"embeddable":true,"href":"https:\/\/shiawaves.com\/turkish\/wp-json\/wp\/v2\/media\/114035"}],"wp:attachment":[{"href":"https:\/\/shiawaves.com\/turkish\/wp-json\/wp\/v2\/media?parent=114034"}],"wp:term":[{"taxonomy":"category","embeddable":true,"href":"https:\/\/shiawaves.com\/turkish\/wp-json\/wp\/v2\/categories?post=114034"},{"taxonomy":"post_tag","embeddable":true,"href":"https:\/\/shiawaves.com\/turkish\/wp-json\/wp\/v2\/tags?post=114034"}],"curies":[{"name":"wp","href":"https:\/\/api.w.org\/{rel}","templated":true}]}}