{"id":113955,"date":"2025-04-16T19:56:42","date_gmt":"2025-04-16T16:56:42","guid":{"rendered":"https:\/\/shiawaves.com\/turkish\/?p=113955"},"modified":"2025-04-16T19:56:42","modified_gmt":"2025-04-16T16:56:42","slug":"almanyada-ikamet-firsati-hakki-yasasi-2025-yili-sonuna-kadar-kaldirilacak-binlerce-gocmen-sinir-disi-edilme-tehlikesiyle-karsi-karsiya","status":"publish","type":"post","link":"https:\/\/shiawaves.com\/turkish\/2025\/04\/16\/almanyada-ikamet-firsati-hakki-yasasi-2025-yili-sonuna-kadar-kaldirilacak-binlerce-gocmen-sinir-disi-edilme-tehlikesiyle-karsi-karsiya\/","title":{"rendered":"Almanya&#8217;da &#8220;\u0130kamet F\u0131rsat\u0131 Hakk\u0131&#8221; Yasas\u0131 2025 Y\u0131l\u0131 Sonuna Kadar Kald\u0131r\u0131lacak; Binlerce G\u00f6\u00e7men S\u0131n\u0131r D\u0131\u015f\u0131 Edilme Tehlikesiyle Kar\u015f\u0131 Kar\u015f\u0131ya"},"content":{"rendered":"\n<p>Almanya&#8217;da &#8220;oturum hakk\u0131&#8221; yasas\u0131n\u0131n sona ermesi yakla\u015f\u0131rken, y\u0131llard\u0131r \u00fclkede istikrar umuduyla ya\u015fayan binlerce g\u00f6\u00e7men, belirsiz bir gelecekle kar\u015f\u0131 kar\u015f\u0131ya kal\u0131yor.<\/p>\n\n\n\n<p>Almanya&#8217;n\u0131n yeni koalisyon h\u00fck\u00fcmeti, g\u00f6\u00e7menlerin \u00fclkede kalma ko\u015fullar\u0131n\u0131 her zamankinden daha k\u0131s\u0131tlay\u0131c\u0131 hale getirerek daha kat\u0131 bir yakla\u015f\u0131m benimsedi.<\/p>\n\n\n\n<p>\ud83d\udc48\ud83c\udffbArkada\u015f\u0131m\u0131z\u0131n bu konu hakk\u0131ndaki haberini inceleyelim.\ud83d\udc49\ud83c\udffb<\/p>\n\n\n\n<p>Almanya&#8217;da Aral\u0131k 2022&#8217;de y\u00fcr\u00fcrl\u00fc\u011fe giren &#8220;\u0130kamet Hakk\u0131 F\u0131rsat\u0131&#8221; yasas\u0131, daha \u00f6nce \u00fclkeyi terk etmesi gereken 82 binden fazla g\u00f6\u00e7menin yasal olarak kalmas\u0131na olanak sa\u011flad\u0131.<\/p>\n\n\n\n<p>Bu yasa, Almanya&#8217;da en az be\u015f y\u0131l ya\u015fam\u0131\u015f, ancak kal\u0131\u015f s\u00fcresi ge\u00e7ici ve istikrars\u0131z kabul edilen g\u00f6\u00e7menlere \u00fc\u00e7 y\u0131ll\u0131k bir s\u00fcre tan\u0131yordu.<\/p>\n\n\n\n<figure class=\"wp-block-image size-full is-resized\"><img loading=\"lazy\" decoding=\"async\" width=\"768\" height=\"336\" src=\"https:\/\/shiawaves.com\/turkish\/wp-content\/uploads\/sites\/6\/2025\/04\/image-169.png\" alt=\"\" class=\"wp-image-113956\" style=\"width:840px;height:auto\" srcset=\"https:\/\/shiawaves.com\/turkish\/wp-content\/uploads\/sites\/6\/2025\/04\/image-169.png 768w, https:\/\/shiawaves.com\/turkish\/wp-content\/uploads\/sites\/6\/2025\/04\/image-169-300x131.png 300w\" sizes=\"auto, (max-width: 768px) 100vw, 768px\" \/><\/figure>\n\n\n\n<p>\u015eimdi yeni koalisyon h\u00fck\u00fcmetinin karar\u0131yla bu yasa 2025 y\u0131l\u0131 sonunda sona erecek ve yenilenmeyecek.<\/p>\n\n\n\n<p>Oysa ki, \u00f6zellikle sava\u015f ma\u011fduru ve yoksul \u00fclkelerden gelen \u00e7ok say\u0131da M\u00fcsl\u00fcman g\u00f6\u00e7men, bu yasay\u0131 kullanarak toplumsal entegrasyon yoluna girmi\u015fti.<\/p>\n\n\n\n<p>\u0130kamet politikas\u0131n\u0131n yeni versiyonuna g\u00f6re, yaln\u0131zca kimli\u011fi net olan, ekonomik olarak kendine yetebilen ve Alman toplumuna dil ve k\u00fclt\u00fcr a\u00e7\u0131s\u0131ndan iyi entegre olmu\u015f ki\u015filer ge\u00e7ici ikamet izni alabilecekler.<\/p>\n\n\n\n<p>Bu de\u011fi\u015fiklikler \u00f6zellikle insani nedenlerle kimlik belgesi bulunmayan veya g\u00fcvenli geri d\u00f6n\u00fc\u015f \u015fartlar\u0131na sahip olmayan ki\u015filer a\u00e7\u0131s\u0131ndan b\u00fcy\u00fck endi\u015feye yol a\u00e7t\u0131.<\/p>\n\n\n\n<p>Pro Azul gibi m\u00fclteci haklar\u0131 gruplar\u0131 yeni k\u0131s\u0131tlamalar konusunda uyar\u0131da bulunurken, Almanya&#8217;daki muhafazakar partiler, kimlikleri hakk\u0131nda yalan s\u00f6yleme ge\u00e7mi\u015fi olan ki\u015filerin ikametlerinin tamamen sona erdirilmesini talep ediyor.<\/p>\n\n\n\n<p>Bu yasan\u0131n sona ermesi bir\u00e7ok g\u00f6\u00e7men, \u00e7o\u011funlukla M\u00fcsl\u00fcman, kriz ya\u015fayan \u00fclkelerden gelen ve daha iyi bir ya\u015fam umuduyla y\u0131llard\u0131r Almanya&#8217;da \u00e7al\u0131\u015fan insanlar i\u00e7in umut penceresini kapat\u0131yor.<\/p>\n","protected":false},"excerpt":{"rendered":"<p>Almanya&#8217;da &#8220;oturum hakk\u0131&#8221; yasas\u0131n\u0131n sona ermesi yakla\u015f\u0131rken, y\u0131llard\u0131r \u00fclkede istikrar umuduyla ya\u015fayan binlerce g\u00f6\u00e7men, belirsiz bir gelecekle kar\u015f\u0131 kar\u015f\u0131ya kal\u0131yor. Almanya&#8217;n\u0131n yeni koalisyon h\u00fck\u00fcmeti, g\u00f6\u00e7menlerin \u00fclkede kalma ko\u015fullar\u0131n\u0131 her zamankinden daha k\u0131s\u0131tlay\u0131c\u0131 hale getirerek daha kat\u0131 bir yakla\u015f\u0131m benimsedi. \ud83d\udc48\ud83c\udffbArkada\u015f\u0131m\u0131z\u0131n bu konu hakk\u0131ndaki haberini inceleyelim.\ud83d\udc49\ud83c\udffb Almanya&#8217;da Aral\u0131k 2022&#8217;de y\u00fcr\u00fcrl\u00fc\u011fe giren &#8220;\u0130kamet Hakk\u0131 F\u0131rsat\u0131&#8221; yasas\u0131, daha &hellip;<\/p>\n","protected":false},"author":1,"featured_media":113956,"comment_status":"open","ping_status":"open","sticky":false,"template":"","format":"standard","meta":{"rop_custom_images_group":[],"rop_custom_messages_group":[],"rop_publish_now":"initial","rop_publish_now_accounts":[],"rop_publish_now_history":[],"rop_publish_now_status":"pending","footnotes":""},"categories":[71],"tags":[3019],"class_list":["post-113955","post","type-post","status-publish","format-standard","has-post-thumbnail","hentry","category-germany","tag-almanyada-ikamet-firsati-hakki-yasasi-2025-yili-sonuna-kadar-kaldirilacak-binlerce-gocmen-sinir-disi-edilme-tehlikesiyle-karsi-karsiya"],"_wp_page_template":null,"_wp_attached_file":null,"_wp_attachment_metadata":null,"_edit_lock":"1744822603:1","yoast_head":"<!-- This site is optimized with the Yoast SEO plugin v24.3 - https:\/\/yoast.com\/wordpress\/plugins\/seo\/ -->\n<title>Almanya&#039;da &quot;\u0130kamet F\u0131rsat\u0131 Hakk\u0131&quot; Yasas\u0131 2025 Y\u0131l\u0131 Sonuna Kadar Kald\u0131r\u0131lacak; Binlerce G\u00f6\u00e7men S\u0131n\u0131r D\u0131\u015f\u0131 Edilme Tehlikesiyle Kar\u015f\u0131 Kar\u015f\u0131ya - ShiaWaves Turkish - \u015eia Haberleri<\/title>\n<meta name=\"description\" content=\"Almanya&#039;da &quot;\u0130kamet F\u0131rsat\u0131 Hakk\u0131&quot; Yasas\u0131 2025 Y\u0131l\u0131 Sonuna Kadar Kald\u0131r\u0131lacak; Binlerce G\u00f6\u00e7men S\u0131n\u0131r D\u0131\u015f\u0131 Edilme Tehlikesiyle Kar\u015f\u0131 Kar\u015f\u0131ya\" \/>\n<meta name=\"robots\" content=\"index, follow, max-snippet:-1, max-image-preview:large, max-video-preview:-1\" \/>\n<link rel=\"canonical\" href=\"https:\/\/shiawaves.com\/turkish\/2025\/04\/16\/almanyada-ikamet-firsati-hakki-yasasi-2025-yili-sonuna-kadar-kaldirilacak-binlerce-gocmen-sinir-disi-edilme-tehlikesiyle-karsi-karsiya\/\" \/>\n<meta property=\"og:locale\" content=\"tr_TR\" \/>\n<meta property=\"og:type\" content=\"article\" \/>\n<meta property=\"og:title\" content=\"Almanya&#039;da &quot;\u0130kamet F\u0131rsat\u0131 Hakk\u0131&quot; Yasas\u0131 2025 Y\u0131l\u0131 Sonuna Kadar Kald\u0131r\u0131lacak; Binlerce G\u00f6\u00e7men S\u0131n\u0131r D\u0131\u015f\u0131 Edilme Tehlikesiyle Kar\u015f\u0131 Kar\u015f\u0131ya - ShiaWaves Turkish - \u015eia Haberleri\" \/>\n<meta property=\"og:description\" content=\"Almanya&#039;da &quot;\u0130kamet F\u0131rsat\u0131 Hakk\u0131&quot; Yasas\u0131 2025 Y\u0131l\u0131 Sonuna Kadar Kald\u0131r\u0131lacak; Binlerce G\u00f6\u00e7men S\u0131n\u0131r D\u0131\u015f\u0131 Edilme Tehlikesiyle Kar\u015f\u0131 Kar\u015f\u0131ya\" \/>\n<meta property=\"og:url\" content=\"https:\/\/shiawaves.com\/turkish\/2025\/04\/16\/almanyada-ikamet-firsati-hakki-yasasi-2025-yili-sonuna-kadar-kaldirilacak-binlerce-gocmen-sinir-disi-edilme-tehlikesiyle-karsi-karsiya\/\" \/>\n<meta property=\"og:site_name\" content=\"ShiaWaves Turkish - \u015eia Haberleri\" \/>\n<meta property=\"article:published_time\" content=\"2025-04-16T16:56:42+00:00\" \/>\n<meta property=\"og:image\" content=\"https:\/\/shiawaves.com\/turkish\/wp-content\/uploads\/sites\/6\/2025\/04\/image-169.png\" \/>\n\t<meta property=\"og:image:width\" content=\"768\" \/>\n\t<meta property=\"og:image:height\" content=\"336\" \/>\n\t<meta property=\"og:image:type\" content=\"image\/png\" \/>\n<meta name=\"author\" content=\"modir\" \/>\n<meta name=\"twitter:card\" content=\"summary_large_image\" \/>\n<meta name=\"twitter:label1\" content=\"Yazan:\" \/>\n\t<meta name=\"twitter:data1\" content=\"modir\" \/>\n\t<meta name=\"twitter:label2\" content=\"Tahmini okuma s\u00fcresi\" \/>\n\t<meta name=\"twitter:data2\" content=\"2 dakika\" \/>\n<script type=\"application\/ld+json\" class=\"yoast-schema-graph\">{\"@context\":\"https:\/\/schema.org\",\"@graph\":[{\"@type\":\"WebPage\",\"@id\":\"https:\/\/shiawaves.com\/turkish\/2025\/04\/16\/almanyada-ikamet-firsati-hakki-yasasi-2025-yili-sonuna-kadar-kaldirilacak-binlerce-gocmen-sinir-disi-edilme-tehlikesiyle-karsi-karsiya\/\",\"url\":\"https:\/\/shiawaves.com\/turkish\/2025\/04\/16\/almanyada-ikamet-firsati-hakki-yasasi-2025-yili-sonuna-kadar-kaldirilacak-binlerce-gocmen-sinir-disi-edilme-tehlikesiyle-karsi-karsiya\/\",\"name\":\"Almanya'da \\\"\u0130kamet F\u0131rsat\u0131 Hakk\u0131\\\" Yasas\u0131 2025 Y\u0131l\u0131 Sonuna Kadar Kald\u0131r\u0131lacak; Binlerce G\u00f6\u00e7men S\u0131n\u0131r D\u0131\u015f\u0131 Edilme Tehlikesiyle Kar\u015f\u0131 Kar\u015f\u0131ya - ShiaWaves Turkish - \u015eia Haberleri\",\"isPartOf\":{\"@id\":\"https:\/\/shiawaves.com\/turkish\/#website\"},\"primaryImageOfPage\":{\"@id\":\"https:\/\/shiawaves.com\/turkish\/2025\/04\/16\/almanyada-ikamet-firsati-hakki-yasasi-2025-yili-sonuna-kadar-kaldirilacak-binlerce-gocmen-sinir-disi-edilme-tehlikesiyle-karsi-karsiya\/#primaryimage\"},\"image\":{\"@id\":\"https:\/\/shiawaves.com\/turkish\/2025\/04\/16\/almanyada-ikamet-firsati-hakki-yasasi-2025-yili-sonuna-kadar-kaldirilacak-binlerce-gocmen-sinir-disi-edilme-tehlikesiyle-karsi-karsiya\/#primaryimage\"},\"thumbnailUrl\":\"https:\/\/shiawaves.com\/turkish\/wp-content\/uploads\/sites\/6\/2025\/04\/image-169.png\",\"datePublished\":\"2025-04-16T16:56:42+00:00\",\"dateModified\":\"2025-04-16T16:56:42+00:00\",\"author\":{\"@id\":\"https:\/\/shiawaves.com\/turkish\/#\/schema\/person\/9f68d5023e948086b9348fba5aebd954\"},\"description\":\"Almanya'da \\\"\u0130kamet F\u0131rsat\u0131 Hakk\u0131\\\" Yasas\u0131 2025 Y\u0131l\u0131 Sonuna Kadar Kald\u0131r\u0131lacak; Binlerce G\u00f6\u00e7men S\u0131n\u0131r D\u0131\u015f\u0131 Edilme Tehlikesiyle Kar\u015f\u0131 Kar\u015f\u0131ya\",\"breadcrumb\":{\"@id\":\"https:\/\/shiawaves.com\/turkish\/2025\/04\/16\/almanyada-ikamet-firsati-hakki-yasasi-2025-yili-sonuna-kadar-kaldirilacak-binlerce-gocmen-sinir-disi-edilme-tehlikesiyle-karsi-karsiya\/#breadcrumb\"},\"inLanguage\":\"tr\",\"potentialAction\":[{\"@type\":\"ReadAction\",\"target\":[\"https:\/\/shiawaves.com\/turkish\/2025\/04\/16\/almanyada-ikamet-firsati-hakki-yasasi-2025-yili-sonuna-kadar-kaldirilacak-binlerce-gocmen-sinir-disi-edilme-tehlikesiyle-karsi-karsiya\/\"]}]},{\"@type\":\"ImageObject\",\"inLanguage\":\"tr\",\"@id\":\"https:\/\/shiawaves.com\/turkish\/2025\/04\/16\/almanyada-ikamet-firsati-hakki-yasasi-2025-yili-sonuna-kadar-kaldirilacak-binlerce-gocmen-sinir-disi-edilme-tehlikesiyle-karsi-karsiya\/#primaryimage\",\"url\":\"https:\/\/shiawaves.com\/turkish\/wp-content\/uploads\/sites\/6\/2025\/04\/image-169.png\",\"contentUrl\":\"https:\/\/shiawaves.com\/turkish\/wp-content\/uploads\/sites\/6\/2025\/04\/image-169.png\",\"width\":768,\"height\":336,\"caption\":\"Almanya'da \\\"\u0130kamet F\u0131rsat\u0131 Hakk\u0131\\\" Yasas\u0131 2025 Y\u0131l\u0131 Sonuna Kadar Kald\u0131r\u0131lacak; Binlerce G\u00f6\u00e7men S\u0131n\u0131r D\u0131\u015f\u0131 Edilme Tehlikesiyle Kar\u015f\u0131 Kar\u015f\u0131ya\"},{\"@type\":\"BreadcrumbList\",\"@id\":\"https:\/\/shiawaves.com\/turkish\/2025\/04\/16\/almanyada-ikamet-firsati-hakki-yasasi-2025-yili-sonuna-kadar-kaldirilacak-binlerce-gocmen-sinir-disi-edilme-tehlikesiyle-karsi-karsiya\/#breadcrumb\",\"itemListElement\":[{\"@type\":\"ListItem\",\"position\":1,\"name\":\"Home\",\"item\":\"https:\/\/shiawaves.com\/turkish\/\"},{\"@type\":\"ListItem\",\"position\":2,\"name\":\"Almanya&#8217;da &#8220;\u0130kamet F\u0131rsat\u0131 Hakk\u0131&#8221; Yasas\u0131 2025 Y\u0131l\u0131 Sonuna Kadar Kald\u0131r\u0131lacak; Binlerce G\u00f6\u00e7men S\u0131n\u0131r D\u0131\u015f\u0131 Edilme Tehlikesiyle Kar\u015f\u0131 Kar\u015f\u0131ya\"}]},{\"@type\":\"WebSite\",\"@id\":\"https:\/\/shiawaves.com\/turkish\/#website\",\"url\":\"https:\/\/shiawaves.com\/turkish\/\",\"name\":\"ShiaWaves Turkish - \u015eia Haberleri\",\"description\":\"\",\"potentialAction\":[{\"@type\":\"SearchAction\",\"target\":{\"@type\":\"EntryPoint\",\"urlTemplate\":\"https:\/\/shiawaves.com\/turkish\/?s={search_term_string}\"},\"query-input\":{\"@type\":\"PropertyValueSpecification\",\"valueRequired\":true,\"valueName\":\"search_term_string\"}}],\"inLanguage\":\"tr\"},{\"@type\":\"Person\",\"@id\":\"https:\/\/shiawaves.com\/turkish\/#\/schema\/person\/9f68d5023e948086b9348fba5aebd954\",\"name\":\"modir\",\"image\":{\"@type\":\"ImageObject\",\"inLanguage\":\"tr\",\"@id\":\"https:\/\/shiawaves.com\/turkish\/#\/schema\/person\/image\/\",\"url\":\"https:\/\/secure.gravatar.com\/avatar\/8e76f93cdbdd480bd8918d1e0e1d938664c9cb1516c2a57a2b96fe50b507a6b9?s=96&d=mm&r=g\",\"contentUrl\":\"https:\/\/secure.gravatar.com\/avatar\/8e76f93cdbdd480bd8918d1e0e1d938664c9cb1516c2a57a2b96fe50b507a6b9?s=96&d=mm&r=g\",\"caption\":\"modir\"},\"sameAs\":[\"https:\/\/shiawaves.com\"],\"url\":\"https:\/\/shiawaves.com\/turkish\/author\/modir\/\"}]}<\/script>\n<!-- \/ Yoast SEO plugin. -->","yoast_head_json":{"title":"Almanya'da \"\u0130kamet F\u0131rsat\u0131 Hakk\u0131\" Yasas\u0131 2025 Y\u0131l\u0131 Sonuna Kadar Kald\u0131r\u0131lacak; Binlerce G\u00f6\u00e7men S\u0131n\u0131r D\u0131\u015f\u0131 Edilme Tehlikesiyle Kar\u015f\u0131 Kar\u015f\u0131ya - ShiaWaves Turkish - \u015eia Haberleri","description":"Almanya'da \"\u0130kamet F\u0131rsat\u0131 Hakk\u0131\" Yasas\u0131 2025 Y\u0131l\u0131 Sonuna Kadar Kald\u0131r\u0131lacak; Binlerce G\u00f6\u00e7men S\u0131n\u0131r D\u0131\u015f\u0131 Edilme Tehlikesiyle Kar\u015f\u0131 Kar\u015f\u0131ya","robots":{"index":"index","follow":"follow","max-snippet":"max-snippet:-1","max-image-preview":"max-image-preview:large","max-video-preview":"max-video-preview:-1"},"canonical":"https:\/\/shiawaves.com\/turkish\/2025\/04\/16\/almanyada-ikamet-firsati-hakki-yasasi-2025-yili-sonuna-kadar-kaldirilacak-binlerce-gocmen-sinir-disi-edilme-tehlikesiyle-karsi-karsiya\/","og_locale":"tr_TR","og_type":"article","og_title":"Almanya'da \"\u0130kamet F\u0131rsat\u0131 Hakk\u0131\" Yasas\u0131 2025 Y\u0131l\u0131 Sonuna Kadar Kald\u0131r\u0131lacak; Binlerce G\u00f6\u00e7men S\u0131n\u0131r D\u0131\u015f\u0131 Edilme Tehlikesiyle Kar\u015f\u0131 Kar\u015f\u0131ya - ShiaWaves Turkish - \u015eia Haberleri","og_description":"Almanya'da \"\u0130kamet F\u0131rsat\u0131 Hakk\u0131\" Yasas\u0131 2025 Y\u0131l\u0131 Sonuna Kadar Kald\u0131r\u0131lacak; Binlerce G\u00f6\u00e7men S\u0131n\u0131r D\u0131\u015f\u0131 Edilme Tehlikesiyle Kar\u015f\u0131 Kar\u015f\u0131ya","og_url":"https:\/\/shiawaves.com\/turkish\/2025\/04\/16\/almanyada-ikamet-firsati-hakki-yasasi-2025-yili-sonuna-kadar-kaldirilacak-binlerce-gocmen-sinir-disi-edilme-tehlikesiyle-karsi-karsiya\/","og_site_name":"ShiaWaves Turkish - \u015eia Haberleri","article_published_time":"2025-04-16T16:56:42+00:00","og_image":[{"width":768,"height":336,"url":"https:\/\/shiawaves.com\/turkish\/wp-content\/uploads\/sites\/6\/2025\/04\/image-169.png","type":"image\/png"}],"author":"modir","twitter_card":"summary_large_image","twitter_misc":{"Yazan:":"modir","Tahmini okuma s\u00fcresi":"2 dakika"},"schema":{"@context":"https:\/\/schema.org","@graph":[{"@type":"WebPage","@id":"https:\/\/shiawaves.com\/turkish\/2025\/04\/16\/almanyada-ikamet-firsati-hakki-yasasi-2025-yili-sonuna-kadar-kaldirilacak-binlerce-gocmen-sinir-disi-edilme-tehlikesiyle-karsi-karsiya\/","url":"https:\/\/shiawaves.com\/turkish\/2025\/04\/16\/almanyada-ikamet-firsati-hakki-yasasi-2025-yili-sonuna-kadar-kaldirilacak-binlerce-gocmen-sinir-disi-edilme-tehlikesiyle-karsi-karsiya\/","name":"Almanya'da \"\u0130kamet F\u0131rsat\u0131 Hakk\u0131\" Yasas\u0131 2025 Y\u0131l\u0131 Sonuna Kadar Kald\u0131r\u0131lacak; Binlerce G\u00f6\u00e7men S\u0131n\u0131r D\u0131\u015f\u0131 Edilme Tehlikesiyle Kar\u015f\u0131 Kar\u015f\u0131ya - ShiaWaves Turkish - \u015eia Haberleri","isPartOf":{"@id":"https:\/\/shiawaves.com\/turkish\/#website"},"primaryImageOfPage":{"@id":"https:\/\/shiawaves.com\/turkish\/2025\/04\/16\/almanyada-ikamet-firsati-hakki-yasasi-2025-yili-sonuna-kadar-kaldirilacak-binlerce-gocmen-sinir-disi-edilme-tehlikesiyle-karsi-karsiya\/#primaryimage"},"image":{"@id":"https:\/\/shiawaves.com\/turkish\/2025\/04\/16\/almanyada-ikamet-firsati-hakki-yasasi-2025-yili-sonuna-kadar-kaldirilacak-binlerce-gocmen-sinir-disi-edilme-tehlikesiyle-karsi-karsiya\/#primaryimage"},"thumbnailUrl":"https:\/\/shiawaves.com\/turkish\/wp-content\/uploads\/sites\/6\/2025\/04\/image-169.png","datePublished":"2025-04-16T16:56:42+00:00","dateModified":"2025-04-16T16:56:42+00:00","author":{"@id":"https:\/\/shiawaves.com\/turkish\/#\/schema\/person\/9f68d5023e948086b9348fba5aebd954"},"description":"Almanya'da \"\u0130kamet F\u0131rsat\u0131 Hakk\u0131\" Yasas\u0131 2025 Y\u0131l\u0131 Sonuna Kadar Kald\u0131r\u0131lacak; Binlerce G\u00f6\u00e7men S\u0131n\u0131r D\u0131\u015f\u0131 Edilme Tehlikesiyle Kar\u015f\u0131 Kar\u015f\u0131ya","breadcrumb":{"@id":"https:\/\/shiawaves.com\/turkish\/2025\/04\/16\/almanyada-ikamet-firsati-hakki-yasasi-2025-yili-sonuna-kadar-kaldirilacak-binlerce-gocmen-sinir-disi-edilme-tehlikesiyle-karsi-karsiya\/#breadcrumb"},"inLanguage":"tr","potentialAction":[{"@type":"ReadAction","target":["https:\/\/shiawaves.com\/turkish\/2025\/04\/16\/almanyada-ikamet-firsati-hakki-yasasi-2025-yili-sonuna-kadar-kaldirilacak-binlerce-gocmen-sinir-disi-edilme-tehlikesiyle-karsi-karsiya\/"]}]},{"@type":"ImageObject","inLanguage":"tr","@id":"https:\/\/shiawaves.com\/turkish\/2025\/04\/16\/almanyada-ikamet-firsati-hakki-yasasi-2025-yili-sonuna-kadar-kaldirilacak-binlerce-gocmen-sinir-disi-edilme-tehlikesiyle-karsi-karsiya\/#primaryimage","url":"https:\/\/shiawaves.com\/turkish\/wp-content\/uploads\/sites\/6\/2025\/04\/image-169.png","contentUrl":"https:\/\/shiawaves.com\/turkish\/wp-content\/uploads\/sites\/6\/2025\/04\/image-169.png","width":768,"height":336,"caption":"Almanya'da \"\u0130kamet F\u0131rsat\u0131 Hakk\u0131\" Yasas\u0131 2025 Y\u0131l\u0131 Sonuna Kadar Kald\u0131r\u0131lacak; Binlerce G\u00f6\u00e7men S\u0131n\u0131r D\u0131\u015f\u0131 Edilme Tehlikesiyle Kar\u015f\u0131 Kar\u015f\u0131ya"},{"@type":"BreadcrumbList","@id":"https:\/\/shiawaves.com\/turkish\/2025\/04\/16\/almanyada-ikamet-firsati-hakki-yasasi-2025-yili-sonuna-kadar-kaldirilacak-binlerce-gocmen-sinir-disi-edilme-tehlikesiyle-karsi-karsiya\/#breadcrumb","itemListElement":[{"@type":"ListItem","position":1,"name":"Home","item":"https:\/\/shiawaves.com\/turkish\/"},{"@type":"ListItem","position":2,"name":"Almanya&#8217;da &#8220;\u0130kamet F\u0131rsat\u0131 Hakk\u0131&#8221; Yasas\u0131 2025 Y\u0131l\u0131 Sonuna Kadar Kald\u0131r\u0131lacak; Binlerce G\u00f6\u00e7men S\u0131n\u0131r D\u0131\u015f\u0131 Edilme Tehlikesiyle Kar\u015f\u0131 Kar\u015f\u0131ya"}]},{"@type":"WebSite","@id":"https:\/\/shiawaves.com\/turkish\/#website","url":"https:\/\/shiawaves.com\/turkish\/","name":"ShiaWaves Turkish - \u015eia Haberleri","description":"","potentialAction":[{"@type":"SearchAction","target":{"@type":"EntryPoint","urlTemplate":"https:\/\/shiawaves.com\/turkish\/?s={search_term_string}"},"query-input":{"@type":"PropertyValueSpecification","valueRequired":true,"valueName":"search_term_string"}}],"inLanguage":"tr"},{"@type":"Person","@id":"https:\/\/shiawaves.com\/turkish\/#\/schema\/person\/9f68d5023e948086b9348fba5aebd954","name":"modir","image":{"@type":"ImageObject","inLanguage":"tr","@id":"https:\/\/shiawaves.com\/turkish\/#\/schema\/person\/image\/","url":"https:\/\/secure.gravatar.com\/avatar\/8e76f93cdbdd480bd8918d1e0e1d938664c9cb1516c2a57a2b96fe50b507a6b9?s=96&d=mm&r=g","contentUrl":"https:\/\/secure.gravatar.com\/avatar\/8e76f93cdbdd480bd8918d1e0e1d938664c9cb1516c2a57a2b96fe50b507a6b9?s=96&d=mm&r=g","caption":"modir"},"sameAs":["https:\/\/shiawaves.com"],"url":"https:\/\/shiawaves.com\/turkish\/author\/modir\/"}]}},"_links":{"self":[{"href":"https:\/\/shiawaves.com\/turkish\/wp-json\/wp\/v2\/posts\/113955","targetHints":{"allow":["GET"]}}],"collection":[{"href":"https:\/\/shiawaves.com\/turkish\/wp-json\/wp\/v2\/posts"}],"about":[{"href":"https:\/\/shiawaves.com\/turkish\/wp-json\/wp\/v2\/types\/post"}],"author":[{"embeddable":true,"href":"https:\/\/shiawaves.com\/turkish\/wp-json\/wp\/v2\/users\/1"}],"replies":[{"embeddable":true,"href":"https:\/\/shiawaves.com\/turkish\/wp-json\/wp\/v2\/comments?post=113955"}],"version-history":[{"count":1,"href":"https:\/\/shiawaves.com\/turkish\/wp-json\/wp\/v2\/posts\/113955\/revisions"}],"predecessor-version":[{"id":113957,"href":"https:\/\/shiawaves.com\/turkish\/wp-json\/wp\/v2\/posts\/113955\/revisions\/113957"}],"wp:featuredmedia":[{"embeddable":true,"href":"https:\/\/shiawaves.com\/turkish\/wp-json\/wp\/v2\/media\/113956"}],"wp:attachment":[{"href":"https:\/\/shiawaves.com\/turkish\/wp-json\/wp\/v2\/media?parent=113955"}],"wp:term":[{"taxonomy":"category","embeddable":true,"href":"https:\/\/shiawaves.com\/turkish\/wp-json\/wp\/v2\/categories?post=113955"},{"taxonomy":"post_tag","embeddable":true,"href":"https:\/\/shiawaves.com\/turkish\/wp-json\/wp\/v2\/tags?post=113955"}],"curies":[{"name":"wp","href":"https:\/\/api.w.org\/{rel}","templated":true}]}}