{"id":113531,"date":"2025-04-05T17:00:00","date_gmt":"2025-04-05T14:00:00","guid":{"rendered":"https:\/\/shiawaves.com\/turkish\/?p=113531"},"modified":"2025-04-05T15:37:25","modified_gmt":"2025-04-05T12:37:25","slug":"alman-sag-partilerinin-cifte-vatandaslari-vatandasliktan-cikarmayi-amaclayan-tartismali-plani","status":"publish","type":"post","link":"https:\/\/shiawaves.com\/turkish\/2025\/04\/05\/alman-sag-partilerinin-cifte-vatandaslari-vatandasliktan-cikarmayi-amaclayan-tartismali-plani\/","title":{"rendered":"Alman Sa\u011f Partilerinin \u00c7ifte Vatanda\u015flar\u0131 Vatanda\u015fl\u0131ktan \u00c7\u0131karmay\u0131 Ama\u00e7layan Tart\u0131\u015fmal\u0131 Plan\u0131"},"content":{"rendered":"\n<p>Almanya&#8217;daki muhafazakar partilerin, \u00e7ifte vatanda\u015fl\u0131\u011f\u0131 bulunan ki\u015filerin &#8220;a\u015f\u0131r\u0131l\u0131k\u00e7\u0131&#8221;, &#8220;yahudi kar\u015f\u0131t\u0131&#8221; veya &#8220;ter\u00f6r destek\u00e7isi&#8221; olarak etiketlenmeleri halinde vatanda\u015fl\u0131klar\u0131n\u0131n ellerinden al\u0131nmas\u0131na olanak tan\u0131yan bir maddenin vatanda\u015fl\u0131k yasas\u0131na eklenmesi \u00f6nerisi yayg\u0131n bir tepkiyle kar\u015f\u0131land\u0131.<\/p>\n\n\n\n<p>Bu kavramlar\u0131n ceza hukukunda tan\u0131mlanmad\u0131\u011f\u0131n\u0131 ve siyasi ama\u00e7l\u0131 k\u00f6t\u00fcye kullan\u0131lma ihtimalinin bulundu\u011funu belirtmekte fayda vard\u0131r.<\/p>\n\n\n\n<figure class=\"wp-block-image size-large\"><img loading=\"lazy\" decoding=\"async\" width=\"1024\" height=\"538\" src=\"https:\/\/shiawaves.com\/turkish\/wp-content\/uploads\/sites\/6\/2025\/04\/image-45-1024x538.png\" alt=\"\" class=\"wp-image-113532\" srcset=\"https:\/\/shiawaves.com\/turkish\/wp-content\/uploads\/sites\/6\/2025\/04\/image-45-1024x538.png 1024w, https:\/\/shiawaves.com\/turkish\/wp-content\/uploads\/sites\/6\/2025\/04\/image-45-300x158.png 300w, https:\/\/shiawaves.com\/turkish\/wp-content\/uploads\/sites\/6\/2025\/04\/image-45-768x403.png 768w, https:\/\/shiawaves.com\/turkish\/wp-content\/uploads\/sites\/6\/2025\/04\/image-45.png 1200w\" sizes=\"auto, (max-width: 1024px) 100vw, 1024px\" \/><\/figure>\n\n\n\n<p>Ele\u015ftirmenler, plan\u0131 ifade \u00f6zg\u00fcrl\u00fc\u011f\u00fc ve insan haklar\u0131na y\u00f6nelik bir tehdit olarak niteledi.<\/p>\n\n\n\n<p>Alman anayasas\u0131na g\u00f6re hi\u00e7bir Alman vatanda\u015f\u0131 vatanda\u015fl\u0131\u011f\u0131n\u0131 kaybetmemelidir; Bu ilke Nazi d\u00f6nemindeki trajedilerden sonra benimsendi. Aktivistler bu tehlikeli \u00f6nerinin tamamen reddedilmesini talep etti.<\/p>\n","protected":false},"excerpt":{"rendered":"<p>Almanya&#8217;daki muhafazakar partilerin, \u00e7ifte vatanda\u015fl\u0131\u011f\u0131 bulunan ki\u015filerin &#8220;a\u015f\u0131r\u0131l\u0131k\u00e7\u0131&#8221;, &#8220;yahudi kar\u015f\u0131t\u0131&#8221; veya &#8220;ter\u00f6r destek\u00e7isi&#8221; olarak etiketlenmeleri halinde vatanda\u015fl\u0131klar\u0131n\u0131n ellerinden al\u0131nmas\u0131na olanak tan\u0131yan bir maddenin vatanda\u015fl\u0131k yasas\u0131na eklenmesi \u00f6nerisi yayg\u0131n bir tepkiyle kar\u015f\u0131land\u0131. Bu kavramlar\u0131n ceza hukukunda tan\u0131mlanmad\u0131\u011f\u0131n\u0131 ve siyasi ama\u00e7l\u0131 k\u00f6t\u00fcye kullan\u0131lma ihtimalinin bulundu\u011funu belirtmekte fayda vard\u0131r. Ele\u015ftirmenler, plan\u0131 ifade \u00f6zg\u00fcrl\u00fc\u011f\u00fc ve insan haklar\u0131na y\u00f6nelik bir &hellip;<\/p>\n","protected":false},"author":1,"featured_media":113532,"comment_status":"open","ping_status":"open","sticky":false,"template":"","format":"standard","meta":{"rop_custom_images_group":[],"rop_custom_messages_group":[],"rop_publish_now":"initial","rop_publish_now_accounts":[],"rop_publish_now_history":[],"rop_publish_now_status":"pending","footnotes":""},"categories":[71],"tags":[2861],"class_list":["post-113531","post","type-post","status-publish","format-standard","has-post-thumbnail","hentry","category-germany","tag-alman-sag-partilerinin-cifte-vatandaslari-vatandasliktan-cikarmayi-amaclayan-tartismali-plani"],"_wp_page_template":null,"_wp_attached_file":null,"_wp_attachment_metadata":null,"_edit_lock":"1743856647:1","yoast_head":"<!-- This site is optimized with the Yoast SEO plugin v24.3 - https:\/\/yoast.com\/wordpress\/plugins\/seo\/ -->\n<title>Alman Sa\u011f Partilerinin \u00c7ifte Vatanda\u015flar\u0131 Vatanda\u015fl\u0131ktan \u00c7\u0131karmay\u0131 Ama\u00e7layan Tart\u0131\u015fmal\u0131 Plan\u0131 - ShiaWaves Turkish - \u015eia Haberleri<\/title>\n<meta name=\"description\" content=\"Alman Sa\u011f Partilerinin \u00c7ifte Vatanda\u015flar\u0131 Vatanda\u015fl\u0131ktan \u00c7\u0131karmay\u0131 Ama\u00e7layan Tart\u0131\u015fmal\u0131 Plan\u0131\" \/>\n<meta name=\"robots\" content=\"index, follow, max-snippet:-1, max-image-preview:large, max-video-preview:-1\" \/>\n<link rel=\"canonical\" href=\"https:\/\/shiawaves.com\/turkish\/2025\/04\/05\/alman-sag-partilerinin-cifte-vatandaslari-vatandasliktan-cikarmayi-amaclayan-tartismali-plani\/\" \/>\n<meta property=\"og:locale\" content=\"tr_TR\" \/>\n<meta property=\"og:type\" content=\"article\" \/>\n<meta property=\"og:title\" content=\"Alman Sa\u011f Partilerinin \u00c7ifte Vatanda\u015flar\u0131 Vatanda\u015fl\u0131ktan \u00c7\u0131karmay\u0131 Ama\u00e7layan Tart\u0131\u015fmal\u0131 Plan\u0131 - ShiaWaves Turkish - \u015eia Haberleri\" \/>\n<meta property=\"og:description\" content=\"Alman Sa\u011f Partilerinin \u00c7ifte Vatanda\u015flar\u0131 Vatanda\u015fl\u0131ktan \u00c7\u0131karmay\u0131 Ama\u00e7layan Tart\u0131\u015fmal\u0131 Plan\u0131\" \/>\n<meta property=\"og:url\" content=\"https:\/\/shiawaves.com\/turkish\/2025\/04\/05\/alman-sag-partilerinin-cifte-vatandaslari-vatandasliktan-cikarmayi-amaclayan-tartismali-plani\/\" \/>\n<meta property=\"og:site_name\" content=\"ShiaWaves Turkish - \u015eia Haberleri\" \/>\n<meta property=\"article:published_time\" content=\"2025-04-05T14:00:00+00:00\" \/>\n<meta property=\"article:modified_time\" content=\"2025-04-05T12:37:25+00:00\" \/>\n<meta property=\"og:image\" content=\"https:\/\/shiawaves.com\/turkish\/wp-content\/uploads\/sites\/6\/2025\/04\/image-45.png\" \/>\n\t<meta property=\"og:image:width\" content=\"1200\" \/>\n\t<meta property=\"og:image:height\" content=\"630\" \/>\n\t<meta property=\"og:image:type\" content=\"image\/png\" \/>\n<meta name=\"author\" content=\"modir\" \/>\n<meta name=\"twitter:card\" content=\"summary_large_image\" \/>\n<meta name=\"twitter:label1\" content=\"Yazan:\" \/>\n\t<meta name=\"twitter:data1\" content=\"modir\" \/>\n\t<meta name=\"twitter:label2\" content=\"Tahmini okuma s\u00fcresi\" \/>\n\t<meta name=\"twitter:data2\" content=\"1 dakika\" \/>\n<script type=\"application\/ld+json\" class=\"yoast-schema-graph\">{\"@context\":\"https:\/\/schema.org\",\"@graph\":[{\"@type\":\"WebPage\",\"@id\":\"https:\/\/shiawaves.com\/turkish\/2025\/04\/05\/alman-sag-partilerinin-cifte-vatandaslari-vatandasliktan-cikarmayi-amaclayan-tartismali-plani\/\",\"url\":\"https:\/\/shiawaves.com\/turkish\/2025\/04\/05\/alman-sag-partilerinin-cifte-vatandaslari-vatandasliktan-cikarmayi-amaclayan-tartismali-plani\/\",\"name\":\"Alman Sa\u011f Partilerinin \u00c7ifte Vatanda\u015flar\u0131 Vatanda\u015fl\u0131ktan \u00c7\u0131karmay\u0131 Ama\u00e7layan Tart\u0131\u015fmal\u0131 Plan\u0131 - ShiaWaves Turkish - \u015eia Haberleri\",\"isPartOf\":{\"@id\":\"https:\/\/shiawaves.com\/turkish\/#website\"},\"primaryImageOfPage\":{\"@id\":\"https:\/\/shiawaves.com\/turkish\/2025\/04\/05\/alman-sag-partilerinin-cifte-vatandaslari-vatandasliktan-cikarmayi-amaclayan-tartismali-plani\/#primaryimage\"},\"image\":{\"@id\":\"https:\/\/shiawaves.com\/turkish\/2025\/04\/05\/alman-sag-partilerinin-cifte-vatandaslari-vatandasliktan-cikarmayi-amaclayan-tartismali-plani\/#primaryimage\"},\"thumbnailUrl\":\"https:\/\/shiawaves.com\/turkish\/wp-content\/uploads\/sites\/6\/2025\/04\/image-45.png\",\"datePublished\":\"2025-04-05T14:00:00+00:00\",\"dateModified\":\"2025-04-05T12:37:25+00:00\",\"author\":{\"@id\":\"https:\/\/shiawaves.com\/turkish\/#\/schema\/person\/9f68d5023e948086b9348fba5aebd954\"},\"description\":\"Alman Sa\u011f Partilerinin \u00c7ifte Vatanda\u015flar\u0131 Vatanda\u015fl\u0131ktan \u00c7\u0131karmay\u0131 Ama\u00e7layan Tart\u0131\u015fmal\u0131 Plan\u0131\",\"breadcrumb\":{\"@id\":\"https:\/\/shiawaves.com\/turkish\/2025\/04\/05\/alman-sag-partilerinin-cifte-vatandaslari-vatandasliktan-cikarmayi-amaclayan-tartismali-plani\/#breadcrumb\"},\"inLanguage\":\"tr\",\"potentialAction\":[{\"@type\":\"ReadAction\",\"target\":[\"https:\/\/shiawaves.com\/turkish\/2025\/04\/05\/alman-sag-partilerinin-cifte-vatandaslari-vatandasliktan-cikarmayi-amaclayan-tartismali-plani\/\"]}]},{\"@type\":\"ImageObject\",\"inLanguage\":\"tr\",\"@id\":\"https:\/\/shiawaves.com\/turkish\/2025\/04\/05\/alman-sag-partilerinin-cifte-vatandaslari-vatandasliktan-cikarmayi-amaclayan-tartismali-plani\/#primaryimage\",\"url\":\"https:\/\/shiawaves.com\/turkish\/wp-content\/uploads\/sites\/6\/2025\/04\/image-45.png\",\"contentUrl\":\"https:\/\/shiawaves.com\/turkish\/wp-content\/uploads\/sites\/6\/2025\/04\/image-45.png\",\"width\":1200,\"height\":630,\"caption\":\"Alman Sa\u011f Partilerinin \u00c7ifte Vatanda\u015flar\u0131 Vatanda\u015fl\u0131ktan \u00c7\u0131karmay\u0131 Ama\u00e7layan Tart\u0131\u015fmal\u0131 Plan\u0131\"},{\"@type\":\"BreadcrumbList\",\"@id\":\"https:\/\/shiawaves.com\/turkish\/2025\/04\/05\/alman-sag-partilerinin-cifte-vatandaslari-vatandasliktan-cikarmayi-amaclayan-tartismali-plani\/#breadcrumb\",\"itemListElement\":[{\"@type\":\"ListItem\",\"position\":1,\"name\":\"Home\",\"item\":\"https:\/\/shiawaves.com\/turkish\/\"},{\"@type\":\"ListItem\",\"position\":2,\"name\":\"Alman Sa\u011f Partilerinin \u00c7ifte Vatanda\u015flar\u0131 Vatanda\u015fl\u0131ktan \u00c7\u0131karmay\u0131 Ama\u00e7layan Tart\u0131\u015fmal\u0131 Plan\u0131\"}]},{\"@type\":\"WebSite\",\"@id\":\"https:\/\/shiawaves.com\/turkish\/#website\",\"url\":\"https:\/\/shiawaves.com\/turkish\/\",\"name\":\"ShiaWaves Turkish - \u015eia Haberleri\",\"description\":\"\",\"potentialAction\":[{\"@type\":\"SearchAction\",\"target\":{\"@type\":\"EntryPoint\",\"urlTemplate\":\"https:\/\/shiawaves.com\/turkish\/?s={search_term_string}\"},\"query-input\":{\"@type\":\"PropertyValueSpecification\",\"valueRequired\":true,\"valueName\":\"search_term_string\"}}],\"inLanguage\":\"tr\"},{\"@type\":\"Person\",\"@id\":\"https:\/\/shiawaves.com\/turkish\/#\/schema\/person\/9f68d5023e948086b9348fba5aebd954\",\"name\":\"modir\",\"image\":{\"@type\":\"ImageObject\",\"inLanguage\":\"tr\",\"@id\":\"https:\/\/shiawaves.com\/turkish\/#\/schema\/person\/image\/\",\"url\":\"https:\/\/secure.gravatar.com\/avatar\/8e76f93cdbdd480bd8918d1e0e1d938664c9cb1516c2a57a2b96fe50b507a6b9?s=96&d=mm&r=g\",\"contentUrl\":\"https:\/\/secure.gravatar.com\/avatar\/8e76f93cdbdd480bd8918d1e0e1d938664c9cb1516c2a57a2b96fe50b507a6b9?s=96&d=mm&r=g\",\"caption\":\"modir\"},\"sameAs\":[\"https:\/\/shiawaves.com\"],\"url\":\"https:\/\/shiawaves.com\/turkish\/author\/modir\/\"}]}<\/script>\n<!-- \/ Yoast SEO plugin. -->","yoast_head_json":{"title":"Alman Sa\u011f Partilerinin \u00c7ifte Vatanda\u015flar\u0131 Vatanda\u015fl\u0131ktan \u00c7\u0131karmay\u0131 Ama\u00e7layan Tart\u0131\u015fmal\u0131 Plan\u0131 - ShiaWaves Turkish - \u015eia Haberleri","description":"Alman Sa\u011f Partilerinin \u00c7ifte Vatanda\u015flar\u0131 Vatanda\u015fl\u0131ktan \u00c7\u0131karmay\u0131 Ama\u00e7layan Tart\u0131\u015fmal\u0131 Plan\u0131","robots":{"index":"index","follow":"follow","max-snippet":"max-snippet:-1","max-image-preview":"max-image-preview:large","max-video-preview":"max-video-preview:-1"},"canonical":"https:\/\/shiawaves.com\/turkish\/2025\/04\/05\/alman-sag-partilerinin-cifte-vatandaslari-vatandasliktan-cikarmayi-amaclayan-tartismali-plani\/","og_locale":"tr_TR","og_type":"article","og_title":"Alman Sa\u011f Partilerinin \u00c7ifte Vatanda\u015flar\u0131 Vatanda\u015fl\u0131ktan \u00c7\u0131karmay\u0131 Ama\u00e7layan Tart\u0131\u015fmal\u0131 Plan\u0131 - ShiaWaves Turkish - \u015eia Haberleri","og_description":"Alman Sa\u011f Partilerinin \u00c7ifte Vatanda\u015flar\u0131 Vatanda\u015fl\u0131ktan \u00c7\u0131karmay\u0131 Ama\u00e7layan Tart\u0131\u015fmal\u0131 Plan\u0131","og_url":"https:\/\/shiawaves.com\/turkish\/2025\/04\/05\/alman-sag-partilerinin-cifte-vatandaslari-vatandasliktan-cikarmayi-amaclayan-tartismali-plani\/","og_site_name":"ShiaWaves Turkish - \u015eia Haberleri","article_published_time":"2025-04-05T14:00:00+00:00","article_modified_time":"2025-04-05T12:37:25+00:00","og_image":[{"width":1200,"height":630,"url":"https:\/\/shiawaves.com\/turkish\/wp-content\/uploads\/sites\/6\/2025\/04\/image-45.png","type":"image\/png"}],"author":"modir","twitter_card":"summary_large_image","twitter_misc":{"Yazan:":"modir","Tahmini okuma s\u00fcresi":"1 dakika"},"schema":{"@context":"https:\/\/schema.org","@graph":[{"@type":"WebPage","@id":"https:\/\/shiawaves.com\/turkish\/2025\/04\/05\/alman-sag-partilerinin-cifte-vatandaslari-vatandasliktan-cikarmayi-amaclayan-tartismali-plani\/","url":"https:\/\/shiawaves.com\/turkish\/2025\/04\/05\/alman-sag-partilerinin-cifte-vatandaslari-vatandasliktan-cikarmayi-amaclayan-tartismali-plani\/","name":"Alman Sa\u011f Partilerinin \u00c7ifte Vatanda\u015flar\u0131 Vatanda\u015fl\u0131ktan \u00c7\u0131karmay\u0131 Ama\u00e7layan Tart\u0131\u015fmal\u0131 Plan\u0131 - ShiaWaves Turkish - \u015eia Haberleri","isPartOf":{"@id":"https:\/\/shiawaves.com\/turkish\/#website"},"primaryImageOfPage":{"@id":"https:\/\/shiawaves.com\/turkish\/2025\/04\/05\/alman-sag-partilerinin-cifte-vatandaslari-vatandasliktan-cikarmayi-amaclayan-tartismali-plani\/#primaryimage"},"image":{"@id":"https:\/\/shiawaves.com\/turkish\/2025\/04\/05\/alman-sag-partilerinin-cifte-vatandaslari-vatandasliktan-cikarmayi-amaclayan-tartismali-plani\/#primaryimage"},"thumbnailUrl":"https:\/\/shiawaves.com\/turkish\/wp-content\/uploads\/sites\/6\/2025\/04\/image-45.png","datePublished":"2025-04-05T14:00:00+00:00","dateModified":"2025-04-05T12:37:25+00:00","author":{"@id":"https:\/\/shiawaves.com\/turkish\/#\/schema\/person\/9f68d5023e948086b9348fba5aebd954"},"description":"Alman Sa\u011f Partilerinin \u00c7ifte Vatanda\u015flar\u0131 Vatanda\u015fl\u0131ktan \u00c7\u0131karmay\u0131 Ama\u00e7layan Tart\u0131\u015fmal\u0131 Plan\u0131","breadcrumb":{"@id":"https:\/\/shiawaves.com\/turkish\/2025\/04\/05\/alman-sag-partilerinin-cifte-vatandaslari-vatandasliktan-cikarmayi-amaclayan-tartismali-plani\/#breadcrumb"},"inLanguage":"tr","potentialAction":[{"@type":"ReadAction","target":["https:\/\/shiawaves.com\/turkish\/2025\/04\/05\/alman-sag-partilerinin-cifte-vatandaslari-vatandasliktan-cikarmayi-amaclayan-tartismali-plani\/"]}]},{"@type":"ImageObject","inLanguage":"tr","@id":"https:\/\/shiawaves.com\/turkish\/2025\/04\/05\/alman-sag-partilerinin-cifte-vatandaslari-vatandasliktan-cikarmayi-amaclayan-tartismali-plani\/#primaryimage","url":"https:\/\/shiawaves.com\/turkish\/wp-content\/uploads\/sites\/6\/2025\/04\/image-45.png","contentUrl":"https:\/\/shiawaves.com\/turkish\/wp-content\/uploads\/sites\/6\/2025\/04\/image-45.png","width":1200,"height":630,"caption":"Alman Sa\u011f Partilerinin \u00c7ifte Vatanda\u015flar\u0131 Vatanda\u015fl\u0131ktan \u00c7\u0131karmay\u0131 Ama\u00e7layan Tart\u0131\u015fmal\u0131 Plan\u0131"},{"@type":"BreadcrumbList","@id":"https:\/\/shiawaves.com\/turkish\/2025\/04\/05\/alman-sag-partilerinin-cifte-vatandaslari-vatandasliktan-cikarmayi-amaclayan-tartismali-plani\/#breadcrumb","itemListElement":[{"@type":"ListItem","position":1,"name":"Home","item":"https:\/\/shiawaves.com\/turkish\/"},{"@type":"ListItem","position":2,"name":"Alman Sa\u011f Partilerinin \u00c7ifte Vatanda\u015flar\u0131 Vatanda\u015fl\u0131ktan \u00c7\u0131karmay\u0131 Ama\u00e7layan Tart\u0131\u015fmal\u0131 Plan\u0131"}]},{"@type":"WebSite","@id":"https:\/\/shiawaves.com\/turkish\/#website","url":"https:\/\/shiawaves.com\/turkish\/","name":"ShiaWaves Turkish - \u015eia Haberleri","description":"","potentialAction":[{"@type":"SearchAction","target":{"@type":"EntryPoint","urlTemplate":"https:\/\/shiawaves.com\/turkish\/?s={search_term_string}"},"query-input":{"@type":"PropertyValueSpecification","valueRequired":true,"valueName":"search_term_string"}}],"inLanguage":"tr"},{"@type":"Person","@id":"https:\/\/shiawaves.com\/turkish\/#\/schema\/person\/9f68d5023e948086b9348fba5aebd954","name":"modir","image":{"@type":"ImageObject","inLanguage":"tr","@id":"https:\/\/shiawaves.com\/turkish\/#\/schema\/person\/image\/","url":"https:\/\/secure.gravatar.com\/avatar\/8e76f93cdbdd480bd8918d1e0e1d938664c9cb1516c2a57a2b96fe50b507a6b9?s=96&d=mm&r=g","contentUrl":"https:\/\/secure.gravatar.com\/avatar\/8e76f93cdbdd480bd8918d1e0e1d938664c9cb1516c2a57a2b96fe50b507a6b9?s=96&d=mm&r=g","caption":"modir"},"sameAs":["https:\/\/shiawaves.com"],"url":"https:\/\/shiawaves.com\/turkish\/author\/modir\/"}]}},"_links":{"self":[{"href":"https:\/\/shiawaves.com\/turkish\/wp-json\/wp\/v2\/posts\/113531","targetHints":{"allow":["GET"]}}],"collection":[{"href":"https:\/\/shiawaves.com\/turkish\/wp-json\/wp\/v2\/posts"}],"about":[{"href":"https:\/\/shiawaves.com\/turkish\/wp-json\/wp\/v2\/types\/post"}],"author":[{"embeddable":true,"href":"https:\/\/shiawaves.com\/turkish\/wp-json\/wp\/v2\/users\/1"}],"replies":[{"embeddable":true,"href":"https:\/\/shiawaves.com\/turkish\/wp-json\/wp\/v2\/comments?post=113531"}],"version-history":[{"count":1,"href":"https:\/\/shiawaves.com\/turkish\/wp-json\/wp\/v2\/posts\/113531\/revisions"}],"predecessor-version":[{"id":113533,"href":"https:\/\/shiawaves.com\/turkish\/wp-json\/wp\/v2\/posts\/113531\/revisions\/113533"}],"wp:featuredmedia":[{"embeddable":true,"href":"https:\/\/shiawaves.com\/turkish\/wp-json\/wp\/v2\/media\/113532"}],"wp:attachment":[{"href":"https:\/\/shiawaves.com\/turkish\/wp-json\/wp\/v2\/media?parent=113531"}],"wp:term":[{"taxonomy":"category","embeddable":true,"href":"https:\/\/shiawaves.com\/turkish\/wp-json\/wp\/v2\/categories?post=113531"},{"taxonomy":"post_tag","embeddable":true,"href":"https:\/\/shiawaves.com\/turkish\/wp-json\/wp\/v2\/tags?post=113531"}],"curies":[{"name":"wp","href":"https:\/\/api.w.org\/{rel}","templated":true}]}}