{"id":113411,"date":"2025-04-01T20:00:00","date_gmt":"2025-04-01T17:00:00","guid":{"rendered":"https:\/\/shiawaves.com\/turkish\/?p=113411"},"modified":"2025-04-01T17:33:23","modified_gmt":"2025-04-01T14:33:23","slug":"uluslararasi-af-orgutu-afrika-kokenli-insanlarin-haklarini-savunan-bm-raporunu-destekliyor","status":"publish","type":"post","link":"https:\/\/shiawaves.com\/turkish\/2025\/04\/01\/uluslararasi-af-orgutu-afrika-kokenli-insanlarin-haklarini-savunan-bm-raporunu-destekliyor\/","title":{"rendered":"Uluslararas\u0131 Af \u00d6rg\u00fct\u00fc, Afrika K\u00f6kenli \u0130nsanlar\u0131n Haklar\u0131n\u0131 Savunan BM Raporunu Destekliyor"},"content":{"rendered":"\n<p>Uluslararas\u0131 Af \u00d6rg\u00fct\u00fc, Durban Deklarasyonu ve Eylem Plan\u0131n\u0131n Uygulanmas\u0131na \u0130li\u015fkin BM H\u00fck\u00fcmetleraras\u0131 Paneli&#8217;nin son raporunu memnuniyetle kar\u015f\u0131lad\u0131.<\/p>\n\n\n\n<p>\u00d6rg\u00fct, uluslararas\u0131 toplumu bu belgeyi destekleyerek Afrika k\u00f6kenli insanlar\u0131n haklar\u0131n\u0131n hayata ge\u00e7irilmesi y\u00f6n\u00fcnde ad\u0131m atmaya \u00e7a\u011f\u0131rd\u0131.<\/p>\n\n\n\n<figure class=\"wp-block-image size-full is-resized\"><img loading=\"lazy\" decoding=\"async\" width=\"660\" height=\"373\" src=\"https:\/\/shiawaves.com\/turkish\/wp-content\/uploads\/sites\/6\/2025\/04\/image-10.png\" alt=\"\" class=\"wp-image-113412\" style=\"width:840px;height:auto\" srcset=\"https:\/\/shiawaves.com\/turkish\/wp-content\/uploads\/sites\/6\/2025\/04\/image-10.png 660w, https:\/\/shiawaves.com\/turkish\/wp-content\/uploads\/sites\/6\/2025\/04\/image-10-300x170.png 300w, https:\/\/shiawaves.com\/turkish\/wp-content\/uploads\/sites\/6\/2025\/04\/image-10-390x220.png 390w\" sizes=\"auto, (max-width: 660px) 100vw, 660px\" \/><\/figure>\n\n\n\n<p>S\u00f6z konusu raporda, Durban Deklarasyonu\u2019nun insan haklar\u0131n\u0131 g\u00fc\u00e7lendirme ve \u0131rk ayr\u0131mc\u0131l\u0131\u011f\u0131yla m\u00fccadeledeki rol\u00fcn\u00fcn vurgulanmas\u0131 dikkat \u00e7ekicidir.<\/p>\n\n\n\n<p>Bu belgenin, s\u00f6m\u00fcrgecilik, k\u00f6lelik ve \u0131rksal ayr\u0131mc\u0131l\u0131k gibi tarihi adaletsizliklere y\u00f6nelik onar\u0131c\u0131 adaleti, e\u015fitli\u011fi ilerletmek i\u00e7in olmazsa olmaz \u00f6nlemlerden biri olarak de\u011ferlendirdi\u011fini belirtmekte fayda var.<\/p>\n","protected":false},"excerpt":{"rendered":"<p>Uluslararas\u0131 Af \u00d6rg\u00fct\u00fc, Durban Deklarasyonu ve Eylem Plan\u0131n\u0131n Uygulanmas\u0131na \u0130li\u015fkin BM H\u00fck\u00fcmetleraras\u0131 Paneli&#8217;nin son raporunu memnuniyetle kar\u015f\u0131lad\u0131. \u00d6rg\u00fct, uluslararas\u0131 toplumu bu belgeyi destekleyerek Afrika k\u00f6kenli insanlar\u0131n haklar\u0131n\u0131n hayata ge\u00e7irilmesi y\u00f6n\u00fcnde ad\u0131m atmaya \u00e7a\u011f\u0131rd\u0131. S\u00f6z konusu raporda, Durban Deklarasyonu\u2019nun insan haklar\u0131n\u0131 g\u00fc\u00e7lendirme ve \u0131rk ayr\u0131mc\u0131l\u0131\u011f\u0131yla m\u00fccadeledeki rol\u00fcn\u00fcn vurgulanmas\u0131 dikkat \u00e7ekicidir. Bu belgenin, s\u00f6m\u00fcrgecilik, k\u00f6lelik ve \u0131rksal &hellip;<\/p>\n","protected":false},"author":1,"featured_media":113412,"comment_status":"open","ping_status":"open","sticky":false,"template":"","format":"standard","meta":{"rop_custom_images_group":[],"rop_custom_messages_group":[],"rop_publish_now":"initial","rop_publish_now_accounts":[],"rop_publish_now_history":[],"rop_publish_now_status":"pending","footnotes":""},"categories":[24],"tags":[2820,885],"class_list":["post-113411","post","type-post","status-publish","format-standard","has-post-thumbnail","hentry","category-africa","tag-afrika-kokenli-insanlarin-haklarini-savunan-bm-raporunu-destekliyor","tag-uluslararasi-af-orgutu"],"_wp_page_template":null,"_wp_attached_file":null,"_wp_attachment_metadata":null,"_edit_lock":"1743518003:1","yoast_head":"<!-- This site is optimized with the Yoast SEO plugin v24.3 - https:\/\/yoast.com\/wordpress\/plugins\/seo\/ -->\n<title>Uluslararas\u0131 Af \u00d6rg\u00fct\u00fc, Afrika K\u00f6kenli \u0130nsanlar\u0131n Haklar\u0131n\u0131 Savunan BM Raporunu Destekliyor - ShiaWaves Turkish - \u015eia Haberleri<\/title>\n<meta name=\"robots\" content=\"index, follow, max-snippet:-1, max-image-preview:large, max-video-preview:-1\" \/>\n<link rel=\"canonical\" href=\"https:\/\/shiawaves.com\/turkish\/2025\/04\/01\/uluslararasi-af-orgutu-afrika-kokenli-insanlarin-haklarini-savunan-bm-raporunu-destekliyor\/\" \/>\n<meta property=\"og:locale\" content=\"tr_TR\" \/>\n<meta property=\"og:type\" content=\"article\" \/>\n<meta property=\"og:title\" content=\"Uluslararas\u0131 Af \u00d6rg\u00fct\u00fc, Afrika K\u00f6kenli \u0130nsanlar\u0131n Haklar\u0131n\u0131 Savunan BM Raporunu Destekliyor - ShiaWaves Turkish - \u015eia Haberleri\" \/>\n<meta property=\"og:description\" content=\"Uluslararas\u0131 Af \u00d6rg\u00fct\u00fc, Durban Deklarasyonu ve Eylem Plan\u0131n\u0131n Uygulanmas\u0131na \u0130li\u015fkin BM H\u00fck\u00fcmetleraras\u0131 Paneli&#8217;nin son raporunu memnuniyetle kar\u015f\u0131lad\u0131. \u00d6rg\u00fct, uluslararas\u0131 toplumu bu belgeyi destekleyerek Afrika k\u00f6kenli insanlar\u0131n haklar\u0131n\u0131n hayata ge\u00e7irilmesi y\u00f6n\u00fcnde ad\u0131m atmaya \u00e7a\u011f\u0131rd\u0131. S\u00f6z konusu raporda, Durban Deklarasyonu\u2019nun insan haklar\u0131n\u0131 g\u00fc\u00e7lendirme ve \u0131rk ayr\u0131mc\u0131l\u0131\u011f\u0131yla m\u00fccadeledeki rol\u00fcn\u00fcn vurgulanmas\u0131 dikkat \u00e7ekicidir. Bu belgenin, s\u00f6m\u00fcrgecilik, k\u00f6lelik ve \u0131rksal &hellip;\" \/>\n<meta property=\"og:url\" content=\"https:\/\/shiawaves.com\/turkish\/2025\/04\/01\/uluslararasi-af-orgutu-afrika-kokenli-insanlarin-haklarini-savunan-bm-raporunu-destekliyor\/\" \/>\n<meta property=\"og:site_name\" content=\"ShiaWaves Turkish - \u015eia Haberleri\" \/>\n<meta property=\"article:published_time\" content=\"2025-04-01T17:00:00+00:00\" \/>\n<meta property=\"article:modified_time\" content=\"2025-04-01T14:33:23+00:00\" \/>\n<meta property=\"og:image\" content=\"https:\/\/shiawaves.com\/turkish\/wp-content\/uploads\/sites\/6\/2025\/04\/image-10.png\" \/>\n\t<meta property=\"og:image:width\" content=\"660\" \/>\n\t<meta property=\"og:image:height\" content=\"373\" \/>\n\t<meta property=\"og:image:type\" content=\"image\/png\" \/>\n<meta name=\"author\" content=\"modir\" \/>\n<meta name=\"twitter:card\" content=\"summary_large_image\" \/>\n<meta name=\"twitter:label1\" content=\"Yazan:\" \/>\n\t<meta name=\"twitter:data1\" content=\"modir\" \/>\n\t<meta name=\"twitter:label2\" content=\"Tahmini okuma s\u00fcresi\" \/>\n\t<meta name=\"twitter:data2\" content=\"1 dakika\" \/>\n<script type=\"application\/ld+json\" class=\"yoast-schema-graph\">{\"@context\":\"https:\/\/schema.org\",\"@graph\":[{\"@type\":\"WebPage\",\"@id\":\"https:\/\/shiawaves.com\/turkish\/2025\/04\/01\/uluslararasi-af-orgutu-afrika-kokenli-insanlarin-haklarini-savunan-bm-raporunu-destekliyor\/\",\"url\":\"https:\/\/shiawaves.com\/turkish\/2025\/04\/01\/uluslararasi-af-orgutu-afrika-kokenli-insanlarin-haklarini-savunan-bm-raporunu-destekliyor\/\",\"name\":\"Uluslararas\u0131 Af \u00d6rg\u00fct\u00fc, Afrika K\u00f6kenli \u0130nsanlar\u0131n Haklar\u0131n\u0131 Savunan BM Raporunu Destekliyor - ShiaWaves Turkish - \u015eia Haberleri\",\"isPartOf\":{\"@id\":\"https:\/\/shiawaves.com\/turkish\/#website\"},\"primaryImageOfPage\":{\"@id\":\"https:\/\/shiawaves.com\/turkish\/2025\/04\/01\/uluslararasi-af-orgutu-afrika-kokenli-insanlarin-haklarini-savunan-bm-raporunu-destekliyor\/#primaryimage\"},\"image\":{\"@id\":\"https:\/\/shiawaves.com\/turkish\/2025\/04\/01\/uluslararasi-af-orgutu-afrika-kokenli-insanlarin-haklarini-savunan-bm-raporunu-destekliyor\/#primaryimage\"},\"thumbnailUrl\":\"https:\/\/shiawaves.com\/turkish\/wp-content\/uploads\/sites\/6\/2025\/04\/image-10.png\",\"datePublished\":\"2025-04-01T17:00:00+00:00\",\"dateModified\":\"2025-04-01T14:33:23+00:00\",\"author\":{\"@id\":\"https:\/\/shiawaves.com\/turkish\/#\/schema\/person\/9f68d5023e948086b9348fba5aebd954\"},\"breadcrumb\":{\"@id\":\"https:\/\/shiawaves.com\/turkish\/2025\/04\/01\/uluslararasi-af-orgutu-afrika-kokenli-insanlarin-haklarini-savunan-bm-raporunu-destekliyor\/#breadcrumb\"},\"inLanguage\":\"tr\",\"potentialAction\":[{\"@type\":\"ReadAction\",\"target\":[\"https:\/\/shiawaves.com\/turkish\/2025\/04\/01\/uluslararasi-af-orgutu-afrika-kokenli-insanlarin-haklarini-savunan-bm-raporunu-destekliyor\/\"]}]},{\"@type\":\"ImageObject\",\"inLanguage\":\"tr\",\"@id\":\"https:\/\/shiawaves.com\/turkish\/2025\/04\/01\/uluslararasi-af-orgutu-afrika-kokenli-insanlarin-haklarini-savunan-bm-raporunu-destekliyor\/#primaryimage\",\"url\":\"https:\/\/shiawaves.com\/turkish\/wp-content\/uploads\/sites\/6\/2025\/04\/image-10.png\",\"contentUrl\":\"https:\/\/shiawaves.com\/turkish\/wp-content\/uploads\/sites\/6\/2025\/04\/image-10.png\",\"width\":660,\"height\":373,\"caption\":\"Uluslararas\u0131 Af \u00d6rg\u00fct\u00fc, Afrika K\u00f6kenli \u0130nsanlar\u0131n Haklar\u0131n\u0131 Savunan BM Raporunu Destekliyor\"},{\"@type\":\"BreadcrumbList\",\"@id\":\"https:\/\/shiawaves.com\/turkish\/2025\/04\/01\/uluslararasi-af-orgutu-afrika-kokenli-insanlarin-haklarini-savunan-bm-raporunu-destekliyor\/#breadcrumb\",\"itemListElement\":[{\"@type\":\"ListItem\",\"position\":1,\"name\":\"Home\",\"item\":\"https:\/\/shiawaves.com\/turkish\/\"},{\"@type\":\"ListItem\",\"position\":2,\"name\":\"Uluslararas\u0131 Af \u00d6rg\u00fct\u00fc, Afrika K\u00f6kenli \u0130nsanlar\u0131n Haklar\u0131n\u0131 Savunan BM Raporunu Destekliyor\"}]},{\"@type\":\"WebSite\",\"@id\":\"https:\/\/shiawaves.com\/turkish\/#website\",\"url\":\"https:\/\/shiawaves.com\/turkish\/\",\"name\":\"ShiaWaves Turkish - \u015eia Haberleri\",\"description\":\"\",\"potentialAction\":[{\"@type\":\"SearchAction\",\"target\":{\"@type\":\"EntryPoint\",\"urlTemplate\":\"https:\/\/shiawaves.com\/turkish\/?s={search_term_string}\"},\"query-input\":{\"@type\":\"PropertyValueSpecification\",\"valueRequired\":true,\"valueName\":\"search_term_string\"}}],\"inLanguage\":\"tr\"},{\"@type\":\"Person\",\"@id\":\"https:\/\/shiawaves.com\/turkish\/#\/schema\/person\/9f68d5023e948086b9348fba5aebd954\",\"name\":\"modir\",\"image\":{\"@type\":\"ImageObject\",\"inLanguage\":\"tr\",\"@id\":\"https:\/\/shiawaves.com\/turkish\/#\/schema\/person\/image\/\",\"url\":\"https:\/\/secure.gravatar.com\/avatar\/8e76f93cdbdd480bd8918d1e0e1d938664c9cb1516c2a57a2b96fe50b507a6b9?s=96&d=mm&r=g\",\"contentUrl\":\"https:\/\/secure.gravatar.com\/avatar\/8e76f93cdbdd480bd8918d1e0e1d938664c9cb1516c2a57a2b96fe50b507a6b9?s=96&d=mm&r=g\",\"caption\":\"modir\"},\"sameAs\":[\"https:\/\/shiawaves.com\"],\"url\":\"https:\/\/shiawaves.com\/turkish\/author\/modir\/\"}]}<\/script>\n<!-- \/ Yoast SEO plugin. -->","yoast_head_json":{"title":"Uluslararas\u0131 Af \u00d6rg\u00fct\u00fc, Afrika K\u00f6kenli \u0130nsanlar\u0131n Haklar\u0131n\u0131 Savunan BM Raporunu Destekliyor - ShiaWaves Turkish - \u015eia Haberleri","robots":{"index":"index","follow":"follow","max-snippet":"max-snippet:-1","max-image-preview":"max-image-preview:large","max-video-preview":"max-video-preview:-1"},"canonical":"https:\/\/shiawaves.com\/turkish\/2025\/04\/01\/uluslararasi-af-orgutu-afrika-kokenli-insanlarin-haklarini-savunan-bm-raporunu-destekliyor\/","og_locale":"tr_TR","og_type":"article","og_title":"Uluslararas\u0131 Af \u00d6rg\u00fct\u00fc, Afrika K\u00f6kenli \u0130nsanlar\u0131n Haklar\u0131n\u0131 Savunan BM Raporunu Destekliyor - ShiaWaves Turkish - \u015eia Haberleri","og_description":"Uluslararas\u0131 Af \u00d6rg\u00fct\u00fc, Durban Deklarasyonu ve Eylem Plan\u0131n\u0131n Uygulanmas\u0131na \u0130li\u015fkin BM H\u00fck\u00fcmetleraras\u0131 Paneli&#8217;nin son raporunu memnuniyetle kar\u015f\u0131lad\u0131. \u00d6rg\u00fct, uluslararas\u0131 toplumu bu belgeyi destekleyerek Afrika k\u00f6kenli insanlar\u0131n haklar\u0131n\u0131n hayata ge\u00e7irilmesi y\u00f6n\u00fcnde ad\u0131m atmaya \u00e7a\u011f\u0131rd\u0131. S\u00f6z konusu raporda, Durban Deklarasyonu\u2019nun insan haklar\u0131n\u0131 g\u00fc\u00e7lendirme ve \u0131rk ayr\u0131mc\u0131l\u0131\u011f\u0131yla m\u00fccadeledeki rol\u00fcn\u00fcn vurgulanmas\u0131 dikkat \u00e7ekicidir. Bu belgenin, s\u00f6m\u00fcrgecilik, k\u00f6lelik ve \u0131rksal &hellip;","og_url":"https:\/\/shiawaves.com\/turkish\/2025\/04\/01\/uluslararasi-af-orgutu-afrika-kokenli-insanlarin-haklarini-savunan-bm-raporunu-destekliyor\/","og_site_name":"ShiaWaves Turkish - \u015eia Haberleri","article_published_time":"2025-04-01T17:00:00+00:00","article_modified_time":"2025-04-01T14:33:23+00:00","og_image":[{"width":660,"height":373,"url":"https:\/\/shiawaves.com\/turkish\/wp-content\/uploads\/sites\/6\/2025\/04\/image-10.png","type":"image\/png"}],"author":"modir","twitter_card":"summary_large_image","twitter_misc":{"Yazan:":"modir","Tahmini okuma s\u00fcresi":"1 dakika"},"schema":{"@context":"https:\/\/schema.org","@graph":[{"@type":"WebPage","@id":"https:\/\/shiawaves.com\/turkish\/2025\/04\/01\/uluslararasi-af-orgutu-afrika-kokenli-insanlarin-haklarini-savunan-bm-raporunu-destekliyor\/","url":"https:\/\/shiawaves.com\/turkish\/2025\/04\/01\/uluslararasi-af-orgutu-afrika-kokenli-insanlarin-haklarini-savunan-bm-raporunu-destekliyor\/","name":"Uluslararas\u0131 Af \u00d6rg\u00fct\u00fc, Afrika K\u00f6kenli \u0130nsanlar\u0131n Haklar\u0131n\u0131 Savunan BM Raporunu Destekliyor - ShiaWaves Turkish - \u015eia Haberleri","isPartOf":{"@id":"https:\/\/shiawaves.com\/turkish\/#website"},"primaryImageOfPage":{"@id":"https:\/\/shiawaves.com\/turkish\/2025\/04\/01\/uluslararasi-af-orgutu-afrika-kokenli-insanlarin-haklarini-savunan-bm-raporunu-destekliyor\/#primaryimage"},"image":{"@id":"https:\/\/shiawaves.com\/turkish\/2025\/04\/01\/uluslararasi-af-orgutu-afrika-kokenli-insanlarin-haklarini-savunan-bm-raporunu-destekliyor\/#primaryimage"},"thumbnailUrl":"https:\/\/shiawaves.com\/turkish\/wp-content\/uploads\/sites\/6\/2025\/04\/image-10.png","datePublished":"2025-04-01T17:00:00+00:00","dateModified":"2025-04-01T14:33:23+00:00","author":{"@id":"https:\/\/shiawaves.com\/turkish\/#\/schema\/person\/9f68d5023e948086b9348fba5aebd954"},"breadcrumb":{"@id":"https:\/\/shiawaves.com\/turkish\/2025\/04\/01\/uluslararasi-af-orgutu-afrika-kokenli-insanlarin-haklarini-savunan-bm-raporunu-destekliyor\/#breadcrumb"},"inLanguage":"tr","potentialAction":[{"@type":"ReadAction","target":["https:\/\/shiawaves.com\/turkish\/2025\/04\/01\/uluslararasi-af-orgutu-afrika-kokenli-insanlarin-haklarini-savunan-bm-raporunu-destekliyor\/"]}]},{"@type":"ImageObject","inLanguage":"tr","@id":"https:\/\/shiawaves.com\/turkish\/2025\/04\/01\/uluslararasi-af-orgutu-afrika-kokenli-insanlarin-haklarini-savunan-bm-raporunu-destekliyor\/#primaryimage","url":"https:\/\/shiawaves.com\/turkish\/wp-content\/uploads\/sites\/6\/2025\/04\/image-10.png","contentUrl":"https:\/\/shiawaves.com\/turkish\/wp-content\/uploads\/sites\/6\/2025\/04\/image-10.png","width":660,"height":373,"caption":"Uluslararas\u0131 Af \u00d6rg\u00fct\u00fc, Afrika K\u00f6kenli \u0130nsanlar\u0131n Haklar\u0131n\u0131 Savunan BM Raporunu Destekliyor"},{"@type":"BreadcrumbList","@id":"https:\/\/shiawaves.com\/turkish\/2025\/04\/01\/uluslararasi-af-orgutu-afrika-kokenli-insanlarin-haklarini-savunan-bm-raporunu-destekliyor\/#breadcrumb","itemListElement":[{"@type":"ListItem","position":1,"name":"Home","item":"https:\/\/shiawaves.com\/turkish\/"},{"@type":"ListItem","position":2,"name":"Uluslararas\u0131 Af \u00d6rg\u00fct\u00fc, Afrika K\u00f6kenli \u0130nsanlar\u0131n Haklar\u0131n\u0131 Savunan BM Raporunu Destekliyor"}]},{"@type":"WebSite","@id":"https:\/\/shiawaves.com\/turkish\/#website","url":"https:\/\/shiawaves.com\/turkish\/","name":"ShiaWaves Turkish - \u015eia Haberleri","description":"","potentialAction":[{"@type":"SearchAction","target":{"@type":"EntryPoint","urlTemplate":"https:\/\/shiawaves.com\/turkish\/?s={search_term_string}"},"query-input":{"@type":"PropertyValueSpecification","valueRequired":true,"valueName":"search_term_string"}}],"inLanguage":"tr"},{"@type":"Person","@id":"https:\/\/shiawaves.com\/turkish\/#\/schema\/person\/9f68d5023e948086b9348fba5aebd954","name":"modir","image":{"@type":"ImageObject","inLanguage":"tr","@id":"https:\/\/shiawaves.com\/turkish\/#\/schema\/person\/image\/","url":"https:\/\/secure.gravatar.com\/avatar\/8e76f93cdbdd480bd8918d1e0e1d938664c9cb1516c2a57a2b96fe50b507a6b9?s=96&d=mm&r=g","contentUrl":"https:\/\/secure.gravatar.com\/avatar\/8e76f93cdbdd480bd8918d1e0e1d938664c9cb1516c2a57a2b96fe50b507a6b9?s=96&d=mm&r=g","caption":"modir"},"sameAs":["https:\/\/shiawaves.com"],"url":"https:\/\/shiawaves.com\/turkish\/author\/modir\/"}]}},"_links":{"self":[{"href":"https:\/\/shiawaves.com\/turkish\/wp-json\/wp\/v2\/posts\/113411","targetHints":{"allow":["GET"]}}],"collection":[{"href":"https:\/\/shiawaves.com\/turkish\/wp-json\/wp\/v2\/posts"}],"about":[{"href":"https:\/\/shiawaves.com\/turkish\/wp-json\/wp\/v2\/types\/post"}],"author":[{"embeddable":true,"href":"https:\/\/shiawaves.com\/turkish\/wp-json\/wp\/v2\/users\/1"}],"replies":[{"embeddable":true,"href":"https:\/\/shiawaves.com\/turkish\/wp-json\/wp\/v2\/comments?post=113411"}],"version-history":[{"count":1,"href":"https:\/\/shiawaves.com\/turkish\/wp-json\/wp\/v2\/posts\/113411\/revisions"}],"predecessor-version":[{"id":113413,"href":"https:\/\/shiawaves.com\/turkish\/wp-json\/wp\/v2\/posts\/113411\/revisions\/113413"}],"wp:featuredmedia":[{"embeddable":true,"href":"https:\/\/shiawaves.com\/turkish\/wp-json\/wp\/v2\/media\/113412"}],"wp:attachment":[{"href":"https:\/\/shiawaves.com\/turkish\/wp-json\/wp\/v2\/media?parent=113411"}],"wp:term":[{"taxonomy":"category","embeddable":true,"href":"https:\/\/shiawaves.com\/turkish\/wp-json\/wp\/v2\/categories?post=113411"},{"taxonomy":"post_tag","embeddable":true,"href":"https:\/\/shiawaves.com\/turkish\/wp-json\/wp\/v2\/tags?post=113411"}],"curies":[{"name":"wp","href":"https:\/\/api.w.org\/{rel}","templated":true}]}}