{"id":113363,"date":"2025-03-31T19:30:00","date_gmt":"2025-03-31T16:30:00","guid":{"rendered":"https:\/\/shiawaves.com\/turkish\/?p=113363"},"modified":"2025-03-31T18:33:27","modified_gmt":"2025-03-31T15:33:27","slug":"almanyada-iltica-basvurularinin-reddedilme-oraninda-artis-daha-siki-bir-mahkeme-sureci","status":"publish","type":"post","link":"https:\/\/shiawaves.com\/turkish\/2025\/03\/31\/almanyada-iltica-basvurularinin-reddedilme-oraninda-artis-daha-siki-bir-mahkeme-sureci\/","title":{"rendered":"Almanya&#8217;da \u0130ltica Ba\u015fvurular\u0131n\u0131n Reddedilme Oran\u0131nda Art\u0131\u015f; Daha S\u0131k\u0131 Bir Mahkeme S\u00fcreci"},"content":{"rendered":"\n<p>2024 y\u0131l\u0131nda Alman mahkemelerinde kabul edilen \u015fik\u00e2yet say\u0131s\u0131nda \u00f6nemli d\u00fc\u015f\u00fc\u015f ya\u015fand\u0131.<\/p>\n\n\n\n<p>S\u0131\u011f\u0131nmac\u0131lar\u0131n reddedilen s\u0131\u011f\u0131nma ba\u015fvurular\u0131na kar\u015f\u0131 yapt\u0131klar\u0131 itirazlar\u0131n yaln\u0131zca y\u00fczde 18&#8217;inin kabul edilmesi, mahkemelerin daha kat\u0131 kararlar ald\u0131\u011f\u0131n\u0131 ve karar alma s\u00fcre\u00e7lerinde de\u011fi\u015fiklikler yap\u0131ld\u0131\u011f\u0131n\u0131 g\u00f6steriyor.<\/p>\n\n\n\n<p>\ud83d\udc48\ud83c\udffbArkada\u015f\u0131m\u0131z\u0131n bu konu hakk\u0131ndaki haberini inceleyelim.\ud83d\udc49\ud83c\udffb<\/p>\n\n\n\n<figure class=\"wp-block-image size-full is-resized\"><img loading=\"lazy\" decoding=\"async\" width=\"768\" height=\"432\" src=\"https:\/\/shiawaves.com\/turkish\/wp-content\/uploads\/sites\/6\/2025\/03\/image-348.png\" alt=\"\" class=\"wp-image-113364\" style=\"width:840px;height:auto\" srcset=\"https:\/\/shiawaves.com\/turkish\/wp-content\/uploads\/sites\/6\/2025\/03\/image-348.png 768w, https:\/\/shiawaves.com\/turkish\/wp-content\/uploads\/sites\/6\/2025\/03\/image-348-300x169.png 300w, https:\/\/shiawaves.com\/turkish\/wp-content\/uploads\/sites\/6\/2025\/03\/image-348-390x220.png 390w\" sizes=\"auto, (max-width: 768px) 100vw, 768px\" \/><\/figure>\n\n\n\n<p>Alman mahkemeleri 2024 y\u0131l\u0131nda, \u00f6nceki y\u0131llara k\u0131yasla, reddedilen iltica ba\u015fvurular\u0131na kar\u015f\u0131 s\u0131\u011f\u0131nmac\u0131lar\u0131n yapt\u0131\u011f\u0131 itirazlar\u0131n \u00f6nemli \u00f6l\u00e7\u00fcde \u00e7ok daha az\u0131n\u0131 kabul etti.<\/p>\n\n\n\n<p>Resmi raporlara g\u00f6re \u015fik\u00e2yetlerin sadece y\u00fczde 18&#8217;i olumlu sonu\u00e7lan\u0131rken, 2023&#8217;te bu oran y\u00fczde 24,4, 2022&#8217;de ise y\u00fczde 36,5\u2019tu.<\/p>\n\n\n\n<p>Bu de\u011fi\u015fiklikler, s\u0131\u011f\u0131nma ba\u015fvurular\u0131n\u0131n mahkemelerde incelenmesinde daha s\u0131k\u0131 bir s\u00fcrecin uygulanmas\u0131 anlam\u0131na geliyor.<\/p>\n\n\n\n<p>Deutsche Welle&#8217;nin internet sitesinde yer alan habere g\u00f6re, \u015fik\u00e2yet say\u0131s\u0131ndaki azalman\u0131n nedeni Federal G\u00f6\u00e7 ve M\u00fclteciler Dairesi&#8217;ndeki karar alma s\u00fcre\u00e7lerinin iyile\u015ftirilmesi olabilir.<\/p>\n\n\n\n<p>\u0130lgili kurumlar son bir y\u0131lda genel olarak daha az say\u0131da yeni s\u0131\u011f\u0131nma ba\u015fvurusunu incelemi\u015f olup, bu durum davalar\u0131n daha kapsaml\u0131 bir \u015fekilde ele al\u0131nmas\u0131na katk\u0131da bulunmu\u015f olabilir.<\/p>\n\n\n\n<p>2024 y\u0131l\u0131nda Almanya&#8217;ya yap\u0131lan s\u0131\u011f\u0131nma ba\u015fvurular\u0131n\u0131n toplam say\u0131s\u0131 bir \u00f6nceki y\u0131la g\u00f6re %30,2 azalarak 229 bin 751&#8217;e d\u00fc\u015ft\u00fc.<\/p>\n\n\n\n<p>Bu say\u0131n\u0131n 21 bin 194&#8217;\u00fc yeniden ba\u015fvuruda bulundu.<\/p>\n\n\n\n<p>Ba\u015fvurulardaki bu azalman\u0131n g\u00f6\u00e7 politikalar\u0131ndaki ve k\u0131s\u0131tlamalardaki de\u011fi\u015fikliklerden kaynakland\u0131\u011f\u0131 d\u00fc\u015f\u00fcn\u00fcl\u00fcyor.<\/p>\n\n\n\n<p>Ayn\u0131 zamanda Almanya&#8217;n\u0131n farkl\u0131 b\u00f6lgelerinde ba\u015fvurular\u0131n de\u011ferlendirilmesinde \u00f6nemli farkl\u0131l\u0131klar bulunmaktad\u0131r.<\/p>\n\n\n\n<p>\u00d6zellikle Eisenhuttenstadt&#8217;ta Afgan m\u00fclteci ba\u015fvurular\u0131n\u0131n kabul oran\u0131 sadece y\u00fczde 60,8 iken, M\u00fcnih gibi di\u011fer b\u00f6lgelerde bu oran y\u00fczde 98,6 oldu.<\/p>\n\n\n\n<p>Bu farkl\u0131l\u0131klar ba\u015fvurular\u0131n de\u011ferlendirilmesinde e\u015fitlik konusunda endi\u015felere yol a\u00e7m\u0131\u015ft\u0131r.<\/p>\n","protected":false},"excerpt":{"rendered":"<p>2024 y\u0131l\u0131nda Alman mahkemelerinde kabul edilen \u015fik\u00e2yet say\u0131s\u0131nda \u00f6nemli d\u00fc\u015f\u00fc\u015f ya\u015fand\u0131. S\u0131\u011f\u0131nmac\u0131lar\u0131n reddedilen s\u0131\u011f\u0131nma ba\u015fvurular\u0131na kar\u015f\u0131 yapt\u0131klar\u0131 itirazlar\u0131n yaln\u0131zca y\u00fczde 18&#8217;inin kabul edilmesi, mahkemelerin daha kat\u0131 kararlar ald\u0131\u011f\u0131n\u0131 ve karar alma s\u00fcre\u00e7lerinde de\u011fi\u015fiklikler yap\u0131ld\u0131\u011f\u0131n\u0131 g\u00f6steriyor. \ud83d\udc48\ud83c\udffbArkada\u015f\u0131m\u0131z\u0131n bu konu hakk\u0131ndaki haberini inceleyelim.\ud83d\udc49\ud83c\udffb Alman mahkemeleri 2024 y\u0131l\u0131nda, \u00f6nceki y\u0131llara k\u0131yasla, reddedilen iltica ba\u015fvurular\u0131na kar\u015f\u0131 s\u0131\u011f\u0131nmac\u0131lar\u0131n yapt\u0131\u011f\u0131 itirazlar\u0131n &hellip;<\/p>\n","protected":false},"author":1,"featured_media":113364,"comment_status":"open","ping_status":"open","sticky":false,"template":"","format":"standard","meta":{"rop_custom_images_group":[],"rop_custom_messages_group":[],"rop_publish_now":"initial","rop_publish_now_accounts":[],"rop_publish_now_history":[],"rop_publish_now_status":"pending","footnotes":""},"categories":[71],"tags":[2804],"class_list":["post-113363","post","type-post","status-publish","format-standard","has-post-thumbnail","hentry","category-germany","tag-almanyada-iltica-basvurularinin-reddedilme-oraninda-artis-daha-siki-bir-mahkeme-sureci"],"_wp_page_template":null,"_wp_attached_file":null,"_wp_attachment_metadata":null,"_edit_lock":"1743435208:1","yoast_head":"<!-- This site is optimized with the Yoast SEO plugin v24.3 - https:\/\/yoast.com\/wordpress\/plugins\/seo\/ -->\n<title>Almanya&#039;da \u0130ltica Ba\u015fvurular\u0131n\u0131n Reddedilme Oran\u0131nda Art\u0131\u015f; Daha S\u0131k\u0131 Bir Mahkeme S\u00fcreci - ShiaWaves Turkish - \u015eia Haberleri<\/title>\n<meta name=\"description\" content=\"Almanya&#039;da \u0130ltica Ba\u015fvurular\u0131n\u0131n Reddedilme Oran\u0131nda Art\u0131\u015f; Daha S\u0131k\u0131 Bir Mahkeme S\u00fcreci\" \/>\n<meta name=\"robots\" content=\"index, follow, max-snippet:-1, max-image-preview:large, max-video-preview:-1\" \/>\n<link rel=\"canonical\" href=\"https:\/\/shiawaves.com\/turkish\/2025\/03\/31\/almanyada-iltica-basvurularinin-reddedilme-oraninda-artis-daha-siki-bir-mahkeme-sureci\/\" \/>\n<meta property=\"og:locale\" content=\"tr_TR\" \/>\n<meta property=\"og:type\" content=\"article\" \/>\n<meta property=\"og:title\" content=\"Almanya&#039;da \u0130ltica Ba\u015fvurular\u0131n\u0131n Reddedilme Oran\u0131nda Art\u0131\u015f; Daha S\u0131k\u0131 Bir Mahkeme S\u00fcreci - ShiaWaves Turkish - \u015eia Haberleri\" \/>\n<meta property=\"og:description\" content=\"Almanya&#039;da \u0130ltica Ba\u015fvurular\u0131n\u0131n Reddedilme Oran\u0131nda Art\u0131\u015f; Daha S\u0131k\u0131 Bir Mahkeme S\u00fcreci\" \/>\n<meta property=\"og:url\" content=\"https:\/\/shiawaves.com\/turkish\/2025\/03\/31\/almanyada-iltica-basvurularinin-reddedilme-oraninda-artis-daha-siki-bir-mahkeme-sureci\/\" \/>\n<meta property=\"og:site_name\" content=\"ShiaWaves Turkish - \u015eia Haberleri\" \/>\n<meta property=\"article:published_time\" content=\"2025-03-31T16:30:00+00:00\" \/>\n<meta property=\"article:modified_time\" content=\"2025-03-31T15:33:27+00:00\" \/>\n<meta property=\"og:image\" content=\"https:\/\/shiawaves.com\/turkish\/wp-content\/uploads\/sites\/6\/2025\/03\/image-348.png\" \/>\n\t<meta property=\"og:image:width\" content=\"768\" \/>\n\t<meta property=\"og:image:height\" content=\"432\" \/>\n\t<meta property=\"og:image:type\" content=\"image\/png\" \/>\n<meta name=\"author\" content=\"modir\" \/>\n<meta name=\"twitter:card\" content=\"summary_large_image\" \/>\n<meta name=\"twitter:label1\" content=\"Yazan:\" \/>\n\t<meta name=\"twitter:data1\" content=\"modir\" \/>\n\t<meta name=\"twitter:label2\" content=\"Tahmini okuma s\u00fcresi\" \/>\n\t<meta name=\"twitter:data2\" content=\"2 dakika\" \/>\n<script type=\"application\/ld+json\" class=\"yoast-schema-graph\">{\"@context\":\"https:\/\/schema.org\",\"@graph\":[{\"@type\":\"WebPage\",\"@id\":\"https:\/\/shiawaves.com\/turkish\/2025\/03\/31\/almanyada-iltica-basvurularinin-reddedilme-oraninda-artis-daha-siki-bir-mahkeme-sureci\/\",\"url\":\"https:\/\/shiawaves.com\/turkish\/2025\/03\/31\/almanyada-iltica-basvurularinin-reddedilme-oraninda-artis-daha-siki-bir-mahkeme-sureci\/\",\"name\":\"Almanya'da \u0130ltica Ba\u015fvurular\u0131n\u0131n Reddedilme Oran\u0131nda Art\u0131\u015f; Daha S\u0131k\u0131 Bir Mahkeme S\u00fcreci - ShiaWaves Turkish - \u015eia Haberleri\",\"isPartOf\":{\"@id\":\"https:\/\/shiawaves.com\/turkish\/#website\"},\"primaryImageOfPage\":{\"@id\":\"https:\/\/shiawaves.com\/turkish\/2025\/03\/31\/almanyada-iltica-basvurularinin-reddedilme-oraninda-artis-daha-siki-bir-mahkeme-sureci\/#primaryimage\"},\"image\":{\"@id\":\"https:\/\/shiawaves.com\/turkish\/2025\/03\/31\/almanyada-iltica-basvurularinin-reddedilme-oraninda-artis-daha-siki-bir-mahkeme-sureci\/#primaryimage\"},\"thumbnailUrl\":\"https:\/\/shiawaves.com\/turkish\/wp-content\/uploads\/sites\/6\/2025\/03\/image-348.png\",\"datePublished\":\"2025-03-31T16:30:00+00:00\",\"dateModified\":\"2025-03-31T15:33:27+00:00\",\"author\":{\"@id\":\"https:\/\/shiawaves.com\/turkish\/#\/schema\/person\/9f68d5023e948086b9348fba5aebd954\"},\"description\":\"Almanya'da \u0130ltica Ba\u015fvurular\u0131n\u0131n Reddedilme Oran\u0131nda Art\u0131\u015f; Daha S\u0131k\u0131 Bir Mahkeme S\u00fcreci\",\"breadcrumb\":{\"@id\":\"https:\/\/shiawaves.com\/turkish\/2025\/03\/31\/almanyada-iltica-basvurularinin-reddedilme-oraninda-artis-daha-siki-bir-mahkeme-sureci\/#breadcrumb\"},\"inLanguage\":\"tr\",\"potentialAction\":[{\"@type\":\"ReadAction\",\"target\":[\"https:\/\/shiawaves.com\/turkish\/2025\/03\/31\/almanyada-iltica-basvurularinin-reddedilme-oraninda-artis-daha-siki-bir-mahkeme-sureci\/\"]}]},{\"@type\":\"ImageObject\",\"inLanguage\":\"tr\",\"@id\":\"https:\/\/shiawaves.com\/turkish\/2025\/03\/31\/almanyada-iltica-basvurularinin-reddedilme-oraninda-artis-daha-siki-bir-mahkeme-sureci\/#primaryimage\",\"url\":\"https:\/\/shiawaves.com\/turkish\/wp-content\/uploads\/sites\/6\/2025\/03\/image-348.png\",\"contentUrl\":\"https:\/\/shiawaves.com\/turkish\/wp-content\/uploads\/sites\/6\/2025\/03\/image-348.png\",\"width\":768,\"height\":432,\"caption\":\"Almanya'da \u0130ltica Ba\u015fvurular\u0131n\u0131n Reddedilme Oran\u0131nda Art\u0131\u015f; Daha S\u0131k\u0131 Bir Mahkeme S\u00fcreci\"},{\"@type\":\"BreadcrumbList\",\"@id\":\"https:\/\/shiawaves.com\/turkish\/2025\/03\/31\/almanyada-iltica-basvurularinin-reddedilme-oraninda-artis-daha-siki-bir-mahkeme-sureci\/#breadcrumb\",\"itemListElement\":[{\"@type\":\"ListItem\",\"position\":1,\"name\":\"Home\",\"item\":\"https:\/\/shiawaves.com\/turkish\/\"},{\"@type\":\"ListItem\",\"position\":2,\"name\":\"Almanya&#8217;da \u0130ltica Ba\u015fvurular\u0131n\u0131n Reddedilme Oran\u0131nda Art\u0131\u015f; Daha S\u0131k\u0131 Bir Mahkeme S\u00fcreci\"}]},{\"@type\":\"WebSite\",\"@id\":\"https:\/\/shiawaves.com\/turkish\/#website\",\"url\":\"https:\/\/shiawaves.com\/turkish\/\",\"name\":\"ShiaWaves Turkish - \u015eia Haberleri\",\"description\":\"\",\"potentialAction\":[{\"@type\":\"SearchAction\",\"target\":{\"@type\":\"EntryPoint\",\"urlTemplate\":\"https:\/\/shiawaves.com\/turkish\/?s={search_term_string}\"},\"query-input\":{\"@type\":\"PropertyValueSpecification\",\"valueRequired\":true,\"valueName\":\"search_term_string\"}}],\"inLanguage\":\"tr\"},{\"@type\":\"Person\",\"@id\":\"https:\/\/shiawaves.com\/turkish\/#\/schema\/person\/9f68d5023e948086b9348fba5aebd954\",\"name\":\"modir\",\"image\":{\"@type\":\"ImageObject\",\"inLanguage\":\"tr\",\"@id\":\"https:\/\/shiawaves.com\/turkish\/#\/schema\/person\/image\/\",\"url\":\"https:\/\/secure.gravatar.com\/avatar\/8e76f93cdbdd480bd8918d1e0e1d938664c9cb1516c2a57a2b96fe50b507a6b9?s=96&d=mm&r=g\",\"contentUrl\":\"https:\/\/secure.gravatar.com\/avatar\/8e76f93cdbdd480bd8918d1e0e1d938664c9cb1516c2a57a2b96fe50b507a6b9?s=96&d=mm&r=g\",\"caption\":\"modir\"},\"sameAs\":[\"https:\/\/shiawaves.com\"],\"url\":\"https:\/\/shiawaves.com\/turkish\/author\/modir\/\"}]}<\/script>\n<!-- \/ Yoast SEO plugin. -->","yoast_head_json":{"title":"Almanya'da \u0130ltica Ba\u015fvurular\u0131n\u0131n Reddedilme Oran\u0131nda Art\u0131\u015f; Daha S\u0131k\u0131 Bir Mahkeme S\u00fcreci - ShiaWaves Turkish - \u015eia Haberleri","description":"Almanya'da \u0130ltica Ba\u015fvurular\u0131n\u0131n Reddedilme Oran\u0131nda Art\u0131\u015f; Daha S\u0131k\u0131 Bir Mahkeme S\u00fcreci","robots":{"index":"index","follow":"follow","max-snippet":"max-snippet:-1","max-image-preview":"max-image-preview:large","max-video-preview":"max-video-preview:-1"},"canonical":"https:\/\/shiawaves.com\/turkish\/2025\/03\/31\/almanyada-iltica-basvurularinin-reddedilme-oraninda-artis-daha-siki-bir-mahkeme-sureci\/","og_locale":"tr_TR","og_type":"article","og_title":"Almanya'da \u0130ltica Ba\u015fvurular\u0131n\u0131n Reddedilme Oran\u0131nda Art\u0131\u015f; Daha S\u0131k\u0131 Bir Mahkeme S\u00fcreci - ShiaWaves Turkish - \u015eia Haberleri","og_description":"Almanya'da \u0130ltica Ba\u015fvurular\u0131n\u0131n Reddedilme Oran\u0131nda Art\u0131\u015f; Daha S\u0131k\u0131 Bir Mahkeme S\u00fcreci","og_url":"https:\/\/shiawaves.com\/turkish\/2025\/03\/31\/almanyada-iltica-basvurularinin-reddedilme-oraninda-artis-daha-siki-bir-mahkeme-sureci\/","og_site_name":"ShiaWaves Turkish - \u015eia Haberleri","article_published_time":"2025-03-31T16:30:00+00:00","article_modified_time":"2025-03-31T15:33:27+00:00","og_image":[{"width":768,"height":432,"url":"https:\/\/shiawaves.com\/turkish\/wp-content\/uploads\/sites\/6\/2025\/03\/image-348.png","type":"image\/png"}],"author":"modir","twitter_card":"summary_large_image","twitter_misc":{"Yazan:":"modir","Tahmini okuma s\u00fcresi":"2 dakika"},"schema":{"@context":"https:\/\/schema.org","@graph":[{"@type":"WebPage","@id":"https:\/\/shiawaves.com\/turkish\/2025\/03\/31\/almanyada-iltica-basvurularinin-reddedilme-oraninda-artis-daha-siki-bir-mahkeme-sureci\/","url":"https:\/\/shiawaves.com\/turkish\/2025\/03\/31\/almanyada-iltica-basvurularinin-reddedilme-oraninda-artis-daha-siki-bir-mahkeme-sureci\/","name":"Almanya'da \u0130ltica Ba\u015fvurular\u0131n\u0131n Reddedilme Oran\u0131nda Art\u0131\u015f; Daha S\u0131k\u0131 Bir Mahkeme S\u00fcreci - ShiaWaves Turkish - \u015eia Haberleri","isPartOf":{"@id":"https:\/\/shiawaves.com\/turkish\/#website"},"primaryImageOfPage":{"@id":"https:\/\/shiawaves.com\/turkish\/2025\/03\/31\/almanyada-iltica-basvurularinin-reddedilme-oraninda-artis-daha-siki-bir-mahkeme-sureci\/#primaryimage"},"image":{"@id":"https:\/\/shiawaves.com\/turkish\/2025\/03\/31\/almanyada-iltica-basvurularinin-reddedilme-oraninda-artis-daha-siki-bir-mahkeme-sureci\/#primaryimage"},"thumbnailUrl":"https:\/\/shiawaves.com\/turkish\/wp-content\/uploads\/sites\/6\/2025\/03\/image-348.png","datePublished":"2025-03-31T16:30:00+00:00","dateModified":"2025-03-31T15:33:27+00:00","author":{"@id":"https:\/\/shiawaves.com\/turkish\/#\/schema\/person\/9f68d5023e948086b9348fba5aebd954"},"description":"Almanya'da \u0130ltica Ba\u015fvurular\u0131n\u0131n Reddedilme Oran\u0131nda Art\u0131\u015f; Daha S\u0131k\u0131 Bir Mahkeme S\u00fcreci","breadcrumb":{"@id":"https:\/\/shiawaves.com\/turkish\/2025\/03\/31\/almanyada-iltica-basvurularinin-reddedilme-oraninda-artis-daha-siki-bir-mahkeme-sureci\/#breadcrumb"},"inLanguage":"tr","potentialAction":[{"@type":"ReadAction","target":["https:\/\/shiawaves.com\/turkish\/2025\/03\/31\/almanyada-iltica-basvurularinin-reddedilme-oraninda-artis-daha-siki-bir-mahkeme-sureci\/"]}]},{"@type":"ImageObject","inLanguage":"tr","@id":"https:\/\/shiawaves.com\/turkish\/2025\/03\/31\/almanyada-iltica-basvurularinin-reddedilme-oraninda-artis-daha-siki-bir-mahkeme-sureci\/#primaryimage","url":"https:\/\/shiawaves.com\/turkish\/wp-content\/uploads\/sites\/6\/2025\/03\/image-348.png","contentUrl":"https:\/\/shiawaves.com\/turkish\/wp-content\/uploads\/sites\/6\/2025\/03\/image-348.png","width":768,"height":432,"caption":"Almanya'da \u0130ltica Ba\u015fvurular\u0131n\u0131n Reddedilme Oran\u0131nda Art\u0131\u015f; Daha S\u0131k\u0131 Bir Mahkeme S\u00fcreci"},{"@type":"BreadcrumbList","@id":"https:\/\/shiawaves.com\/turkish\/2025\/03\/31\/almanyada-iltica-basvurularinin-reddedilme-oraninda-artis-daha-siki-bir-mahkeme-sureci\/#breadcrumb","itemListElement":[{"@type":"ListItem","position":1,"name":"Home","item":"https:\/\/shiawaves.com\/turkish\/"},{"@type":"ListItem","position":2,"name":"Almanya&#8217;da \u0130ltica Ba\u015fvurular\u0131n\u0131n Reddedilme Oran\u0131nda Art\u0131\u015f; Daha S\u0131k\u0131 Bir Mahkeme S\u00fcreci"}]},{"@type":"WebSite","@id":"https:\/\/shiawaves.com\/turkish\/#website","url":"https:\/\/shiawaves.com\/turkish\/","name":"ShiaWaves Turkish - \u015eia Haberleri","description":"","potentialAction":[{"@type":"SearchAction","target":{"@type":"EntryPoint","urlTemplate":"https:\/\/shiawaves.com\/turkish\/?s={search_term_string}"},"query-input":{"@type":"PropertyValueSpecification","valueRequired":true,"valueName":"search_term_string"}}],"inLanguage":"tr"},{"@type":"Person","@id":"https:\/\/shiawaves.com\/turkish\/#\/schema\/person\/9f68d5023e948086b9348fba5aebd954","name":"modir","image":{"@type":"ImageObject","inLanguage":"tr","@id":"https:\/\/shiawaves.com\/turkish\/#\/schema\/person\/image\/","url":"https:\/\/secure.gravatar.com\/avatar\/8e76f93cdbdd480bd8918d1e0e1d938664c9cb1516c2a57a2b96fe50b507a6b9?s=96&d=mm&r=g","contentUrl":"https:\/\/secure.gravatar.com\/avatar\/8e76f93cdbdd480bd8918d1e0e1d938664c9cb1516c2a57a2b96fe50b507a6b9?s=96&d=mm&r=g","caption":"modir"},"sameAs":["https:\/\/shiawaves.com"],"url":"https:\/\/shiawaves.com\/turkish\/author\/modir\/"}]}},"_links":{"self":[{"href":"https:\/\/shiawaves.com\/turkish\/wp-json\/wp\/v2\/posts\/113363","targetHints":{"allow":["GET"]}}],"collection":[{"href":"https:\/\/shiawaves.com\/turkish\/wp-json\/wp\/v2\/posts"}],"about":[{"href":"https:\/\/shiawaves.com\/turkish\/wp-json\/wp\/v2\/types\/post"}],"author":[{"embeddable":true,"href":"https:\/\/shiawaves.com\/turkish\/wp-json\/wp\/v2\/users\/1"}],"replies":[{"embeddable":true,"href":"https:\/\/shiawaves.com\/turkish\/wp-json\/wp\/v2\/comments?post=113363"}],"version-history":[{"count":1,"href":"https:\/\/shiawaves.com\/turkish\/wp-json\/wp\/v2\/posts\/113363\/revisions"}],"predecessor-version":[{"id":113365,"href":"https:\/\/shiawaves.com\/turkish\/wp-json\/wp\/v2\/posts\/113363\/revisions\/113365"}],"wp:featuredmedia":[{"embeddable":true,"href":"https:\/\/shiawaves.com\/turkish\/wp-json\/wp\/v2\/media\/113364"}],"wp:attachment":[{"href":"https:\/\/shiawaves.com\/turkish\/wp-json\/wp\/v2\/media?parent=113363"}],"wp:term":[{"taxonomy":"category","embeddable":true,"href":"https:\/\/shiawaves.com\/turkish\/wp-json\/wp\/v2\/categories?post=113363"},{"taxonomy":"post_tag","embeddable":true,"href":"https:\/\/shiawaves.com\/turkish\/wp-json\/wp\/v2\/tags?post=113363"}],"curies":[{"name":"wp","href":"https:\/\/api.w.org\/{rel}","templated":true}]}}