{"id":113146,"date":"2025-03-26T16:45:00","date_gmt":"2025-03-26T13:45:00","guid":{"rendered":"https:\/\/shiawaves.com\/turkish\/?p=113146"},"modified":"2025-03-26T16:18:15","modified_gmt":"2025-03-26T13:18:15","slug":"turkiyede-siyasi-ve-ekonomik-kriz-erdoganin-protestolari-bastirma-ve-yatirimci-cekme-cabalari","status":"publish","type":"post","link":"https:\/\/shiawaves.com\/turkish\/2025\/03\/26\/turkiyede-siyasi-ve-ekonomik-kriz-erdoganin-protestolari-bastirma-ve-yatirimci-cekme-cabalari\/","title":{"rendered":"T\u00fcrkiye&#8217;de Siyasi ve Ekonomik Kriz; Erdo\u011fan&#8217;\u0131n Protestolar\u0131 Bast\u0131rma ve Yat\u0131r\u0131mc\u0131 \u00c7ekme \u00c7abalar\u0131"},"content":{"rendered":"\n<p>\u0130stanbul B\u00fcy\u00fck\u015fehir Belediye Ba\u015fkan\u0131&#8217;n\u0131n tutuklanmas\u0131n\u0131n ard\u0131ndan T\u00fcrkiye&#8217;de yayg\u0131n protestolar ve sermaye \u00e7\u0131k\u0131\u015flar\u0131 ya\u015fand\u0131.<\/p>\n\n\n\n<p>H\u00fck\u00fcmet, bir yandan protestocular\u0131 bast\u0131r\u0131rken bir yandan da yabanc\u0131 yat\u0131r\u0131mc\u0131larla g\u00f6r\u00fc\u015fmeler yaparak ekonomik istikrar\u0131 sa\u011flamaya \u00e7al\u0131\u015f\u0131yor.<\/p>\n\n\n\n<p>\ud83d\udc48\ud83c\udffbArkada\u015f\u0131m\u0131z\u0131n bu konu hakk\u0131ndaki haberini inceleyelim.\ud83d\udc49\ud83c\udffb<\/p>\n\n\n\n<figure class=\"wp-block-image size-full is-resized\"><img loading=\"lazy\" decoding=\"async\" width=\"768\" height=\"423\" src=\"https:\/\/shiawaves.com\/turkish\/wp-content\/uploads\/sites\/6\/2025\/03\/image-277.png\" alt=\"\" class=\"wp-image-113147\" style=\"width:840px;height:auto\" srcset=\"https:\/\/shiawaves.com\/turkish\/wp-content\/uploads\/sites\/6\/2025\/03\/image-277.png 768w, https:\/\/shiawaves.com\/turkish\/wp-content\/uploads\/sites\/6\/2025\/03\/image-277-300x165.png 300w\" sizes=\"auto, (max-width: 768px) 100vw, 768px\" \/><\/figure>\n\n\n\n<p>\u0130stanbul Belediye Ba\u015fkan\u0131 Ekrem \u0130mamo\u011flu&#8217;nun tutuklanmas\u0131 T\u00fcrkiye genelinde yayg\u0131n protesto dalgas\u0131n\u0131 tetikledi ve ekonomik istikrars\u0131zl\u0131\u011fa yol a\u00e7t\u0131.<\/p>\n\n\n\n<p>Polis, protestolar\u0131 bast\u0131rarak ve aralar\u0131nda siyasi aktivistlerin ve gazetecilerin de bulundu\u011fu binin \u00fczerinde protestocuyu tutuklayarak durumu kontrol alt\u0131na almaya \u00e7al\u0131\u015f\u0131rken, T\u00fcrk h\u00fck\u00fcmeti de ekonomik zirveler d\u00fczenleyerek yat\u0131r\u0131mc\u0131lar\u0131n g\u00fcvenini kazanmaya \u00e7al\u0131\u015f\u0131yor.<\/p>\n\n\n\n<p>T\u00fcrk yetkililer, \u00fclkenin Maliye Bakan\u0131 ve Merkez Bankas\u0131 Ba\u015fkan\u0131&#8217;n\u0131n, ekonomik politikalar\u0131n devam\u0131na destek amac\u0131yla yabanc\u0131 yat\u0131r\u0131mc\u0131larla bir araya geldi\u011fini duyurdu.<\/p>\n\n\n\n<p>Bu arada T\u00fcrk liras\u0131n\u0131n de\u011feri, Merkez Bankas\u0131&#8217;n\u0131n m\u00fcdahalesiyle ani d\u00fc\u015f\u00fc\u015f\u00fcn ard\u0131ndan bir miktar toparland\u0131.<\/p>\n\n\n\n<p>Bu huzursuzluk \u00fczerine Erdo\u011fan h\u00fck\u00fcmeti, Ankara&#8217;daki protesto yasa\u011f\u0131n\u0131 1 Nisan&#8217;a kadar uzatt\u0131 ve protestocular\u0131 kamu d\u00fczenini bozmakla su\u00e7lad\u0131.<\/p>\n\n\n\n<p>Ancak Cumhuriyet Halk Partisi, muhalefetini s\u00fcrd\u00fcrmek i\u00e7in yeni stratejiler benimseyece\u011fini duyurdu.<\/p>\n\n\n\n<p>Ayn\u0131 zamanda Avrupa Konseyi, T\u00fcrk polisinin protestoculara y\u00f6nelik \u015fiddet i\u00e7eren muamelesinden endi\u015fe duydu\u011funu dile getirdi.<\/p>\n\n\n\n<p>Polisin g\u00f6stericileri da\u011f\u0131tmak i\u00e7in biber gaz\u0131 ve plastik mermi kulland\u0131\u011f\u0131 belirtiliyor.<\/p>\n\n\n\n<p>Uzmanlar, protestolar\u0131n ve ekonomik krizin s\u00fcrmesiyle T\u00fcrkiye&#8217;nin siyasi ve ekonomik gelece\u011finin belirsizli\u011fe s\u00fcr\u00fcklendi\u011fini d\u00fc\u015f\u00fcn\u00fcyor.<\/p>\n","protected":false},"excerpt":{"rendered":"<p>\u0130stanbul B\u00fcy\u00fck\u015fehir Belediye Ba\u015fkan\u0131&#8217;n\u0131n tutuklanmas\u0131n\u0131n ard\u0131ndan T\u00fcrkiye&#8217;de yayg\u0131n protestolar ve sermaye \u00e7\u0131k\u0131\u015flar\u0131 ya\u015fand\u0131. H\u00fck\u00fcmet, bir yandan protestocular\u0131 bast\u0131r\u0131rken bir yandan da yabanc\u0131 yat\u0131r\u0131mc\u0131larla g\u00f6r\u00fc\u015fmeler yaparak ekonomik istikrar\u0131 sa\u011flamaya \u00e7al\u0131\u015f\u0131yor. \ud83d\udc48\ud83c\udffbArkada\u015f\u0131m\u0131z\u0131n bu konu hakk\u0131ndaki haberini inceleyelim.\ud83d\udc49\ud83c\udffb \u0130stanbul Belediye Ba\u015fkan\u0131 Ekrem \u0130mamo\u011flu&#8217;nun tutuklanmas\u0131 T\u00fcrkiye genelinde yayg\u0131n protesto dalgas\u0131n\u0131 tetikledi ve ekonomik istikrars\u0131zl\u0131\u011fa yol a\u00e7t\u0131. Polis, protestolar\u0131 bast\u0131rarak &hellip;<\/p>\n","protected":false},"author":1,"featured_media":113147,"comment_status":"open","ping_status":"open","sticky":false,"template":"","format":"standard","meta":{"rop_custom_images_group":[],"rop_custom_messages_group":[],"rop_publish_now":"initial","rop_publish_now_accounts":[],"rop_publish_now_history":[],"rop_publish_now_status":"pending","footnotes":""},"categories":[357],"tags":[2727],"class_list":["post-113146","post","type-post","status-publish","format-standard","has-post-thumbnail","hentry","category-turkiye","tag-turkiyede-siyasi-ve-ekonomik-kriz-erdoganin-protestolari-bastirma-ve-yatirimci-cekme-cabalari"],"_wp_page_template":null,"_wp_attached_file":null,"_wp_attachment_metadata":null,"_edit_lock":"1742995096:1","yoast_head":"<!-- This site is optimized with the Yoast SEO plugin v24.3 - https:\/\/yoast.com\/wordpress\/plugins\/seo\/ -->\n<title>T\u00fcrkiye&#039;de Siyasi ve Ekonomik Kriz; Erdo\u011fan&#039;\u0131n Protestolar\u0131 Bast\u0131rma ve Yat\u0131r\u0131mc\u0131 \u00c7ekme \u00c7abalar\u0131 - ShiaWaves Turkish - \u015eia Haberleri<\/title>\n<meta name=\"description\" content=\"T\u00fcrkiye&#039;de Siyasi ve Ekonomik Kriz; Erdo\u011fan&#039;\u0131n Protestolar\u0131 Bast\u0131rma ve Yat\u0131r\u0131mc\u0131 \u00c7ekme \u00c7abalar\u0131\" \/>\n<meta name=\"robots\" content=\"index, follow, max-snippet:-1, max-image-preview:large, max-video-preview:-1\" \/>\n<link rel=\"canonical\" href=\"https:\/\/shiawaves.com\/turkish\/2025\/03\/26\/turkiyede-siyasi-ve-ekonomik-kriz-erdoganin-protestolari-bastirma-ve-yatirimci-cekme-cabalari\/\" \/>\n<meta property=\"og:locale\" content=\"tr_TR\" \/>\n<meta property=\"og:type\" content=\"article\" \/>\n<meta property=\"og:title\" content=\"T\u00fcrkiye&#039;de Siyasi ve Ekonomik Kriz; Erdo\u011fan&#039;\u0131n Protestolar\u0131 Bast\u0131rma ve Yat\u0131r\u0131mc\u0131 \u00c7ekme \u00c7abalar\u0131 - ShiaWaves Turkish - \u015eia Haberleri\" \/>\n<meta property=\"og:description\" content=\"T\u00fcrkiye&#039;de Siyasi ve Ekonomik Kriz; Erdo\u011fan&#039;\u0131n Protestolar\u0131 Bast\u0131rma ve Yat\u0131r\u0131mc\u0131 \u00c7ekme \u00c7abalar\u0131\" \/>\n<meta property=\"og:url\" content=\"https:\/\/shiawaves.com\/turkish\/2025\/03\/26\/turkiyede-siyasi-ve-ekonomik-kriz-erdoganin-protestolari-bastirma-ve-yatirimci-cekme-cabalari\/\" \/>\n<meta property=\"og:site_name\" content=\"ShiaWaves Turkish - \u015eia Haberleri\" \/>\n<meta property=\"article:published_time\" content=\"2025-03-26T13:45:00+00:00\" \/>\n<meta property=\"article:modified_time\" content=\"2025-03-26T13:18:15+00:00\" \/>\n<meta property=\"og:image\" content=\"https:\/\/shiawaves.com\/turkish\/wp-content\/uploads\/sites\/6\/2025\/03\/image-277.png\" \/>\n\t<meta property=\"og:image:width\" content=\"768\" \/>\n\t<meta property=\"og:image:height\" content=\"423\" \/>\n\t<meta property=\"og:image:type\" content=\"image\/png\" \/>\n<meta name=\"author\" content=\"modir\" \/>\n<meta name=\"twitter:card\" content=\"summary_large_image\" \/>\n<meta name=\"twitter:label1\" content=\"Yazan:\" \/>\n\t<meta name=\"twitter:data1\" content=\"modir\" \/>\n\t<meta name=\"twitter:label2\" content=\"Tahmini okuma s\u00fcresi\" \/>\n\t<meta name=\"twitter:data2\" content=\"2 dakika\" \/>\n<script type=\"application\/ld+json\" class=\"yoast-schema-graph\">{\"@context\":\"https:\/\/schema.org\",\"@graph\":[{\"@type\":\"WebPage\",\"@id\":\"https:\/\/shiawaves.com\/turkish\/2025\/03\/26\/turkiyede-siyasi-ve-ekonomik-kriz-erdoganin-protestolari-bastirma-ve-yatirimci-cekme-cabalari\/\",\"url\":\"https:\/\/shiawaves.com\/turkish\/2025\/03\/26\/turkiyede-siyasi-ve-ekonomik-kriz-erdoganin-protestolari-bastirma-ve-yatirimci-cekme-cabalari\/\",\"name\":\"T\u00fcrkiye'de Siyasi ve Ekonomik Kriz; Erdo\u011fan'\u0131n Protestolar\u0131 Bast\u0131rma ve Yat\u0131r\u0131mc\u0131 \u00c7ekme \u00c7abalar\u0131 - ShiaWaves Turkish - \u015eia Haberleri\",\"isPartOf\":{\"@id\":\"https:\/\/shiawaves.com\/turkish\/#website\"},\"primaryImageOfPage\":{\"@id\":\"https:\/\/shiawaves.com\/turkish\/2025\/03\/26\/turkiyede-siyasi-ve-ekonomik-kriz-erdoganin-protestolari-bastirma-ve-yatirimci-cekme-cabalari\/#primaryimage\"},\"image\":{\"@id\":\"https:\/\/shiawaves.com\/turkish\/2025\/03\/26\/turkiyede-siyasi-ve-ekonomik-kriz-erdoganin-protestolari-bastirma-ve-yatirimci-cekme-cabalari\/#primaryimage\"},\"thumbnailUrl\":\"https:\/\/shiawaves.com\/turkish\/wp-content\/uploads\/sites\/6\/2025\/03\/image-277.png\",\"datePublished\":\"2025-03-26T13:45:00+00:00\",\"dateModified\":\"2025-03-26T13:18:15+00:00\",\"author\":{\"@id\":\"https:\/\/shiawaves.com\/turkish\/#\/schema\/person\/9f68d5023e948086b9348fba5aebd954\"},\"description\":\"T\u00fcrkiye'de Siyasi ve Ekonomik Kriz; Erdo\u011fan'\u0131n Protestolar\u0131 Bast\u0131rma ve Yat\u0131r\u0131mc\u0131 \u00c7ekme \u00c7abalar\u0131\",\"breadcrumb\":{\"@id\":\"https:\/\/shiawaves.com\/turkish\/2025\/03\/26\/turkiyede-siyasi-ve-ekonomik-kriz-erdoganin-protestolari-bastirma-ve-yatirimci-cekme-cabalari\/#breadcrumb\"},\"inLanguage\":\"tr\",\"potentialAction\":[{\"@type\":\"ReadAction\",\"target\":[\"https:\/\/shiawaves.com\/turkish\/2025\/03\/26\/turkiyede-siyasi-ve-ekonomik-kriz-erdoganin-protestolari-bastirma-ve-yatirimci-cekme-cabalari\/\"]}]},{\"@type\":\"ImageObject\",\"inLanguage\":\"tr\",\"@id\":\"https:\/\/shiawaves.com\/turkish\/2025\/03\/26\/turkiyede-siyasi-ve-ekonomik-kriz-erdoganin-protestolari-bastirma-ve-yatirimci-cekme-cabalari\/#primaryimage\",\"url\":\"https:\/\/shiawaves.com\/turkish\/wp-content\/uploads\/sites\/6\/2025\/03\/image-277.png\",\"contentUrl\":\"https:\/\/shiawaves.com\/turkish\/wp-content\/uploads\/sites\/6\/2025\/03\/image-277.png\",\"width\":768,\"height\":423,\"caption\":\"T\u00fcrkiye'de Siyasi ve Ekonomik Kriz; Erdo\u011fan'\u0131n Protestolar\u0131 Bast\u0131rma ve Yat\u0131r\u0131mc\u0131 \u00c7ekme \u00c7abalar\u0131\"},{\"@type\":\"BreadcrumbList\",\"@id\":\"https:\/\/shiawaves.com\/turkish\/2025\/03\/26\/turkiyede-siyasi-ve-ekonomik-kriz-erdoganin-protestolari-bastirma-ve-yatirimci-cekme-cabalari\/#breadcrumb\",\"itemListElement\":[{\"@type\":\"ListItem\",\"position\":1,\"name\":\"Home\",\"item\":\"https:\/\/shiawaves.com\/turkish\/\"},{\"@type\":\"ListItem\",\"position\":2,\"name\":\"T\u00fcrkiye&#8217;de Siyasi ve Ekonomik Kriz; Erdo\u011fan&#8217;\u0131n Protestolar\u0131 Bast\u0131rma ve Yat\u0131r\u0131mc\u0131 \u00c7ekme \u00c7abalar\u0131\"}]},{\"@type\":\"WebSite\",\"@id\":\"https:\/\/shiawaves.com\/turkish\/#website\",\"url\":\"https:\/\/shiawaves.com\/turkish\/\",\"name\":\"ShiaWaves Turkish - \u015eia Haberleri\",\"description\":\"\",\"potentialAction\":[{\"@type\":\"SearchAction\",\"target\":{\"@type\":\"EntryPoint\",\"urlTemplate\":\"https:\/\/shiawaves.com\/turkish\/?s={search_term_string}\"},\"query-input\":{\"@type\":\"PropertyValueSpecification\",\"valueRequired\":true,\"valueName\":\"search_term_string\"}}],\"inLanguage\":\"tr\"},{\"@type\":\"Person\",\"@id\":\"https:\/\/shiawaves.com\/turkish\/#\/schema\/person\/9f68d5023e948086b9348fba5aebd954\",\"name\":\"modir\",\"image\":{\"@type\":\"ImageObject\",\"inLanguage\":\"tr\",\"@id\":\"https:\/\/shiawaves.com\/turkish\/#\/schema\/person\/image\/\",\"url\":\"https:\/\/secure.gravatar.com\/avatar\/8e76f93cdbdd480bd8918d1e0e1d938664c9cb1516c2a57a2b96fe50b507a6b9?s=96&d=mm&r=g\",\"contentUrl\":\"https:\/\/secure.gravatar.com\/avatar\/8e76f93cdbdd480bd8918d1e0e1d938664c9cb1516c2a57a2b96fe50b507a6b9?s=96&d=mm&r=g\",\"caption\":\"modir\"},\"sameAs\":[\"https:\/\/shiawaves.com\"],\"url\":\"https:\/\/shiawaves.com\/turkish\/author\/modir\/\"}]}<\/script>\n<!-- \/ Yoast SEO plugin. -->","yoast_head_json":{"title":"T\u00fcrkiye'de Siyasi ve Ekonomik Kriz; Erdo\u011fan'\u0131n Protestolar\u0131 Bast\u0131rma ve Yat\u0131r\u0131mc\u0131 \u00c7ekme \u00c7abalar\u0131 - ShiaWaves Turkish - \u015eia Haberleri","description":"T\u00fcrkiye'de Siyasi ve Ekonomik Kriz; Erdo\u011fan'\u0131n Protestolar\u0131 Bast\u0131rma ve Yat\u0131r\u0131mc\u0131 \u00c7ekme \u00c7abalar\u0131","robots":{"index":"index","follow":"follow","max-snippet":"max-snippet:-1","max-image-preview":"max-image-preview:large","max-video-preview":"max-video-preview:-1"},"canonical":"https:\/\/shiawaves.com\/turkish\/2025\/03\/26\/turkiyede-siyasi-ve-ekonomik-kriz-erdoganin-protestolari-bastirma-ve-yatirimci-cekme-cabalari\/","og_locale":"tr_TR","og_type":"article","og_title":"T\u00fcrkiye'de Siyasi ve Ekonomik Kriz; Erdo\u011fan'\u0131n Protestolar\u0131 Bast\u0131rma ve Yat\u0131r\u0131mc\u0131 \u00c7ekme \u00c7abalar\u0131 - ShiaWaves Turkish - \u015eia Haberleri","og_description":"T\u00fcrkiye'de Siyasi ve Ekonomik Kriz; Erdo\u011fan'\u0131n Protestolar\u0131 Bast\u0131rma ve Yat\u0131r\u0131mc\u0131 \u00c7ekme \u00c7abalar\u0131","og_url":"https:\/\/shiawaves.com\/turkish\/2025\/03\/26\/turkiyede-siyasi-ve-ekonomik-kriz-erdoganin-protestolari-bastirma-ve-yatirimci-cekme-cabalari\/","og_site_name":"ShiaWaves Turkish - \u015eia Haberleri","article_published_time":"2025-03-26T13:45:00+00:00","article_modified_time":"2025-03-26T13:18:15+00:00","og_image":[{"width":768,"height":423,"url":"https:\/\/shiawaves.com\/turkish\/wp-content\/uploads\/sites\/6\/2025\/03\/image-277.png","type":"image\/png"}],"author":"modir","twitter_card":"summary_large_image","twitter_misc":{"Yazan:":"modir","Tahmini okuma s\u00fcresi":"2 dakika"},"schema":{"@context":"https:\/\/schema.org","@graph":[{"@type":"WebPage","@id":"https:\/\/shiawaves.com\/turkish\/2025\/03\/26\/turkiyede-siyasi-ve-ekonomik-kriz-erdoganin-protestolari-bastirma-ve-yatirimci-cekme-cabalari\/","url":"https:\/\/shiawaves.com\/turkish\/2025\/03\/26\/turkiyede-siyasi-ve-ekonomik-kriz-erdoganin-protestolari-bastirma-ve-yatirimci-cekme-cabalari\/","name":"T\u00fcrkiye'de Siyasi ve Ekonomik Kriz; Erdo\u011fan'\u0131n Protestolar\u0131 Bast\u0131rma ve Yat\u0131r\u0131mc\u0131 \u00c7ekme \u00c7abalar\u0131 - ShiaWaves Turkish - \u015eia Haberleri","isPartOf":{"@id":"https:\/\/shiawaves.com\/turkish\/#website"},"primaryImageOfPage":{"@id":"https:\/\/shiawaves.com\/turkish\/2025\/03\/26\/turkiyede-siyasi-ve-ekonomik-kriz-erdoganin-protestolari-bastirma-ve-yatirimci-cekme-cabalari\/#primaryimage"},"image":{"@id":"https:\/\/shiawaves.com\/turkish\/2025\/03\/26\/turkiyede-siyasi-ve-ekonomik-kriz-erdoganin-protestolari-bastirma-ve-yatirimci-cekme-cabalari\/#primaryimage"},"thumbnailUrl":"https:\/\/shiawaves.com\/turkish\/wp-content\/uploads\/sites\/6\/2025\/03\/image-277.png","datePublished":"2025-03-26T13:45:00+00:00","dateModified":"2025-03-26T13:18:15+00:00","author":{"@id":"https:\/\/shiawaves.com\/turkish\/#\/schema\/person\/9f68d5023e948086b9348fba5aebd954"},"description":"T\u00fcrkiye'de Siyasi ve Ekonomik Kriz; Erdo\u011fan'\u0131n Protestolar\u0131 Bast\u0131rma ve Yat\u0131r\u0131mc\u0131 \u00c7ekme \u00c7abalar\u0131","breadcrumb":{"@id":"https:\/\/shiawaves.com\/turkish\/2025\/03\/26\/turkiyede-siyasi-ve-ekonomik-kriz-erdoganin-protestolari-bastirma-ve-yatirimci-cekme-cabalari\/#breadcrumb"},"inLanguage":"tr","potentialAction":[{"@type":"ReadAction","target":["https:\/\/shiawaves.com\/turkish\/2025\/03\/26\/turkiyede-siyasi-ve-ekonomik-kriz-erdoganin-protestolari-bastirma-ve-yatirimci-cekme-cabalari\/"]}]},{"@type":"ImageObject","inLanguage":"tr","@id":"https:\/\/shiawaves.com\/turkish\/2025\/03\/26\/turkiyede-siyasi-ve-ekonomik-kriz-erdoganin-protestolari-bastirma-ve-yatirimci-cekme-cabalari\/#primaryimage","url":"https:\/\/shiawaves.com\/turkish\/wp-content\/uploads\/sites\/6\/2025\/03\/image-277.png","contentUrl":"https:\/\/shiawaves.com\/turkish\/wp-content\/uploads\/sites\/6\/2025\/03\/image-277.png","width":768,"height":423,"caption":"T\u00fcrkiye'de Siyasi ve Ekonomik Kriz; Erdo\u011fan'\u0131n Protestolar\u0131 Bast\u0131rma ve Yat\u0131r\u0131mc\u0131 \u00c7ekme \u00c7abalar\u0131"},{"@type":"BreadcrumbList","@id":"https:\/\/shiawaves.com\/turkish\/2025\/03\/26\/turkiyede-siyasi-ve-ekonomik-kriz-erdoganin-protestolari-bastirma-ve-yatirimci-cekme-cabalari\/#breadcrumb","itemListElement":[{"@type":"ListItem","position":1,"name":"Home","item":"https:\/\/shiawaves.com\/turkish\/"},{"@type":"ListItem","position":2,"name":"T\u00fcrkiye&#8217;de Siyasi ve Ekonomik Kriz; Erdo\u011fan&#8217;\u0131n Protestolar\u0131 Bast\u0131rma ve Yat\u0131r\u0131mc\u0131 \u00c7ekme \u00c7abalar\u0131"}]},{"@type":"WebSite","@id":"https:\/\/shiawaves.com\/turkish\/#website","url":"https:\/\/shiawaves.com\/turkish\/","name":"ShiaWaves Turkish - \u015eia Haberleri","description":"","potentialAction":[{"@type":"SearchAction","target":{"@type":"EntryPoint","urlTemplate":"https:\/\/shiawaves.com\/turkish\/?s={search_term_string}"},"query-input":{"@type":"PropertyValueSpecification","valueRequired":true,"valueName":"search_term_string"}}],"inLanguage":"tr"},{"@type":"Person","@id":"https:\/\/shiawaves.com\/turkish\/#\/schema\/person\/9f68d5023e948086b9348fba5aebd954","name":"modir","image":{"@type":"ImageObject","inLanguage":"tr","@id":"https:\/\/shiawaves.com\/turkish\/#\/schema\/person\/image\/","url":"https:\/\/secure.gravatar.com\/avatar\/8e76f93cdbdd480bd8918d1e0e1d938664c9cb1516c2a57a2b96fe50b507a6b9?s=96&d=mm&r=g","contentUrl":"https:\/\/secure.gravatar.com\/avatar\/8e76f93cdbdd480bd8918d1e0e1d938664c9cb1516c2a57a2b96fe50b507a6b9?s=96&d=mm&r=g","caption":"modir"},"sameAs":["https:\/\/shiawaves.com"],"url":"https:\/\/shiawaves.com\/turkish\/author\/modir\/"}]}},"_links":{"self":[{"href":"https:\/\/shiawaves.com\/turkish\/wp-json\/wp\/v2\/posts\/113146","targetHints":{"allow":["GET"]}}],"collection":[{"href":"https:\/\/shiawaves.com\/turkish\/wp-json\/wp\/v2\/posts"}],"about":[{"href":"https:\/\/shiawaves.com\/turkish\/wp-json\/wp\/v2\/types\/post"}],"author":[{"embeddable":true,"href":"https:\/\/shiawaves.com\/turkish\/wp-json\/wp\/v2\/users\/1"}],"replies":[{"embeddable":true,"href":"https:\/\/shiawaves.com\/turkish\/wp-json\/wp\/v2\/comments?post=113146"}],"version-history":[{"count":1,"href":"https:\/\/shiawaves.com\/turkish\/wp-json\/wp\/v2\/posts\/113146\/revisions"}],"predecessor-version":[{"id":113148,"href":"https:\/\/shiawaves.com\/turkish\/wp-json\/wp\/v2\/posts\/113146\/revisions\/113148"}],"wp:featuredmedia":[{"embeddable":true,"href":"https:\/\/shiawaves.com\/turkish\/wp-json\/wp\/v2\/media\/113147"}],"wp:attachment":[{"href":"https:\/\/shiawaves.com\/turkish\/wp-json\/wp\/v2\/media?parent=113146"}],"wp:term":[{"taxonomy":"category","embeddable":true,"href":"https:\/\/shiawaves.com\/turkish\/wp-json\/wp\/v2\/categories?post=113146"},{"taxonomy":"post_tag","embeddable":true,"href":"https:\/\/shiawaves.com\/turkish\/wp-json\/wp\/v2\/tags?post=113146"}],"curies":[{"name":"wp","href":"https:\/\/api.w.org\/{rel}","templated":true}]}}