{"id":113076,"date":"2025-03-23T18:30:00","date_gmt":"2025-03-23T15:30:00","guid":{"rendered":"https:\/\/shiawaves.com\/turkish\/?p=113076"},"modified":"2025-03-23T16:40:11","modified_gmt":"2025-03-23T13:40:11","slug":"muminlerin-emiri-hazreti-alinin-a-s-sehadetinin-dorduncu-gecesi-merasimi-ayetullah-uzma-sirazinin-evinde-gerceklestirildi","status":"publish","type":"post","link":"https:\/\/shiawaves.com\/turkish\/2025\/03\/23\/muminlerin-emiri-hazreti-alinin-a-s-sehadetinin-dorduncu-gecesi-merasimi-ayetullah-uzma-sirazinin-evinde-gerceklestirildi\/","title":{"rendered":"M\u00fcminlerin Emiri Hazreti Ali&#8217;nin (a.s) \u015eehadetinin D\u00f6rd\u00fcnc\u00fc Gecesi Merasimi, Ayetullah Uzma \u015eirazi&#8217;nin Evinde Ger\u00e7ekle\u015ftirildi."},"content":{"rendered":"\n<p>Emir-i M\u00fcminin Hz. Ali&#8217;nin (a.s) \u015fehadetinin d\u00f6rd\u00fcnc\u00fc gecesi, Cumartesi ak\u015fam\u0131 Ayetullah Seyyid Sad\u0131k H\u00fcseyni \u015eirazi\u2019nin Kum \u015fehrindeki evinde yas tutanlar\u0131n, ilmi, k\u00fclt\u00fcrel ve dini \u015fahsiyetlerin kat\u0131l\u0131mlar\u0131yla ger\u00e7ekle\u015ftirildi.<\/p>\n\n\n\n<figure class=\"wp-block-image size-full is-resized\"><img loading=\"lazy\" decoding=\"async\" width=\"768\" height=\"516\" src=\"https:\/\/shiawaves.com\/turkish\/wp-content\/uploads\/sites\/6\/2025\/03\/image-252.png\" alt=\"\" class=\"wp-image-113078\" style=\"width:840px;height:auto\" srcset=\"https:\/\/shiawaves.com\/turkish\/wp-content\/uploads\/sites\/6\/2025\/03\/image-252.png 768w, https:\/\/shiawaves.com\/turkish\/wp-content\/uploads\/sites\/6\/2025\/03\/image-252-300x202.png 300w\" sizes=\"auto, (max-width: 768px) 100vw, 768px\" \/><\/figure>\n\n\n\n<p>Bu manevi t\u00f6rende H\u00fcccet\u00fc&#8217;l-\u0130slam Yegane, \u0130mam Ali (a.s)\u2019\u0131n u\u011frad\u0131\u011f\u0131 zulm\u00fc ve mazlumiyetini anlatt\u0131.<\/p>\n\n\n\n<p>Meclis ba\u015fkan\u0131 konu\u015fmas\u0131nda \u0130mam&#8217;\u0131n ki\u015filik \u00f6zelliklerinden ve \u0130slam dinini yayma yolundaki \u00e7abalar\u0131ndan s\u00f6z etti.<\/p>\n\n\n\n<p>Son olarak Allah\u2019tan, \u0130mam Mehdi (a.f)\u2019in zuhuru ve d\u00fcnyadaki mazlum \u015eii&#8217;lerin s\u0131k\u0131nt\u0131 ve zorluklar\u0131ndan kurtulmas\u0131 i\u00e7in dua etti.<\/p>\n\n\n\n<p>\u0130mam Ali&#8217;nin (a.s) \u015fehadeti dolay\u0131s\u0131yla d\u00fczenlenen matem g\u00fcnlerinin devam\u0131 niteli\u011finde d\u00fczenlenecek olan bu t\u00f6ren, Ramazan ay\u0131n\u0131n 18&#8217;inden 22&#8217;sine kadar saat 22:30&#8217;da Ayetullah Uzma \u015eirazi&#8217;nin evinde devam edecek.<\/p>\n\n\n\n<p>Bu manevi t\u00f6renlere kat\u0131lmak isteyenler, bu g\u00fcnlerde Ayetullah Uzma \u015eirazi&#8217;nin evine gidebilir ve bu toplant\u0131lar\u0131n feyzinden yararlanabilirler.<\/p>\n","protected":false},"excerpt":{"rendered":"<p>Emir-i M\u00fcminin Hz. Ali&#8217;nin (a.s) \u015fehadetinin d\u00f6rd\u00fcnc\u00fc gecesi, Cumartesi ak\u015fam\u0131 Ayetullah Seyyid Sad\u0131k H\u00fcseyni \u015eirazi\u2019nin Kum \u015fehrindeki evinde yas tutanlar\u0131n, ilmi, k\u00fclt\u00fcrel ve dini \u015fahsiyetlerin kat\u0131l\u0131mlar\u0131yla ger\u00e7ekle\u015ftirildi. Bu manevi t\u00f6rende H\u00fcccet\u00fc&#8217;l-\u0130slam Yegane, \u0130mam Ali (a.s)\u2019\u0131n u\u011frad\u0131\u011f\u0131 zulm\u00fc ve mazlumiyetini anlatt\u0131. Meclis ba\u015fkan\u0131 konu\u015fmas\u0131nda \u0130mam&#8217;\u0131n ki\u015filik \u00f6zelliklerinden ve \u0130slam dinini yayma yolundaki \u00e7abalar\u0131ndan s\u00f6z etti. Son &hellip;<\/p>\n","protected":false},"author":1,"featured_media":113077,"comment_status":"open","ping_status":"open","sticky":false,"template":"","format":"standard","meta":{"rop_custom_images_group":[],"rop_custom_messages_group":[],"rop_publish_now":"initial","rop_publish_now_accounts":[],"rop_publish_now_history":[],"rop_publish_now_status":"pending","footnotes":""},"categories":[26],"tags":[2705,2704],"class_list":["post-113076","post","type-post","status-publish","format-standard","has-post-thumbnail","hentry","category-marjaeyat","tag-ayetullah-uzma-sirazinin-evinde-gerceklestirildi","tag-muminlerin-emiri-hazreti-alinin-a-s-sehadetinin-dorduncu-gecesi-merasimi"],"_wp_page_template":null,"_wp_attached_file":null,"_wp_attachment_metadata":null,"_edit_lock":"1742737213:1","yoast_head":"<!-- This site is optimized with the Yoast SEO plugin v24.3 - https:\/\/yoast.com\/wordpress\/plugins\/seo\/ -->\n<title>M\u00fcminlerin Emiri Hazreti Ali&#039;nin (a.s) \u015eehadetinin D\u00f6rd\u00fcnc\u00fc Gecesi Merasimi, Ayetullah Uzma \u015eirazi&#039;nin Evinde Ger\u00e7ekle\u015ftirildi. - ShiaWaves Turkish - \u015eia Haberleri<\/title>\n<meta name=\"description\" content=\"M\u00fcminlerin Emiri Hazreti Ali&#039;nin (a.s) \u015eehadetinin D\u00f6rd\u00fcnc\u00fc Gecesi Merasimi, Ayetullah Uzma \u015eirazi&#039;nin Evinde Ger\u00e7ekle\u015ftirildi.\" \/>\n<meta name=\"robots\" content=\"index, follow, max-snippet:-1, max-image-preview:large, max-video-preview:-1\" \/>\n<link rel=\"canonical\" href=\"https:\/\/shiawaves.com\/turkish\/2025\/03\/23\/muminlerin-emiri-hazreti-alinin-a-s-sehadetinin-dorduncu-gecesi-merasimi-ayetullah-uzma-sirazinin-evinde-gerceklestirildi\/\" \/>\n<meta property=\"og:locale\" content=\"tr_TR\" \/>\n<meta property=\"og:type\" content=\"article\" \/>\n<meta property=\"og:title\" content=\"M\u00fcminlerin Emiri Hazreti Ali&#039;nin (a.s) \u015eehadetinin D\u00f6rd\u00fcnc\u00fc Gecesi Merasimi, Ayetullah Uzma \u015eirazi&#039;nin Evinde Ger\u00e7ekle\u015ftirildi. - ShiaWaves Turkish - \u015eia Haberleri\" \/>\n<meta property=\"og:description\" content=\"M\u00fcminlerin Emiri Hazreti Ali&#039;nin (a.s) \u015eehadetinin D\u00f6rd\u00fcnc\u00fc Gecesi Merasimi, Ayetullah Uzma \u015eirazi&#039;nin Evinde Ger\u00e7ekle\u015ftirildi.\" \/>\n<meta property=\"og:url\" content=\"https:\/\/shiawaves.com\/turkish\/2025\/03\/23\/muminlerin-emiri-hazreti-alinin-a-s-sehadetinin-dorduncu-gecesi-merasimi-ayetullah-uzma-sirazinin-evinde-gerceklestirildi\/\" \/>\n<meta property=\"og:site_name\" content=\"ShiaWaves Turkish - \u015eia Haberleri\" \/>\n<meta property=\"article:published_time\" content=\"2025-03-23T15:30:00+00:00\" \/>\n<meta property=\"article:modified_time\" content=\"2025-03-23T13:40:11+00:00\" \/>\n<meta property=\"og:image\" content=\"https:\/\/shiawaves.com\/turkish\/wp-content\/uploads\/sites\/6\/2025\/03\/image-251.png\" \/>\n\t<meta property=\"og:image:width\" content=\"768\" \/>\n\t<meta property=\"og:image:height\" content=\"516\" \/>\n\t<meta property=\"og:image:type\" content=\"image\/png\" \/>\n<meta name=\"author\" content=\"modir\" \/>\n<meta name=\"twitter:card\" content=\"summary_large_image\" \/>\n<meta name=\"twitter:label1\" content=\"Yazan:\" \/>\n\t<meta name=\"twitter:data1\" content=\"modir\" \/>\n\t<meta name=\"twitter:label2\" content=\"Tahmini okuma s\u00fcresi\" \/>\n\t<meta name=\"twitter:data2\" content=\"2 dakika\" \/>\n<script type=\"application\/ld+json\" class=\"yoast-schema-graph\">{\"@context\":\"https:\/\/schema.org\",\"@graph\":[{\"@type\":\"WebPage\",\"@id\":\"https:\/\/shiawaves.com\/turkish\/2025\/03\/23\/muminlerin-emiri-hazreti-alinin-a-s-sehadetinin-dorduncu-gecesi-merasimi-ayetullah-uzma-sirazinin-evinde-gerceklestirildi\/\",\"url\":\"https:\/\/shiawaves.com\/turkish\/2025\/03\/23\/muminlerin-emiri-hazreti-alinin-a-s-sehadetinin-dorduncu-gecesi-merasimi-ayetullah-uzma-sirazinin-evinde-gerceklestirildi\/\",\"name\":\"M\u00fcminlerin Emiri Hazreti Ali'nin (a.s) \u015eehadetinin D\u00f6rd\u00fcnc\u00fc Gecesi Merasimi, Ayetullah Uzma \u015eirazi'nin Evinde Ger\u00e7ekle\u015ftirildi. - ShiaWaves Turkish - \u015eia Haberleri\",\"isPartOf\":{\"@id\":\"https:\/\/shiawaves.com\/turkish\/#website\"},\"primaryImageOfPage\":{\"@id\":\"https:\/\/shiawaves.com\/turkish\/2025\/03\/23\/muminlerin-emiri-hazreti-alinin-a-s-sehadetinin-dorduncu-gecesi-merasimi-ayetullah-uzma-sirazinin-evinde-gerceklestirildi\/#primaryimage\"},\"image\":{\"@id\":\"https:\/\/shiawaves.com\/turkish\/2025\/03\/23\/muminlerin-emiri-hazreti-alinin-a-s-sehadetinin-dorduncu-gecesi-merasimi-ayetullah-uzma-sirazinin-evinde-gerceklestirildi\/#primaryimage\"},\"thumbnailUrl\":\"https:\/\/shiawaves.com\/turkish\/wp-content\/uploads\/sites\/6\/2025\/03\/image-251.png\",\"datePublished\":\"2025-03-23T15:30:00+00:00\",\"dateModified\":\"2025-03-23T13:40:11+00:00\",\"author\":{\"@id\":\"https:\/\/shiawaves.com\/turkish\/#\/schema\/person\/9f68d5023e948086b9348fba5aebd954\"},\"description\":\"M\u00fcminlerin Emiri Hazreti Ali'nin (a.s) \u015eehadetinin D\u00f6rd\u00fcnc\u00fc Gecesi Merasimi, Ayetullah Uzma \u015eirazi'nin Evinde Ger\u00e7ekle\u015ftirildi.\",\"breadcrumb\":{\"@id\":\"https:\/\/shiawaves.com\/turkish\/2025\/03\/23\/muminlerin-emiri-hazreti-alinin-a-s-sehadetinin-dorduncu-gecesi-merasimi-ayetullah-uzma-sirazinin-evinde-gerceklestirildi\/#breadcrumb\"},\"inLanguage\":\"tr\",\"potentialAction\":[{\"@type\":\"ReadAction\",\"target\":[\"https:\/\/shiawaves.com\/turkish\/2025\/03\/23\/muminlerin-emiri-hazreti-alinin-a-s-sehadetinin-dorduncu-gecesi-merasimi-ayetullah-uzma-sirazinin-evinde-gerceklestirildi\/\"]}]},{\"@type\":\"ImageObject\",\"inLanguage\":\"tr\",\"@id\":\"https:\/\/shiawaves.com\/turkish\/2025\/03\/23\/muminlerin-emiri-hazreti-alinin-a-s-sehadetinin-dorduncu-gecesi-merasimi-ayetullah-uzma-sirazinin-evinde-gerceklestirildi\/#primaryimage\",\"url\":\"https:\/\/shiawaves.com\/turkish\/wp-content\/uploads\/sites\/6\/2025\/03\/image-251.png\",\"contentUrl\":\"https:\/\/shiawaves.com\/turkish\/wp-content\/uploads\/sites\/6\/2025\/03\/image-251.png\",\"width\":768,\"height\":516,\"caption\":\"M\u00fcminlerin Emiri Hazreti Ali'nin (a.s) \u015eehadetinin D\u00f6rd\u00fcnc\u00fc Gecesi Merasimi, Ayetullah Uzma \u015eirazi'nin Evinde Ger\u00e7ekle\u015ftirildi.\"},{\"@type\":\"BreadcrumbList\",\"@id\":\"https:\/\/shiawaves.com\/turkish\/2025\/03\/23\/muminlerin-emiri-hazreti-alinin-a-s-sehadetinin-dorduncu-gecesi-merasimi-ayetullah-uzma-sirazinin-evinde-gerceklestirildi\/#breadcrumb\",\"itemListElement\":[{\"@type\":\"ListItem\",\"position\":1,\"name\":\"Home\",\"item\":\"https:\/\/shiawaves.com\/turkish\/\"},{\"@type\":\"ListItem\",\"position\":2,\"name\":\"M\u00fcminlerin Emiri Hazreti Ali&#8217;nin (a.s) \u015eehadetinin D\u00f6rd\u00fcnc\u00fc Gecesi Merasimi, Ayetullah Uzma \u015eirazi&#8217;nin Evinde Ger\u00e7ekle\u015ftirildi.\"}]},{\"@type\":\"WebSite\",\"@id\":\"https:\/\/shiawaves.com\/turkish\/#website\",\"url\":\"https:\/\/shiawaves.com\/turkish\/\",\"name\":\"ShiaWaves Turkish - \u015eia Haberleri\",\"description\":\"\",\"potentialAction\":[{\"@type\":\"SearchAction\",\"target\":{\"@type\":\"EntryPoint\",\"urlTemplate\":\"https:\/\/shiawaves.com\/turkish\/?s={search_term_string}\"},\"query-input\":{\"@type\":\"PropertyValueSpecification\",\"valueRequired\":true,\"valueName\":\"search_term_string\"}}],\"inLanguage\":\"tr\"},{\"@type\":\"Person\",\"@id\":\"https:\/\/shiawaves.com\/turkish\/#\/schema\/person\/9f68d5023e948086b9348fba5aebd954\",\"name\":\"modir\",\"image\":{\"@type\":\"ImageObject\",\"inLanguage\":\"tr\",\"@id\":\"https:\/\/shiawaves.com\/turkish\/#\/schema\/person\/image\/\",\"url\":\"https:\/\/secure.gravatar.com\/avatar\/8e76f93cdbdd480bd8918d1e0e1d938664c9cb1516c2a57a2b96fe50b507a6b9?s=96&d=mm&r=g\",\"contentUrl\":\"https:\/\/secure.gravatar.com\/avatar\/8e76f93cdbdd480bd8918d1e0e1d938664c9cb1516c2a57a2b96fe50b507a6b9?s=96&d=mm&r=g\",\"caption\":\"modir\"},\"sameAs\":[\"https:\/\/shiawaves.com\"],\"url\":\"https:\/\/shiawaves.com\/turkish\/author\/modir\/\"}]}<\/script>\n<!-- \/ Yoast SEO plugin. -->","yoast_head_json":{"title":"M\u00fcminlerin Emiri Hazreti Ali'nin (a.s) \u015eehadetinin D\u00f6rd\u00fcnc\u00fc Gecesi Merasimi, Ayetullah Uzma \u015eirazi'nin Evinde Ger\u00e7ekle\u015ftirildi. - ShiaWaves Turkish - \u015eia Haberleri","description":"M\u00fcminlerin Emiri Hazreti Ali'nin (a.s) \u015eehadetinin D\u00f6rd\u00fcnc\u00fc Gecesi Merasimi, Ayetullah Uzma \u015eirazi'nin Evinde Ger\u00e7ekle\u015ftirildi.","robots":{"index":"index","follow":"follow","max-snippet":"max-snippet:-1","max-image-preview":"max-image-preview:large","max-video-preview":"max-video-preview:-1"},"canonical":"https:\/\/shiawaves.com\/turkish\/2025\/03\/23\/muminlerin-emiri-hazreti-alinin-a-s-sehadetinin-dorduncu-gecesi-merasimi-ayetullah-uzma-sirazinin-evinde-gerceklestirildi\/","og_locale":"tr_TR","og_type":"article","og_title":"M\u00fcminlerin Emiri Hazreti Ali'nin (a.s) \u015eehadetinin D\u00f6rd\u00fcnc\u00fc Gecesi Merasimi, Ayetullah Uzma \u015eirazi'nin Evinde Ger\u00e7ekle\u015ftirildi. - ShiaWaves Turkish - \u015eia Haberleri","og_description":"M\u00fcminlerin Emiri Hazreti Ali'nin (a.s) \u015eehadetinin D\u00f6rd\u00fcnc\u00fc Gecesi Merasimi, Ayetullah Uzma \u015eirazi'nin Evinde Ger\u00e7ekle\u015ftirildi.","og_url":"https:\/\/shiawaves.com\/turkish\/2025\/03\/23\/muminlerin-emiri-hazreti-alinin-a-s-sehadetinin-dorduncu-gecesi-merasimi-ayetullah-uzma-sirazinin-evinde-gerceklestirildi\/","og_site_name":"ShiaWaves Turkish - \u015eia Haberleri","article_published_time":"2025-03-23T15:30:00+00:00","article_modified_time":"2025-03-23T13:40:11+00:00","og_image":[{"width":768,"height":516,"url":"https:\/\/shiawaves.com\/turkish\/wp-content\/uploads\/sites\/6\/2025\/03\/image-251.png","type":"image\/png"}],"author":"modir","twitter_card":"summary_large_image","twitter_misc":{"Yazan:":"modir","Tahmini okuma s\u00fcresi":"2 dakika"},"schema":{"@context":"https:\/\/schema.org","@graph":[{"@type":"WebPage","@id":"https:\/\/shiawaves.com\/turkish\/2025\/03\/23\/muminlerin-emiri-hazreti-alinin-a-s-sehadetinin-dorduncu-gecesi-merasimi-ayetullah-uzma-sirazinin-evinde-gerceklestirildi\/","url":"https:\/\/shiawaves.com\/turkish\/2025\/03\/23\/muminlerin-emiri-hazreti-alinin-a-s-sehadetinin-dorduncu-gecesi-merasimi-ayetullah-uzma-sirazinin-evinde-gerceklestirildi\/","name":"M\u00fcminlerin Emiri Hazreti Ali'nin (a.s) \u015eehadetinin D\u00f6rd\u00fcnc\u00fc Gecesi Merasimi, Ayetullah Uzma \u015eirazi'nin Evinde Ger\u00e7ekle\u015ftirildi. - ShiaWaves Turkish - \u015eia Haberleri","isPartOf":{"@id":"https:\/\/shiawaves.com\/turkish\/#website"},"primaryImageOfPage":{"@id":"https:\/\/shiawaves.com\/turkish\/2025\/03\/23\/muminlerin-emiri-hazreti-alinin-a-s-sehadetinin-dorduncu-gecesi-merasimi-ayetullah-uzma-sirazinin-evinde-gerceklestirildi\/#primaryimage"},"image":{"@id":"https:\/\/shiawaves.com\/turkish\/2025\/03\/23\/muminlerin-emiri-hazreti-alinin-a-s-sehadetinin-dorduncu-gecesi-merasimi-ayetullah-uzma-sirazinin-evinde-gerceklestirildi\/#primaryimage"},"thumbnailUrl":"https:\/\/shiawaves.com\/turkish\/wp-content\/uploads\/sites\/6\/2025\/03\/image-251.png","datePublished":"2025-03-23T15:30:00+00:00","dateModified":"2025-03-23T13:40:11+00:00","author":{"@id":"https:\/\/shiawaves.com\/turkish\/#\/schema\/person\/9f68d5023e948086b9348fba5aebd954"},"description":"M\u00fcminlerin Emiri Hazreti Ali'nin (a.s) \u015eehadetinin D\u00f6rd\u00fcnc\u00fc Gecesi Merasimi, Ayetullah Uzma \u015eirazi'nin Evinde Ger\u00e7ekle\u015ftirildi.","breadcrumb":{"@id":"https:\/\/shiawaves.com\/turkish\/2025\/03\/23\/muminlerin-emiri-hazreti-alinin-a-s-sehadetinin-dorduncu-gecesi-merasimi-ayetullah-uzma-sirazinin-evinde-gerceklestirildi\/#breadcrumb"},"inLanguage":"tr","potentialAction":[{"@type":"ReadAction","target":["https:\/\/shiawaves.com\/turkish\/2025\/03\/23\/muminlerin-emiri-hazreti-alinin-a-s-sehadetinin-dorduncu-gecesi-merasimi-ayetullah-uzma-sirazinin-evinde-gerceklestirildi\/"]}]},{"@type":"ImageObject","inLanguage":"tr","@id":"https:\/\/shiawaves.com\/turkish\/2025\/03\/23\/muminlerin-emiri-hazreti-alinin-a-s-sehadetinin-dorduncu-gecesi-merasimi-ayetullah-uzma-sirazinin-evinde-gerceklestirildi\/#primaryimage","url":"https:\/\/shiawaves.com\/turkish\/wp-content\/uploads\/sites\/6\/2025\/03\/image-251.png","contentUrl":"https:\/\/shiawaves.com\/turkish\/wp-content\/uploads\/sites\/6\/2025\/03\/image-251.png","width":768,"height":516,"caption":"M\u00fcminlerin Emiri Hazreti Ali'nin (a.s) \u015eehadetinin D\u00f6rd\u00fcnc\u00fc Gecesi Merasimi, Ayetullah Uzma \u015eirazi'nin Evinde Ger\u00e7ekle\u015ftirildi."},{"@type":"BreadcrumbList","@id":"https:\/\/shiawaves.com\/turkish\/2025\/03\/23\/muminlerin-emiri-hazreti-alinin-a-s-sehadetinin-dorduncu-gecesi-merasimi-ayetullah-uzma-sirazinin-evinde-gerceklestirildi\/#breadcrumb","itemListElement":[{"@type":"ListItem","position":1,"name":"Home","item":"https:\/\/shiawaves.com\/turkish\/"},{"@type":"ListItem","position":2,"name":"M\u00fcminlerin Emiri Hazreti Ali&#8217;nin (a.s) \u015eehadetinin D\u00f6rd\u00fcnc\u00fc Gecesi Merasimi, Ayetullah Uzma \u015eirazi&#8217;nin Evinde Ger\u00e7ekle\u015ftirildi."}]},{"@type":"WebSite","@id":"https:\/\/shiawaves.com\/turkish\/#website","url":"https:\/\/shiawaves.com\/turkish\/","name":"ShiaWaves Turkish - \u015eia Haberleri","description":"","potentialAction":[{"@type":"SearchAction","target":{"@type":"EntryPoint","urlTemplate":"https:\/\/shiawaves.com\/turkish\/?s={search_term_string}"},"query-input":{"@type":"PropertyValueSpecification","valueRequired":true,"valueName":"search_term_string"}}],"inLanguage":"tr"},{"@type":"Person","@id":"https:\/\/shiawaves.com\/turkish\/#\/schema\/person\/9f68d5023e948086b9348fba5aebd954","name":"modir","image":{"@type":"ImageObject","inLanguage":"tr","@id":"https:\/\/shiawaves.com\/turkish\/#\/schema\/person\/image\/","url":"https:\/\/secure.gravatar.com\/avatar\/8e76f93cdbdd480bd8918d1e0e1d938664c9cb1516c2a57a2b96fe50b507a6b9?s=96&d=mm&r=g","contentUrl":"https:\/\/secure.gravatar.com\/avatar\/8e76f93cdbdd480bd8918d1e0e1d938664c9cb1516c2a57a2b96fe50b507a6b9?s=96&d=mm&r=g","caption":"modir"},"sameAs":["https:\/\/shiawaves.com"],"url":"https:\/\/shiawaves.com\/turkish\/author\/modir\/"}]}},"_links":{"self":[{"href":"https:\/\/shiawaves.com\/turkish\/wp-json\/wp\/v2\/posts\/113076","targetHints":{"allow":["GET"]}}],"collection":[{"href":"https:\/\/shiawaves.com\/turkish\/wp-json\/wp\/v2\/posts"}],"about":[{"href":"https:\/\/shiawaves.com\/turkish\/wp-json\/wp\/v2\/types\/post"}],"author":[{"embeddable":true,"href":"https:\/\/shiawaves.com\/turkish\/wp-json\/wp\/v2\/users\/1"}],"replies":[{"embeddable":true,"href":"https:\/\/shiawaves.com\/turkish\/wp-json\/wp\/v2\/comments?post=113076"}],"version-history":[{"count":1,"href":"https:\/\/shiawaves.com\/turkish\/wp-json\/wp\/v2\/posts\/113076\/revisions"}],"predecessor-version":[{"id":113079,"href":"https:\/\/shiawaves.com\/turkish\/wp-json\/wp\/v2\/posts\/113076\/revisions\/113079"}],"wp:featuredmedia":[{"embeddable":true,"href":"https:\/\/shiawaves.com\/turkish\/wp-json\/wp\/v2\/media\/113077"}],"wp:attachment":[{"href":"https:\/\/shiawaves.com\/turkish\/wp-json\/wp\/v2\/media?parent=113076"}],"wp:term":[{"taxonomy":"category","embeddable":true,"href":"https:\/\/shiawaves.com\/turkish\/wp-json\/wp\/v2\/categories?post=113076"},{"taxonomy":"post_tag","embeddable":true,"href":"https:\/\/shiawaves.com\/turkish\/wp-json\/wp\/v2\/tags?post=113076"}],"curies":[{"name":"wp","href":"https:\/\/api.w.org\/{rel}","templated":true}]}}