{"id":113018,"date":"2025-03-22T21:00:00","date_gmt":"2025-03-22T18:00:00","guid":{"rendered":"https:\/\/shiawaves.com\/turkish\/?p=113018"},"modified":"2025-03-22T20:45:52","modified_gmt":"2025-03-22T17:45:52","slug":"gayrimuslim-unlulerin-emirul-muminin-ali-a-s-hakkinda-gorusleri-ali-zamanin-ve-mekanin-otesinde-bir-kisilik","status":"publish","type":"post","link":"https:\/\/shiawaves.com\/turkish\/2025\/03\/22\/gayrimuslim-unlulerin-emirul-muminin-ali-a-s-hakkinda-gorusleri-ali-zamanin-ve-mekanin-otesinde-bir-kisilik\/","title":{"rendered":"Gayrim\u00fcslim \u00dcnl\u00fclerin Emir\u00fc&#8217;l-M\u00fcminin Ali (a.s) Hakk\u0131nda G\u00f6r\u00fc\u015fleri; \u201cAli, Zaman\u0131n ve Mekan\u0131n \u00d6tesinde Bir Ki\u015filik\u201d"},"content":{"rendered":"\n<p>Hz. Ali bin Ebi Talib (a.s), \u0130slam tarihinin en b\u00fcy\u00fck \u015fahsiyetlerinden biri olup, yaln\u0131zca M\u00fcsl\u00fcmanlar taraf\u0131ndan de\u011fil, ayn\u0131 zamanda pek \u00e7ok gayrim\u00fcslim d\u00fc\u015f\u00fcn\u00fcr ve \u015fahsiyet taraf\u0131ndan da \u00f6vg\u00fc ve sayg\u0131 g\u00f6rm\u00fc\u015ft\u00fcr.<\/p>\n\n\n\n<p>Onun kapsaml\u0131 ve e\u015fsiz ki\u015fili\u011fi \u00f6yledir ki, Emir\u00fc&#8217;l-M\u00fcminin (a.s)\u2019a inanmayanlar bile onun \u00fcst\u00fcn ve insani \u00f6zelliklerini kabul ederler.<\/p>\n\n\n\n<p>\ud83d\udc48\ud83c\udffbArkada\u015f\u0131m\u0131z\u0131n raporunda baz\u0131 gayr\u0131 m\u00fcslimlerin g\u00f6r\u00fc\u015flerini inceleyelim.\ud83d\udc49\ud83c\udffb<\/p>\n\n\n\n<figure class=\"wp-block-image size-large\"><img loading=\"lazy\" decoding=\"async\" width=\"1024\" height=\"682\" src=\"https:\/\/shiawaves.com\/turkish\/wp-content\/uploads\/sites\/6\/2025\/03\/photo_2025-03-20_01-35-14-1024x682.jpg\" alt=\"\" class=\"wp-image-113019\" srcset=\"https:\/\/shiawaves.com\/turkish\/wp-content\/uploads\/sites\/6\/2025\/03\/photo_2025-03-20_01-35-14-1024x682.jpg 1024w, https:\/\/shiawaves.com\/turkish\/wp-content\/uploads\/sites\/6\/2025\/03\/photo_2025-03-20_01-35-14-300x200.jpg 300w, https:\/\/shiawaves.com\/turkish\/wp-content\/uploads\/sites\/6\/2025\/03\/photo_2025-03-20_01-35-14-768x512.jpg 768w, https:\/\/shiawaves.com\/turkish\/wp-content\/uploads\/sites\/6\/2025\/03\/photo_2025-03-20_01-35-14.jpg 1280w\" sizes=\"auto, (max-width: 1024px) 100vw, 1024px\" \/><\/figure>\n\n\n\n<p>Hz. Ali (a.s) tarihte her zaman insanl\u0131\u011f\u0131n en b\u00fcy\u00fck \u015fahsiyetlerinden ve sembollerinden biri olarak an\u0131lm\u0131\u015ft\u0131r.<\/p>\n\n\n\n<p>Adalet, cesaret, ilim ve ahl\u00e2k\u00ee faziletleri gibi vas\u0131flar\u0131, M\u00fcsl\u00fcman olmayan d\u00fc\u015f\u00fcn\u00fcr ve yazarlar\u0131n bile onu \u00f6vmesine ve y\u00fcceltmesine yol a\u00e7m\u0131\u015ft\u0131r.<\/p>\n\n\n\n<figure class=\"wp-block-image size-large\"><img loading=\"lazy\" decoding=\"async\" width=\"1024\" height=\"682\" src=\"https:\/\/shiawaves.com\/turkish\/wp-content\/uploads\/sites\/6\/2025\/03\/photo_2025-03-20_01-39-44-1024x682.jpg\" alt=\"\" class=\"wp-image-113020\" srcset=\"https:\/\/shiawaves.com\/turkish\/wp-content\/uploads\/sites\/6\/2025\/03\/photo_2025-03-20_01-39-44-1024x682.jpg 1024w, https:\/\/shiawaves.com\/turkish\/wp-content\/uploads\/sites\/6\/2025\/03\/photo_2025-03-20_01-39-44-300x200.jpg 300w, https:\/\/shiawaves.com\/turkish\/wp-content\/uploads\/sites\/6\/2025\/03\/photo_2025-03-20_01-39-44-768x512.jpg 768w, https:\/\/shiawaves.com\/turkish\/wp-content\/uploads\/sites\/6\/2025\/03\/photo_2025-03-20_01-39-44.jpg 1280w\" sizes=\"auto, (max-width: 1024px) 100vw, 1024px\" \/><\/figure>\n\n\n\n<p>Bat\u0131 k\u00fclt\u00fcr ve edebiyat\u0131nda derin izler b\u0131rakm\u0131\u015f Alman \u015fair ve d\u00fc\u015f\u00fcn\u00fcr Johann Goethe, eserlerinde \u0130mam Ali (a.s)\u2019dan s\u0131k s\u0131k s\u00f6z etmi\u015f ve onu cesur ve bilge bir \u015fahsiyet olarak tan\u0131mlam\u0131\u015ft\u0131r.<\/p>\n\n\n\n<p>Goethe, \u00f6zellikle me\u015fhur eseri &#8220;Do\u011fu-Bat\u0131 Divan\u0131&#8221;nda \u0130slam\u00ee d\u00fc\u015f\u00fcncelerle derin bir ba\u011f kurmu\u015f ve baz\u0131 \u015fiirlerinde \u0130mam Ali&#8217;nin (a.s) ki\u015fili\u011fini \u00f6vm\u00fc\u015ft\u00fcr.<\/p>\n\n\n\n<p>Ona g\u00f6re \u0130mam Ali (a.s), kamil ve ilahi bir insan olarak, kendi d\u00f6neminde e\u015fi benzeri olmayan bir hakikat ve adalet sembol\u00fcyd\u00fc.<\/p>\n\n\n\n<figure class=\"wp-block-image size-large\"><img loading=\"lazy\" decoding=\"async\" width=\"1024\" height=\"682\" src=\"https:\/\/shiawaves.com\/turkish\/wp-content\/uploads\/sites\/6\/2025\/03\/photo_2025-03-20_01-34-50-1024x682.jpg\" alt=\"\" class=\"wp-image-113021\" srcset=\"https:\/\/shiawaves.com\/turkish\/wp-content\/uploads\/sites\/6\/2025\/03\/photo_2025-03-20_01-34-50-1024x682.jpg 1024w, https:\/\/shiawaves.com\/turkish\/wp-content\/uploads\/sites\/6\/2025\/03\/photo_2025-03-20_01-34-50-300x200.jpg 300w, https:\/\/shiawaves.com\/turkish\/wp-content\/uploads\/sites\/6\/2025\/03\/photo_2025-03-20_01-34-50-768x512.jpg 768w, https:\/\/shiawaves.com\/turkish\/wp-content\/uploads\/sites\/6\/2025\/03\/photo_2025-03-20_01-34-50.jpg 1280w\" sizes=\"auto, (max-width: 1024px) 100vw, 1024px\" \/><\/figure>\n\n\n\n<p>Arap Hristiyan yazar George Jordaq da \u0130mam Ali&#8217;yi (a.s) sadece siyasi bir lider olarak de\u011fil, ayn\u0131 zamanda insani ve fikri bir kahraman olarak g\u00f6rmektedir.<\/p>\n\n\n\n<p>Emir\u00fc&#8217;l-M\u00fcminin&#8217;i anlat\u0131rken \u015f\u00f6yle diyor: &#8220;Ali (a.s) \u0130slam tarihinde do\u011frulu\u011fu ve cesaretiyle kalm\u0131\u015f, adaleti ise her zaman insanlar\u0131n g\u00f6n\u00fcllerinde ya\u015fayacakt\u0131r.&#8221;<\/p>\n\n\n\n<p>\u0130mam Ali&#8217;nin (a.s) zulme kar\u015f\u0131 koyma ve insanlar\u0131n haklar\u0131n\u0131 savunmadaki rol\u00fcn\u00fcn \u00f6nemine de dikkat \u00e7ekerek, \u0130mam Ali&#8217;nin \u015fahsiyetindeki \u015fefkat, bilgelik ve insanl\u0131k gibi \u00f6zellikleri dile getiriyor.<\/p>\n\n\n\n<p>Tarihi \u015fahsiyetler aras\u0131nda yer alan Frans\u0131z gezgin Madam Dialafoya da \u0130mam Ali&#8217;nin (a.s) b\u00fcy\u00fckl\u00fc\u011f\u00fcnden bahsederek, onu ahlaki erdemler, sava\u015f meydan\u0131ndaki cesaret ve y\u00f6netimdeki adalet bak\u0131m\u0131ndan e\u015fsiz bir insan olarak nitelendirdi.<\/p>\n\n\n\n<p>\u0130mam Ali&#8217;nin (a.s) \u015fahsi ve toplumsal hayat\u0131nda her zaman insani ve \u0130slami ilkeleri g\u00f6zetti\u011fine ve bu ba\u011flamda adalet ilkeleri u\u011fruna hayat\u0131n\u0131 feda etti\u011fine inanmaktad\u0131r.<\/p>\n\n\n\n<p>\u0130ngiliz filozof Carlyle de \u0130mam Ali (a.s) hakk\u0131nda \u015f\u00f6yle demi\u015ftir: &#8220;O, her t\u00fcrl\u00fc zul\u00fcm ve fesattan nefret eden, cesur ve vicdanl\u0131 bir \u015fahsiyetti. Adaletiyle tarihte \u00f6l\u00fcms\u00fczle\u015fti.&#8221;<\/p>\n\n\n\n<p>\u00dcnl\u00fc Arap yazar, tarih\u00e7i ve dil bilimci George Zidan da \u0130mam Ali&#8217;yi (a.s.) sadece siyasi a\u00e7\u0131dan de\u011fil, ayn\u0131 zamanda \u00e7e\u015fitli bilimsel, sosyal ve dini alanlarda da derin etki b\u0131rakan bir \u015fahsiyet olarak g\u00f6rmektedir.<\/p>\n\n\n\n<p>Bu olaylar\u0131n yan\u0131 s\u0131ra, Emir\u00fc&#8217;l-M\u00fcminin&#8217;in se\u00e7kin ki\u015fili\u011fi hakk\u0131nda, isimlerini ve ifadelerini bu makalede zikretmedi\u011fimiz, daha kapsaml\u0131 bir \u00e7al\u0131\u015fmay\u0131 gerektiren \u00e7ok say\u0131da gayrim\u00fcslim \u00fcnl\u00fc ki\u015fi de d\u00fc\u015f\u00fcnd\u00fcr\u00fcc\u00fc ifadeler kullanm\u0131\u015ft\u0131r.<\/p>\n\n\n\n<p>Bu s\u00f6zler ve \u00f6vg\u00fcler, \u0130mam Ali'(a.s)\u2019\u0131n din ve k\u00fclt\u00fcr s\u0131n\u0131rlar\u0131n\u0131n \u00f6tesinde tan\u0131nd\u0131\u011f\u0131n\u0131, ki\u015fili\u011finin b\u00fct\u00fcn zamanlarda ve milletler aras\u0131nda ilham vermeye devam etti\u011fini g\u00f6stermektedir.<\/p>\n\n\n\n<p>\u0130mam Ali (a.s)&#8217;\u0131n gayrim\u00fcslimler taraf\u0131ndan \u00f6v\u00fclmesi, Alevi \u0130slam&#8217;\u0131n ve \u0130mam Ali (a.s)&#8217;\u0131n temsil etti\u011fi insani ve \u0130slami ilkelerin t\u00fcm insanlar i\u00e7in sayg\u0131ya ve rol modele lay\u0131k oldu\u011funu g\u00f6stermektedir.<\/p>\n","protected":false},"excerpt":{"rendered":"<p>Hz. Ali bin Ebi Talib (a.s), \u0130slam tarihinin en b\u00fcy\u00fck \u015fahsiyetlerinden biri olup, yaln\u0131zca M\u00fcsl\u00fcmanlar taraf\u0131ndan de\u011fil, ayn\u0131 zamanda pek \u00e7ok gayrim\u00fcslim d\u00fc\u015f\u00fcn\u00fcr ve \u015fahsiyet taraf\u0131ndan da \u00f6vg\u00fc ve sayg\u0131 g\u00f6rm\u00fc\u015ft\u00fcr. Onun kapsaml\u0131 ve e\u015fsiz ki\u015fili\u011fi \u00f6yledir ki, Emir\u00fc&#8217;l-M\u00fcminin (a.s)\u2019a inanmayanlar bile onun \u00fcst\u00fcn ve insani \u00f6zelliklerini kabul ederler. \ud83d\udc48\ud83c\udffbArkada\u015f\u0131m\u0131z\u0131n raporunda baz\u0131 gayr\u0131 m\u00fcslimlerin g\u00f6r\u00fc\u015flerini &hellip;<\/p>\n","protected":false},"author":1,"featured_media":113020,"comment_status":"open","ping_status":"open","sticky":false,"template":"","format":"standard","meta":{"rop_custom_images_group":[],"rop_custom_messages_group":[],"rop_publish_now":"initial","rop_publish_now_accounts":[],"rop_publish_now_history":[],"rop_publish_now_status":"pending","footnotes":""},"categories":[35,14],"tags":[2688,2689],"class_list":["post-113018","post","type-post","status-publish","format-standard","has-post-thumbnail","hentry","category-ahlulbayt-occasions","category-iraq","tag-gayrimuslim-unlulerin-emirul-muminin-ali-a-s-hakkinda-gorusleri-ali","tag-zamanin-ve-mekanin-otesinde-bir-kisilik"],"_wp_page_template":null,"_wp_attached_file":null,"_wp_attachment_metadata":null,"_edit_lock":"1742665552:1","yoast_head":"<!-- This site is optimized with the Yoast SEO plugin v24.3 - https:\/\/yoast.com\/wordpress\/plugins\/seo\/ -->\n<title>Gayrim\u00fcslim \u00dcnl\u00fclerin Emir\u00fc&#039;l-M\u00fcminin Ali (a.s) Hakk\u0131nda G\u00f6r\u00fc\u015fleri; \u201cAli, Zaman\u0131n ve Mekan\u0131n \u00d6tesinde Bir Ki\u015filik\u201d - ShiaWaves Turkish - \u015eia Haberleri<\/title>\n<meta name=\"description\" content=\"Gayrim\u00fcslim \u00dcnl\u00fclerin Emir\u00fc&#039;l-M\u00fcminin Ali (a.s) Hakk\u0131nda G\u00f6r\u00fc\u015fleri; \u201cAli, Zaman\u0131n ve Mekan\u0131n \u00d6tesinde Bir Ki\u015filik\u201d\" \/>\n<meta name=\"robots\" content=\"index, follow, max-snippet:-1, max-image-preview:large, max-video-preview:-1\" \/>\n<link rel=\"canonical\" href=\"https:\/\/shiawaves.com\/turkish\/2025\/03\/22\/gayrimuslim-unlulerin-emirul-muminin-ali-a-s-hakkinda-gorusleri-ali-zamanin-ve-mekanin-otesinde-bir-kisilik\/\" \/>\n<meta property=\"og:locale\" content=\"tr_TR\" \/>\n<meta property=\"og:type\" content=\"article\" \/>\n<meta property=\"og:title\" content=\"Gayrim\u00fcslim \u00dcnl\u00fclerin Emir\u00fc&#039;l-M\u00fcminin Ali (a.s) Hakk\u0131nda G\u00f6r\u00fc\u015fleri; \u201cAli, Zaman\u0131n ve Mekan\u0131n \u00d6tesinde Bir Ki\u015filik\u201d - ShiaWaves Turkish - \u015eia Haberleri\" \/>\n<meta property=\"og:description\" content=\"Gayrim\u00fcslim \u00dcnl\u00fclerin Emir\u00fc&#039;l-M\u00fcminin Ali (a.s) Hakk\u0131nda G\u00f6r\u00fc\u015fleri; \u201cAli, Zaman\u0131n ve Mekan\u0131n \u00d6tesinde Bir Ki\u015filik\u201d\" \/>\n<meta property=\"og:url\" content=\"https:\/\/shiawaves.com\/turkish\/2025\/03\/22\/gayrimuslim-unlulerin-emirul-muminin-ali-a-s-hakkinda-gorusleri-ali-zamanin-ve-mekanin-otesinde-bir-kisilik\/\" \/>\n<meta property=\"og:site_name\" content=\"ShiaWaves Turkish - \u015eia Haberleri\" \/>\n<meta property=\"article:published_time\" content=\"2025-03-22T18:00:00+00:00\" \/>\n<meta property=\"article:modified_time\" content=\"2025-03-22T17:45:52+00:00\" \/>\n<meta property=\"og:image\" content=\"https:\/\/shiawaves.com\/turkish\/wp-content\/uploads\/sites\/6\/2025\/03\/photo_2025-03-20_01-39-44.jpg\" \/>\n\t<meta property=\"og:image:width\" content=\"1280\" \/>\n\t<meta property=\"og:image:height\" content=\"853\" \/>\n\t<meta property=\"og:image:type\" content=\"image\/jpeg\" \/>\n<meta name=\"author\" content=\"modir\" \/>\n<meta name=\"twitter:card\" content=\"summary_large_image\" \/>\n<meta name=\"twitter:label1\" content=\"Yazan:\" \/>\n\t<meta name=\"twitter:data1\" content=\"modir\" \/>\n\t<meta name=\"twitter:label2\" content=\"Tahmini okuma s\u00fcresi\" \/>\n\t<meta name=\"twitter:data2\" content=\"4 dakika\" \/>\n<script type=\"application\/ld+json\" class=\"yoast-schema-graph\">{\"@context\":\"https:\/\/schema.org\",\"@graph\":[{\"@type\":\"WebPage\",\"@id\":\"https:\/\/shiawaves.com\/turkish\/2025\/03\/22\/gayrimuslim-unlulerin-emirul-muminin-ali-a-s-hakkinda-gorusleri-ali-zamanin-ve-mekanin-otesinde-bir-kisilik\/\",\"url\":\"https:\/\/shiawaves.com\/turkish\/2025\/03\/22\/gayrimuslim-unlulerin-emirul-muminin-ali-a-s-hakkinda-gorusleri-ali-zamanin-ve-mekanin-otesinde-bir-kisilik\/\",\"name\":\"Gayrim\u00fcslim \u00dcnl\u00fclerin Emir\u00fc'l-M\u00fcminin Ali (a.s) Hakk\u0131nda G\u00f6r\u00fc\u015fleri; \u201cAli, Zaman\u0131n ve Mekan\u0131n \u00d6tesinde Bir Ki\u015filik\u201d - ShiaWaves Turkish - \u015eia Haberleri\",\"isPartOf\":{\"@id\":\"https:\/\/shiawaves.com\/turkish\/#website\"},\"primaryImageOfPage\":{\"@id\":\"https:\/\/shiawaves.com\/turkish\/2025\/03\/22\/gayrimuslim-unlulerin-emirul-muminin-ali-a-s-hakkinda-gorusleri-ali-zamanin-ve-mekanin-otesinde-bir-kisilik\/#primaryimage\"},\"image\":{\"@id\":\"https:\/\/shiawaves.com\/turkish\/2025\/03\/22\/gayrimuslim-unlulerin-emirul-muminin-ali-a-s-hakkinda-gorusleri-ali-zamanin-ve-mekanin-otesinde-bir-kisilik\/#primaryimage\"},\"thumbnailUrl\":\"https:\/\/shiawaves.com\/turkish\/wp-content\/uploads\/sites\/6\/2025\/03\/photo_2025-03-20_01-39-44.jpg\",\"datePublished\":\"2025-03-22T18:00:00+00:00\",\"dateModified\":\"2025-03-22T17:45:52+00:00\",\"author\":{\"@id\":\"https:\/\/shiawaves.com\/turkish\/#\/schema\/person\/9f68d5023e948086b9348fba5aebd954\"},\"description\":\"Gayrim\u00fcslim \u00dcnl\u00fclerin Emir\u00fc'l-M\u00fcminin Ali (a.s) Hakk\u0131nda G\u00f6r\u00fc\u015fleri; \u201cAli, Zaman\u0131n ve Mekan\u0131n \u00d6tesinde Bir Ki\u015filik\u201d\",\"breadcrumb\":{\"@id\":\"https:\/\/shiawaves.com\/turkish\/2025\/03\/22\/gayrimuslim-unlulerin-emirul-muminin-ali-a-s-hakkinda-gorusleri-ali-zamanin-ve-mekanin-otesinde-bir-kisilik\/#breadcrumb\"},\"inLanguage\":\"tr\",\"potentialAction\":[{\"@type\":\"ReadAction\",\"target\":[\"https:\/\/shiawaves.com\/turkish\/2025\/03\/22\/gayrimuslim-unlulerin-emirul-muminin-ali-a-s-hakkinda-gorusleri-ali-zamanin-ve-mekanin-otesinde-bir-kisilik\/\"]}]},{\"@type\":\"ImageObject\",\"inLanguage\":\"tr\",\"@id\":\"https:\/\/shiawaves.com\/turkish\/2025\/03\/22\/gayrimuslim-unlulerin-emirul-muminin-ali-a-s-hakkinda-gorusleri-ali-zamanin-ve-mekanin-otesinde-bir-kisilik\/#primaryimage\",\"url\":\"https:\/\/shiawaves.com\/turkish\/wp-content\/uploads\/sites\/6\/2025\/03\/photo_2025-03-20_01-39-44.jpg\",\"contentUrl\":\"https:\/\/shiawaves.com\/turkish\/wp-content\/uploads\/sites\/6\/2025\/03\/photo_2025-03-20_01-39-44.jpg\",\"width\":1280,\"height\":853,\"caption\":\"Gayrim\u00fcslim \u00dcnl\u00fclerin Emir\u00fc'l-M\u00fcminin Ali (a.s) Hakk\u0131nda G\u00f6r\u00fc\u015fleri; \u201cAli, Zaman\u0131n ve Mekan\u0131n \u00d6tesinde Bir Ki\u015filik\u201d\"},{\"@type\":\"BreadcrumbList\",\"@id\":\"https:\/\/shiawaves.com\/turkish\/2025\/03\/22\/gayrimuslim-unlulerin-emirul-muminin-ali-a-s-hakkinda-gorusleri-ali-zamanin-ve-mekanin-otesinde-bir-kisilik\/#breadcrumb\",\"itemListElement\":[{\"@type\":\"ListItem\",\"position\":1,\"name\":\"Home\",\"item\":\"https:\/\/shiawaves.com\/turkish\/\"},{\"@type\":\"ListItem\",\"position\":2,\"name\":\"Gayrim\u00fcslim \u00dcnl\u00fclerin Emir\u00fc&#8217;l-M\u00fcminin Ali (a.s) Hakk\u0131nda G\u00f6r\u00fc\u015fleri; \u201cAli, Zaman\u0131n ve Mekan\u0131n \u00d6tesinde Bir Ki\u015filik\u201d\"}]},{\"@type\":\"WebSite\",\"@id\":\"https:\/\/shiawaves.com\/turkish\/#website\",\"url\":\"https:\/\/shiawaves.com\/turkish\/\",\"name\":\"ShiaWaves Turkish - \u015eia Haberleri\",\"description\":\"\",\"potentialAction\":[{\"@type\":\"SearchAction\",\"target\":{\"@type\":\"EntryPoint\",\"urlTemplate\":\"https:\/\/shiawaves.com\/turkish\/?s={search_term_string}\"},\"query-input\":{\"@type\":\"PropertyValueSpecification\",\"valueRequired\":true,\"valueName\":\"search_term_string\"}}],\"inLanguage\":\"tr\"},{\"@type\":\"Person\",\"@id\":\"https:\/\/shiawaves.com\/turkish\/#\/schema\/person\/9f68d5023e948086b9348fba5aebd954\",\"name\":\"modir\",\"image\":{\"@type\":\"ImageObject\",\"inLanguage\":\"tr\",\"@id\":\"https:\/\/shiawaves.com\/turkish\/#\/schema\/person\/image\/\",\"url\":\"https:\/\/secure.gravatar.com\/avatar\/8e76f93cdbdd480bd8918d1e0e1d938664c9cb1516c2a57a2b96fe50b507a6b9?s=96&d=mm&r=g\",\"contentUrl\":\"https:\/\/secure.gravatar.com\/avatar\/8e76f93cdbdd480bd8918d1e0e1d938664c9cb1516c2a57a2b96fe50b507a6b9?s=96&d=mm&r=g\",\"caption\":\"modir\"},\"sameAs\":[\"https:\/\/shiawaves.com\"],\"url\":\"https:\/\/shiawaves.com\/turkish\/author\/modir\/\"}]}<\/script>\n<!-- \/ Yoast SEO plugin. -->","yoast_head_json":{"title":"Gayrim\u00fcslim \u00dcnl\u00fclerin Emir\u00fc'l-M\u00fcminin Ali (a.s) Hakk\u0131nda G\u00f6r\u00fc\u015fleri; \u201cAli, Zaman\u0131n ve Mekan\u0131n \u00d6tesinde Bir Ki\u015filik\u201d - ShiaWaves Turkish - \u015eia Haberleri","description":"Gayrim\u00fcslim \u00dcnl\u00fclerin Emir\u00fc'l-M\u00fcminin Ali (a.s) Hakk\u0131nda G\u00f6r\u00fc\u015fleri; \u201cAli, Zaman\u0131n ve Mekan\u0131n \u00d6tesinde Bir Ki\u015filik\u201d","robots":{"index":"index","follow":"follow","max-snippet":"max-snippet:-1","max-image-preview":"max-image-preview:large","max-video-preview":"max-video-preview:-1"},"canonical":"https:\/\/shiawaves.com\/turkish\/2025\/03\/22\/gayrimuslim-unlulerin-emirul-muminin-ali-a-s-hakkinda-gorusleri-ali-zamanin-ve-mekanin-otesinde-bir-kisilik\/","og_locale":"tr_TR","og_type":"article","og_title":"Gayrim\u00fcslim \u00dcnl\u00fclerin Emir\u00fc'l-M\u00fcminin Ali (a.s) Hakk\u0131nda G\u00f6r\u00fc\u015fleri; \u201cAli, Zaman\u0131n ve Mekan\u0131n \u00d6tesinde Bir Ki\u015filik\u201d - ShiaWaves Turkish - \u015eia Haberleri","og_description":"Gayrim\u00fcslim \u00dcnl\u00fclerin Emir\u00fc'l-M\u00fcminin Ali (a.s) Hakk\u0131nda G\u00f6r\u00fc\u015fleri; \u201cAli, Zaman\u0131n ve Mekan\u0131n \u00d6tesinde Bir Ki\u015filik\u201d","og_url":"https:\/\/shiawaves.com\/turkish\/2025\/03\/22\/gayrimuslim-unlulerin-emirul-muminin-ali-a-s-hakkinda-gorusleri-ali-zamanin-ve-mekanin-otesinde-bir-kisilik\/","og_site_name":"ShiaWaves Turkish - \u015eia Haberleri","article_published_time":"2025-03-22T18:00:00+00:00","article_modified_time":"2025-03-22T17:45:52+00:00","og_image":[{"width":1280,"height":853,"url":"https:\/\/shiawaves.com\/turkish\/wp-content\/uploads\/sites\/6\/2025\/03\/photo_2025-03-20_01-39-44.jpg","type":"image\/jpeg"}],"author":"modir","twitter_card":"summary_large_image","twitter_misc":{"Yazan:":"modir","Tahmini okuma s\u00fcresi":"4 dakika"},"schema":{"@context":"https:\/\/schema.org","@graph":[{"@type":"WebPage","@id":"https:\/\/shiawaves.com\/turkish\/2025\/03\/22\/gayrimuslim-unlulerin-emirul-muminin-ali-a-s-hakkinda-gorusleri-ali-zamanin-ve-mekanin-otesinde-bir-kisilik\/","url":"https:\/\/shiawaves.com\/turkish\/2025\/03\/22\/gayrimuslim-unlulerin-emirul-muminin-ali-a-s-hakkinda-gorusleri-ali-zamanin-ve-mekanin-otesinde-bir-kisilik\/","name":"Gayrim\u00fcslim \u00dcnl\u00fclerin Emir\u00fc'l-M\u00fcminin Ali (a.s) Hakk\u0131nda G\u00f6r\u00fc\u015fleri; \u201cAli, Zaman\u0131n ve Mekan\u0131n \u00d6tesinde Bir Ki\u015filik\u201d - ShiaWaves Turkish - \u015eia Haberleri","isPartOf":{"@id":"https:\/\/shiawaves.com\/turkish\/#website"},"primaryImageOfPage":{"@id":"https:\/\/shiawaves.com\/turkish\/2025\/03\/22\/gayrimuslim-unlulerin-emirul-muminin-ali-a-s-hakkinda-gorusleri-ali-zamanin-ve-mekanin-otesinde-bir-kisilik\/#primaryimage"},"image":{"@id":"https:\/\/shiawaves.com\/turkish\/2025\/03\/22\/gayrimuslim-unlulerin-emirul-muminin-ali-a-s-hakkinda-gorusleri-ali-zamanin-ve-mekanin-otesinde-bir-kisilik\/#primaryimage"},"thumbnailUrl":"https:\/\/shiawaves.com\/turkish\/wp-content\/uploads\/sites\/6\/2025\/03\/photo_2025-03-20_01-39-44.jpg","datePublished":"2025-03-22T18:00:00+00:00","dateModified":"2025-03-22T17:45:52+00:00","author":{"@id":"https:\/\/shiawaves.com\/turkish\/#\/schema\/person\/9f68d5023e948086b9348fba5aebd954"},"description":"Gayrim\u00fcslim \u00dcnl\u00fclerin Emir\u00fc'l-M\u00fcminin Ali (a.s) Hakk\u0131nda G\u00f6r\u00fc\u015fleri; \u201cAli, Zaman\u0131n ve Mekan\u0131n \u00d6tesinde Bir Ki\u015filik\u201d","breadcrumb":{"@id":"https:\/\/shiawaves.com\/turkish\/2025\/03\/22\/gayrimuslim-unlulerin-emirul-muminin-ali-a-s-hakkinda-gorusleri-ali-zamanin-ve-mekanin-otesinde-bir-kisilik\/#breadcrumb"},"inLanguage":"tr","potentialAction":[{"@type":"ReadAction","target":["https:\/\/shiawaves.com\/turkish\/2025\/03\/22\/gayrimuslim-unlulerin-emirul-muminin-ali-a-s-hakkinda-gorusleri-ali-zamanin-ve-mekanin-otesinde-bir-kisilik\/"]}]},{"@type":"ImageObject","inLanguage":"tr","@id":"https:\/\/shiawaves.com\/turkish\/2025\/03\/22\/gayrimuslim-unlulerin-emirul-muminin-ali-a-s-hakkinda-gorusleri-ali-zamanin-ve-mekanin-otesinde-bir-kisilik\/#primaryimage","url":"https:\/\/shiawaves.com\/turkish\/wp-content\/uploads\/sites\/6\/2025\/03\/photo_2025-03-20_01-39-44.jpg","contentUrl":"https:\/\/shiawaves.com\/turkish\/wp-content\/uploads\/sites\/6\/2025\/03\/photo_2025-03-20_01-39-44.jpg","width":1280,"height":853,"caption":"Gayrim\u00fcslim \u00dcnl\u00fclerin Emir\u00fc'l-M\u00fcminin Ali (a.s) Hakk\u0131nda G\u00f6r\u00fc\u015fleri; \u201cAli, Zaman\u0131n ve Mekan\u0131n \u00d6tesinde Bir Ki\u015filik\u201d"},{"@type":"BreadcrumbList","@id":"https:\/\/shiawaves.com\/turkish\/2025\/03\/22\/gayrimuslim-unlulerin-emirul-muminin-ali-a-s-hakkinda-gorusleri-ali-zamanin-ve-mekanin-otesinde-bir-kisilik\/#breadcrumb","itemListElement":[{"@type":"ListItem","position":1,"name":"Home","item":"https:\/\/shiawaves.com\/turkish\/"},{"@type":"ListItem","position":2,"name":"Gayrim\u00fcslim \u00dcnl\u00fclerin Emir\u00fc&#8217;l-M\u00fcminin Ali (a.s) Hakk\u0131nda G\u00f6r\u00fc\u015fleri; \u201cAli, Zaman\u0131n ve Mekan\u0131n \u00d6tesinde Bir Ki\u015filik\u201d"}]},{"@type":"WebSite","@id":"https:\/\/shiawaves.com\/turkish\/#website","url":"https:\/\/shiawaves.com\/turkish\/","name":"ShiaWaves Turkish - \u015eia Haberleri","description":"","potentialAction":[{"@type":"SearchAction","target":{"@type":"EntryPoint","urlTemplate":"https:\/\/shiawaves.com\/turkish\/?s={search_term_string}"},"query-input":{"@type":"PropertyValueSpecification","valueRequired":true,"valueName":"search_term_string"}}],"inLanguage":"tr"},{"@type":"Person","@id":"https:\/\/shiawaves.com\/turkish\/#\/schema\/person\/9f68d5023e948086b9348fba5aebd954","name":"modir","image":{"@type":"ImageObject","inLanguage":"tr","@id":"https:\/\/shiawaves.com\/turkish\/#\/schema\/person\/image\/","url":"https:\/\/secure.gravatar.com\/avatar\/8e76f93cdbdd480bd8918d1e0e1d938664c9cb1516c2a57a2b96fe50b507a6b9?s=96&d=mm&r=g","contentUrl":"https:\/\/secure.gravatar.com\/avatar\/8e76f93cdbdd480bd8918d1e0e1d938664c9cb1516c2a57a2b96fe50b507a6b9?s=96&d=mm&r=g","caption":"modir"},"sameAs":["https:\/\/shiawaves.com"],"url":"https:\/\/shiawaves.com\/turkish\/author\/modir\/"}]}},"_links":{"self":[{"href":"https:\/\/shiawaves.com\/turkish\/wp-json\/wp\/v2\/posts\/113018","targetHints":{"allow":["GET"]}}],"collection":[{"href":"https:\/\/shiawaves.com\/turkish\/wp-json\/wp\/v2\/posts"}],"about":[{"href":"https:\/\/shiawaves.com\/turkish\/wp-json\/wp\/v2\/types\/post"}],"author":[{"embeddable":true,"href":"https:\/\/shiawaves.com\/turkish\/wp-json\/wp\/v2\/users\/1"}],"replies":[{"embeddable":true,"href":"https:\/\/shiawaves.com\/turkish\/wp-json\/wp\/v2\/comments?post=113018"}],"version-history":[{"count":1,"href":"https:\/\/shiawaves.com\/turkish\/wp-json\/wp\/v2\/posts\/113018\/revisions"}],"predecessor-version":[{"id":113022,"href":"https:\/\/shiawaves.com\/turkish\/wp-json\/wp\/v2\/posts\/113018\/revisions\/113022"}],"wp:featuredmedia":[{"embeddable":true,"href":"https:\/\/shiawaves.com\/turkish\/wp-json\/wp\/v2\/media\/113020"}],"wp:attachment":[{"href":"https:\/\/shiawaves.com\/turkish\/wp-json\/wp\/v2\/media?parent=113018"}],"wp:term":[{"taxonomy":"category","embeddable":true,"href":"https:\/\/shiawaves.com\/turkish\/wp-json\/wp\/v2\/categories?post=113018"},{"taxonomy":"post_tag","embeddable":true,"href":"https:\/\/shiawaves.com\/turkish\/wp-json\/wp\/v2\/tags?post=113018"}],"curies":[{"name":"wp","href":"https:\/\/api.w.org\/{rel}","templated":true}]}}