{"id":112927,"date":"2025-03-19T17:30:00","date_gmt":"2025-03-19T14:30:00","guid":{"rendered":"https:\/\/shiawaves.com\/turkish\/?p=112927"},"modified":"2025-03-19T16:52:51","modified_gmt":"2025-03-19T13:52:51","slug":"dso-uyariyor-afganistandaki-saglik-merkezlerinin-%80i-haziran-ayina-kadar-kapatilacak","status":"publish","type":"post","link":"https:\/\/shiawaves.com\/turkish\/2025\/03\/19\/dso-uyariyor-afganistandaki-saglik-merkezlerinin-%80i-haziran-ayina-kadar-kapatilacak\/","title":{"rendered":"DS\u00d6 Uyar\u0131yor: Afganistan&#8217;daki Sa\u011fl\u0131k Merkezlerinin %80&#8217;i Haziran Ay\u0131na Kadar Kapat\u0131lacak"},"content":{"rendered":"\n<p> D\u00fcnya Sa\u011fl\u0131k \u00d6rg\u00fct\u00fc, Afganistan&#8217;da \u00f6rg\u00fct taraf\u0131ndan desteklenen sa\u011fl\u0131k merkezlerinin y\u00fczde 80&#8217;inin fon yetersizli\u011fi nedeniyle 2025 Haziran sonuna kadar kapanaca\u011f\u0131 uyar\u0131s\u0131nda bulundu.<\/p>\n\n\n\n<p>Bu kriz \u00f6zellikle kad\u0131nlar, \u00e7ocuklar ve savunmas\u0131z kesimler i\u00e7in ciddi bir tehdit olu\u015fturuyor ve milyonlarca insan\u0131 temel sa\u011fl\u0131k hizmetlerinden mahrum b\u0131rak\u0131yor.<\/p>\n\n\n\n<figure class=\"wp-block-image size-full is-resized\"><img loading=\"lazy\" decoding=\"async\" width=\"768\" height=\"432\" src=\"https:\/\/shiawaves.com\/turkish\/wp-content\/uploads\/sites\/6\/2025\/03\/image-204.png\" alt=\"\" class=\"wp-image-112928\" style=\"width:840px;height:auto\" srcset=\"https:\/\/shiawaves.com\/turkish\/wp-content\/uploads\/sites\/6\/2025\/03\/image-204.png 768w, https:\/\/shiawaves.com\/turkish\/wp-content\/uploads\/sites\/6\/2025\/03\/image-204-300x169.png 300w, https:\/\/shiawaves.com\/turkish\/wp-content\/uploads\/sites\/6\/2025\/03\/image-204-390x220.png 390w\" sizes=\"auto, (max-width: 768px) 100vw, 768px\" \/><\/figure>\n","protected":false},"excerpt":{"rendered":"<p>D\u00fcnya Sa\u011fl\u0131k \u00d6rg\u00fct\u00fc, Afganistan&#8217;da \u00f6rg\u00fct taraf\u0131ndan desteklenen sa\u011fl\u0131k merkezlerinin y\u00fczde 80&#8217;inin fon yetersizli\u011fi nedeniyle 2025 Haziran sonuna kadar kapanaca\u011f\u0131 uyar\u0131s\u0131nda bulundu. Bu kriz \u00f6zellikle kad\u0131nlar, \u00e7ocuklar ve savunmas\u0131z kesimler i\u00e7in ciddi bir tehdit olu\u015fturuyor ve milyonlarca insan\u0131 temel sa\u011fl\u0131k hizmetlerinden mahrum b\u0131rak\u0131yor.<\/p>\n","protected":false},"author":1,"featured_media":112928,"comment_status":"open","ping_status":"open","sticky":false,"template":"","format":"standard","meta":{"rop_custom_images_group":[],"rop_custom_messages_group":[],"rop_publish_now":"initial","rop_publish_now_accounts":[],"rop_publish_now_history":[],"rop_publish_now_status":"pending","footnotes":""},"categories":[8],"tags":[2655],"class_list":["post-112927","post","type-post","status-publish","format-standard","has-post-thumbnail","hentry","category-afghanistan","tag-dso-uyariyor-afganistandaki-saglik-merkezlerinin-i-haziran-ayina-kadar-kapatilacak"],"_wp_page_template":null,"_wp_attached_file":null,"_wp_attachment_metadata":null,"_edit_lock":"1742392373:1","yoast_head":"<!-- This site is optimized with the Yoast SEO plugin v24.3 - https:\/\/yoast.com\/wordpress\/plugins\/seo\/ -->\n<title>DS\u00d6 Uyar\u0131yor: Afganistan&#039;daki Sa\u011fl\u0131k Merkezlerinin %80&#039;i Haziran Ay\u0131na Kadar Kapat\u0131lacak - ShiaWaves Turkish - \u015eia Haberleri<\/title>\n<meta name=\"description\" content=\"DS\u00d6 Uyar\u0131yor: Afganistan&#039;daki Sa\u011fl\u0131k Merkezlerinin &#039;i Haziran Ay\u0131na Kadar Kapat\u0131lacak\" \/>\n<meta name=\"robots\" content=\"index, follow, max-snippet:-1, max-image-preview:large, max-video-preview:-1\" \/>\n<link rel=\"canonical\" href=\"https:\/\/shiawaves.com\/turkish\/2025\/03\/19\/dso-uyariyor-afganistandaki-saglik-merkezlerinin-?i-haziran-ayina-kadar-kapatilacak\/\" \/>\n<meta property=\"og:locale\" content=\"tr_TR\" \/>\n<meta property=\"og:type\" content=\"article\" \/>\n<meta property=\"og:title\" content=\"DS\u00d6 Uyar\u0131yor: Afganistan&#039;daki Sa\u011fl\u0131k Merkezlerinin %80&#039;i Haziran Ay\u0131na Kadar Kapat\u0131lacak - ShiaWaves Turkish - \u015eia Haberleri\" \/>\n<meta property=\"og:description\" content=\"DS\u00d6 Uyar\u0131yor: Afganistan&#039;daki Sa\u011fl\u0131k Merkezlerinin &#039;i Haziran Ay\u0131na Kadar Kapat\u0131lacak\" \/>\n<meta property=\"og:url\" content=\"\" \/>\n<meta property=\"og:site_name\" content=\"ShiaWaves Turkish - \u015eia Haberleri\" \/>\n<meta property=\"article:published_time\" content=\"2025-03-19T14:30:00+00:00\" \/>\n<meta property=\"article:modified_time\" content=\"2025-03-19T13:52:51+00:00\" \/>\n<meta property=\"og:image\" content=\"https:\/\/shiawaves.com\/turkish\/wp-content\/uploads\/sites\/6\/2025\/03\/image-204.png\" \/>\n\t<meta property=\"og:image:width\" content=\"768\" \/>\n\t<meta property=\"og:image:height\" content=\"432\" \/>\n\t<meta property=\"og:image:type\" content=\"image\/png\" \/>\n<meta name=\"author\" content=\"modir\" \/>\n<meta name=\"twitter:card\" content=\"summary_large_image\" \/>\n<meta name=\"twitter:label1\" content=\"Yazan:\" \/>\n\t<meta name=\"twitter:data1\" content=\"modir\" \/>\n\t<meta name=\"twitter:label2\" content=\"Tahmini okuma s\u00fcresi\" \/>\n\t<meta name=\"twitter:data2\" content=\"1 dakika\" \/>\n<script type=\"application\/ld+json\" class=\"yoast-schema-graph\">{\"@context\":\"https:\/\/schema.org\",\"@graph\":[{\"@type\":\"WebPage\",\"@id\":\"https:\/\/shiawaves.com\/turkish\/2025\/03\/19\/dso-uyariyor-afganistandaki-saglik-merkezlerinin-%80i-haziran-ayina-kadar-kapatilacak\/\",\"url\":\"https:\/\/shiawaves.com\/turkish\/2025\/03\/19\/dso-uyariyor-afganistandaki-saglik-merkezlerinin-%80i-haziran-ayina-kadar-kapatilacak\/\",\"name\":\"DS\u00d6 Uyar\u0131yor: Afganistan'daki Sa\u011fl\u0131k Merkezlerinin %80'i Haziran Ay\u0131na Kadar Kapat\u0131lacak - ShiaWaves Turkish - \u015eia Haberleri\",\"isPartOf\":{\"@id\":\"https:\/\/shiawaves.com\/turkish\/#website\"},\"primaryImageOfPage\":{\"@id\":\"https:\/\/shiawaves.com\/turkish\/2025\/03\/19\/dso-uyariyor-afganistandaki-saglik-merkezlerinin-%80i-haziran-ayina-kadar-kapatilacak\/#primaryimage\"},\"image\":{\"@id\":\"https:\/\/shiawaves.com\/turkish\/2025\/03\/19\/dso-uyariyor-afganistandaki-saglik-merkezlerinin-%80i-haziran-ayina-kadar-kapatilacak\/#primaryimage\"},\"thumbnailUrl\":\"https:\/\/shiawaves.com\/turkish\/wp-content\/uploads\/sites\/6\/2025\/03\/image-204.png\",\"datePublished\":\"2025-03-19T14:30:00+00:00\",\"dateModified\":\"2025-03-19T13:52:51+00:00\",\"author\":{\"@id\":\"https:\/\/shiawaves.com\/turkish\/#\/schema\/person\/9f68d5023e948086b9348fba5aebd954\"},\"description\":\"DS\u00d6 Uyar\u0131yor: Afganistan'daki Sa\u011fl\u0131k Merkezlerinin 'i Haziran Ay\u0131na Kadar Kapat\u0131lacak\",\"breadcrumb\":{\"@id\":\"https:\/\/shiawaves.com\/turkish\/2025\/03\/19\/dso-uyariyor-afganistandaki-saglik-merkezlerinin-%80i-haziran-ayina-kadar-kapatilacak\/#breadcrumb\"},\"inLanguage\":\"tr\",\"potentialAction\":[{\"@type\":\"ReadAction\",\"target\":[\"https:\/\/shiawaves.com\/turkish\/2025\/03\/19\/dso-uyariyor-afganistandaki-saglik-merkezlerinin-%80i-haziran-ayina-kadar-kapatilacak\/\"]}]},{\"@type\":\"ImageObject\",\"inLanguage\":\"tr\",\"@id\":\"https:\/\/shiawaves.com\/turkish\/2025\/03\/19\/dso-uyariyor-afganistandaki-saglik-merkezlerinin-%80i-haziran-ayina-kadar-kapatilacak\/#primaryimage\",\"url\":\"https:\/\/shiawaves.com\/turkish\/wp-content\/uploads\/sites\/6\/2025\/03\/image-204.png\",\"contentUrl\":\"https:\/\/shiawaves.com\/turkish\/wp-content\/uploads\/sites\/6\/2025\/03\/image-204.png\",\"width\":768,\"height\":432,\"caption\":\"DS\u00d6 Uyar\u0131yor: Afganistan'daki Sa\u011fl\u0131k Merkezlerinin %80'i Haziran Ay\u0131na Kadar Kapat\u0131lacak\"},{\"@type\":\"BreadcrumbList\",\"@id\":\"https:\/\/shiawaves.com\/turkish\/2025\/03\/19\/dso-uyariyor-afganistandaki-saglik-merkezlerinin-%80i-haziran-ayina-kadar-kapatilacak\/#breadcrumb\",\"itemListElement\":[{\"@type\":\"ListItem\",\"position\":1,\"name\":\"Home\",\"item\":\"https:\/\/shiawaves.com\/turkish\/\"},{\"@type\":\"ListItem\",\"position\":2,\"name\":\"DS\u00d6 Uyar\u0131yor: Afganistan&#8217;daki Sa\u011fl\u0131k Merkezlerinin %80&#8217;i Haziran Ay\u0131na Kadar Kapat\u0131lacak\"}]},{\"@type\":\"WebSite\",\"@id\":\"https:\/\/shiawaves.com\/turkish\/#website\",\"url\":\"https:\/\/shiawaves.com\/turkish\/\",\"name\":\"ShiaWaves Turkish - \u015eia Haberleri\",\"description\":\"\",\"potentialAction\":[{\"@type\":\"SearchAction\",\"target\":{\"@type\":\"EntryPoint\",\"urlTemplate\":\"https:\/\/shiawaves.com\/turkish\/?s={search_term_string}\"},\"query-input\":{\"@type\":\"PropertyValueSpecification\",\"valueRequired\":true,\"valueName\":\"search_term_string\"}}],\"inLanguage\":\"tr\"},{\"@type\":\"Person\",\"@id\":\"https:\/\/shiawaves.com\/turkish\/#\/schema\/person\/9f68d5023e948086b9348fba5aebd954\",\"name\":\"modir\",\"image\":{\"@type\":\"ImageObject\",\"inLanguage\":\"tr\",\"@id\":\"https:\/\/shiawaves.com\/turkish\/#\/schema\/person\/image\/\",\"url\":\"https:\/\/secure.gravatar.com\/avatar\/8e76f93cdbdd480bd8918d1e0e1d938664c9cb1516c2a57a2b96fe50b507a6b9?s=96&d=mm&r=g\",\"contentUrl\":\"https:\/\/secure.gravatar.com\/avatar\/8e76f93cdbdd480bd8918d1e0e1d938664c9cb1516c2a57a2b96fe50b507a6b9?s=96&d=mm&r=g\",\"caption\":\"modir\"},\"sameAs\":[\"https:\/\/shiawaves.com\"],\"url\":\"https:\/\/shiawaves.com\/turkish\/author\/modir\/\"}]}<\/script>\n<!-- \/ Yoast SEO plugin. -->","yoast_head_json":{"title":"DS\u00d6 Uyar\u0131yor: Afganistan'daki Sa\u011fl\u0131k Merkezlerinin %80'i Haziran Ay\u0131na Kadar Kapat\u0131lacak - ShiaWaves Turkish - \u015eia Haberleri","description":"DS\u00d6 Uyar\u0131yor: Afganistan'daki Sa\u011fl\u0131k Merkezlerinin 'i Haziran Ay\u0131na Kadar Kapat\u0131lacak","robots":{"index":"index","follow":"follow","max-snippet":"max-snippet:-1","max-image-preview":"max-image-preview:large","max-video-preview":"max-video-preview:-1"},"canonical":"https:\/\/shiawaves.com\/turkish\/2025\/03\/19\/dso-uyariyor-afganistandaki-saglik-merkezlerinin-?i-haziran-ayina-kadar-kapatilacak\/","og_locale":"tr_TR","og_type":"article","og_title":"DS\u00d6 Uyar\u0131yor: Afganistan'daki Sa\u011fl\u0131k Merkezlerinin %80'i Haziran Ay\u0131na Kadar Kapat\u0131lacak - ShiaWaves Turkish - \u015eia Haberleri","og_description":"DS\u00d6 Uyar\u0131yor: Afganistan'daki Sa\u011fl\u0131k Merkezlerinin 'i Haziran Ay\u0131na Kadar Kapat\u0131lacak","og_url":"https:\/\/shiawaves.com\/turkish\/2025\/03\/19\/dso-uyariyor-afganistandaki-saglik-merkezlerinin-?i-haziran-ayina-kadar-kapatilacak\/","og_site_name":"ShiaWaves Turkish - \u015eia Haberleri","article_published_time":"2025-03-19T14:30:00+00:00","article_modified_time":"2025-03-19T13:52:51+00:00","og_image":[{"width":768,"height":432,"url":"https:\/\/shiawaves.com\/turkish\/wp-content\/uploads\/sites\/6\/2025\/03\/image-204.png","type":"image\/png"}],"author":"modir","twitter_card":"summary_large_image","twitter_misc":{"Yazan:":"modir","Tahmini okuma s\u00fcresi":"1 dakika"},"schema":{"@context":"https:\/\/schema.org","@graph":[{"@type":"WebPage","@id":"https:\/\/shiawaves.com\/turkish\/2025\/03\/19\/dso-uyariyor-afganistandaki-saglik-merkezlerinin-%80i-haziran-ayina-kadar-kapatilacak\/","url":"https:\/\/shiawaves.com\/turkish\/2025\/03\/19\/dso-uyariyor-afganistandaki-saglik-merkezlerinin-%80i-haziran-ayina-kadar-kapatilacak\/","name":"DS\u00d6 Uyar\u0131yor: Afganistan'daki Sa\u011fl\u0131k Merkezlerinin %80'i Haziran Ay\u0131na Kadar Kapat\u0131lacak - ShiaWaves Turkish - \u015eia Haberleri","isPartOf":{"@id":"https:\/\/shiawaves.com\/turkish\/#website"},"primaryImageOfPage":{"@id":"https:\/\/shiawaves.com\/turkish\/2025\/03\/19\/dso-uyariyor-afganistandaki-saglik-merkezlerinin-%80i-haziran-ayina-kadar-kapatilacak\/#primaryimage"},"image":{"@id":"https:\/\/shiawaves.com\/turkish\/2025\/03\/19\/dso-uyariyor-afganistandaki-saglik-merkezlerinin-%80i-haziran-ayina-kadar-kapatilacak\/#primaryimage"},"thumbnailUrl":"https:\/\/shiawaves.com\/turkish\/wp-content\/uploads\/sites\/6\/2025\/03\/image-204.png","datePublished":"2025-03-19T14:30:00+00:00","dateModified":"2025-03-19T13:52:51+00:00","author":{"@id":"https:\/\/shiawaves.com\/turkish\/#\/schema\/person\/9f68d5023e948086b9348fba5aebd954"},"description":"DS\u00d6 Uyar\u0131yor: Afganistan'daki Sa\u011fl\u0131k Merkezlerinin 'i Haziran Ay\u0131na Kadar Kapat\u0131lacak","breadcrumb":{"@id":"https:\/\/shiawaves.com\/turkish\/2025\/03\/19\/dso-uyariyor-afganistandaki-saglik-merkezlerinin-%80i-haziran-ayina-kadar-kapatilacak\/#breadcrumb"},"inLanguage":"tr","potentialAction":[{"@type":"ReadAction","target":["https:\/\/shiawaves.com\/turkish\/2025\/03\/19\/dso-uyariyor-afganistandaki-saglik-merkezlerinin-%80i-haziran-ayina-kadar-kapatilacak\/"]}]},{"@type":"ImageObject","inLanguage":"tr","@id":"https:\/\/shiawaves.com\/turkish\/2025\/03\/19\/dso-uyariyor-afganistandaki-saglik-merkezlerinin-%80i-haziran-ayina-kadar-kapatilacak\/#primaryimage","url":"https:\/\/shiawaves.com\/turkish\/wp-content\/uploads\/sites\/6\/2025\/03\/image-204.png","contentUrl":"https:\/\/shiawaves.com\/turkish\/wp-content\/uploads\/sites\/6\/2025\/03\/image-204.png","width":768,"height":432,"caption":"DS\u00d6 Uyar\u0131yor: Afganistan'daki Sa\u011fl\u0131k Merkezlerinin %80'i Haziran Ay\u0131na Kadar Kapat\u0131lacak"},{"@type":"BreadcrumbList","@id":"https:\/\/shiawaves.com\/turkish\/2025\/03\/19\/dso-uyariyor-afganistandaki-saglik-merkezlerinin-%80i-haziran-ayina-kadar-kapatilacak\/#breadcrumb","itemListElement":[{"@type":"ListItem","position":1,"name":"Home","item":"https:\/\/shiawaves.com\/turkish\/"},{"@type":"ListItem","position":2,"name":"DS\u00d6 Uyar\u0131yor: Afganistan&#8217;daki Sa\u011fl\u0131k Merkezlerinin %80&#8217;i Haziran Ay\u0131na Kadar Kapat\u0131lacak"}]},{"@type":"WebSite","@id":"https:\/\/shiawaves.com\/turkish\/#website","url":"https:\/\/shiawaves.com\/turkish\/","name":"ShiaWaves Turkish - \u015eia Haberleri","description":"","potentialAction":[{"@type":"SearchAction","target":{"@type":"EntryPoint","urlTemplate":"https:\/\/shiawaves.com\/turkish\/?s={search_term_string}"},"query-input":{"@type":"PropertyValueSpecification","valueRequired":true,"valueName":"search_term_string"}}],"inLanguage":"tr"},{"@type":"Person","@id":"https:\/\/shiawaves.com\/turkish\/#\/schema\/person\/9f68d5023e948086b9348fba5aebd954","name":"modir","image":{"@type":"ImageObject","inLanguage":"tr","@id":"https:\/\/shiawaves.com\/turkish\/#\/schema\/person\/image\/","url":"https:\/\/secure.gravatar.com\/avatar\/8e76f93cdbdd480bd8918d1e0e1d938664c9cb1516c2a57a2b96fe50b507a6b9?s=96&d=mm&r=g","contentUrl":"https:\/\/secure.gravatar.com\/avatar\/8e76f93cdbdd480bd8918d1e0e1d938664c9cb1516c2a57a2b96fe50b507a6b9?s=96&d=mm&r=g","caption":"modir"},"sameAs":["https:\/\/shiawaves.com"],"url":"https:\/\/shiawaves.com\/turkish\/author\/modir\/"}]}},"_links":{"self":[{"href":"https:\/\/shiawaves.com\/turkish\/wp-json\/wp\/v2\/posts\/112927","targetHints":{"allow":["GET"]}}],"collection":[{"href":"https:\/\/shiawaves.com\/turkish\/wp-json\/wp\/v2\/posts"}],"about":[{"href":"https:\/\/shiawaves.com\/turkish\/wp-json\/wp\/v2\/types\/post"}],"author":[{"embeddable":true,"href":"https:\/\/shiawaves.com\/turkish\/wp-json\/wp\/v2\/users\/1"}],"replies":[{"embeddable":true,"href":"https:\/\/shiawaves.com\/turkish\/wp-json\/wp\/v2\/comments?post=112927"}],"version-history":[{"count":1,"href":"https:\/\/shiawaves.com\/turkish\/wp-json\/wp\/v2\/posts\/112927\/revisions"}],"predecessor-version":[{"id":112929,"href":"https:\/\/shiawaves.com\/turkish\/wp-json\/wp\/v2\/posts\/112927\/revisions\/112929"}],"wp:featuredmedia":[{"embeddable":true,"href":"https:\/\/shiawaves.com\/turkish\/wp-json\/wp\/v2\/media\/112928"}],"wp:attachment":[{"href":"https:\/\/shiawaves.com\/turkish\/wp-json\/wp\/v2\/media?parent=112927"}],"wp:term":[{"taxonomy":"category","embeddable":true,"href":"https:\/\/shiawaves.com\/turkish\/wp-json\/wp\/v2\/categories?post=112927"},{"taxonomy":"post_tag","embeddable":true,"href":"https:\/\/shiawaves.com\/turkish\/wp-json\/wp\/v2\/tags?post=112927"}],"curies":[{"name":"wp","href":"https:\/\/api.w.org\/{rel}","templated":true}]}}