{"id":112924,"date":"2025-03-19T17:00:00","date_gmt":"2025-03-19T14:00:00","guid":{"rendered":"https:\/\/shiawaves.com\/turkish\/?p=112924"},"modified":"2025-03-19T16:45:22","modified_gmt":"2025-03-19T13:45:22","slug":"emirul-muminin-ali-a-sin-mukaddes-turbesinin-avlusu-siyaha-burundu-imam-alinin-a-s-sehadeti-munasebetiyle-matem-gunlerinin-baslamasi","status":"publish","type":"post","link":"https:\/\/shiawaves.com\/turkish\/2025\/03\/19\/emirul-muminin-ali-a-sin-mukaddes-turbesinin-avlusu-siyaha-burundu-imam-alinin-a-s-sehadeti-munasebetiyle-matem-gunlerinin-baslamasi\/","title":{"rendered":"Emir\u00fc&#8217;l-M\u00fcminin&#8217; Ali (a.s)\u2019\u0131n Mukaddes T\u00fcrbesinin Avlusu Siyaha B\u00fcr\u00fcnd\u00fc; \u0130mam Ali&#8217;nin (a.s) \u015eehadeti M\u00fcnasebetiyle Matem G\u00fcnlerinin Ba\u015flamas\u0131"},"content":{"rendered":"\n<p>Emir\u00fc&#8217;l-M\u00fcminin (a.s)&#8217;\u0131n \u015fehadet g\u00fcnleri yakla\u015f\u0131rken, Necef-i E\u015fref&#8217;teki t\u00fcrbesinin avlusu siyaha b\u00fcr\u00fcnd\u00fc.<\/p>\n\n\n\n<p>Bu eylem, Emirel M\u00fcminin (a.s)&#8217;\u0131n Kufe Camii mihrab\u0131nda \u015fehadet g\u00fcnlerini anmak ve d\u00fcnyadaki M\u00fcsl\u00fcmanlar\u0131n derin \u00fcz\u00fcnt\u00fc ve ac\u0131s\u0131n\u0131 yans\u0131tmak amac\u0131yla d\u00fczenlenmektedir.<\/p>\n\n\n\n<figure class=\"wp-block-image size-full is-resized\"><img loading=\"lazy\" decoding=\"async\" width=\"768\" height=\"510\" src=\"https:\/\/shiawaves.com\/turkish\/wp-content\/uploads\/sites\/6\/2025\/03\/image-203.png\" alt=\"\" class=\"wp-image-112925\" style=\"width:840px;height:auto\" srcset=\"https:\/\/shiawaves.com\/turkish\/wp-content\/uploads\/sites\/6\/2025\/03\/image-203.png 768w, https:\/\/shiawaves.com\/turkish\/wp-content\/uploads\/sites\/6\/2025\/03\/image-203-300x199.png 300w\" sizes=\"auto, (max-width: 768px) 100vw, 768px\" \/><\/figure>\n\n\n\n<p>Gelenek gere\u011fi her y\u0131l d\u00fcnyan\u0131n farkl\u0131 yerlerinden ziyaret\u00e7iler bu kutsal mekana gelerek matem t\u00f6renlerine, dualara ve meclislere kat\u0131l\u0131yor.<\/p>\n\n\n\n<p>Ayr\u0131ca bu g\u00fcnlerde, \u00f6zellikle Kadir Gecelerinde matem ve yas merasimleri yap\u0131l\u0131r.<\/p>\n\n\n\n<p>Bu vesile, \u0130slam tarihinde Emirel M\u00fcminin (a.s)&#8217;\u0131n \u015fecaatini, adaletini ve fedakarl\u0131klar\u0131n\u0131 anmak ve \u00f6\u011fretileri \u00fczerinde tefekk\u00fcr etmek i\u00e7in bir f\u0131rsatt\u0131r.<\/p>\n","protected":false},"excerpt":{"rendered":"<p>Emir\u00fc&#8217;l-M\u00fcminin (a.s)&#8217;\u0131n \u015fehadet g\u00fcnleri yakla\u015f\u0131rken, Necef-i E\u015fref&#8217;teki t\u00fcrbesinin avlusu siyaha b\u00fcr\u00fcnd\u00fc. Bu eylem, Emirel M\u00fcminin (a.s)&#8217;\u0131n Kufe Camii mihrab\u0131nda \u015fehadet g\u00fcnlerini anmak ve d\u00fcnyadaki M\u00fcsl\u00fcmanlar\u0131n derin \u00fcz\u00fcnt\u00fc ve ac\u0131s\u0131n\u0131 yans\u0131tmak amac\u0131yla d\u00fczenlenmektedir. Gelenek gere\u011fi her y\u0131l d\u00fcnyan\u0131n farkl\u0131 yerlerinden ziyaret\u00e7iler bu kutsal mekana gelerek matem t\u00f6renlerine, dualara ve meclislere kat\u0131l\u0131yor. Ayr\u0131ca bu g\u00fcnlerde, \u00f6zellikle Kadir &hellip;<\/p>\n","protected":false},"author":1,"featured_media":112925,"comment_status":"open","ping_status":"open","sticky":false,"template":"","format":"standard","meta":{"rop_custom_images_group":[],"rop_custom_messages_group":[],"rop_publish_now":"initial","rop_publish_now_accounts":[],"rop_publish_now_history":[],"rop_publish_now_status":"pending","footnotes":""},"categories":[35,14],"tags":[2654],"class_list":["post-112924","post","type-post","status-publish","format-standard","has-post-thumbnail","hentry","category-ahlulbayt-occasions","category-iraq","tag-emirul-muminin-ali-a-sin-mukaddes-turbesinin-avlusu-siyaha-burundu"],"_wp_page_template":null,"_wp_attached_file":null,"_wp_attachment_metadata":null,"_edit_lock":"1742391924:1","yoast_head":"<!-- This site is optimized with the Yoast SEO plugin v24.3 - https:\/\/yoast.com\/wordpress\/plugins\/seo\/ -->\n<title>Emir\u00fc&#039;l-M\u00fcminin&#039; Ali (a.s)\u2019\u0131n Mukaddes T\u00fcrbesinin Avlusu Siyaha B\u00fcr\u00fcnd\u00fc; \u0130mam Ali&#039;nin (a.s) \u015eehadeti M\u00fcnasebetiyle Matem G\u00fcnlerinin Ba\u015flamas\u0131 - ShiaWaves Turkish - \u015eia Haberleri<\/title>\n<meta name=\"description\" content=\"Emir\u00fc&#039;l-M\u00fcminin&#039; Ali (a.s)\u2019\u0131n Mukaddes T\u00fcrbesinin Avlusu Siyaha B\u00fcr\u00fcnd\u00fc\" \/>\n<meta name=\"robots\" content=\"index, follow, max-snippet:-1, max-image-preview:large, max-video-preview:-1\" \/>\n<link rel=\"canonical\" href=\"https:\/\/shiawaves.com\/turkish\/2025\/03\/19\/emirul-muminin-ali-a-sin-mukaddes-turbesinin-avlusu-siyaha-burundu-imam-alinin-a-s-sehadeti-munasebetiyle-matem-gunlerinin-baslamasi\/\" \/>\n<meta property=\"og:locale\" content=\"tr_TR\" \/>\n<meta property=\"og:type\" content=\"article\" \/>\n<meta property=\"og:title\" content=\"Emir\u00fc&#039;l-M\u00fcminin&#039; Ali (a.s)\u2019\u0131n Mukaddes T\u00fcrbesinin Avlusu Siyaha B\u00fcr\u00fcnd\u00fc; \u0130mam Ali&#039;nin (a.s) \u015eehadeti M\u00fcnasebetiyle Matem G\u00fcnlerinin Ba\u015flamas\u0131 - ShiaWaves Turkish - \u015eia Haberleri\" \/>\n<meta property=\"og:description\" content=\"Emir\u00fc&#039;l-M\u00fcminin&#039; Ali (a.s)\u2019\u0131n Mukaddes T\u00fcrbesinin Avlusu Siyaha B\u00fcr\u00fcnd\u00fc\" \/>\n<meta property=\"og:url\" content=\"https:\/\/shiawaves.com\/turkish\/2025\/03\/19\/emirul-muminin-ali-a-sin-mukaddes-turbesinin-avlusu-siyaha-burundu-imam-alinin-a-s-sehadeti-munasebetiyle-matem-gunlerinin-baslamasi\/\" \/>\n<meta property=\"og:site_name\" content=\"ShiaWaves Turkish - \u015eia Haberleri\" \/>\n<meta property=\"article:published_time\" content=\"2025-03-19T14:00:00+00:00\" \/>\n<meta property=\"article:modified_time\" content=\"2025-03-19T13:45:22+00:00\" \/>\n<meta property=\"og:image\" content=\"https:\/\/shiawaves.com\/turkish\/wp-content\/uploads\/sites\/6\/2025\/03\/image-203.png\" \/>\n\t<meta property=\"og:image:width\" content=\"768\" \/>\n\t<meta property=\"og:image:height\" content=\"510\" \/>\n\t<meta property=\"og:image:type\" content=\"image\/png\" \/>\n<meta name=\"author\" content=\"modir\" \/>\n<meta name=\"twitter:card\" content=\"summary_large_image\" \/>\n<meta name=\"twitter:label1\" content=\"Yazan:\" \/>\n\t<meta name=\"twitter:data1\" content=\"modir\" \/>\n\t<meta name=\"twitter:label2\" content=\"Tahmini okuma s\u00fcresi\" \/>\n\t<meta name=\"twitter:data2\" content=\"1 dakika\" \/>\n<script type=\"application\/ld+json\" class=\"yoast-schema-graph\">{\"@context\":\"https:\/\/schema.org\",\"@graph\":[{\"@type\":\"WebPage\",\"@id\":\"https:\/\/shiawaves.com\/turkish\/2025\/03\/19\/emirul-muminin-ali-a-sin-mukaddes-turbesinin-avlusu-siyaha-burundu-imam-alinin-a-s-sehadeti-munasebetiyle-matem-gunlerinin-baslamasi\/\",\"url\":\"https:\/\/shiawaves.com\/turkish\/2025\/03\/19\/emirul-muminin-ali-a-sin-mukaddes-turbesinin-avlusu-siyaha-burundu-imam-alinin-a-s-sehadeti-munasebetiyle-matem-gunlerinin-baslamasi\/\",\"name\":\"Emir\u00fc'l-M\u00fcminin' Ali (a.s)\u2019\u0131n Mukaddes T\u00fcrbesinin Avlusu Siyaha B\u00fcr\u00fcnd\u00fc; \u0130mam Ali'nin (a.s) \u015eehadeti M\u00fcnasebetiyle Matem G\u00fcnlerinin Ba\u015flamas\u0131 - ShiaWaves Turkish - \u015eia Haberleri\",\"isPartOf\":{\"@id\":\"https:\/\/shiawaves.com\/turkish\/#website\"},\"primaryImageOfPage\":{\"@id\":\"https:\/\/shiawaves.com\/turkish\/2025\/03\/19\/emirul-muminin-ali-a-sin-mukaddes-turbesinin-avlusu-siyaha-burundu-imam-alinin-a-s-sehadeti-munasebetiyle-matem-gunlerinin-baslamasi\/#primaryimage\"},\"image\":{\"@id\":\"https:\/\/shiawaves.com\/turkish\/2025\/03\/19\/emirul-muminin-ali-a-sin-mukaddes-turbesinin-avlusu-siyaha-burundu-imam-alinin-a-s-sehadeti-munasebetiyle-matem-gunlerinin-baslamasi\/#primaryimage\"},\"thumbnailUrl\":\"https:\/\/shiawaves.com\/turkish\/wp-content\/uploads\/sites\/6\/2025\/03\/image-203.png\",\"datePublished\":\"2025-03-19T14:00:00+00:00\",\"dateModified\":\"2025-03-19T13:45:22+00:00\",\"author\":{\"@id\":\"https:\/\/shiawaves.com\/turkish\/#\/schema\/person\/9f68d5023e948086b9348fba5aebd954\"},\"description\":\"Emir\u00fc'l-M\u00fcminin' Ali (a.s)\u2019\u0131n Mukaddes T\u00fcrbesinin Avlusu Siyaha B\u00fcr\u00fcnd\u00fc\",\"breadcrumb\":{\"@id\":\"https:\/\/shiawaves.com\/turkish\/2025\/03\/19\/emirul-muminin-ali-a-sin-mukaddes-turbesinin-avlusu-siyaha-burundu-imam-alinin-a-s-sehadeti-munasebetiyle-matem-gunlerinin-baslamasi\/#breadcrumb\"},\"inLanguage\":\"tr\",\"potentialAction\":[{\"@type\":\"ReadAction\",\"target\":[\"https:\/\/shiawaves.com\/turkish\/2025\/03\/19\/emirul-muminin-ali-a-sin-mukaddes-turbesinin-avlusu-siyaha-burundu-imam-alinin-a-s-sehadeti-munasebetiyle-matem-gunlerinin-baslamasi\/\"]}]},{\"@type\":\"ImageObject\",\"inLanguage\":\"tr\",\"@id\":\"https:\/\/shiawaves.com\/turkish\/2025\/03\/19\/emirul-muminin-ali-a-sin-mukaddes-turbesinin-avlusu-siyaha-burundu-imam-alinin-a-s-sehadeti-munasebetiyle-matem-gunlerinin-baslamasi\/#primaryimage\",\"url\":\"https:\/\/shiawaves.com\/turkish\/wp-content\/uploads\/sites\/6\/2025\/03\/image-203.png\",\"contentUrl\":\"https:\/\/shiawaves.com\/turkish\/wp-content\/uploads\/sites\/6\/2025\/03\/image-203.png\",\"width\":768,\"height\":510,\"caption\":\"Emir\u00fc'l-M\u00fcminin' Ali (a.s)\u2019\u0131n Mukaddes T\u00fcrbesinin Avlusu Siyaha B\u00fcr\u00fcnd\u00fc; \u0130mam Ali'nin (a.s) \u015eehadeti M\u00fcnasebetiyle Matem G\u00fcnlerinin Ba\u015flamas\u0131\"},{\"@type\":\"BreadcrumbList\",\"@id\":\"https:\/\/shiawaves.com\/turkish\/2025\/03\/19\/emirul-muminin-ali-a-sin-mukaddes-turbesinin-avlusu-siyaha-burundu-imam-alinin-a-s-sehadeti-munasebetiyle-matem-gunlerinin-baslamasi\/#breadcrumb\",\"itemListElement\":[{\"@type\":\"ListItem\",\"position\":1,\"name\":\"Home\",\"item\":\"https:\/\/shiawaves.com\/turkish\/\"},{\"@type\":\"ListItem\",\"position\":2,\"name\":\"Emir\u00fc&#8217;l-M\u00fcminin&#8217; Ali (a.s)\u2019\u0131n Mukaddes T\u00fcrbesinin Avlusu Siyaha B\u00fcr\u00fcnd\u00fc; \u0130mam Ali&#8217;nin (a.s) \u015eehadeti M\u00fcnasebetiyle Matem G\u00fcnlerinin Ba\u015flamas\u0131\"}]},{\"@type\":\"WebSite\",\"@id\":\"https:\/\/shiawaves.com\/turkish\/#website\",\"url\":\"https:\/\/shiawaves.com\/turkish\/\",\"name\":\"ShiaWaves Turkish - \u015eia Haberleri\",\"description\":\"\",\"potentialAction\":[{\"@type\":\"SearchAction\",\"target\":{\"@type\":\"EntryPoint\",\"urlTemplate\":\"https:\/\/shiawaves.com\/turkish\/?s={search_term_string}\"},\"query-input\":{\"@type\":\"PropertyValueSpecification\",\"valueRequired\":true,\"valueName\":\"search_term_string\"}}],\"inLanguage\":\"tr\"},{\"@type\":\"Person\",\"@id\":\"https:\/\/shiawaves.com\/turkish\/#\/schema\/person\/9f68d5023e948086b9348fba5aebd954\",\"name\":\"modir\",\"image\":{\"@type\":\"ImageObject\",\"inLanguage\":\"tr\",\"@id\":\"https:\/\/shiawaves.com\/turkish\/#\/schema\/person\/image\/\",\"url\":\"https:\/\/secure.gravatar.com\/avatar\/8e76f93cdbdd480bd8918d1e0e1d938664c9cb1516c2a57a2b96fe50b507a6b9?s=96&d=mm&r=g\",\"contentUrl\":\"https:\/\/secure.gravatar.com\/avatar\/8e76f93cdbdd480bd8918d1e0e1d938664c9cb1516c2a57a2b96fe50b507a6b9?s=96&d=mm&r=g\",\"caption\":\"modir\"},\"sameAs\":[\"https:\/\/shiawaves.com\"],\"url\":\"https:\/\/shiawaves.com\/turkish\/author\/modir\/\"}]}<\/script>\n<!-- \/ Yoast SEO plugin. -->","yoast_head_json":{"title":"Emir\u00fc'l-M\u00fcminin' Ali (a.s)\u2019\u0131n Mukaddes T\u00fcrbesinin Avlusu Siyaha B\u00fcr\u00fcnd\u00fc; \u0130mam Ali'nin (a.s) \u015eehadeti M\u00fcnasebetiyle Matem G\u00fcnlerinin Ba\u015flamas\u0131 - ShiaWaves Turkish - \u015eia Haberleri","description":"Emir\u00fc'l-M\u00fcminin' Ali (a.s)\u2019\u0131n Mukaddes T\u00fcrbesinin Avlusu Siyaha B\u00fcr\u00fcnd\u00fc","robots":{"index":"index","follow":"follow","max-snippet":"max-snippet:-1","max-image-preview":"max-image-preview:large","max-video-preview":"max-video-preview:-1"},"canonical":"https:\/\/shiawaves.com\/turkish\/2025\/03\/19\/emirul-muminin-ali-a-sin-mukaddes-turbesinin-avlusu-siyaha-burundu-imam-alinin-a-s-sehadeti-munasebetiyle-matem-gunlerinin-baslamasi\/","og_locale":"tr_TR","og_type":"article","og_title":"Emir\u00fc'l-M\u00fcminin' Ali (a.s)\u2019\u0131n Mukaddes T\u00fcrbesinin Avlusu Siyaha B\u00fcr\u00fcnd\u00fc; \u0130mam Ali'nin (a.s) \u015eehadeti M\u00fcnasebetiyle Matem G\u00fcnlerinin Ba\u015flamas\u0131 - ShiaWaves Turkish - \u015eia Haberleri","og_description":"Emir\u00fc'l-M\u00fcminin' Ali (a.s)\u2019\u0131n Mukaddes T\u00fcrbesinin Avlusu Siyaha B\u00fcr\u00fcnd\u00fc","og_url":"https:\/\/shiawaves.com\/turkish\/2025\/03\/19\/emirul-muminin-ali-a-sin-mukaddes-turbesinin-avlusu-siyaha-burundu-imam-alinin-a-s-sehadeti-munasebetiyle-matem-gunlerinin-baslamasi\/","og_site_name":"ShiaWaves Turkish - \u015eia Haberleri","article_published_time":"2025-03-19T14:00:00+00:00","article_modified_time":"2025-03-19T13:45:22+00:00","og_image":[{"width":768,"height":510,"url":"https:\/\/shiawaves.com\/turkish\/wp-content\/uploads\/sites\/6\/2025\/03\/image-203.png","type":"image\/png"}],"author":"modir","twitter_card":"summary_large_image","twitter_misc":{"Yazan:":"modir","Tahmini okuma s\u00fcresi":"1 dakika"},"schema":{"@context":"https:\/\/schema.org","@graph":[{"@type":"WebPage","@id":"https:\/\/shiawaves.com\/turkish\/2025\/03\/19\/emirul-muminin-ali-a-sin-mukaddes-turbesinin-avlusu-siyaha-burundu-imam-alinin-a-s-sehadeti-munasebetiyle-matem-gunlerinin-baslamasi\/","url":"https:\/\/shiawaves.com\/turkish\/2025\/03\/19\/emirul-muminin-ali-a-sin-mukaddes-turbesinin-avlusu-siyaha-burundu-imam-alinin-a-s-sehadeti-munasebetiyle-matem-gunlerinin-baslamasi\/","name":"Emir\u00fc'l-M\u00fcminin' Ali (a.s)\u2019\u0131n Mukaddes T\u00fcrbesinin Avlusu Siyaha B\u00fcr\u00fcnd\u00fc; \u0130mam Ali'nin (a.s) \u015eehadeti M\u00fcnasebetiyle Matem G\u00fcnlerinin Ba\u015flamas\u0131 - ShiaWaves Turkish - \u015eia Haberleri","isPartOf":{"@id":"https:\/\/shiawaves.com\/turkish\/#website"},"primaryImageOfPage":{"@id":"https:\/\/shiawaves.com\/turkish\/2025\/03\/19\/emirul-muminin-ali-a-sin-mukaddes-turbesinin-avlusu-siyaha-burundu-imam-alinin-a-s-sehadeti-munasebetiyle-matem-gunlerinin-baslamasi\/#primaryimage"},"image":{"@id":"https:\/\/shiawaves.com\/turkish\/2025\/03\/19\/emirul-muminin-ali-a-sin-mukaddes-turbesinin-avlusu-siyaha-burundu-imam-alinin-a-s-sehadeti-munasebetiyle-matem-gunlerinin-baslamasi\/#primaryimage"},"thumbnailUrl":"https:\/\/shiawaves.com\/turkish\/wp-content\/uploads\/sites\/6\/2025\/03\/image-203.png","datePublished":"2025-03-19T14:00:00+00:00","dateModified":"2025-03-19T13:45:22+00:00","author":{"@id":"https:\/\/shiawaves.com\/turkish\/#\/schema\/person\/9f68d5023e948086b9348fba5aebd954"},"description":"Emir\u00fc'l-M\u00fcminin' Ali (a.s)\u2019\u0131n Mukaddes T\u00fcrbesinin Avlusu Siyaha B\u00fcr\u00fcnd\u00fc","breadcrumb":{"@id":"https:\/\/shiawaves.com\/turkish\/2025\/03\/19\/emirul-muminin-ali-a-sin-mukaddes-turbesinin-avlusu-siyaha-burundu-imam-alinin-a-s-sehadeti-munasebetiyle-matem-gunlerinin-baslamasi\/#breadcrumb"},"inLanguage":"tr","potentialAction":[{"@type":"ReadAction","target":["https:\/\/shiawaves.com\/turkish\/2025\/03\/19\/emirul-muminin-ali-a-sin-mukaddes-turbesinin-avlusu-siyaha-burundu-imam-alinin-a-s-sehadeti-munasebetiyle-matem-gunlerinin-baslamasi\/"]}]},{"@type":"ImageObject","inLanguage":"tr","@id":"https:\/\/shiawaves.com\/turkish\/2025\/03\/19\/emirul-muminin-ali-a-sin-mukaddes-turbesinin-avlusu-siyaha-burundu-imam-alinin-a-s-sehadeti-munasebetiyle-matem-gunlerinin-baslamasi\/#primaryimage","url":"https:\/\/shiawaves.com\/turkish\/wp-content\/uploads\/sites\/6\/2025\/03\/image-203.png","contentUrl":"https:\/\/shiawaves.com\/turkish\/wp-content\/uploads\/sites\/6\/2025\/03\/image-203.png","width":768,"height":510,"caption":"Emir\u00fc'l-M\u00fcminin' Ali (a.s)\u2019\u0131n Mukaddes T\u00fcrbesinin Avlusu Siyaha B\u00fcr\u00fcnd\u00fc; \u0130mam Ali'nin (a.s) \u015eehadeti M\u00fcnasebetiyle Matem G\u00fcnlerinin Ba\u015flamas\u0131"},{"@type":"BreadcrumbList","@id":"https:\/\/shiawaves.com\/turkish\/2025\/03\/19\/emirul-muminin-ali-a-sin-mukaddes-turbesinin-avlusu-siyaha-burundu-imam-alinin-a-s-sehadeti-munasebetiyle-matem-gunlerinin-baslamasi\/#breadcrumb","itemListElement":[{"@type":"ListItem","position":1,"name":"Home","item":"https:\/\/shiawaves.com\/turkish\/"},{"@type":"ListItem","position":2,"name":"Emir\u00fc&#8217;l-M\u00fcminin&#8217; Ali (a.s)\u2019\u0131n Mukaddes T\u00fcrbesinin Avlusu Siyaha B\u00fcr\u00fcnd\u00fc; \u0130mam Ali&#8217;nin (a.s) \u015eehadeti M\u00fcnasebetiyle Matem G\u00fcnlerinin Ba\u015flamas\u0131"}]},{"@type":"WebSite","@id":"https:\/\/shiawaves.com\/turkish\/#website","url":"https:\/\/shiawaves.com\/turkish\/","name":"ShiaWaves Turkish - \u015eia Haberleri","description":"","potentialAction":[{"@type":"SearchAction","target":{"@type":"EntryPoint","urlTemplate":"https:\/\/shiawaves.com\/turkish\/?s={search_term_string}"},"query-input":{"@type":"PropertyValueSpecification","valueRequired":true,"valueName":"search_term_string"}}],"inLanguage":"tr"},{"@type":"Person","@id":"https:\/\/shiawaves.com\/turkish\/#\/schema\/person\/9f68d5023e948086b9348fba5aebd954","name":"modir","image":{"@type":"ImageObject","inLanguage":"tr","@id":"https:\/\/shiawaves.com\/turkish\/#\/schema\/person\/image\/","url":"https:\/\/secure.gravatar.com\/avatar\/8e76f93cdbdd480bd8918d1e0e1d938664c9cb1516c2a57a2b96fe50b507a6b9?s=96&d=mm&r=g","contentUrl":"https:\/\/secure.gravatar.com\/avatar\/8e76f93cdbdd480bd8918d1e0e1d938664c9cb1516c2a57a2b96fe50b507a6b9?s=96&d=mm&r=g","caption":"modir"},"sameAs":["https:\/\/shiawaves.com"],"url":"https:\/\/shiawaves.com\/turkish\/author\/modir\/"}]}},"_links":{"self":[{"href":"https:\/\/shiawaves.com\/turkish\/wp-json\/wp\/v2\/posts\/112924","targetHints":{"allow":["GET"]}}],"collection":[{"href":"https:\/\/shiawaves.com\/turkish\/wp-json\/wp\/v2\/posts"}],"about":[{"href":"https:\/\/shiawaves.com\/turkish\/wp-json\/wp\/v2\/types\/post"}],"author":[{"embeddable":true,"href":"https:\/\/shiawaves.com\/turkish\/wp-json\/wp\/v2\/users\/1"}],"replies":[{"embeddable":true,"href":"https:\/\/shiawaves.com\/turkish\/wp-json\/wp\/v2\/comments?post=112924"}],"version-history":[{"count":1,"href":"https:\/\/shiawaves.com\/turkish\/wp-json\/wp\/v2\/posts\/112924\/revisions"}],"predecessor-version":[{"id":112926,"href":"https:\/\/shiawaves.com\/turkish\/wp-json\/wp\/v2\/posts\/112924\/revisions\/112926"}],"wp:featuredmedia":[{"embeddable":true,"href":"https:\/\/shiawaves.com\/turkish\/wp-json\/wp\/v2\/media\/112925"}],"wp:attachment":[{"href":"https:\/\/shiawaves.com\/turkish\/wp-json\/wp\/v2\/media?parent=112924"}],"wp:term":[{"taxonomy":"category","embeddable":true,"href":"https:\/\/shiawaves.com\/turkish\/wp-json\/wp\/v2\/categories?post=112924"},{"taxonomy":"post_tag","embeddable":true,"href":"https:\/\/shiawaves.com\/turkish\/wp-json\/wp\/v2\/tags?post=112924"}],"curies":[{"name":"wp","href":"https:\/\/api.w.org\/{rel}","templated":true}]}}