{"id":112230,"date":"2025-02-26T19:00:00","date_gmt":"2025-02-26T16:00:00","guid":{"rendered":"https:\/\/shiawaves.com\/turkish\/?p=112230"},"modified":"2025-02-26T14:58:59","modified_gmt":"2025-02-26T11:58:59","slug":"almanyada-asiri-sagin-yukselisini-engellemek-icin-camilerin-cabalari","status":"publish","type":"post","link":"https:\/\/shiawaves.com\/turkish\/2025\/02\/26\/almanyada-asiri-sagin-yukselisini-engellemek-icin-camilerin-cabalari\/","title":{"rendered":"Almanya&#8217;da A\u015f\u0131r\u0131 Sa\u011f\u0131n Y\u00fckseli\u015fini Engellemek \u0130\u00e7in Camilerin \u00c7abalar\u0131"},"content":{"rendered":"\n<p>Almanya&#8217;da se\u00e7imler yakla\u015f\u0131rken M\u00fcsl\u00fcmanlar, g\u00f6\u00e7 konusunu siyasi kampanyalar\u0131n\u0131n odak noktas\u0131 haline getiren a\u015f\u0131r\u0131 sa\u011f\u0131n iktidara y\u00fckseli\u015finin sonu\u00e7lar\u0131 konusunda giderek daha fazla endi\u015fe duyuyor.<\/p>\n\n\n\n<p>Almanya&#8217;da se\u00e7imler yakla\u015f\u0131rken a\u015f\u0131r\u0131 sa\u011f\u0131n y\u00fckseli\u015finden endi\u015fe eden M\u00fcsl\u00fcmanlar, camileri, M\u00fcsl\u00fcmanlar\u0131n dini haklar\u0131n\u0131 koruyabilmeleri i\u00e7in oy kullanmalar\u0131 ve se\u00e7imlere kat\u0131lmalar\u0131 y\u00f6n\u00fcnde te\u015fvik merkezleri haline getirdi.<\/p>\n\n\n\n<figure class=\"wp-block-image size-large\"><img loading=\"lazy\" decoding=\"async\" width=\"1024\" height=\"578\" src=\"https:\/\/shiawaves.com\/turkish\/wp-content\/uploads\/sites\/6\/2025\/02\/image-271-1024x578.png\" alt=\"\" class=\"wp-image-112231\" srcset=\"https:\/\/shiawaves.com\/turkish\/wp-content\/uploads\/sites\/6\/2025\/02\/image-271-1024x578.png 1024w, https:\/\/shiawaves.com\/turkish\/wp-content\/uploads\/sites\/6\/2025\/02\/image-271-300x169.png 300w, https:\/\/shiawaves.com\/turkish\/wp-content\/uploads\/sites\/6\/2025\/02\/image-271-768x433.png 768w, https:\/\/shiawaves.com\/turkish\/wp-content\/uploads\/sites\/6\/2025\/02\/image-271-390x220.png 390w, https:\/\/shiawaves.com\/turkish\/wp-content\/uploads\/sites\/6\/2025\/02\/image-271.png 1280w\" sizes=\"auto, (max-width: 1024px) 100vw, 1024px\" \/><\/figure>\n\n\n\n<p>M\u00fcsl\u00fcmanlar\u0131n, be\u015f milyonu a\u015fan n\u00fcfusuyla, Hristiyanlardan sonra Almanya&#8217;daki ikinci b\u00fcy\u00fck dini grup oldu\u011funu ve bu nedenle siyaset sahnesini etkileyebilecek bir se\u00e7im g\u00fcc\u00fc oldu\u011funu belirtmekte fayda var.<\/p>\n\n\n\n<p><\/p>\n","protected":false},"excerpt":{"rendered":"<p>Almanya&#8217;da se\u00e7imler yakla\u015f\u0131rken M\u00fcsl\u00fcmanlar, g\u00f6\u00e7 konusunu siyasi kampanyalar\u0131n\u0131n odak noktas\u0131 haline getiren a\u015f\u0131r\u0131 sa\u011f\u0131n iktidara y\u00fckseli\u015finin sonu\u00e7lar\u0131 konusunda giderek daha fazla endi\u015fe duyuyor. Almanya&#8217;da se\u00e7imler yakla\u015f\u0131rken a\u015f\u0131r\u0131 sa\u011f\u0131n y\u00fckseli\u015finden endi\u015fe eden M\u00fcsl\u00fcmanlar, camileri, M\u00fcsl\u00fcmanlar\u0131n dini haklar\u0131n\u0131 koruyabilmeleri i\u00e7in oy kullanmalar\u0131 ve se\u00e7imlere kat\u0131lmalar\u0131 y\u00f6n\u00fcnde te\u015fvik merkezleri haline getirdi. M\u00fcsl\u00fcmanlar\u0131n, be\u015f milyonu a\u015fan n\u00fcfusuyla, Hristiyanlardan sonra &hellip;<\/p>\n","protected":false},"author":1,"featured_media":112231,"comment_status":"open","ping_status":"open","sticky":false,"template":"","format":"standard","meta":{"rop_custom_images_group":[],"rop_custom_messages_group":[],"rop_publish_now":"initial","rop_publish_now_accounts":[],"rop_publish_now_history":[],"rop_publish_now_status":"pending","footnotes":""},"categories":[71],"tags":[2438],"class_list":["post-112230","post","type-post","status-publish","format-standard","has-post-thumbnail","hentry","category-germany","tag-almanyada-asiri-sagin-yukselisini-engellemek-icin-camilerin-cabalari"],"_wp_page_template":null,"_wp_attached_file":null,"_wp_attachment_metadata":null,"_edit_lock":"1740571140:1","yoast_head":"<!-- This site is optimized with the Yoast SEO plugin v24.3 - https:\/\/yoast.com\/wordpress\/plugins\/seo\/ -->\n<title>Almanya&#039;da A\u015f\u0131r\u0131 Sa\u011f\u0131n Y\u00fckseli\u015fini Engellemek \u0130\u00e7in Camilerin \u00c7abalar\u0131 - ShiaWaves Turkish - \u015eia Haberleri<\/title>\n<meta name=\"description\" content=\"Almanya&#039;da A\u015f\u0131r\u0131 Sa\u011f\u0131n Y\u00fckseli\u015fini Engellemek \u0130\u00e7in Camilerin \u00c7abalar\u0131\" \/>\n<meta name=\"robots\" content=\"index, follow, max-snippet:-1, max-image-preview:large, max-video-preview:-1\" \/>\n<link rel=\"canonical\" href=\"https:\/\/shiawaves.com\/turkish\/2025\/02\/26\/almanyada-asiri-sagin-yukselisini-engellemek-icin-camilerin-cabalari\/\" \/>\n<meta property=\"og:locale\" content=\"tr_TR\" \/>\n<meta property=\"og:type\" content=\"article\" \/>\n<meta property=\"og:title\" content=\"Almanya&#039;da A\u015f\u0131r\u0131 Sa\u011f\u0131n Y\u00fckseli\u015fini Engellemek \u0130\u00e7in Camilerin \u00c7abalar\u0131 - ShiaWaves Turkish - \u015eia Haberleri\" \/>\n<meta property=\"og:description\" content=\"Almanya&#039;da A\u015f\u0131r\u0131 Sa\u011f\u0131n Y\u00fckseli\u015fini Engellemek \u0130\u00e7in Camilerin \u00c7abalar\u0131\" \/>\n<meta property=\"og:url\" content=\"https:\/\/shiawaves.com\/turkish\/2025\/02\/26\/almanyada-asiri-sagin-yukselisini-engellemek-icin-camilerin-cabalari\/\" \/>\n<meta property=\"og:site_name\" content=\"ShiaWaves Turkish - \u015eia Haberleri\" \/>\n<meta property=\"article:published_time\" content=\"2025-02-26T16:00:00+00:00\" \/>\n<meta property=\"article:modified_time\" content=\"2025-02-26T11:58:59+00:00\" \/>\n<meta property=\"og:image\" content=\"https:\/\/shiawaves.com\/turkish\/wp-content\/uploads\/sites\/6\/2025\/02\/image-271-1024x578.png\" \/>\n\t<meta property=\"og:image:width\" content=\"1024\" \/>\n\t<meta property=\"og:image:height\" content=\"578\" \/>\n\t<meta property=\"og:image:type\" content=\"image\/png\" \/>\n<meta name=\"author\" content=\"modir\" \/>\n<meta name=\"twitter:card\" content=\"summary_large_image\" \/>\n<meta name=\"twitter:label1\" content=\"Yazan:\" \/>\n\t<meta name=\"twitter:data1\" content=\"modir\" \/>\n\t<meta name=\"twitter:label2\" content=\"Tahmini okuma s\u00fcresi\" \/>\n\t<meta name=\"twitter:data2\" content=\"1 dakika\" \/>\n<script type=\"application\/ld+json\" class=\"yoast-schema-graph\">{\"@context\":\"https:\/\/schema.org\",\"@graph\":[{\"@type\":\"WebPage\",\"@id\":\"https:\/\/shiawaves.com\/turkish\/2025\/02\/26\/almanyada-asiri-sagin-yukselisini-engellemek-icin-camilerin-cabalari\/\",\"url\":\"https:\/\/shiawaves.com\/turkish\/2025\/02\/26\/almanyada-asiri-sagin-yukselisini-engellemek-icin-camilerin-cabalari\/\",\"name\":\"Almanya'da A\u015f\u0131r\u0131 Sa\u011f\u0131n Y\u00fckseli\u015fini Engellemek \u0130\u00e7in Camilerin \u00c7abalar\u0131 - ShiaWaves Turkish - \u015eia Haberleri\",\"isPartOf\":{\"@id\":\"https:\/\/shiawaves.com\/turkish\/#website\"},\"primaryImageOfPage\":{\"@id\":\"https:\/\/shiawaves.com\/turkish\/2025\/02\/26\/almanyada-asiri-sagin-yukselisini-engellemek-icin-camilerin-cabalari\/#primaryimage\"},\"image\":{\"@id\":\"https:\/\/shiawaves.com\/turkish\/2025\/02\/26\/almanyada-asiri-sagin-yukselisini-engellemek-icin-camilerin-cabalari\/#primaryimage\"},\"thumbnailUrl\":\"https:\/\/shiawaves.com\/turkish\/wp-content\/uploads\/sites\/6\/2025\/02\/image-271.png\",\"datePublished\":\"2025-02-26T16:00:00+00:00\",\"dateModified\":\"2025-02-26T11:58:59+00:00\",\"author\":{\"@id\":\"https:\/\/shiawaves.com\/turkish\/#\/schema\/person\/9f68d5023e948086b9348fba5aebd954\"},\"description\":\"Almanya'da A\u015f\u0131r\u0131 Sa\u011f\u0131n Y\u00fckseli\u015fini Engellemek \u0130\u00e7in Camilerin \u00c7abalar\u0131\",\"breadcrumb\":{\"@id\":\"https:\/\/shiawaves.com\/turkish\/2025\/02\/26\/almanyada-asiri-sagin-yukselisini-engellemek-icin-camilerin-cabalari\/#breadcrumb\"},\"inLanguage\":\"tr\",\"potentialAction\":[{\"@type\":\"ReadAction\",\"target\":[\"https:\/\/shiawaves.com\/turkish\/2025\/02\/26\/almanyada-asiri-sagin-yukselisini-engellemek-icin-camilerin-cabalari\/\"]}]},{\"@type\":\"ImageObject\",\"inLanguage\":\"tr\",\"@id\":\"https:\/\/shiawaves.com\/turkish\/2025\/02\/26\/almanyada-asiri-sagin-yukselisini-engellemek-icin-camilerin-cabalari\/#primaryimage\",\"url\":\"https:\/\/shiawaves.com\/turkish\/wp-content\/uploads\/sites\/6\/2025\/02\/image-271.png\",\"contentUrl\":\"https:\/\/shiawaves.com\/turkish\/wp-content\/uploads\/sites\/6\/2025\/02\/image-271.png\",\"width\":1280,\"height\":722,\"caption\":\"Almanya'da A\u015f\u0131r\u0131 Sa\u011f\u0131n Y\u00fckseli\u015fini Engellemek \u0130\u00e7in Camilerin \u00c7abalar\u0131\"},{\"@type\":\"BreadcrumbList\",\"@id\":\"https:\/\/shiawaves.com\/turkish\/2025\/02\/26\/almanyada-asiri-sagin-yukselisini-engellemek-icin-camilerin-cabalari\/#breadcrumb\",\"itemListElement\":[{\"@type\":\"ListItem\",\"position\":1,\"name\":\"Home\",\"item\":\"https:\/\/shiawaves.com\/turkish\/\"},{\"@type\":\"ListItem\",\"position\":2,\"name\":\"Almanya&#8217;da A\u015f\u0131r\u0131 Sa\u011f\u0131n Y\u00fckseli\u015fini Engellemek \u0130\u00e7in Camilerin \u00c7abalar\u0131\"}]},{\"@type\":\"WebSite\",\"@id\":\"https:\/\/shiawaves.com\/turkish\/#website\",\"url\":\"https:\/\/shiawaves.com\/turkish\/\",\"name\":\"ShiaWaves Turkish - \u015eia Haberleri\",\"description\":\"\",\"potentialAction\":[{\"@type\":\"SearchAction\",\"target\":{\"@type\":\"EntryPoint\",\"urlTemplate\":\"https:\/\/shiawaves.com\/turkish\/?s={search_term_string}\"},\"query-input\":{\"@type\":\"PropertyValueSpecification\",\"valueRequired\":true,\"valueName\":\"search_term_string\"}}],\"inLanguage\":\"tr\"},{\"@type\":\"Person\",\"@id\":\"https:\/\/shiawaves.com\/turkish\/#\/schema\/person\/9f68d5023e948086b9348fba5aebd954\",\"name\":\"modir\",\"image\":{\"@type\":\"ImageObject\",\"inLanguage\":\"tr\",\"@id\":\"https:\/\/shiawaves.com\/turkish\/#\/schema\/person\/image\/\",\"url\":\"https:\/\/secure.gravatar.com\/avatar\/8e76f93cdbdd480bd8918d1e0e1d938664c9cb1516c2a57a2b96fe50b507a6b9?s=96&d=mm&r=g\",\"contentUrl\":\"https:\/\/secure.gravatar.com\/avatar\/8e76f93cdbdd480bd8918d1e0e1d938664c9cb1516c2a57a2b96fe50b507a6b9?s=96&d=mm&r=g\",\"caption\":\"modir\"},\"sameAs\":[\"https:\/\/shiawaves.com\"],\"url\":\"https:\/\/shiawaves.com\/turkish\/author\/modir\/\"}]}<\/script>\n<!-- \/ Yoast SEO plugin. -->","yoast_head_json":{"title":"Almanya'da A\u015f\u0131r\u0131 Sa\u011f\u0131n Y\u00fckseli\u015fini Engellemek \u0130\u00e7in Camilerin \u00c7abalar\u0131 - ShiaWaves Turkish - \u015eia Haberleri","description":"Almanya'da A\u015f\u0131r\u0131 Sa\u011f\u0131n Y\u00fckseli\u015fini Engellemek \u0130\u00e7in Camilerin \u00c7abalar\u0131","robots":{"index":"index","follow":"follow","max-snippet":"max-snippet:-1","max-image-preview":"max-image-preview:large","max-video-preview":"max-video-preview:-1"},"canonical":"https:\/\/shiawaves.com\/turkish\/2025\/02\/26\/almanyada-asiri-sagin-yukselisini-engellemek-icin-camilerin-cabalari\/","og_locale":"tr_TR","og_type":"article","og_title":"Almanya'da A\u015f\u0131r\u0131 Sa\u011f\u0131n Y\u00fckseli\u015fini Engellemek \u0130\u00e7in Camilerin \u00c7abalar\u0131 - ShiaWaves Turkish - \u015eia Haberleri","og_description":"Almanya'da A\u015f\u0131r\u0131 Sa\u011f\u0131n Y\u00fckseli\u015fini Engellemek \u0130\u00e7in Camilerin \u00c7abalar\u0131","og_url":"https:\/\/shiawaves.com\/turkish\/2025\/02\/26\/almanyada-asiri-sagin-yukselisini-engellemek-icin-camilerin-cabalari\/","og_site_name":"ShiaWaves Turkish - \u015eia Haberleri","article_published_time":"2025-02-26T16:00:00+00:00","article_modified_time":"2025-02-26T11:58:59+00:00","og_image":[{"width":1024,"height":578,"url":"https:\/\/shiawaves.com\/turkish\/wp-content\/uploads\/sites\/6\/2025\/02\/image-271-1024x578.png","type":"image\/png"}],"author":"modir","twitter_card":"summary_large_image","twitter_misc":{"Yazan:":"modir","Tahmini okuma s\u00fcresi":"1 dakika"},"schema":{"@context":"https:\/\/schema.org","@graph":[{"@type":"WebPage","@id":"https:\/\/shiawaves.com\/turkish\/2025\/02\/26\/almanyada-asiri-sagin-yukselisini-engellemek-icin-camilerin-cabalari\/","url":"https:\/\/shiawaves.com\/turkish\/2025\/02\/26\/almanyada-asiri-sagin-yukselisini-engellemek-icin-camilerin-cabalari\/","name":"Almanya'da A\u015f\u0131r\u0131 Sa\u011f\u0131n Y\u00fckseli\u015fini Engellemek \u0130\u00e7in Camilerin \u00c7abalar\u0131 - ShiaWaves Turkish - \u015eia Haberleri","isPartOf":{"@id":"https:\/\/shiawaves.com\/turkish\/#website"},"primaryImageOfPage":{"@id":"https:\/\/shiawaves.com\/turkish\/2025\/02\/26\/almanyada-asiri-sagin-yukselisini-engellemek-icin-camilerin-cabalari\/#primaryimage"},"image":{"@id":"https:\/\/shiawaves.com\/turkish\/2025\/02\/26\/almanyada-asiri-sagin-yukselisini-engellemek-icin-camilerin-cabalari\/#primaryimage"},"thumbnailUrl":"https:\/\/shiawaves.com\/turkish\/wp-content\/uploads\/sites\/6\/2025\/02\/image-271.png","datePublished":"2025-02-26T16:00:00+00:00","dateModified":"2025-02-26T11:58:59+00:00","author":{"@id":"https:\/\/shiawaves.com\/turkish\/#\/schema\/person\/9f68d5023e948086b9348fba5aebd954"},"description":"Almanya'da A\u015f\u0131r\u0131 Sa\u011f\u0131n Y\u00fckseli\u015fini Engellemek \u0130\u00e7in Camilerin \u00c7abalar\u0131","breadcrumb":{"@id":"https:\/\/shiawaves.com\/turkish\/2025\/02\/26\/almanyada-asiri-sagin-yukselisini-engellemek-icin-camilerin-cabalari\/#breadcrumb"},"inLanguage":"tr","potentialAction":[{"@type":"ReadAction","target":["https:\/\/shiawaves.com\/turkish\/2025\/02\/26\/almanyada-asiri-sagin-yukselisini-engellemek-icin-camilerin-cabalari\/"]}]},{"@type":"ImageObject","inLanguage":"tr","@id":"https:\/\/shiawaves.com\/turkish\/2025\/02\/26\/almanyada-asiri-sagin-yukselisini-engellemek-icin-camilerin-cabalari\/#primaryimage","url":"https:\/\/shiawaves.com\/turkish\/wp-content\/uploads\/sites\/6\/2025\/02\/image-271.png","contentUrl":"https:\/\/shiawaves.com\/turkish\/wp-content\/uploads\/sites\/6\/2025\/02\/image-271.png","width":1280,"height":722,"caption":"Almanya'da A\u015f\u0131r\u0131 Sa\u011f\u0131n Y\u00fckseli\u015fini Engellemek \u0130\u00e7in Camilerin \u00c7abalar\u0131"},{"@type":"BreadcrumbList","@id":"https:\/\/shiawaves.com\/turkish\/2025\/02\/26\/almanyada-asiri-sagin-yukselisini-engellemek-icin-camilerin-cabalari\/#breadcrumb","itemListElement":[{"@type":"ListItem","position":1,"name":"Home","item":"https:\/\/shiawaves.com\/turkish\/"},{"@type":"ListItem","position":2,"name":"Almanya&#8217;da A\u015f\u0131r\u0131 Sa\u011f\u0131n Y\u00fckseli\u015fini Engellemek \u0130\u00e7in Camilerin \u00c7abalar\u0131"}]},{"@type":"WebSite","@id":"https:\/\/shiawaves.com\/turkish\/#website","url":"https:\/\/shiawaves.com\/turkish\/","name":"ShiaWaves Turkish - \u015eia Haberleri","description":"","potentialAction":[{"@type":"SearchAction","target":{"@type":"EntryPoint","urlTemplate":"https:\/\/shiawaves.com\/turkish\/?s={search_term_string}"},"query-input":{"@type":"PropertyValueSpecification","valueRequired":true,"valueName":"search_term_string"}}],"inLanguage":"tr"},{"@type":"Person","@id":"https:\/\/shiawaves.com\/turkish\/#\/schema\/person\/9f68d5023e948086b9348fba5aebd954","name":"modir","image":{"@type":"ImageObject","inLanguage":"tr","@id":"https:\/\/shiawaves.com\/turkish\/#\/schema\/person\/image\/","url":"https:\/\/secure.gravatar.com\/avatar\/8e76f93cdbdd480bd8918d1e0e1d938664c9cb1516c2a57a2b96fe50b507a6b9?s=96&d=mm&r=g","contentUrl":"https:\/\/secure.gravatar.com\/avatar\/8e76f93cdbdd480bd8918d1e0e1d938664c9cb1516c2a57a2b96fe50b507a6b9?s=96&d=mm&r=g","caption":"modir"},"sameAs":["https:\/\/shiawaves.com"],"url":"https:\/\/shiawaves.com\/turkish\/author\/modir\/"}]}},"_links":{"self":[{"href":"https:\/\/shiawaves.com\/turkish\/wp-json\/wp\/v2\/posts\/112230","targetHints":{"allow":["GET"]}}],"collection":[{"href":"https:\/\/shiawaves.com\/turkish\/wp-json\/wp\/v2\/posts"}],"about":[{"href":"https:\/\/shiawaves.com\/turkish\/wp-json\/wp\/v2\/types\/post"}],"author":[{"embeddable":true,"href":"https:\/\/shiawaves.com\/turkish\/wp-json\/wp\/v2\/users\/1"}],"replies":[{"embeddable":true,"href":"https:\/\/shiawaves.com\/turkish\/wp-json\/wp\/v2\/comments?post=112230"}],"version-history":[{"count":1,"href":"https:\/\/shiawaves.com\/turkish\/wp-json\/wp\/v2\/posts\/112230\/revisions"}],"predecessor-version":[{"id":112232,"href":"https:\/\/shiawaves.com\/turkish\/wp-json\/wp\/v2\/posts\/112230\/revisions\/112232"}],"wp:featuredmedia":[{"embeddable":true,"href":"https:\/\/shiawaves.com\/turkish\/wp-json\/wp\/v2\/media\/112231"}],"wp:attachment":[{"href":"https:\/\/shiawaves.com\/turkish\/wp-json\/wp\/v2\/media?parent=112230"}],"wp:term":[{"taxonomy":"category","embeddable":true,"href":"https:\/\/shiawaves.com\/turkish\/wp-json\/wp\/v2\/categories?post=112230"},{"taxonomy":"post_tag","embeddable":true,"href":"https:\/\/shiawaves.com\/turkish\/wp-json\/wp\/v2\/tags?post=112230"}],"curies":[{"name":"wp","href":"https:\/\/api.w.org\/{rel}","templated":true}]}}