{"id":112077,"date":"2025-02-23T12:30:00","date_gmt":"2025-02-23T09:30:00","guid":{"rendered":"https:\/\/shiawaves.com\/turkish\/?p=112077"},"modified":"2025-02-23T12:05:56","modified_gmt":"2025-02-23T09:05:56","slug":"kaliforniyali-muslumanlarin-cami-yangininin-ardindan-ramazan-ayini-gecirme-azimleri","status":"publish","type":"post","link":"https:\/\/shiawaves.com\/turkish\/2025\/02\/23\/kaliforniyali-muslumanlarin-cami-yangininin-ardindan-ramazan-ayini-gecirme-azimleri\/","title":{"rendered":"Kaliforniyal\u0131 M\u00fcsl\u00fcmanlar\u0131n Cami Yang\u0131n\u0131n\u0131n Ard\u0131ndan Ramazan Ay\u0131n\u0131 Ge\u00e7irme Azimleri"},"content":{"rendered":"\n<p>Los Angeles b\u00f6lgesindeki en \u00f6l\u00fcmc\u00fcl yang\u0131nlardan birinde, k\u0131rk y\u0131ldan uzun s\u00fcredir M\u00fcsl\u00fcman cemaate ev sahipli\u011fi yapan Altadena&#8217;daki El-Takva Camisi yok oldu.<\/p>\n\n\n\n<p>Ramazan ay\u0131 yakla\u015f\u0131rken, bir\u00e7o\u011fu evlerini de kaybeden cami cemaati, namaz k\u0131lmak ve oru\u00e7lar\u0131n\u0131 a\u00e7mak i\u00e7in yer ar\u0131yor.<\/p>\n\n\n\n<figure class=\"wp-block-image size-full is-resized\"><img loading=\"lazy\" decoding=\"async\" width=\"768\" height=\"514\" src=\"https:\/\/shiawaves.com\/turkish\/wp-content\/uploads\/sites\/6\/2025\/02\/image-230.png\" alt=\"\" class=\"wp-image-112078\" style=\"width:840px;height:auto\" srcset=\"https:\/\/shiawaves.com\/turkish\/wp-content\/uploads\/sites\/6\/2025\/02\/image-230.png 768w, https:\/\/shiawaves.com\/turkish\/wp-content\/uploads\/sites\/6\/2025\/02\/image-230-300x201.png 300w\" sizes=\"auto, (max-width: 768px) 100vw, 768px\" \/><\/figure>\n\n\n\n<p>Baz\u0131 geceler bir \u0130slami okulda a\u011f\u0131rlanacaklar\u0131n\u0131 duyuran cemaat, bu haberi &#8220;Elhamd\u00fclillah&#8221; diyerek kar\u015f\u0131lad\u0131. Caminin kayb\u0131na ra\u011fmen, bu M\u00fcsl\u00fcmanlar bu m\u00fcbarek ayda birbirlerine olan dayan\u0131\u015fma ve deste\u011fin devam etti\u011fini vurguluyor ve bu camiyi yeniden in\u015fa etme konusunda kararl\u0131lar.<\/p>\n","protected":false},"excerpt":{"rendered":"<p>Los Angeles b\u00f6lgesindeki en \u00f6l\u00fcmc\u00fcl yang\u0131nlardan birinde, k\u0131rk y\u0131ldan uzun s\u00fcredir M\u00fcsl\u00fcman cemaate ev sahipli\u011fi yapan Altadena&#8217;daki El-Takva Camisi yok oldu. Ramazan ay\u0131 yakla\u015f\u0131rken, bir\u00e7o\u011fu evlerini de kaybeden cami cemaati, namaz k\u0131lmak ve oru\u00e7lar\u0131n\u0131 a\u00e7mak i\u00e7in yer ar\u0131yor. Baz\u0131 geceler bir \u0130slami okulda a\u011f\u0131rlanacaklar\u0131n\u0131 duyuran cemaat, bu haberi &#8220;Elhamd\u00fclillah&#8221; diyerek kar\u015f\u0131lad\u0131. Caminin kayb\u0131na ra\u011fmen, bu &hellip;<\/p>\n","protected":false},"author":1,"featured_media":112078,"comment_status":"open","ping_status":"open","sticky":false,"template":"","format":"standard","meta":{"rop_custom_images_group":[],"rop_custom_messages_group":[],"rop_publish_now":"initial","rop_publish_now_accounts":[],"rop_publish_now_history":[],"rop_publish_now_status":"pending","footnotes":""},"categories":[21,6],"tags":[2385],"class_list":["post-112077","post","type-post","status-publish","format-standard","has-post-thumbnail","hentry","category-america","category-islam","tag-kaliforniyali-muslumanlarin-cami-yangininin-ardindan-ramazan-ayini-gecirme-azimleri"],"_wp_page_template":null,"_wp_attached_file":null,"_wp_attachment_metadata":null,"_edit_lock":"1740301556:1","yoast_head":"<!-- This site is optimized with the Yoast SEO plugin v24.3 - https:\/\/yoast.com\/wordpress\/plugins\/seo\/ -->\n<title>Kaliforniyal\u0131 M\u00fcsl\u00fcmanlar\u0131n Cami Yang\u0131n\u0131n\u0131n Ard\u0131ndan Ramazan Ay\u0131n\u0131 Ge\u00e7irme Azimleri - ShiaWaves Turkish - \u015eia Haberleri<\/title>\n<meta name=\"description\" content=\"Kaliforniyal\u0131 M\u00fcsl\u00fcmanlar\u0131n Cami Yang\u0131n\u0131n\u0131n Ard\u0131ndan Ramazan Ay\u0131n\u0131 Ge\u00e7irme Azimleri\" \/>\n<meta name=\"robots\" content=\"index, follow, max-snippet:-1, max-image-preview:large, max-video-preview:-1\" \/>\n<link rel=\"canonical\" href=\"https:\/\/shiawaves.com\/turkish\/2025\/02\/23\/kaliforniyali-muslumanlarin-cami-yangininin-ardindan-ramazan-ayini-gecirme-azimleri\/\" \/>\n<meta property=\"og:locale\" content=\"tr_TR\" \/>\n<meta property=\"og:type\" content=\"article\" \/>\n<meta property=\"og:title\" content=\"Kaliforniyal\u0131 M\u00fcsl\u00fcmanlar\u0131n Cami Yang\u0131n\u0131n\u0131n Ard\u0131ndan Ramazan Ay\u0131n\u0131 Ge\u00e7irme Azimleri - ShiaWaves Turkish - \u015eia Haberleri\" \/>\n<meta property=\"og:description\" content=\"Kaliforniyal\u0131 M\u00fcsl\u00fcmanlar\u0131n Cami Yang\u0131n\u0131n\u0131n Ard\u0131ndan Ramazan Ay\u0131n\u0131 Ge\u00e7irme Azimleri\" \/>\n<meta property=\"og:url\" content=\"https:\/\/shiawaves.com\/turkish\/2025\/02\/23\/kaliforniyali-muslumanlarin-cami-yangininin-ardindan-ramazan-ayini-gecirme-azimleri\/\" \/>\n<meta property=\"og:site_name\" content=\"ShiaWaves Turkish - \u015eia Haberleri\" \/>\n<meta property=\"article:published_time\" content=\"2025-02-23T09:30:00+00:00\" \/>\n<meta property=\"article:modified_time\" content=\"2025-02-23T09:05:56+00:00\" \/>\n<meta property=\"og:image\" content=\"https:\/\/shiawaves.com\/turkish\/wp-content\/uploads\/sites\/6\/2025\/02\/image-230.png\" \/>\n\t<meta property=\"og:image:width\" content=\"768\" \/>\n\t<meta property=\"og:image:height\" content=\"514\" \/>\n\t<meta property=\"og:image:type\" content=\"image\/png\" \/>\n<meta name=\"author\" content=\"modir\" \/>\n<meta name=\"twitter:card\" content=\"summary_large_image\" \/>\n<meta name=\"twitter:label1\" content=\"Yazan:\" \/>\n\t<meta name=\"twitter:data1\" content=\"modir\" \/>\n\t<meta name=\"twitter:label2\" content=\"Tahmini okuma s\u00fcresi\" \/>\n\t<meta name=\"twitter:data2\" content=\"1 dakika\" \/>\n<script type=\"application\/ld+json\" class=\"yoast-schema-graph\">{\"@context\":\"https:\/\/schema.org\",\"@graph\":[{\"@type\":\"WebPage\",\"@id\":\"https:\/\/shiawaves.com\/turkish\/2025\/02\/23\/kaliforniyali-muslumanlarin-cami-yangininin-ardindan-ramazan-ayini-gecirme-azimleri\/\",\"url\":\"https:\/\/shiawaves.com\/turkish\/2025\/02\/23\/kaliforniyali-muslumanlarin-cami-yangininin-ardindan-ramazan-ayini-gecirme-azimleri\/\",\"name\":\"Kaliforniyal\u0131 M\u00fcsl\u00fcmanlar\u0131n Cami Yang\u0131n\u0131n\u0131n Ard\u0131ndan Ramazan Ay\u0131n\u0131 Ge\u00e7irme Azimleri - ShiaWaves Turkish - \u015eia Haberleri\",\"isPartOf\":{\"@id\":\"https:\/\/shiawaves.com\/turkish\/#website\"},\"primaryImageOfPage\":{\"@id\":\"https:\/\/shiawaves.com\/turkish\/2025\/02\/23\/kaliforniyali-muslumanlarin-cami-yangininin-ardindan-ramazan-ayini-gecirme-azimleri\/#primaryimage\"},\"image\":{\"@id\":\"https:\/\/shiawaves.com\/turkish\/2025\/02\/23\/kaliforniyali-muslumanlarin-cami-yangininin-ardindan-ramazan-ayini-gecirme-azimleri\/#primaryimage\"},\"thumbnailUrl\":\"https:\/\/shiawaves.com\/turkish\/wp-content\/uploads\/sites\/6\/2025\/02\/image-230.png\",\"datePublished\":\"2025-02-23T09:30:00+00:00\",\"dateModified\":\"2025-02-23T09:05:56+00:00\",\"author\":{\"@id\":\"https:\/\/shiawaves.com\/turkish\/#\/schema\/person\/9f68d5023e948086b9348fba5aebd954\"},\"description\":\"Kaliforniyal\u0131 M\u00fcsl\u00fcmanlar\u0131n Cami Yang\u0131n\u0131n\u0131n Ard\u0131ndan Ramazan Ay\u0131n\u0131 Ge\u00e7irme Azimleri\",\"breadcrumb\":{\"@id\":\"https:\/\/shiawaves.com\/turkish\/2025\/02\/23\/kaliforniyali-muslumanlarin-cami-yangininin-ardindan-ramazan-ayini-gecirme-azimleri\/#breadcrumb\"},\"inLanguage\":\"tr\",\"potentialAction\":[{\"@type\":\"ReadAction\",\"target\":[\"https:\/\/shiawaves.com\/turkish\/2025\/02\/23\/kaliforniyali-muslumanlarin-cami-yangininin-ardindan-ramazan-ayini-gecirme-azimleri\/\"]}]},{\"@type\":\"ImageObject\",\"inLanguage\":\"tr\",\"@id\":\"https:\/\/shiawaves.com\/turkish\/2025\/02\/23\/kaliforniyali-muslumanlarin-cami-yangininin-ardindan-ramazan-ayini-gecirme-azimleri\/#primaryimage\",\"url\":\"https:\/\/shiawaves.com\/turkish\/wp-content\/uploads\/sites\/6\/2025\/02\/image-230.png\",\"contentUrl\":\"https:\/\/shiawaves.com\/turkish\/wp-content\/uploads\/sites\/6\/2025\/02\/image-230.png\",\"width\":768,\"height\":514,\"caption\":\"Kaliforniyal\u0131 M\u00fcsl\u00fcmanlar\u0131n Cami Yang\u0131n\u0131n\u0131n Ard\u0131ndan Ramazan Ay\u0131n\u0131 Ge\u00e7irme Azimleri\"},{\"@type\":\"BreadcrumbList\",\"@id\":\"https:\/\/shiawaves.com\/turkish\/2025\/02\/23\/kaliforniyali-muslumanlarin-cami-yangininin-ardindan-ramazan-ayini-gecirme-azimleri\/#breadcrumb\",\"itemListElement\":[{\"@type\":\"ListItem\",\"position\":1,\"name\":\"Home\",\"item\":\"https:\/\/shiawaves.com\/turkish\/\"},{\"@type\":\"ListItem\",\"position\":2,\"name\":\"Kaliforniyal\u0131 M\u00fcsl\u00fcmanlar\u0131n Cami Yang\u0131n\u0131n\u0131n Ard\u0131ndan Ramazan Ay\u0131n\u0131 Ge\u00e7irme Azimleri\"}]},{\"@type\":\"WebSite\",\"@id\":\"https:\/\/shiawaves.com\/turkish\/#website\",\"url\":\"https:\/\/shiawaves.com\/turkish\/\",\"name\":\"ShiaWaves Turkish - \u015eia Haberleri\",\"description\":\"\",\"potentialAction\":[{\"@type\":\"SearchAction\",\"target\":{\"@type\":\"EntryPoint\",\"urlTemplate\":\"https:\/\/shiawaves.com\/turkish\/?s={search_term_string}\"},\"query-input\":{\"@type\":\"PropertyValueSpecification\",\"valueRequired\":true,\"valueName\":\"search_term_string\"}}],\"inLanguage\":\"tr\"},{\"@type\":\"Person\",\"@id\":\"https:\/\/shiawaves.com\/turkish\/#\/schema\/person\/9f68d5023e948086b9348fba5aebd954\",\"name\":\"modir\",\"image\":{\"@type\":\"ImageObject\",\"inLanguage\":\"tr\",\"@id\":\"https:\/\/shiawaves.com\/turkish\/#\/schema\/person\/image\/\",\"url\":\"https:\/\/secure.gravatar.com\/avatar\/8e76f93cdbdd480bd8918d1e0e1d938664c9cb1516c2a57a2b96fe50b507a6b9?s=96&d=mm&r=g\",\"contentUrl\":\"https:\/\/secure.gravatar.com\/avatar\/8e76f93cdbdd480bd8918d1e0e1d938664c9cb1516c2a57a2b96fe50b507a6b9?s=96&d=mm&r=g\",\"caption\":\"modir\"},\"sameAs\":[\"https:\/\/shiawaves.com\"],\"url\":\"https:\/\/shiawaves.com\/turkish\/author\/modir\/\"}]}<\/script>\n<!-- \/ Yoast SEO plugin. -->","yoast_head_json":{"title":"Kaliforniyal\u0131 M\u00fcsl\u00fcmanlar\u0131n Cami Yang\u0131n\u0131n\u0131n Ard\u0131ndan Ramazan Ay\u0131n\u0131 Ge\u00e7irme Azimleri - ShiaWaves Turkish - \u015eia Haberleri","description":"Kaliforniyal\u0131 M\u00fcsl\u00fcmanlar\u0131n Cami Yang\u0131n\u0131n\u0131n Ard\u0131ndan Ramazan Ay\u0131n\u0131 Ge\u00e7irme Azimleri","robots":{"index":"index","follow":"follow","max-snippet":"max-snippet:-1","max-image-preview":"max-image-preview:large","max-video-preview":"max-video-preview:-1"},"canonical":"https:\/\/shiawaves.com\/turkish\/2025\/02\/23\/kaliforniyali-muslumanlarin-cami-yangininin-ardindan-ramazan-ayini-gecirme-azimleri\/","og_locale":"tr_TR","og_type":"article","og_title":"Kaliforniyal\u0131 M\u00fcsl\u00fcmanlar\u0131n Cami Yang\u0131n\u0131n\u0131n Ard\u0131ndan Ramazan Ay\u0131n\u0131 Ge\u00e7irme Azimleri - ShiaWaves Turkish - \u015eia Haberleri","og_description":"Kaliforniyal\u0131 M\u00fcsl\u00fcmanlar\u0131n Cami Yang\u0131n\u0131n\u0131n Ard\u0131ndan Ramazan Ay\u0131n\u0131 Ge\u00e7irme Azimleri","og_url":"https:\/\/shiawaves.com\/turkish\/2025\/02\/23\/kaliforniyali-muslumanlarin-cami-yangininin-ardindan-ramazan-ayini-gecirme-azimleri\/","og_site_name":"ShiaWaves Turkish - \u015eia Haberleri","article_published_time":"2025-02-23T09:30:00+00:00","article_modified_time":"2025-02-23T09:05:56+00:00","og_image":[{"width":768,"height":514,"url":"https:\/\/shiawaves.com\/turkish\/wp-content\/uploads\/sites\/6\/2025\/02\/image-230.png","type":"image\/png"}],"author":"modir","twitter_card":"summary_large_image","twitter_misc":{"Yazan:":"modir","Tahmini okuma s\u00fcresi":"1 dakika"},"schema":{"@context":"https:\/\/schema.org","@graph":[{"@type":"WebPage","@id":"https:\/\/shiawaves.com\/turkish\/2025\/02\/23\/kaliforniyali-muslumanlarin-cami-yangininin-ardindan-ramazan-ayini-gecirme-azimleri\/","url":"https:\/\/shiawaves.com\/turkish\/2025\/02\/23\/kaliforniyali-muslumanlarin-cami-yangininin-ardindan-ramazan-ayini-gecirme-azimleri\/","name":"Kaliforniyal\u0131 M\u00fcsl\u00fcmanlar\u0131n Cami Yang\u0131n\u0131n\u0131n Ard\u0131ndan Ramazan Ay\u0131n\u0131 Ge\u00e7irme Azimleri - ShiaWaves Turkish - \u015eia Haberleri","isPartOf":{"@id":"https:\/\/shiawaves.com\/turkish\/#website"},"primaryImageOfPage":{"@id":"https:\/\/shiawaves.com\/turkish\/2025\/02\/23\/kaliforniyali-muslumanlarin-cami-yangininin-ardindan-ramazan-ayini-gecirme-azimleri\/#primaryimage"},"image":{"@id":"https:\/\/shiawaves.com\/turkish\/2025\/02\/23\/kaliforniyali-muslumanlarin-cami-yangininin-ardindan-ramazan-ayini-gecirme-azimleri\/#primaryimage"},"thumbnailUrl":"https:\/\/shiawaves.com\/turkish\/wp-content\/uploads\/sites\/6\/2025\/02\/image-230.png","datePublished":"2025-02-23T09:30:00+00:00","dateModified":"2025-02-23T09:05:56+00:00","author":{"@id":"https:\/\/shiawaves.com\/turkish\/#\/schema\/person\/9f68d5023e948086b9348fba5aebd954"},"description":"Kaliforniyal\u0131 M\u00fcsl\u00fcmanlar\u0131n Cami Yang\u0131n\u0131n\u0131n Ard\u0131ndan Ramazan Ay\u0131n\u0131 Ge\u00e7irme Azimleri","breadcrumb":{"@id":"https:\/\/shiawaves.com\/turkish\/2025\/02\/23\/kaliforniyali-muslumanlarin-cami-yangininin-ardindan-ramazan-ayini-gecirme-azimleri\/#breadcrumb"},"inLanguage":"tr","potentialAction":[{"@type":"ReadAction","target":["https:\/\/shiawaves.com\/turkish\/2025\/02\/23\/kaliforniyali-muslumanlarin-cami-yangininin-ardindan-ramazan-ayini-gecirme-azimleri\/"]}]},{"@type":"ImageObject","inLanguage":"tr","@id":"https:\/\/shiawaves.com\/turkish\/2025\/02\/23\/kaliforniyali-muslumanlarin-cami-yangininin-ardindan-ramazan-ayini-gecirme-azimleri\/#primaryimage","url":"https:\/\/shiawaves.com\/turkish\/wp-content\/uploads\/sites\/6\/2025\/02\/image-230.png","contentUrl":"https:\/\/shiawaves.com\/turkish\/wp-content\/uploads\/sites\/6\/2025\/02\/image-230.png","width":768,"height":514,"caption":"Kaliforniyal\u0131 M\u00fcsl\u00fcmanlar\u0131n Cami Yang\u0131n\u0131n\u0131n Ard\u0131ndan Ramazan Ay\u0131n\u0131 Ge\u00e7irme Azimleri"},{"@type":"BreadcrumbList","@id":"https:\/\/shiawaves.com\/turkish\/2025\/02\/23\/kaliforniyali-muslumanlarin-cami-yangininin-ardindan-ramazan-ayini-gecirme-azimleri\/#breadcrumb","itemListElement":[{"@type":"ListItem","position":1,"name":"Home","item":"https:\/\/shiawaves.com\/turkish\/"},{"@type":"ListItem","position":2,"name":"Kaliforniyal\u0131 M\u00fcsl\u00fcmanlar\u0131n Cami Yang\u0131n\u0131n\u0131n Ard\u0131ndan Ramazan Ay\u0131n\u0131 Ge\u00e7irme Azimleri"}]},{"@type":"WebSite","@id":"https:\/\/shiawaves.com\/turkish\/#website","url":"https:\/\/shiawaves.com\/turkish\/","name":"ShiaWaves Turkish - \u015eia Haberleri","description":"","potentialAction":[{"@type":"SearchAction","target":{"@type":"EntryPoint","urlTemplate":"https:\/\/shiawaves.com\/turkish\/?s={search_term_string}"},"query-input":{"@type":"PropertyValueSpecification","valueRequired":true,"valueName":"search_term_string"}}],"inLanguage":"tr"},{"@type":"Person","@id":"https:\/\/shiawaves.com\/turkish\/#\/schema\/person\/9f68d5023e948086b9348fba5aebd954","name":"modir","image":{"@type":"ImageObject","inLanguage":"tr","@id":"https:\/\/shiawaves.com\/turkish\/#\/schema\/person\/image\/","url":"https:\/\/secure.gravatar.com\/avatar\/8e76f93cdbdd480bd8918d1e0e1d938664c9cb1516c2a57a2b96fe50b507a6b9?s=96&d=mm&r=g","contentUrl":"https:\/\/secure.gravatar.com\/avatar\/8e76f93cdbdd480bd8918d1e0e1d938664c9cb1516c2a57a2b96fe50b507a6b9?s=96&d=mm&r=g","caption":"modir"},"sameAs":["https:\/\/shiawaves.com"],"url":"https:\/\/shiawaves.com\/turkish\/author\/modir\/"}]}},"_links":{"self":[{"href":"https:\/\/shiawaves.com\/turkish\/wp-json\/wp\/v2\/posts\/112077","targetHints":{"allow":["GET"]}}],"collection":[{"href":"https:\/\/shiawaves.com\/turkish\/wp-json\/wp\/v2\/posts"}],"about":[{"href":"https:\/\/shiawaves.com\/turkish\/wp-json\/wp\/v2\/types\/post"}],"author":[{"embeddable":true,"href":"https:\/\/shiawaves.com\/turkish\/wp-json\/wp\/v2\/users\/1"}],"replies":[{"embeddable":true,"href":"https:\/\/shiawaves.com\/turkish\/wp-json\/wp\/v2\/comments?post=112077"}],"version-history":[{"count":1,"href":"https:\/\/shiawaves.com\/turkish\/wp-json\/wp\/v2\/posts\/112077\/revisions"}],"predecessor-version":[{"id":112080,"href":"https:\/\/shiawaves.com\/turkish\/wp-json\/wp\/v2\/posts\/112077\/revisions\/112080"}],"wp:featuredmedia":[{"embeddable":true,"href":"https:\/\/shiawaves.com\/turkish\/wp-json\/wp\/v2\/media\/112078"}],"wp:attachment":[{"href":"https:\/\/shiawaves.com\/turkish\/wp-json\/wp\/v2\/media?parent=112077"}],"wp:term":[{"taxonomy":"category","embeddable":true,"href":"https:\/\/shiawaves.com\/turkish\/wp-json\/wp\/v2\/categories?post=112077"},{"taxonomy":"post_tag","embeddable":true,"href":"https:\/\/shiawaves.com\/turkish\/wp-json\/wp\/v2\/tags?post=112077"}],"curies":[{"name":"wp","href":"https:\/\/api.w.org\/{rel}","templated":true}]}}