{"id":111915,"date":"2025-02-17T19:00:00","date_gmt":"2025-02-17T16:00:00","guid":{"rendered":"https:\/\/shiawaves.com\/turkish\/?p=111915"},"modified":"2025-02-17T14:16:03","modified_gmt":"2025-02-17T11:16:03","slug":"kahve-ve-kakao-fiyatlari-siddetli-iklim-degisikligi-nedeniyle-artiyor","status":"publish","type":"post","link":"https:\/\/shiawaves.com\/turkish\/2025\/02\/17\/kahve-ve-kakao-fiyatlari-siddetli-iklim-degisikligi-nedeniyle-artiyor\/","title":{"rendered":"Kahve ve Kakao Fiyatlar\u0131 \u015eiddetli \u0130klim De\u011fi\u015fikli\u011fi Nedeniyle Art\u0131yor"},"content":{"rendered":"\n<p>A\u015f\u0131r\u0131 iklim de\u011fi\u015fikli\u011finin 2025 y\u0131l\u0131na kadar d\u00fcnya \u00e7ap\u0131nda kakao ve kahvenin maliyetini iki kat\u0131na \u00e7\u0131karmas\u0131 bekleniyor.<\/p>\n\n\n\n<p>A\u015f\u0131r\u0131 hava olaylar\u0131na y\u00f6nelik e\u011filimin \u00fcr\u00fcn verimini olumsuz etkilemeye ve fiyatlar\u0131 art\u0131rmaya devam etti\u011fini belirtmekte fayda var.<\/p>\n\n\n\n<figure class=\"wp-block-image size-full is-resized\"><img loading=\"lazy\" decoding=\"async\" width=\"800\" height=\"500\" src=\"https:\/\/shiawaves.com\/turkish\/wp-content\/uploads\/sites\/6\/2025\/02\/image-180.png\" alt=\"\" class=\"wp-image-111916\" style=\"width:840px;height:auto\" srcset=\"https:\/\/shiawaves.com\/turkish\/wp-content\/uploads\/sites\/6\/2025\/02\/image-180.png 800w, https:\/\/shiawaves.com\/turkish\/wp-content\/uploads\/sites\/6\/2025\/02\/image-180-300x188.png 300w, https:\/\/shiawaves.com\/turkish\/wp-content\/uploads\/sites\/6\/2025\/02\/image-180-768x480.png 768w\" sizes=\"auto, (max-width: 800px) 100vw, 800px\" \/><\/figure>\n\n\n\n<p>Dan\u0131\u015fmanl\u0131k \u015firketi Inverto&#8217;nun ara\u015ft\u0131rmas\u0131, \u015fiddetli iklim de\u011fi\u015fikli\u011fi nedeniyle bir\u00e7ok g\u0131da \u00fcr\u00fcn\u00fcn\u00fcn fiyat\u0131nda ya\u015fanan sert art\u0131\u015f\u0131n 2025 y\u0131l\u0131na kadar devam edece\u011fini g\u00f6steriyor.<\/p>\n\n\n\n<p>Ara\u015ft\u0131rmaya g\u00f6re, en fazla fiyat art\u0131\u015f\u0131 kakao ve kahvede ya\u015fanarak s\u0131ras\u0131yla y\u00fczde 163 ve 103 oran\u0131nda art\u0131\u015f g\u00f6r\u00fcld\u00fc.<\/p>\n","protected":false},"excerpt":{"rendered":"<p>A\u015f\u0131r\u0131 iklim de\u011fi\u015fikli\u011finin 2025 y\u0131l\u0131na kadar d\u00fcnya \u00e7ap\u0131nda kakao ve kahvenin maliyetini iki kat\u0131na \u00e7\u0131karmas\u0131 bekleniyor. A\u015f\u0131r\u0131 hava olaylar\u0131na y\u00f6nelik e\u011filimin \u00fcr\u00fcn verimini olumsuz etkilemeye ve fiyatlar\u0131 art\u0131rmaya devam etti\u011fini belirtmekte fayda var. Dan\u0131\u015fmanl\u0131k \u015firketi Inverto&#8217;nun ara\u015ft\u0131rmas\u0131, \u015fiddetli iklim de\u011fi\u015fikli\u011fi nedeniyle bir\u00e7ok g\u0131da \u00fcr\u00fcn\u00fcn\u00fcn fiyat\u0131nda ya\u015fanan sert art\u0131\u015f\u0131n 2025 y\u0131l\u0131na kadar devam edece\u011fini g\u00f6steriyor. Ara\u015ft\u0131rmaya &hellip;<\/p>\n","protected":false},"author":1,"featured_media":111916,"comment_status":"open","ping_status":"open","sticky":false,"template":"","format":"standard","meta":{"rop_custom_images_group":[],"rop_custom_messages_group":[],"rop_publish_now":"initial","rop_publish_now_accounts":[],"rop_publish_now_history":[],"rop_publish_now_status":"pending","footnotes":""},"categories":[20],"tags":[2332],"class_list":["post-111915","post","type-post","status-publish","format-standard","has-post-thumbnail","hentry","category-world","tag-kahve-ve-kakao-fiyatlari-siddetli-iklim-degisikligi-nedeniyle-artiyor"],"_wp_page_template":null,"_wp_attached_file":null,"_wp_attachment_metadata":null,"_edit_lock":"1739790963:1","yoast_head":"<!-- This site is optimized with the Yoast SEO plugin v24.3 - https:\/\/yoast.com\/wordpress\/plugins\/seo\/ -->\n<title>Kahve ve Kakao Fiyatlar\u0131 \u015eiddetli \u0130klim De\u011fi\u015fikli\u011fi Nedeniyle Art\u0131yor - ShiaWaves Turkish - \u015eia Haberleri<\/title>\n<meta name=\"description\" content=\"Kahve ve Kakao Fiyatlar\u0131 \u015eiddetli \u0130klim De\u011fi\u015fikli\u011fi Nedeniyle Art\u0131yor\" \/>\n<meta name=\"robots\" content=\"index, follow, max-snippet:-1, max-image-preview:large, max-video-preview:-1\" \/>\n<link rel=\"canonical\" href=\"https:\/\/shiawaves.com\/turkish\/2025\/02\/17\/kahve-ve-kakao-fiyatlari-siddetli-iklim-degisikligi-nedeniyle-artiyor\/\" \/>\n<meta property=\"og:locale\" content=\"tr_TR\" \/>\n<meta property=\"og:type\" content=\"article\" \/>\n<meta property=\"og:title\" content=\"Kahve ve Kakao Fiyatlar\u0131 \u015eiddetli \u0130klim De\u011fi\u015fikli\u011fi Nedeniyle Art\u0131yor - ShiaWaves Turkish - \u015eia Haberleri\" \/>\n<meta property=\"og:description\" content=\"Kahve ve Kakao Fiyatlar\u0131 \u015eiddetli \u0130klim De\u011fi\u015fikli\u011fi Nedeniyle Art\u0131yor\" \/>\n<meta property=\"og:url\" content=\"https:\/\/shiawaves.com\/turkish\/2025\/02\/17\/kahve-ve-kakao-fiyatlari-siddetli-iklim-degisikligi-nedeniyle-artiyor\/\" \/>\n<meta property=\"og:site_name\" content=\"ShiaWaves Turkish - \u015eia Haberleri\" \/>\n<meta property=\"article:published_time\" content=\"2025-02-17T16:00:00+00:00\" \/>\n<meta property=\"article:modified_time\" content=\"2025-02-17T11:16:03+00:00\" \/>\n<meta property=\"og:image\" content=\"https:\/\/shiawaves.com\/turkish\/wp-content\/uploads\/sites\/6\/2025\/02\/image-180.png\" \/>\n\t<meta property=\"og:image:width\" content=\"800\" \/>\n\t<meta property=\"og:image:height\" content=\"500\" \/>\n\t<meta property=\"og:image:type\" content=\"image\/png\" \/>\n<meta name=\"author\" content=\"modir\" \/>\n<meta name=\"twitter:card\" content=\"summary_large_image\" \/>\n<meta name=\"twitter:label1\" content=\"Yazan:\" \/>\n\t<meta name=\"twitter:data1\" content=\"modir\" \/>\n\t<meta name=\"twitter:label2\" content=\"Tahmini okuma s\u00fcresi\" \/>\n\t<meta name=\"twitter:data2\" content=\"1 dakika\" \/>\n<script type=\"application\/ld+json\" class=\"yoast-schema-graph\">{\"@context\":\"https:\/\/schema.org\",\"@graph\":[{\"@type\":\"WebPage\",\"@id\":\"https:\/\/shiawaves.com\/turkish\/2025\/02\/17\/kahve-ve-kakao-fiyatlari-siddetli-iklim-degisikligi-nedeniyle-artiyor\/\",\"url\":\"https:\/\/shiawaves.com\/turkish\/2025\/02\/17\/kahve-ve-kakao-fiyatlari-siddetli-iklim-degisikligi-nedeniyle-artiyor\/\",\"name\":\"Kahve ve Kakao Fiyatlar\u0131 \u015eiddetli \u0130klim De\u011fi\u015fikli\u011fi Nedeniyle Art\u0131yor - ShiaWaves Turkish - \u015eia Haberleri\",\"isPartOf\":{\"@id\":\"https:\/\/shiawaves.com\/turkish\/#website\"},\"primaryImageOfPage\":{\"@id\":\"https:\/\/shiawaves.com\/turkish\/2025\/02\/17\/kahve-ve-kakao-fiyatlari-siddetli-iklim-degisikligi-nedeniyle-artiyor\/#primaryimage\"},\"image\":{\"@id\":\"https:\/\/shiawaves.com\/turkish\/2025\/02\/17\/kahve-ve-kakao-fiyatlari-siddetli-iklim-degisikligi-nedeniyle-artiyor\/#primaryimage\"},\"thumbnailUrl\":\"https:\/\/shiawaves.com\/turkish\/wp-content\/uploads\/sites\/6\/2025\/02\/image-180.png\",\"datePublished\":\"2025-02-17T16:00:00+00:00\",\"dateModified\":\"2025-02-17T11:16:03+00:00\",\"author\":{\"@id\":\"https:\/\/shiawaves.com\/turkish\/#\/schema\/person\/9f68d5023e948086b9348fba5aebd954\"},\"description\":\"Kahve ve Kakao Fiyatlar\u0131 \u015eiddetli \u0130klim De\u011fi\u015fikli\u011fi Nedeniyle Art\u0131yor\",\"breadcrumb\":{\"@id\":\"https:\/\/shiawaves.com\/turkish\/2025\/02\/17\/kahve-ve-kakao-fiyatlari-siddetli-iklim-degisikligi-nedeniyle-artiyor\/#breadcrumb\"},\"inLanguage\":\"tr\",\"potentialAction\":[{\"@type\":\"ReadAction\",\"target\":[\"https:\/\/shiawaves.com\/turkish\/2025\/02\/17\/kahve-ve-kakao-fiyatlari-siddetli-iklim-degisikligi-nedeniyle-artiyor\/\"]}]},{\"@type\":\"ImageObject\",\"inLanguage\":\"tr\",\"@id\":\"https:\/\/shiawaves.com\/turkish\/2025\/02\/17\/kahve-ve-kakao-fiyatlari-siddetli-iklim-degisikligi-nedeniyle-artiyor\/#primaryimage\",\"url\":\"https:\/\/shiawaves.com\/turkish\/wp-content\/uploads\/sites\/6\/2025\/02\/image-180.png\",\"contentUrl\":\"https:\/\/shiawaves.com\/turkish\/wp-content\/uploads\/sites\/6\/2025\/02\/image-180.png\",\"width\":800,\"height\":500,\"caption\":\"Kahve ve Kakao Fiyatlar\u0131 \u015eiddetli \u0130klim De\u011fi\u015fikli\u011fi Nedeniyle Art\u0131yor\"},{\"@type\":\"BreadcrumbList\",\"@id\":\"https:\/\/shiawaves.com\/turkish\/2025\/02\/17\/kahve-ve-kakao-fiyatlari-siddetli-iklim-degisikligi-nedeniyle-artiyor\/#breadcrumb\",\"itemListElement\":[{\"@type\":\"ListItem\",\"position\":1,\"name\":\"Home\",\"item\":\"https:\/\/shiawaves.com\/turkish\/\"},{\"@type\":\"ListItem\",\"position\":2,\"name\":\"Kahve ve Kakao Fiyatlar\u0131 \u015eiddetli \u0130klim De\u011fi\u015fikli\u011fi Nedeniyle Art\u0131yor\"}]},{\"@type\":\"WebSite\",\"@id\":\"https:\/\/shiawaves.com\/turkish\/#website\",\"url\":\"https:\/\/shiawaves.com\/turkish\/\",\"name\":\"ShiaWaves Turkish - \u015eia Haberleri\",\"description\":\"\",\"potentialAction\":[{\"@type\":\"SearchAction\",\"target\":{\"@type\":\"EntryPoint\",\"urlTemplate\":\"https:\/\/shiawaves.com\/turkish\/?s={search_term_string}\"},\"query-input\":{\"@type\":\"PropertyValueSpecification\",\"valueRequired\":true,\"valueName\":\"search_term_string\"}}],\"inLanguage\":\"tr\"},{\"@type\":\"Person\",\"@id\":\"https:\/\/shiawaves.com\/turkish\/#\/schema\/person\/9f68d5023e948086b9348fba5aebd954\",\"name\":\"modir\",\"image\":{\"@type\":\"ImageObject\",\"inLanguage\":\"tr\",\"@id\":\"https:\/\/shiawaves.com\/turkish\/#\/schema\/person\/image\/\",\"url\":\"https:\/\/secure.gravatar.com\/avatar\/8e76f93cdbdd480bd8918d1e0e1d938664c9cb1516c2a57a2b96fe50b507a6b9?s=96&d=mm&r=g\",\"contentUrl\":\"https:\/\/secure.gravatar.com\/avatar\/8e76f93cdbdd480bd8918d1e0e1d938664c9cb1516c2a57a2b96fe50b507a6b9?s=96&d=mm&r=g\",\"caption\":\"modir\"},\"sameAs\":[\"https:\/\/shiawaves.com\"],\"url\":\"https:\/\/shiawaves.com\/turkish\/author\/modir\/\"}]}<\/script>\n<!-- \/ Yoast SEO plugin. -->","yoast_head_json":{"title":"Kahve ve Kakao Fiyatlar\u0131 \u015eiddetli \u0130klim De\u011fi\u015fikli\u011fi Nedeniyle Art\u0131yor - ShiaWaves Turkish - \u015eia Haberleri","description":"Kahve ve Kakao Fiyatlar\u0131 \u015eiddetli \u0130klim De\u011fi\u015fikli\u011fi Nedeniyle Art\u0131yor","robots":{"index":"index","follow":"follow","max-snippet":"max-snippet:-1","max-image-preview":"max-image-preview:large","max-video-preview":"max-video-preview:-1"},"canonical":"https:\/\/shiawaves.com\/turkish\/2025\/02\/17\/kahve-ve-kakao-fiyatlari-siddetli-iklim-degisikligi-nedeniyle-artiyor\/","og_locale":"tr_TR","og_type":"article","og_title":"Kahve ve Kakao Fiyatlar\u0131 \u015eiddetli \u0130klim De\u011fi\u015fikli\u011fi Nedeniyle Art\u0131yor - ShiaWaves Turkish - \u015eia Haberleri","og_description":"Kahve ve Kakao Fiyatlar\u0131 \u015eiddetli \u0130klim De\u011fi\u015fikli\u011fi Nedeniyle Art\u0131yor","og_url":"https:\/\/shiawaves.com\/turkish\/2025\/02\/17\/kahve-ve-kakao-fiyatlari-siddetli-iklim-degisikligi-nedeniyle-artiyor\/","og_site_name":"ShiaWaves Turkish - \u015eia Haberleri","article_published_time":"2025-02-17T16:00:00+00:00","article_modified_time":"2025-02-17T11:16:03+00:00","og_image":[{"width":800,"height":500,"url":"https:\/\/shiawaves.com\/turkish\/wp-content\/uploads\/sites\/6\/2025\/02\/image-180.png","type":"image\/png"}],"author":"modir","twitter_card":"summary_large_image","twitter_misc":{"Yazan:":"modir","Tahmini okuma s\u00fcresi":"1 dakika"},"schema":{"@context":"https:\/\/schema.org","@graph":[{"@type":"WebPage","@id":"https:\/\/shiawaves.com\/turkish\/2025\/02\/17\/kahve-ve-kakao-fiyatlari-siddetli-iklim-degisikligi-nedeniyle-artiyor\/","url":"https:\/\/shiawaves.com\/turkish\/2025\/02\/17\/kahve-ve-kakao-fiyatlari-siddetli-iklim-degisikligi-nedeniyle-artiyor\/","name":"Kahve ve Kakao Fiyatlar\u0131 \u015eiddetli \u0130klim De\u011fi\u015fikli\u011fi Nedeniyle Art\u0131yor - ShiaWaves Turkish - \u015eia Haberleri","isPartOf":{"@id":"https:\/\/shiawaves.com\/turkish\/#website"},"primaryImageOfPage":{"@id":"https:\/\/shiawaves.com\/turkish\/2025\/02\/17\/kahve-ve-kakao-fiyatlari-siddetli-iklim-degisikligi-nedeniyle-artiyor\/#primaryimage"},"image":{"@id":"https:\/\/shiawaves.com\/turkish\/2025\/02\/17\/kahve-ve-kakao-fiyatlari-siddetli-iklim-degisikligi-nedeniyle-artiyor\/#primaryimage"},"thumbnailUrl":"https:\/\/shiawaves.com\/turkish\/wp-content\/uploads\/sites\/6\/2025\/02\/image-180.png","datePublished":"2025-02-17T16:00:00+00:00","dateModified":"2025-02-17T11:16:03+00:00","author":{"@id":"https:\/\/shiawaves.com\/turkish\/#\/schema\/person\/9f68d5023e948086b9348fba5aebd954"},"description":"Kahve ve Kakao Fiyatlar\u0131 \u015eiddetli \u0130klim De\u011fi\u015fikli\u011fi Nedeniyle Art\u0131yor","breadcrumb":{"@id":"https:\/\/shiawaves.com\/turkish\/2025\/02\/17\/kahve-ve-kakao-fiyatlari-siddetli-iklim-degisikligi-nedeniyle-artiyor\/#breadcrumb"},"inLanguage":"tr","potentialAction":[{"@type":"ReadAction","target":["https:\/\/shiawaves.com\/turkish\/2025\/02\/17\/kahve-ve-kakao-fiyatlari-siddetli-iklim-degisikligi-nedeniyle-artiyor\/"]}]},{"@type":"ImageObject","inLanguage":"tr","@id":"https:\/\/shiawaves.com\/turkish\/2025\/02\/17\/kahve-ve-kakao-fiyatlari-siddetli-iklim-degisikligi-nedeniyle-artiyor\/#primaryimage","url":"https:\/\/shiawaves.com\/turkish\/wp-content\/uploads\/sites\/6\/2025\/02\/image-180.png","contentUrl":"https:\/\/shiawaves.com\/turkish\/wp-content\/uploads\/sites\/6\/2025\/02\/image-180.png","width":800,"height":500,"caption":"Kahve ve Kakao Fiyatlar\u0131 \u015eiddetli \u0130klim De\u011fi\u015fikli\u011fi Nedeniyle Art\u0131yor"},{"@type":"BreadcrumbList","@id":"https:\/\/shiawaves.com\/turkish\/2025\/02\/17\/kahve-ve-kakao-fiyatlari-siddetli-iklim-degisikligi-nedeniyle-artiyor\/#breadcrumb","itemListElement":[{"@type":"ListItem","position":1,"name":"Home","item":"https:\/\/shiawaves.com\/turkish\/"},{"@type":"ListItem","position":2,"name":"Kahve ve Kakao Fiyatlar\u0131 \u015eiddetli \u0130klim De\u011fi\u015fikli\u011fi Nedeniyle Art\u0131yor"}]},{"@type":"WebSite","@id":"https:\/\/shiawaves.com\/turkish\/#website","url":"https:\/\/shiawaves.com\/turkish\/","name":"ShiaWaves Turkish - \u015eia Haberleri","description":"","potentialAction":[{"@type":"SearchAction","target":{"@type":"EntryPoint","urlTemplate":"https:\/\/shiawaves.com\/turkish\/?s={search_term_string}"},"query-input":{"@type":"PropertyValueSpecification","valueRequired":true,"valueName":"search_term_string"}}],"inLanguage":"tr"},{"@type":"Person","@id":"https:\/\/shiawaves.com\/turkish\/#\/schema\/person\/9f68d5023e948086b9348fba5aebd954","name":"modir","image":{"@type":"ImageObject","inLanguage":"tr","@id":"https:\/\/shiawaves.com\/turkish\/#\/schema\/person\/image\/","url":"https:\/\/secure.gravatar.com\/avatar\/8e76f93cdbdd480bd8918d1e0e1d938664c9cb1516c2a57a2b96fe50b507a6b9?s=96&d=mm&r=g","contentUrl":"https:\/\/secure.gravatar.com\/avatar\/8e76f93cdbdd480bd8918d1e0e1d938664c9cb1516c2a57a2b96fe50b507a6b9?s=96&d=mm&r=g","caption":"modir"},"sameAs":["https:\/\/shiawaves.com"],"url":"https:\/\/shiawaves.com\/turkish\/author\/modir\/"}]}},"_links":{"self":[{"href":"https:\/\/shiawaves.com\/turkish\/wp-json\/wp\/v2\/posts\/111915","targetHints":{"allow":["GET"]}}],"collection":[{"href":"https:\/\/shiawaves.com\/turkish\/wp-json\/wp\/v2\/posts"}],"about":[{"href":"https:\/\/shiawaves.com\/turkish\/wp-json\/wp\/v2\/types\/post"}],"author":[{"embeddable":true,"href":"https:\/\/shiawaves.com\/turkish\/wp-json\/wp\/v2\/users\/1"}],"replies":[{"embeddable":true,"href":"https:\/\/shiawaves.com\/turkish\/wp-json\/wp\/v2\/comments?post=111915"}],"version-history":[{"count":1,"href":"https:\/\/shiawaves.com\/turkish\/wp-json\/wp\/v2\/posts\/111915\/revisions"}],"predecessor-version":[{"id":111917,"href":"https:\/\/shiawaves.com\/turkish\/wp-json\/wp\/v2\/posts\/111915\/revisions\/111917"}],"wp:featuredmedia":[{"embeddable":true,"href":"https:\/\/shiawaves.com\/turkish\/wp-json\/wp\/v2\/media\/111916"}],"wp:attachment":[{"href":"https:\/\/shiawaves.com\/turkish\/wp-json\/wp\/v2\/media?parent=111915"}],"wp:term":[{"taxonomy":"category","embeddable":true,"href":"https:\/\/shiawaves.com\/turkish\/wp-json\/wp\/v2\/categories?post=111915"},{"taxonomy":"post_tag","embeddable":true,"href":"https:\/\/shiawaves.com\/turkish\/wp-json\/wp\/v2\/tags?post=111915"}],"curies":[{"name":"wp","href":"https:\/\/api.w.org\/{rel}","templated":true}]}}