{"id":111689,"date":"2025-02-11T12:19:34","date_gmt":"2025-02-11T09:19:34","guid":{"rendered":"https:\/\/shiawaves.com\/turkish\/?p=111689"},"modified":"2025-02-11T12:19:35","modified_gmt":"2025-02-11T09:19:35","slug":"bm-afgan-cocuklari-arasinda-artan-yetersiz-beslenmeden-endise-duyuyor","status":"publish","type":"post","link":"https:\/\/shiawaves.com\/turkish\/2025\/02\/11\/bm-afgan-cocuklari-arasinda-artan-yetersiz-beslenmeden-endise-duyuyor\/","title":{"rendered":"BM, Afgan \u00c7ocuklar\u0131 Aras\u0131nda Artan Yetersiz Beslenmeden Endi\u015fe Duyuyor"},"content":{"rendered":"\n<p>Birle\u015fmi\u015f Milletler, bu y\u0131l\u0131n may\u0131s ay\u0131na kadar Afganistan&#8217;da yakla\u015f\u0131k \u00fc\u00e7 bu\u00e7uk milyon \u00e7ocu\u011fun yetersiz beslenme sorunuyla kar\u015f\u0131 kar\u015f\u0131ya kalaca\u011f\u0131 uyar\u0131s\u0131nda bulundu.<\/p>\n\n\n\n<p>Bu kriz, yoksulluk, yol kesintileri ve uluslararas\u0131 yard\u0131mlar\u0131n kesilmesi nedeniyle \u00f6zellikle emziren anneler ve \u00e7ocuklar aras\u0131nda, \u00fccra ve yoksun b\u00f6lgelerde her ge\u00e7en g\u00fcn daha da k\u00f6t\u00fcle\u015fiyor.<\/p>\n\n\n\n<figure class=\"wp-block-image size-full is-resized\"><img loading=\"lazy\" decoding=\"async\" width=\"768\" height=\"437\" src=\"https:\/\/shiawaves.com\/turkish\/wp-content\/uploads\/sites\/6\/2025\/02\/image-108.png\" alt=\"\" class=\"wp-image-111690\" style=\"width:840px;height:auto\" srcset=\"https:\/\/shiawaves.com\/turkish\/wp-content\/uploads\/sites\/6\/2025\/02\/image-108.png 768w, https:\/\/shiawaves.com\/turkish\/wp-content\/uploads\/sites\/6\/2025\/02\/image-108-300x171.png 300w\" sizes=\"auto, (max-width: 768px) 100vw, 768px\" \/><\/figure>\n\n\n\n<p>Birle\u015fmi\u015f Milletler, Afgan \u00e7ocuklarda yetersiz beslenme vakalar\u0131ndaki endi\u015fe verici art\u0131\u015fa ili\u015fkin endi\u015fe verici bir rapor yay\u0131nlad\u0131.<\/p>\n\n\n\n<p>Rapora g\u00f6re, bu y\u0131l\u0131n may\u0131s ay\u0131na kadar yetersiz beslenme sorunu ya\u015fayan \u00e7ocuk say\u0131s\u0131n\u0131n yakla\u015f\u0131k 3 milyon 500 bine ula\u015fmas\u0131 bekleniyor.<\/p>\n\n\n\n<p>Bu rakam uluslararas\u0131 toplum ve Afganistan i\u00e7in ciddi bir alarm zilidir. Afganistan y\u0131llard\u0131r yoksulluk, sava\u015f ve yoksunluk d\u00f6ng\u00fcs\u00fcyle bo\u011fu\u015fan bir \u00fclkedir.<\/p>\n\n\n\n<p>Bu krizin ortas\u0131nda, Afganistan&#8217;\u0131n \u00fccra ve ula\u015f\u0131lmas\u0131 zor b\u00f6lgelerinde, \u00f6zellikle de \u015eii ve Hazaralar\u0131n yo\u011fun olarak ya\u015fad\u0131\u011f\u0131 merkez illerinde ya\u015fayan emziren anneler ek zorluklarla kar\u015f\u0131 kar\u015f\u0131ya kal\u0131yor.<\/p>\n\n\n\n<p>Y\u0131llard\u0131r geli\u015fme ve ilgi oda\u011f\u0131 olmayan bu b\u00f6lgeler, art\u0131k g\u0131da, sa\u011fl\u0131k hizmetleri ve temel ya\u015fam olanaklar\u0131 bak\u0131m\u0131ndan ciddi s\u0131k\u0131nt\u0131larla kar\u015f\u0131 kar\u015f\u0131ya.<\/p>\n\n\n\n<p>Kendileri de yetersiz beslenen anneler, \u00e7ocuklar\u0131n\u0131 gerekti\u011fi gibi besleyememekte ve bu k\u0131s\u0131r d\u00f6ng\u00fc, bug\u00fcn\u00fcn \u00e7ocuklar\u0131n\u0131 ve gelecek nesilleri tehdit etmektedir.<\/p>\n\n\n\n<p>Uzak b\u00f6lgelere ula\u015f\u0131m yollar\u0131 engellendi\u011finde ise durum daha da vahimle\u015fiyor.<\/p>\n\n\n\n<p>Son iki g\u00fcnd\u00fcr etkili olan kar ya\u011f\u0131\u015f\u0131n\u0131n, baz\u0131 kuzey ve merkez illerde haberle\u015fme yollar\u0131n\u0131 t\u0131kad\u0131\u011f\u0131 bildirildi.<\/p>\n\n\n\n<p>Bu abluka, insani yard\u0131mlar\u0131n ula\u015ft\u0131r\u0131lmas\u0131n\u0131 engellemenin yan\u0131 s\u0131ra, insanlar\u0131n g\u0131da ve t\u0131bbi hizmetlere eri\u015fimini de ciddi \u015fekilde k\u0131s\u0131tlad\u0131.<\/p>\n\n\n\n<p>B\u00f6ylesi durumlarda ilk ma\u011fdur olanlar \u00e7ocuklar ve anneler oluyor.<\/p>\n\n\n\n<p>Ancak Afganistan&#8217;da sadece do\u011fa tahribat yaratmad\u0131.<\/p>\n\n\n\n<p>Uluslararas\u0131 yard\u0131mlar\u0131n azalmas\u0131, \u00f6zellikle ABD yard\u0131mlar\u0131n\u0131n kesilmesi ve Taliban&#8217;\u0131n halka, \u00f6zellikle kad\u0131nlara uygulad\u0131\u011f\u0131 k\u0131s\u0131tlamalar bu krizi derinle\u015ftirdi.<\/p>\n\n\n\n<p>\u00c7ocuklar\u0131n beslenmesinde ve bak\u0131m\u0131nda \u00f6nemli rol oynayan kad\u0131nlar, art\u0131k e\u011fitime, i\u015fe ve hatta serbest dola\u015f\u0131ma eri\u015fimde ciddi engellerle kar\u015f\u0131 kar\u015f\u0131ya kal\u0131yor.<\/p>\n\n\n\n<p>Bu k\u0131s\u0131tlamalar, mevcut krizlerle ba\u015fa \u00e7\u0131kma yeteneklerini azaltt\u0131 ve aileler \u00fczerindeki bask\u0131y\u0131 art\u0131rd\u0131.<\/p>\n\n\n\n<p>Birle\u015fmi\u015f Milletler, Afganistan&#8217;daki krize y\u00f6nelik acil ve etkili tedbirler al\u0131nmazsa \u00fclkenin insani bir felaketle kar\u015f\u0131 kar\u015f\u0131ya kalaca\u011f\u0131 uyar\u0131s\u0131nda bulundu.<\/p>\n\n\n\n<p>Bu topraklar\u0131n gelecekteki mimarlar\u0131 olan \u00e7ocuklar b\u00fcy\u00fck bir tehlikeyle kar\u015f\u0131 kar\u015f\u0131yad\u0131r ve her ge\u00e7en g\u00fcn onlar\u0131n kurtar\u0131lmas\u0131na dair umutlar biraz daha zay\u0131flamaktad\u0131r.<\/p>\n","protected":false},"excerpt":{"rendered":"<p>Birle\u015fmi\u015f Milletler, bu y\u0131l\u0131n may\u0131s ay\u0131na kadar Afganistan&#8217;da yakla\u015f\u0131k \u00fc\u00e7 bu\u00e7uk milyon \u00e7ocu\u011fun yetersiz beslenme sorunuyla kar\u015f\u0131 kar\u015f\u0131ya kalaca\u011f\u0131 uyar\u0131s\u0131nda bulundu. Bu kriz, yoksulluk, yol kesintileri ve uluslararas\u0131 yard\u0131mlar\u0131n kesilmesi nedeniyle \u00f6zellikle emziren anneler ve \u00e7ocuklar aras\u0131nda, \u00fccra ve yoksun b\u00f6lgelerde her ge\u00e7en g\u00fcn daha da k\u00f6t\u00fcle\u015fiyor. Birle\u015fmi\u015f Milletler, Afgan \u00e7ocuklarda yetersiz beslenme vakalar\u0131ndaki endi\u015fe &hellip;<\/p>\n","protected":false},"author":1,"featured_media":111690,"comment_status":"open","ping_status":"open","sticky":false,"template":"","format":"standard","meta":{"rop_custom_images_group":[],"rop_custom_messages_group":[],"rop_publish_now":"initial","rop_publish_now_accounts":[],"rop_publish_now_history":[],"rop_publish_now_status":"pending","footnotes":""},"categories":[8],"tags":[2260,1536],"class_list":["post-111689","post","type-post","status-publish","format-standard","has-post-thumbnail","hentry","category-afghanistan","tag-afgan-cocuklari-arasinda-artan-yetersiz-beslenmeden-endise-duyuyor","tag-bm"],"_wp_page_template":null,"_wp_attached_file":null,"_wp_attachment_metadata":null,"_edit_lock":"1739265575:1","yoast_head":"<!-- This site is optimized with the Yoast SEO plugin v24.3 - https:\/\/yoast.com\/wordpress\/plugins\/seo\/ -->\n<title>BM, Afgan \u00c7ocuklar\u0131 Aras\u0131nda Artan Yetersiz Beslenmeden Endi\u015fe Duyuyor - ShiaWaves Turkish - \u015eia Haberleri<\/title>\n<meta name=\"description\" content=\"BM, Afgan \u00c7ocuklar\u0131 Aras\u0131nda Artan Yetersiz Beslenmeden Endi\u015fe Duyuyor\" \/>\n<meta name=\"robots\" content=\"index, follow, max-snippet:-1, max-image-preview:large, max-video-preview:-1\" \/>\n<link rel=\"canonical\" href=\"https:\/\/shiawaves.com\/turkish\/2025\/02\/11\/bm-afgan-cocuklari-arasinda-artan-yetersiz-beslenmeden-endise-duyuyor\/\" \/>\n<meta property=\"og:locale\" content=\"tr_TR\" \/>\n<meta property=\"og:type\" content=\"article\" \/>\n<meta property=\"og:title\" content=\"BM, Afgan \u00c7ocuklar\u0131 Aras\u0131nda Artan Yetersiz Beslenmeden Endi\u015fe Duyuyor - ShiaWaves Turkish - \u015eia Haberleri\" \/>\n<meta property=\"og:description\" content=\"BM, Afgan \u00c7ocuklar\u0131 Aras\u0131nda Artan Yetersiz Beslenmeden Endi\u015fe Duyuyor\" \/>\n<meta property=\"og:url\" content=\"https:\/\/shiawaves.com\/turkish\/2025\/02\/11\/bm-afgan-cocuklari-arasinda-artan-yetersiz-beslenmeden-endise-duyuyor\/\" \/>\n<meta property=\"og:site_name\" content=\"ShiaWaves Turkish - \u015eia Haberleri\" \/>\n<meta property=\"article:published_time\" content=\"2025-02-11T09:19:34+00:00\" \/>\n<meta property=\"article:modified_time\" content=\"2025-02-11T09:19:35+00:00\" \/>\n<meta property=\"og:image\" content=\"https:\/\/shiawaves.com\/turkish\/wp-content\/uploads\/sites\/6\/2025\/02\/image-108.png\" \/>\n\t<meta property=\"og:image:width\" content=\"768\" \/>\n\t<meta property=\"og:image:height\" content=\"437\" \/>\n\t<meta property=\"og:image:type\" content=\"image\/png\" \/>\n<meta name=\"author\" content=\"modir\" \/>\n<meta name=\"twitter:card\" content=\"summary_large_image\" \/>\n<meta name=\"twitter:label1\" content=\"Yazan:\" \/>\n\t<meta name=\"twitter:data1\" content=\"modir\" \/>\n\t<meta name=\"twitter:label2\" content=\"Tahmini okuma s\u00fcresi\" \/>\n\t<meta name=\"twitter:data2\" content=\"3 dakika\" \/>\n<script type=\"application\/ld+json\" class=\"yoast-schema-graph\">{\"@context\":\"https:\/\/schema.org\",\"@graph\":[{\"@type\":\"WebPage\",\"@id\":\"https:\/\/shiawaves.com\/turkish\/2025\/02\/11\/bm-afgan-cocuklari-arasinda-artan-yetersiz-beslenmeden-endise-duyuyor\/\",\"url\":\"https:\/\/shiawaves.com\/turkish\/2025\/02\/11\/bm-afgan-cocuklari-arasinda-artan-yetersiz-beslenmeden-endise-duyuyor\/\",\"name\":\"BM, Afgan \u00c7ocuklar\u0131 Aras\u0131nda Artan Yetersiz Beslenmeden Endi\u015fe Duyuyor - ShiaWaves Turkish - \u015eia Haberleri\",\"isPartOf\":{\"@id\":\"https:\/\/shiawaves.com\/turkish\/#website\"},\"primaryImageOfPage\":{\"@id\":\"https:\/\/shiawaves.com\/turkish\/2025\/02\/11\/bm-afgan-cocuklari-arasinda-artan-yetersiz-beslenmeden-endise-duyuyor\/#primaryimage\"},\"image\":{\"@id\":\"https:\/\/shiawaves.com\/turkish\/2025\/02\/11\/bm-afgan-cocuklari-arasinda-artan-yetersiz-beslenmeden-endise-duyuyor\/#primaryimage\"},\"thumbnailUrl\":\"https:\/\/shiawaves.com\/turkish\/wp-content\/uploads\/sites\/6\/2025\/02\/image-108.png\",\"datePublished\":\"2025-02-11T09:19:34+00:00\",\"dateModified\":\"2025-02-11T09:19:35+00:00\",\"author\":{\"@id\":\"https:\/\/shiawaves.com\/turkish\/#\/schema\/person\/9f68d5023e948086b9348fba5aebd954\"},\"description\":\"BM, Afgan \u00c7ocuklar\u0131 Aras\u0131nda Artan Yetersiz Beslenmeden Endi\u015fe Duyuyor\",\"breadcrumb\":{\"@id\":\"https:\/\/shiawaves.com\/turkish\/2025\/02\/11\/bm-afgan-cocuklari-arasinda-artan-yetersiz-beslenmeden-endise-duyuyor\/#breadcrumb\"},\"inLanguage\":\"tr\",\"potentialAction\":[{\"@type\":\"ReadAction\",\"target\":[\"https:\/\/shiawaves.com\/turkish\/2025\/02\/11\/bm-afgan-cocuklari-arasinda-artan-yetersiz-beslenmeden-endise-duyuyor\/\"]}]},{\"@type\":\"ImageObject\",\"inLanguage\":\"tr\",\"@id\":\"https:\/\/shiawaves.com\/turkish\/2025\/02\/11\/bm-afgan-cocuklari-arasinda-artan-yetersiz-beslenmeden-endise-duyuyor\/#primaryimage\",\"url\":\"https:\/\/shiawaves.com\/turkish\/wp-content\/uploads\/sites\/6\/2025\/02\/image-108.png\",\"contentUrl\":\"https:\/\/shiawaves.com\/turkish\/wp-content\/uploads\/sites\/6\/2025\/02\/image-108.png\",\"width\":768,\"height\":437,\"caption\":\"BM, Afgan \u00c7ocuklar\u0131 Aras\u0131nda Artan Yetersiz Beslenmeden Endi\u015fe Duyuyor\"},{\"@type\":\"BreadcrumbList\",\"@id\":\"https:\/\/shiawaves.com\/turkish\/2025\/02\/11\/bm-afgan-cocuklari-arasinda-artan-yetersiz-beslenmeden-endise-duyuyor\/#breadcrumb\",\"itemListElement\":[{\"@type\":\"ListItem\",\"position\":1,\"name\":\"Home\",\"item\":\"https:\/\/shiawaves.com\/turkish\/\"},{\"@type\":\"ListItem\",\"position\":2,\"name\":\"BM, Afgan \u00c7ocuklar\u0131 Aras\u0131nda Artan Yetersiz Beslenmeden Endi\u015fe Duyuyor\"}]},{\"@type\":\"WebSite\",\"@id\":\"https:\/\/shiawaves.com\/turkish\/#website\",\"url\":\"https:\/\/shiawaves.com\/turkish\/\",\"name\":\"ShiaWaves Turkish - \u015eia Haberleri\",\"description\":\"\",\"potentialAction\":[{\"@type\":\"SearchAction\",\"target\":{\"@type\":\"EntryPoint\",\"urlTemplate\":\"https:\/\/shiawaves.com\/turkish\/?s={search_term_string}\"},\"query-input\":{\"@type\":\"PropertyValueSpecification\",\"valueRequired\":true,\"valueName\":\"search_term_string\"}}],\"inLanguage\":\"tr\"},{\"@type\":\"Person\",\"@id\":\"https:\/\/shiawaves.com\/turkish\/#\/schema\/person\/9f68d5023e948086b9348fba5aebd954\",\"name\":\"modir\",\"image\":{\"@type\":\"ImageObject\",\"inLanguage\":\"tr\",\"@id\":\"https:\/\/shiawaves.com\/turkish\/#\/schema\/person\/image\/\",\"url\":\"https:\/\/secure.gravatar.com\/avatar\/8e76f93cdbdd480bd8918d1e0e1d938664c9cb1516c2a57a2b96fe50b507a6b9?s=96&d=mm&r=g\",\"contentUrl\":\"https:\/\/secure.gravatar.com\/avatar\/8e76f93cdbdd480bd8918d1e0e1d938664c9cb1516c2a57a2b96fe50b507a6b9?s=96&d=mm&r=g\",\"caption\":\"modir\"},\"sameAs\":[\"https:\/\/shiawaves.com\"],\"url\":\"https:\/\/shiawaves.com\/turkish\/author\/modir\/\"}]}<\/script>\n<!-- \/ Yoast SEO plugin. -->","yoast_head_json":{"title":"BM, Afgan \u00c7ocuklar\u0131 Aras\u0131nda Artan Yetersiz Beslenmeden Endi\u015fe Duyuyor - ShiaWaves Turkish - \u015eia Haberleri","description":"BM, Afgan \u00c7ocuklar\u0131 Aras\u0131nda Artan Yetersiz Beslenmeden Endi\u015fe Duyuyor","robots":{"index":"index","follow":"follow","max-snippet":"max-snippet:-1","max-image-preview":"max-image-preview:large","max-video-preview":"max-video-preview:-1"},"canonical":"https:\/\/shiawaves.com\/turkish\/2025\/02\/11\/bm-afgan-cocuklari-arasinda-artan-yetersiz-beslenmeden-endise-duyuyor\/","og_locale":"tr_TR","og_type":"article","og_title":"BM, Afgan \u00c7ocuklar\u0131 Aras\u0131nda Artan Yetersiz Beslenmeden Endi\u015fe Duyuyor - ShiaWaves Turkish - \u015eia Haberleri","og_description":"BM, Afgan \u00c7ocuklar\u0131 Aras\u0131nda Artan Yetersiz Beslenmeden Endi\u015fe Duyuyor","og_url":"https:\/\/shiawaves.com\/turkish\/2025\/02\/11\/bm-afgan-cocuklari-arasinda-artan-yetersiz-beslenmeden-endise-duyuyor\/","og_site_name":"ShiaWaves Turkish - \u015eia Haberleri","article_published_time":"2025-02-11T09:19:34+00:00","article_modified_time":"2025-02-11T09:19:35+00:00","og_image":[{"width":768,"height":437,"url":"https:\/\/shiawaves.com\/turkish\/wp-content\/uploads\/sites\/6\/2025\/02\/image-108.png","type":"image\/png"}],"author":"modir","twitter_card":"summary_large_image","twitter_misc":{"Yazan:":"modir","Tahmini okuma s\u00fcresi":"3 dakika"},"schema":{"@context":"https:\/\/schema.org","@graph":[{"@type":"WebPage","@id":"https:\/\/shiawaves.com\/turkish\/2025\/02\/11\/bm-afgan-cocuklari-arasinda-artan-yetersiz-beslenmeden-endise-duyuyor\/","url":"https:\/\/shiawaves.com\/turkish\/2025\/02\/11\/bm-afgan-cocuklari-arasinda-artan-yetersiz-beslenmeden-endise-duyuyor\/","name":"BM, Afgan \u00c7ocuklar\u0131 Aras\u0131nda Artan Yetersiz Beslenmeden Endi\u015fe Duyuyor - ShiaWaves Turkish - \u015eia Haberleri","isPartOf":{"@id":"https:\/\/shiawaves.com\/turkish\/#website"},"primaryImageOfPage":{"@id":"https:\/\/shiawaves.com\/turkish\/2025\/02\/11\/bm-afgan-cocuklari-arasinda-artan-yetersiz-beslenmeden-endise-duyuyor\/#primaryimage"},"image":{"@id":"https:\/\/shiawaves.com\/turkish\/2025\/02\/11\/bm-afgan-cocuklari-arasinda-artan-yetersiz-beslenmeden-endise-duyuyor\/#primaryimage"},"thumbnailUrl":"https:\/\/shiawaves.com\/turkish\/wp-content\/uploads\/sites\/6\/2025\/02\/image-108.png","datePublished":"2025-02-11T09:19:34+00:00","dateModified":"2025-02-11T09:19:35+00:00","author":{"@id":"https:\/\/shiawaves.com\/turkish\/#\/schema\/person\/9f68d5023e948086b9348fba5aebd954"},"description":"BM, Afgan \u00c7ocuklar\u0131 Aras\u0131nda Artan Yetersiz Beslenmeden Endi\u015fe Duyuyor","breadcrumb":{"@id":"https:\/\/shiawaves.com\/turkish\/2025\/02\/11\/bm-afgan-cocuklari-arasinda-artan-yetersiz-beslenmeden-endise-duyuyor\/#breadcrumb"},"inLanguage":"tr","potentialAction":[{"@type":"ReadAction","target":["https:\/\/shiawaves.com\/turkish\/2025\/02\/11\/bm-afgan-cocuklari-arasinda-artan-yetersiz-beslenmeden-endise-duyuyor\/"]}]},{"@type":"ImageObject","inLanguage":"tr","@id":"https:\/\/shiawaves.com\/turkish\/2025\/02\/11\/bm-afgan-cocuklari-arasinda-artan-yetersiz-beslenmeden-endise-duyuyor\/#primaryimage","url":"https:\/\/shiawaves.com\/turkish\/wp-content\/uploads\/sites\/6\/2025\/02\/image-108.png","contentUrl":"https:\/\/shiawaves.com\/turkish\/wp-content\/uploads\/sites\/6\/2025\/02\/image-108.png","width":768,"height":437,"caption":"BM, Afgan \u00c7ocuklar\u0131 Aras\u0131nda Artan Yetersiz Beslenmeden Endi\u015fe Duyuyor"},{"@type":"BreadcrumbList","@id":"https:\/\/shiawaves.com\/turkish\/2025\/02\/11\/bm-afgan-cocuklari-arasinda-artan-yetersiz-beslenmeden-endise-duyuyor\/#breadcrumb","itemListElement":[{"@type":"ListItem","position":1,"name":"Home","item":"https:\/\/shiawaves.com\/turkish\/"},{"@type":"ListItem","position":2,"name":"BM, Afgan \u00c7ocuklar\u0131 Aras\u0131nda Artan Yetersiz Beslenmeden Endi\u015fe Duyuyor"}]},{"@type":"WebSite","@id":"https:\/\/shiawaves.com\/turkish\/#website","url":"https:\/\/shiawaves.com\/turkish\/","name":"ShiaWaves Turkish - \u015eia Haberleri","description":"","potentialAction":[{"@type":"SearchAction","target":{"@type":"EntryPoint","urlTemplate":"https:\/\/shiawaves.com\/turkish\/?s={search_term_string}"},"query-input":{"@type":"PropertyValueSpecification","valueRequired":true,"valueName":"search_term_string"}}],"inLanguage":"tr"},{"@type":"Person","@id":"https:\/\/shiawaves.com\/turkish\/#\/schema\/person\/9f68d5023e948086b9348fba5aebd954","name":"modir","image":{"@type":"ImageObject","inLanguage":"tr","@id":"https:\/\/shiawaves.com\/turkish\/#\/schema\/person\/image\/","url":"https:\/\/secure.gravatar.com\/avatar\/8e76f93cdbdd480bd8918d1e0e1d938664c9cb1516c2a57a2b96fe50b507a6b9?s=96&d=mm&r=g","contentUrl":"https:\/\/secure.gravatar.com\/avatar\/8e76f93cdbdd480bd8918d1e0e1d938664c9cb1516c2a57a2b96fe50b507a6b9?s=96&d=mm&r=g","caption":"modir"},"sameAs":["https:\/\/shiawaves.com"],"url":"https:\/\/shiawaves.com\/turkish\/author\/modir\/"}]}},"_links":{"self":[{"href":"https:\/\/shiawaves.com\/turkish\/wp-json\/wp\/v2\/posts\/111689","targetHints":{"allow":["GET"]}}],"collection":[{"href":"https:\/\/shiawaves.com\/turkish\/wp-json\/wp\/v2\/posts"}],"about":[{"href":"https:\/\/shiawaves.com\/turkish\/wp-json\/wp\/v2\/types\/post"}],"author":[{"embeddable":true,"href":"https:\/\/shiawaves.com\/turkish\/wp-json\/wp\/v2\/users\/1"}],"replies":[{"embeddable":true,"href":"https:\/\/shiawaves.com\/turkish\/wp-json\/wp\/v2\/comments?post=111689"}],"version-history":[{"count":1,"href":"https:\/\/shiawaves.com\/turkish\/wp-json\/wp\/v2\/posts\/111689\/revisions"}],"predecessor-version":[{"id":111691,"href":"https:\/\/shiawaves.com\/turkish\/wp-json\/wp\/v2\/posts\/111689\/revisions\/111691"}],"wp:featuredmedia":[{"embeddable":true,"href":"https:\/\/shiawaves.com\/turkish\/wp-json\/wp\/v2\/media\/111690"}],"wp:attachment":[{"href":"https:\/\/shiawaves.com\/turkish\/wp-json\/wp\/v2\/media?parent=111689"}],"wp:term":[{"taxonomy":"category","embeddable":true,"href":"https:\/\/shiawaves.com\/turkish\/wp-json\/wp\/v2\/categories?post=111689"},{"taxonomy":"post_tag","embeddable":true,"href":"https:\/\/shiawaves.com\/turkish\/wp-json\/wp\/v2\/tags?post=111689"}],"curies":[{"name":"wp","href":"https:\/\/api.w.org\/{rel}","templated":true}]}}