{"id":111584,"date":"2025-02-07T23:45:00","date_gmt":"2025-02-07T20:45:00","guid":{"rendered":"https:\/\/shiawaves.com\/turkish\/?p=111584"},"modified":"2025-02-07T23:16:22","modified_gmt":"2025-02-07T20:16:22","slug":"bm-dunya-capinda-72-milyon-multeci-cocuk-egitimden-mahrum","status":"publish","type":"post","link":"https:\/\/shiawaves.com\/turkish\/2025\/02\/07\/bm-dunya-capinda-72-milyon-multeci-cocuk-egitimden-mahrum\/","title":{"rendered":"BM: D\u00fcnya \u00c7ap\u0131nda 7,2 Milyon M\u00fclteci \u00c7ocuk E\u011fitimden Mahrum"},"content":{"rendered":"\n<p><strong>Birle\u015fmi\u015f Milletler M\u00fclteciler Y\u00fcksek Komiserli\u011fi (UNHCR), d\u00fcnya genelinde yedi milyondan fazla m\u00fclteci \u00e7ocu\u011fun e\u011fitimden mahrum kald\u0131\u011f\u0131n\u0131 duyurdu.<\/strong><\/p>\n\n\n\n<p><strong>Raporda, e\u011fitimden yoksun kalman\u0131n bu \u00e7ocuklar\u0131n gelece\u011fini tehlikeye att\u0131\u011f\u0131, kendileri ve toplumlar\u0131 a\u00e7\u0131s\u0131ndan telafisi imkans\u0131z sonu\u00e7lar do\u011furabilece\u011fi vurgulan\u0131yor.<\/strong><\/p>\n\n\n\n<figure class=\"wp-block-image size-large\"><img loading=\"lazy\" decoding=\"async\" width=\"1024\" height=\"707\" src=\"https:\/\/shiawaves.com\/turkish\/wp-content\/uploads\/sites\/6\/2025\/02\/IMG_0581-1024x707.jpeg\" alt=\"\" class=\"wp-image-111585\" srcset=\"https:\/\/shiawaves.com\/turkish\/wp-content\/uploads\/sites\/6\/2025\/02\/IMG_0581-1024x707.jpeg 1024w, https:\/\/shiawaves.com\/turkish\/wp-content\/uploads\/sites\/6\/2025\/02\/IMG_0581-300x207.jpeg 300w, https:\/\/shiawaves.com\/turkish\/wp-content\/uploads\/sites\/6\/2025\/02\/IMG_0581-768x530.jpeg 768w, https:\/\/shiawaves.com\/turkish\/wp-content\/uploads\/sites\/6\/2025\/02\/IMG_0581.jpeg 1217w\" sizes=\"auto, (max-width: 1024px) 100vw, 1024px\" \/><\/figure>\n\n\n\n<p><strong>E\u011fitimin her \u00e7ocu\u011fun vazge\u00e7ilmez hakk\u0131 olarak kabul edildi\u011fi bir d\u00fcnyada, 7,2 milyon m\u00fclteci \u00e7ocuk adaletsizli\u011fin unutulmu\u015f g\u00f6lgesinde ya\u015f\u0131yor.<\/strong><\/p>\n\n\n\n<p><strong>Birle\u015fmi\u015f Milletler M\u00fclteciler Y\u00fcksek Komiserli\u011fi&#8217;nin yeni raporu ac\u0131 ger\u00e7e\u011fi ortaya koydu.<\/strong><\/p>\n\n\n\n<p><strong>Sava\u015ftan ve \u015fiddetten ka\u00e7an \u00e7ocuklar art\u0131k m\u00fclteci kamplar\u0131nda; sadece evlerini ve ailelerini de\u011fil, ayn\u0131 zamanda geleceklerini de kaybettiler.<\/strong><\/p>\n\n\n\n<p><strong>Kalem ve kitaplarla ayd\u0131nlanabilecek bir gelecek, \u015fimdi cehaletin karanl\u0131\u011f\u0131nda kaybolmu\u015f durumda.<\/strong><\/p>\n\n\n\n<p><strong>BM M\u00fclteciler Y\u00fcksek Komiseri Filippo Grandi, bu raporda, m\u00fclteci \u00e7ocuklar\u0131n e\u011fitimden mahrum b\u0131rak\u0131lmas\u0131n\u0131n yaln\u0131zca bir insanl\u0131k trajedisi de\u011fil, ayn\u0131 zamanda uluslararas\u0131 toplum i\u00e7in b\u00fcy\u00fck bir ba\u015far\u0131s\u0131zl\u0131k oldu\u011funu endi\u015fe dolu bir \u00fcslupla vurgulad\u0131.<\/strong><\/p>\n\n\n\n<p><strong>Daha iyi bir gelece\u011fin in\u015fac\u0131lar\u0131 olabilecek bu \u00e7ocuklar, \u015fimdi yoksulluk ve yoksunluk d\u00f6ng\u00fcs\u00fcne hapsolmu\u015f durumdalar.<\/strong><\/p>\n\n\n\n<p><strong>5 \u015eubat \u00c7ar\u015famba g\u00fcn\u00fc yay\u0131mlanan rapora g\u00f6re, 14,8 milyon okul \u00e7a\u011f\u0131ndaki m\u00fclteci \u00e7ocu\u011fun neredeyse yar\u0131s\u0131, yoksulluk, \u00e7at\u0131\u015fma ve tesis eksikli\u011fi gibi engeller nedeniyle e\u011fitim hakk\u0131ndan mahrum kal\u0131yor.<\/strong><\/p>\n\n\n\n<p><strong>Raporda, m\u00fclteci \u00e7ocuklar\u0131n yaln\u0131zca y\u00fczde 63&#8217;\u00fcn\u00fcn ilk\u00f6\u011fretime eri\u015febildi\u011fi, orta\u00f6\u011fretimde bu oran\u0131n y\u00fczde 24&#8217;e d\u00fc\u015ft\u00fc\u011f\u00fc belirtiliyor.<\/strong><\/p>\n\n\n\n<p><strong>Y\u00fcksek\u00f6\u011fretimde ise bu oran y\u00fczde 3\u2019\u00fcn alt\u0131na d\u00fc\u015f\u00fcyor ve bu rakamlar felaketin derinli\u011fini g\u00f6steren bir istatistik.<\/strong><\/p>\n\n\n\n<figure class=\"wp-block-image size-large\"><img loading=\"lazy\" decoding=\"async\" width=\"1024\" height=\"584\" src=\"https:\/\/shiawaves.com\/turkish\/wp-content\/uploads\/sites\/6\/2025\/02\/IMG_0580-1024x584.jpeg\" alt=\"\" class=\"wp-image-111586\" srcset=\"https:\/\/shiawaves.com\/turkish\/wp-content\/uploads\/sites\/6\/2025\/02\/IMG_0580-1024x584.jpeg 1024w, https:\/\/shiawaves.com\/turkish\/wp-content\/uploads\/sites\/6\/2025\/02\/IMG_0580-300x171.jpeg 300w, https:\/\/shiawaves.com\/turkish\/wp-content\/uploads\/sites\/6\/2025\/02\/IMG_0580-768x438.jpeg 768w, https:\/\/shiawaves.com\/turkish\/wp-content\/uploads\/sites\/6\/2025\/02\/IMG_0580.jpeg 1189w\" sizes=\"auto, (max-width: 1024px) 100vw, 1024px\" \/><\/figure>\n\n\n\n<p><strong>Doktor, m\u00fchendis, \u00f6\u011fretmen olma hayalini kurmas\u0131 gereken \u00e7ocuklar \u015fimdi hayatta kalma m\u00fccadelesi vermek ve hayallerini sava\u015f\u0131n ac\u0131 an\u0131lar\u0131n\u0131n bir k\u00f6\u015fesine g\u00f6mmek zorunda kal\u0131yorlar.<\/strong><\/p>\n\n\n\n<p><strong>Ancak bu sadece bir e\u011fitim krizi de\u011fil. Bu, k\u00fcresel \u00f6l\u00e7ekte derin e\u015fitsizliklerden kaynaklanan bir krizdir.<\/strong><\/p>\n\n\n\n<p><strong>Geli\u015fmi\u015f \u00fclkeler Mars&#8217;a uzay arac\u0131 g\u00f6nderirken milyonlarca m\u00fclteci \u00e7ocuk en temel haklar\u0131ndan biri olan e\u011fitimden bile mahrum b\u0131rak\u0131l\u0131yor.<\/strong><\/p>\n\n\n\n<p><strong>Bu rapor yaln\u0131zca bir uyar\u0131 de\u011fil, ayn\u0131 zamanda k\u00fcresel vicdana bir \u00e7a\u011fr\u0131d\u0131r.<\/strong><\/p>\n\n\n\n<p><strong>E\u011fer d\u00fcnya ger\u00e7ekten bar\u0131\u015f ve adalet istiyorsa, gelece\u011finin bug\u00fcn\u00fcn \u00e7ocuklar\u0131n\u0131n elinde \u015fekillendi\u011fini unutmamas\u0131 gerekiyor. Sava\u015f ve g\u00f6\u00e7 yerine kitaplarla, kalemlerle tan\u0131\u015fmay\u0131, hayallerini ger\u00e7e\u011fe d\u00f6n\u00fc\u015ft\u00fcrmeyi hak eden \u00e7ocuklar\u2026<\/strong><\/p>\n","protected":false},"excerpt":{"rendered":"<p>Birle\u015fmi\u015f Milletler M\u00fclteciler Y\u00fcksek Komiserli\u011fi (UNHCR), d\u00fcnya genelinde yedi milyondan fazla m\u00fclteci \u00e7ocu\u011fun e\u011fitimden mahrum kald\u0131\u011f\u0131n\u0131 duyurdu. Raporda, e\u011fitimden yoksun kalman\u0131n bu \u00e7ocuklar\u0131n gelece\u011fini tehlikeye att\u0131\u011f\u0131, kendileri ve toplumlar\u0131 a\u00e7\u0131s\u0131ndan telafisi imkans\u0131z sonu\u00e7lar do\u011furabilece\u011fi vurgulan\u0131yor. E\u011fitimin her \u00e7ocu\u011fun vazge\u00e7ilmez hakk\u0131 olarak kabul edildi\u011fi bir d\u00fcnyada, 7,2 milyon m\u00fclteci \u00e7ocuk adaletsizli\u011fin unutulmu\u015f g\u00f6lgesinde ya\u015f\u0131yor. Birle\u015fmi\u015f Milletler &hellip;<\/p>\n","protected":false},"author":1,"featured_media":0,"comment_status":"open","ping_status":"open","sticky":false,"template":"","format":"standard","meta":{"rop_custom_images_group":[],"rop_custom_messages_group":[],"rop_publish_now":"initial","rop_publish_now_accounts":[],"rop_publish_now_history":[],"rop_publish_now_status":"pending","footnotes":""},"categories":[8],"tags":[2227],"class_list":["post-111584","post","type-post","status-publish","format-standard","hentry","category-afghanistan","tag-bmdnyaapnda7"],"_wp_page_template":null,"_wp_attached_file":null,"_wp_attachment_metadata":null,"_edit_lock":"1738959383:1","yoast_head":"<!-- This site is optimized with the Yoast SEO plugin v24.3 - https:\/\/yoast.com\/wordpress\/plugins\/seo\/ -->\n<title>BM: D\u00fcnya \u00c7ap\u0131nda 7,2 Milyon M\u00fclteci \u00c7ocuk E\u011fitimden Mahrum - ShiaWaves Turkish - \u015eia Haberleri<\/title>\n<meta name=\"robots\" content=\"index, follow, max-snippet:-1, max-image-preview:large, max-video-preview:-1\" \/>\n<link rel=\"canonical\" href=\"https:\/\/shiawaves.com\/turkish\/2025\/02\/07\/bm-dunya-capinda-72-milyon-multeci-cocuk-egitimden-mahrum\/\" \/>\n<meta property=\"og:locale\" content=\"tr_TR\" \/>\n<meta property=\"og:type\" content=\"article\" \/>\n<meta property=\"og:title\" content=\"BM: D\u00fcnya \u00c7ap\u0131nda 7,2 Milyon M\u00fclteci \u00c7ocuk E\u011fitimden Mahrum - ShiaWaves Turkish - \u015eia Haberleri\" \/>\n<meta property=\"og:description\" content=\"Birle\u015fmi\u015f Milletler M\u00fclteciler Y\u00fcksek Komiserli\u011fi (UNHCR), d\u00fcnya genelinde yedi milyondan fazla m\u00fclteci \u00e7ocu\u011fun e\u011fitimden mahrum kald\u0131\u011f\u0131n\u0131 duyurdu. Raporda, e\u011fitimden yoksun kalman\u0131n bu \u00e7ocuklar\u0131n gelece\u011fini tehlikeye att\u0131\u011f\u0131, kendileri ve toplumlar\u0131 a\u00e7\u0131s\u0131ndan telafisi imkans\u0131z sonu\u00e7lar do\u011furabilece\u011fi vurgulan\u0131yor. E\u011fitimin her \u00e7ocu\u011fun vazge\u00e7ilmez hakk\u0131 olarak kabul edildi\u011fi bir d\u00fcnyada, 7,2 milyon m\u00fclteci \u00e7ocuk adaletsizli\u011fin unutulmu\u015f g\u00f6lgesinde ya\u015f\u0131yor. Birle\u015fmi\u015f Milletler &hellip;\" \/>\n<meta property=\"og:url\" content=\"https:\/\/shiawaves.com\/turkish\/2025\/02\/07\/bm-dunya-capinda-72-milyon-multeci-cocuk-egitimden-mahrum\/\" \/>\n<meta property=\"og:site_name\" content=\"ShiaWaves Turkish - \u015eia Haberleri\" \/>\n<meta property=\"article:published_time\" content=\"2025-02-07T20:45:00+00:00\" \/>\n<meta property=\"article:modified_time\" content=\"2025-02-07T20:16:22+00:00\" \/>\n<meta property=\"og:image\" content=\"https:\/\/shiawaves.com\/turkish\/wp-content\/uploads\/sites\/6\/2025\/02\/IMG_0581.jpeg\" \/>\n\t<meta property=\"og:image:width\" content=\"1217\" \/>\n\t<meta property=\"og:image:height\" content=\"840\" \/>\n\t<meta property=\"og:image:type\" content=\"image\/jpeg\" \/>\n<meta name=\"author\" content=\"modir\" \/>\n<meta name=\"twitter:card\" content=\"summary_large_image\" \/>\n<meta name=\"twitter:label1\" content=\"Yazan:\" \/>\n\t<meta name=\"twitter:data1\" content=\"modir\" \/>\n\t<meta name=\"twitter:label2\" content=\"Tahmini okuma s\u00fcresi\" \/>\n\t<meta name=\"twitter:data2\" content=\"3 dakika\" \/>\n<script type=\"application\/ld+json\" class=\"yoast-schema-graph\">{\"@context\":\"https:\/\/schema.org\",\"@graph\":[{\"@type\":\"WebPage\",\"@id\":\"https:\/\/shiawaves.com\/turkish\/2025\/02\/07\/bm-dunya-capinda-72-milyon-multeci-cocuk-egitimden-mahrum\/\",\"url\":\"https:\/\/shiawaves.com\/turkish\/2025\/02\/07\/bm-dunya-capinda-72-milyon-multeci-cocuk-egitimden-mahrum\/\",\"name\":\"BM: D\u00fcnya \u00c7ap\u0131nda 7,2 Milyon M\u00fclteci \u00c7ocuk E\u011fitimden Mahrum - ShiaWaves Turkish - \u015eia Haberleri\",\"isPartOf\":{\"@id\":\"https:\/\/shiawaves.com\/turkish\/#website\"},\"primaryImageOfPage\":{\"@id\":\"https:\/\/shiawaves.com\/turkish\/2025\/02\/07\/bm-dunya-capinda-72-milyon-multeci-cocuk-egitimden-mahrum\/#primaryimage\"},\"image\":{\"@id\":\"https:\/\/shiawaves.com\/turkish\/2025\/02\/07\/bm-dunya-capinda-72-milyon-multeci-cocuk-egitimden-mahrum\/#primaryimage\"},\"thumbnailUrl\":\"https:\/\/shiawaves.com\/turkish\/wp-content\/uploads\/sites\/6\/2025\/02\/IMG_0581-1024x707.jpeg\",\"datePublished\":\"2025-02-07T20:45:00+00:00\",\"dateModified\":\"2025-02-07T20:16:22+00:00\",\"author\":{\"@id\":\"https:\/\/shiawaves.com\/turkish\/#\/schema\/person\/9f68d5023e948086b9348fba5aebd954\"},\"breadcrumb\":{\"@id\":\"https:\/\/shiawaves.com\/turkish\/2025\/02\/07\/bm-dunya-capinda-72-milyon-multeci-cocuk-egitimden-mahrum\/#breadcrumb\"},\"inLanguage\":\"tr\",\"potentialAction\":[{\"@type\":\"ReadAction\",\"target\":[\"https:\/\/shiawaves.com\/turkish\/2025\/02\/07\/bm-dunya-capinda-72-milyon-multeci-cocuk-egitimden-mahrum\/\"]}]},{\"@type\":\"ImageObject\",\"inLanguage\":\"tr\",\"@id\":\"https:\/\/shiawaves.com\/turkish\/2025\/02\/07\/bm-dunya-capinda-72-milyon-multeci-cocuk-egitimden-mahrum\/#primaryimage\",\"url\":\"https:\/\/shiawaves.com\/turkish\/wp-content\/uploads\/sites\/6\/2025\/02\/IMG_0581.jpeg\",\"contentUrl\":\"https:\/\/shiawaves.com\/turkish\/wp-content\/uploads\/sites\/6\/2025\/02\/IMG_0581.jpeg\",\"width\":1217,\"height\":840},{\"@type\":\"BreadcrumbList\",\"@id\":\"https:\/\/shiawaves.com\/turkish\/2025\/02\/07\/bm-dunya-capinda-72-milyon-multeci-cocuk-egitimden-mahrum\/#breadcrumb\",\"itemListElement\":[{\"@type\":\"ListItem\",\"position\":1,\"name\":\"Home\",\"item\":\"https:\/\/shiawaves.com\/turkish\/\"},{\"@type\":\"ListItem\",\"position\":2,\"name\":\"BM: D\u00fcnya \u00c7ap\u0131nda 7,2 Milyon M\u00fclteci \u00c7ocuk E\u011fitimden Mahrum\"}]},{\"@type\":\"WebSite\",\"@id\":\"https:\/\/shiawaves.com\/turkish\/#website\",\"url\":\"https:\/\/shiawaves.com\/turkish\/\",\"name\":\"ShiaWaves Turkish - \u015eia Haberleri\",\"description\":\"\",\"potentialAction\":[{\"@type\":\"SearchAction\",\"target\":{\"@type\":\"EntryPoint\",\"urlTemplate\":\"https:\/\/shiawaves.com\/turkish\/?s={search_term_string}\"},\"query-input\":{\"@type\":\"PropertyValueSpecification\",\"valueRequired\":true,\"valueName\":\"search_term_string\"}}],\"inLanguage\":\"tr\"},{\"@type\":\"Person\",\"@id\":\"https:\/\/shiawaves.com\/turkish\/#\/schema\/person\/9f68d5023e948086b9348fba5aebd954\",\"name\":\"modir\",\"image\":{\"@type\":\"ImageObject\",\"inLanguage\":\"tr\",\"@id\":\"https:\/\/shiawaves.com\/turkish\/#\/schema\/person\/image\/\",\"url\":\"https:\/\/secure.gravatar.com\/avatar\/8e76f93cdbdd480bd8918d1e0e1d938664c9cb1516c2a57a2b96fe50b507a6b9?s=96&d=mm&r=g\",\"contentUrl\":\"https:\/\/secure.gravatar.com\/avatar\/8e76f93cdbdd480bd8918d1e0e1d938664c9cb1516c2a57a2b96fe50b507a6b9?s=96&d=mm&r=g\",\"caption\":\"modir\"},\"sameAs\":[\"https:\/\/shiawaves.com\"],\"url\":\"https:\/\/shiawaves.com\/turkish\/author\/modir\/\"}]}<\/script>\n<!-- \/ Yoast SEO plugin. -->","yoast_head_json":{"title":"BM: D\u00fcnya \u00c7ap\u0131nda 7,2 Milyon M\u00fclteci \u00c7ocuk E\u011fitimden Mahrum - ShiaWaves Turkish - \u015eia Haberleri","robots":{"index":"index","follow":"follow","max-snippet":"max-snippet:-1","max-image-preview":"max-image-preview:large","max-video-preview":"max-video-preview:-1"},"canonical":"https:\/\/shiawaves.com\/turkish\/2025\/02\/07\/bm-dunya-capinda-72-milyon-multeci-cocuk-egitimden-mahrum\/","og_locale":"tr_TR","og_type":"article","og_title":"BM: D\u00fcnya \u00c7ap\u0131nda 7,2 Milyon M\u00fclteci \u00c7ocuk E\u011fitimden Mahrum - ShiaWaves Turkish - \u015eia Haberleri","og_description":"Birle\u015fmi\u015f Milletler M\u00fclteciler Y\u00fcksek Komiserli\u011fi (UNHCR), d\u00fcnya genelinde yedi milyondan fazla m\u00fclteci \u00e7ocu\u011fun e\u011fitimden mahrum kald\u0131\u011f\u0131n\u0131 duyurdu. Raporda, e\u011fitimden yoksun kalman\u0131n bu \u00e7ocuklar\u0131n gelece\u011fini tehlikeye att\u0131\u011f\u0131, kendileri ve toplumlar\u0131 a\u00e7\u0131s\u0131ndan telafisi imkans\u0131z sonu\u00e7lar do\u011furabilece\u011fi vurgulan\u0131yor. E\u011fitimin her \u00e7ocu\u011fun vazge\u00e7ilmez hakk\u0131 olarak kabul edildi\u011fi bir d\u00fcnyada, 7,2 milyon m\u00fclteci \u00e7ocuk adaletsizli\u011fin unutulmu\u015f g\u00f6lgesinde ya\u015f\u0131yor. Birle\u015fmi\u015f Milletler &hellip;","og_url":"https:\/\/shiawaves.com\/turkish\/2025\/02\/07\/bm-dunya-capinda-72-milyon-multeci-cocuk-egitimden-mahrum\/","og_site_name":"ShiaWaves Turkish - \u015eia Haberleri","article_published_time":"2025-02-07T20:45:00+00:00","article_modified_time":"2025-02-07T20:16:22+00:00","og_image":[{"width":1217,"height":840,"url":"https:\/\/shiawaves.com\/turkish\/wp-content\/uploads\/sites\/6\/2025\/02\/IMG_0581.jpeg","type":"image\/jpeg"}],"author":"modir","twitter_card":"summary_large_image","twitter_misc":{"Yazan:":"modir","Tahmini okuma s\u00fcresi":"3 dakika"},"schema":{"@context":"https:\/\/schema.org","@graph":[{"@type":"WebPage","@id":"https:\/\/shiawaves.com\/turkish\/2025\/02\/07\/bm-dunya-capinda-72-milyon-multeci-cocuk-egitimden-mahrum\/","url":"https:\/\/shiawaves.com\/turkish\/2025\/02\/07\/bm-dunya-capinda-72-milyon-multeci-cocuk-egitimden-mahrum\/","name":"BM: D\u00fcnya \u00c7ap\u0131nda 7,2 Milyon M\u00fclteci \u00c7ocuk E\u011fitimden Mahrum - ShiaWaves Turkish - \u015eia Haberleri","isPartOf":{"@id":"https:\/\/shiawaves.com\/turkish\/#website"},"primaryImageOfPage":{"@id":"https:\/\/shiawaves.com\/turkish\/2025\/02\/07\/bm-dunya-capinda-72-milyon-multeci-cocuk-egitimden-mahrum\/#primaryimage"},"image":{"@id":"https:\/\/shiawaves.com\/turkish\/2025\/02\/07\/bm-dunya-capinda-72-milyon-multeci-cocuk-egitimden-mahrum\/#primaryimage"},"thumbnailUrl":"https:\/\/shiawaves.com\/turkish\/wp-content\/uploads\/sites\/6\/2025\/02\/IMG_0581-1024x707.jpeg","datePublished":"2025-02-07T20:45:00+00:00","dateModified":"2025-02-07T20:16:22+00:00","author":{"@id":"https:\/\/shiawaves.com\/turkish\/#\/schema\/person\/9f68d5023e948086b9348fba5aebd954"},"breadcrumb":{"@id":"https:\/\/shiawaves.com\/turkish\/2025\/02\/07\/bm-dunya-capinda-72-milyon-multeci-cocuk-egitimden-mahrum\/#breadcrumb"},"inLanguage":"tr","potentialAction":[{"@type":"ReadAction","target":["https:\/\/shiawaves.com\/turkish\/2025\/02\/07\/bm-dunya-capinda-72-milyon-multeci-cocuk-egitimden-mahrum\/"]}]},{"@type":"ImageObject","inLanguage":"tr","@id":"https:\/\/shiawaves.com\/turkish\/2025\/02\/07\/bm-dunya-capinda-72-milyon-multeci-cocuk-egitimden-mahrum\/#primaryimage","url":"https:\/\/shiawaves.com\/turkish\/wp-content\/uploads\/sites\/6\/2025\/02\/IMG_0581.jpeg","contentUrl":"https:\/\/shiawaves.com\/turkish\/wp-content\/uploads\/sites\/6\/2025\/02\/IMG_0581.jpeg","width":1217,"height":840},{"@type":"BreadcrumbList","@id":"https:\/\/shiawaves.com\/turkish\/2025\/02\/07\/bm-dunya-capinda-72-milyon-multeci-cocuk-egitimden-mahrum\/#breadcrumb","itemListElement":[{"@type":"ListItem","position":1,"name":"Home","item":"https:\/\/shiawaves.com\/turkish\/"},{"@type":"ListItem","position":2,"name":"BM: D\u00fcnya \u00c7ap\u0131nda 7,2 Milyon M\u00fclteci \u00c7ocuk E\u011fitimden Mahrum"}]},{"@type":"WebSite","@id":"https:\/\/shiawaves.com\/turkish\/#website","url":"https:\/\/shiawaves.com\/turkish\/","name":"ShiaWaves Turkish - \u015eia Haberleri","description":"","potentialAction":[{"@type":"SearchAction","target":{"@type":"EntryPoint","urlTemplate":"https:\/\/shiawaves.com\/turkish\/?s={search_term_string}"},"query-input":{"@type":"PropertyValueSpecification","valueRequired":true,"valueName":"search_term_string"}}],"inLanguage":"tr"},{"@type":"Person","@id":"https:\/\/shiawaves.com\/turkish\/#\/schema\/person\/9f68d5023e948086b9348fba5aebd954","name":"modir","image":{"@type":"ImageObject","inLanguage":"tr","@id":"https:\/\/shiawaves.com\/turkish\/#\/schema\/person\/image\/","url":"https:\/\/secure.gravatar.com\/avatar\/8e76f93cdbdd480bd8918d1e0e1d938664c9cb1516c2a57a2b96fe50b507a6b9?s=96&d=mm&r=g","contentUrl":"https:\/\/secure.gravatar.com\/avatar\/8e76f93cdbdd480bd8918d1e0e1d938664c9cb1516c2a57a2b96fe50b507a6b9?s=96&d=mm&r=g","caption":"modir"},"sameAs":["https:\/\/shiawaves.com"],"url":"https:\/\/shiawaves.com\/turkish\/author\/modir\/"}]}},"_links":{"self":[{"href":"https:\/\/shiawaves.com\/turkish\/wp-json\/wp\/v2\/posts\/111584","targetHints":{"allow":["GET"]}}],"collection":[{"href":"https:\/\/shiawaves.com\/turkish\/wp-json\/wp\/v2\/posts"}],"about":[{"href":"https:\/\/shiawaves.com\/turkish\/wp-json\/wp\/v2\/types\/post"}],"author":[{"embeddable":true,"href":"https:\/\/shiawaves.com\/turkish\/wp-json\/wp\/v2\/users\/1"}],"replies":[{"embeddable":true,"href":"https:\/\/shiawaves.com\/turkish\/wp-json\/wp\/v2\/comments?post=111584"}],"version-history":[{"count":1,"href":"https:\/\/shiawaves.com\/turkish\/wp-json\/wp\/v2\/posts\/111584\/revisions"}],"predecessor-version":[{"id":111587,"href":"https:\/\/shiawaves.com\/turkish\/wp-json\/wp\/v2\/posts\/111584\/revisions\/111587"}],"wp:attachment":[{"href":"https:\/\/shiawaves.com\/turkish\/wp-json\/wp\/v2\/media?parent=111584"}],"wp:term":[{"taxonomy":"category","embeddable":true,"href":"https:\/\/shiawaves.com\/turkish\/wp-json\/wp\/v2\/categories?post=111584"},{"taxonomy":"post_tag","embeddable":true,"href":"https:\/\/shiawaves.com\/turkish\/wp-json\/wp\/v2\/tags?post=111584"}],"curies":[{"name":"wp","href":"https:\/\/api.w.org\/{rel}","templated":true}]}}