{"id":111362,"date":"2025-02-01T18:00:00","date_gmt":"2025-02-01T15:00:00","guid":{"rendered":"https:\/\/shiawaves.com\/turkish\/?p=111362"},"modified":"2025-02-01T15:50:56","modified_gmt":"2025-02-01T12:50:56","slug":"afganistanda-su-krizi-susuzluk-ve-ilgisizlik-arasindaki-hayat","status":"publish","type":"post","link":"https:\/\/shiawaves.com\/turkish\/2025\/02\/01\/afganistanda-su-krizi-susuzluk-ve-ilgisizlik-arasindaki-hayat\/","title":{"rendered":"Afganistan&#8217;da Su Krizi; Susuzluk ve \u0130lgisizlik Aras\u0131ndaki Hayat"},"content":{"rendered":"\n<p>BM&#8217;nin yeni raporuna g\u00f6re, Afganistan&#8217;daki ailelerin yakla\u015f\u0131k y\u00fczde 40&#8217;\u0131 kaynaklar\u0131n kurumas\u0131 nedeniyle ciddi su s\u0131k\u0131nt\u0131s\u0131 ya\u015f\u0131yor.<\/p>\n\n\n\n<p>\u0130klim de\u011fi\u015fikli\u011fi ve tekrarlayan kurakl\u0131klar su krizini felaketin e\u015fi\u011fine getirirken, Taliban&#8217;\u0131n bu sorunu \u00e7\u00f6zme kapasitesi ve plan\u0131 yok.<\/p>\n\n\n\n<figure class=\"wp-block-image size-large\"><img loading=\"lazy\" decoding=\"async\" width=\"1024\" height=\"610\" src=\"https:\/\/shiawaves.com\/turkish\/wp-content\/uploads\/sites\/6\/2025\/02\/image-19-1024x610.png\" alt=\"\" class=\"wp-image-111363\" srcset=\"https:\/\/shiawaves.com\/turkish\/wp-content\/uploads\/sites\/6\/2025\/02\/image-19-1024x610.png 1024w, https:\/\/shiawaves.com\/turkish\/wp-content\/uploads\/sites\/6\/2025\/02\/image-19-300x179.png 300w, https:\/\/shiawaves.com\/turkish\/wp-content\/uploads\/sites\/6\/2025\/02\/image-19-768x457.png 768w, https:\/\/shiawaves.com\/turkish\/wp-content\/uploads\/sites\/6\/2025\/02\/image-19.png 1080w\" sizes=\"auto, (max-width: 1024px) 100vw, 1024px\" \/><\/figure>\n\n\n\n<p>BM \u0130nsani \u0130\u015fler Koordinasyon Ofisi (OCHA) son raporunda, Afganistan&#8217;daki ailelerin y\u00fczde 39&#8217;unun kaynaklar\u0131n kurumas\u0131 nedeniyle ciddi su s\u0131k\u0131nt\u0131s\u0131yla kar\u015f\u0131 kar\u015f\u0131ya oldu\u011funu duyurdu.<\/p>\n\n\n\n<p>Baz\u0131 b\u00f6lgelerde su o kadar k\u0131tla\u015ft\u0131 ki, b\u00f6lge sakinleri her yudumda hem umut hemde hastal\u0131k kokusu olan kirli su kaynaklar\u0131n\u0131 kullanmak zorunda kal\u0131yor.<\/p>\n\n\n\n<p>OCHA, Afgan n\u00fcfusunun y\u00fczde 23&#8217;\u00fcn\u00fcn h\u00e2l\u00e2 sa\u011fl\u0131ks\u0131z su kaynaklar\u0131n\u0131 kulland\u0131\u011f\u0131n\u0131 ve bunun son derece tehlikeli bir durum oldu\u011funu s\u00f6yl\u00fcyor.<\/p>\n\n\n\n<p>OCHA, ortaklar\u0131n\u0131n 2025 y\u0131l\u0131na kadar su, sanitasyon ve hijyen hizmetlerine \u00f6ncelik vermek i\u00e7in 264 milyon dolara ihtiya\u00e7 duydu\u011funu, ancak bug\u00fcne kadar yaln\u0131zca 8,4 milyon dolar alabildiklerini s\u00f6yledi.<\/p>\n\n\n\n<p>Birle\u015fmi\u015f Milletler, bu krize ek olarak Afgan halk\u0131n\u0131n y\u00fczde 28&#8217;inin hijyenik olmayan tuvaletleri kulland\u0131\u011f\u0131n\u0131, bunun da halk sa\u011fl\u0131\u011f\u0131n\u0131 ciddi \u015fekilde tehdit etti\u011fini ve hastal\u0131klar\u0131n yay\u0131lmas\u0131na katk\u0131da bulundu\u011funu belirtti.<\/p>\n\n\n\n<p>Tekrarlayan kurakl\u0131klar ve iklim de\u011fi\u015fikli\u011fi Afganistan&#8217;\u0131n su kaynaklar\u0131n\u0131 ciddi \u015fekilde etkiledi. Ba\u015fkent Kabil&#8217;de yeralt\u0131 su seviyelerinde ciddi bir d\u00fc\u015f\u00fc\u015f ya\u015fan\u0131yor.<\/p>\n\n\n\n<p>Birle\u015fmi\u015f Milletler \u00c7ocuklara Yard\u0131m Fonu (UNICEF), acil \u00f6nlem al\u0131nmazsa Kabil&#8217;in 2030 y\u0131l\u0131na kadar ciddi su s\u0131k\u0131nt\u0131s\u0131yla kar\u015f\u0131 kar\u015f\u0131ya kalaca\u011f\u0131 uyar\u0131s\u0131nda bulundu.<\/p>\n\n\n\n<p>Bu arada Kabil&#8217;in bat\u0131s\u0131ndaki \u015eii b\u00f6lgelerinin durumu daha da k\u00f6t\u00fc. Bu b\u00f6lgelerde ya\u015fayanlar su depolar\u0131n\u0131 doldurmak i\u00e7in saatlerce uzun kuyruklarda bekliyor.<\/p>\n\n\n\n<p>Halk\u0131n su ihtiyac\u0131n\u0131 kar\u015f\u0131lamakla g\u00f6revli \u00f6zel su da\u011f\u0131t\u0131m \u015firketleri ise, yer alt\u0131 su seviyesinin azalmas\u0131, vergilerin art\u0131r\u0131lmas\u0131 gibi bahanelerle halk\u0131n ihtiya\u00e7lar\u0131na cevap vermeyi reddediyor.<\/p>\n\n\n\n<p>Taliban&#8217;\u0131n hen\u00fcz bu krizi \u00e7\u00f6zecek bir plan ortaya koymam\u0131\u015f olmas\u0131 ve halk\u0131n sorunlar\u0131na duyars\u0131z kalmas\u0131 ger\u00e7e\u011fine ra\u011fmen durum bu \u015fekilde devam etmektedir.<\/p>\n\n\n\n<p>Afganistan&#8217;daki su k\u0131tl\u0131\u011f\u0131 krizi sadece Kabil&#8217;le s\u0131n\u0131rl\u0131 de\u011fil. \u00dclke genelinde insanlar g\u00fcvenli i\u00e7me suyuna eri\u015fimde ciddi zorluklarla kar\u015f\u0131 kar\u015f\u0131ya kal\u0131yor.<br>Uzmanlar bu ihmalin Afgan halk\u0131 i\u00e7in feci sonu\u00e7lar do\u011furabilece\u011fini s\u00f6yl\u00fcyor.<\/p>\n","protected":false},"excerpt":{"rendered":"<p>BM&#8217;nin yeni raporuna g\u00f6re, Afganistan&#8217;daki ailelerin yakla\u015f\u0131k y\u00fczde 40&#8217;\u0131 kaynaklar\u0131n kurumas\u0131 nedeniyle ciddi su s\u0131k\u0131nt\u0131s\u0131 ya\u015f\u0131yor. \u0130klim de\u011fi\u015fikli\u011fi ve tekrarlayan kurakl\u0131klar su krizini felaketin e\u015fi\u011fine getirirken, Taliban&#8217;\u0131n bu sorunu \u00e7\u00f6zme kapasitesi ve plan\u0131 yok. BM \u0130nsani \u0130\u015fler Koordinasyon Ofisi (OCHA) son raporunda, Afganistan&#8217;daki ailelerin y\u00fczde 39&#8217;unun kaynaklar\u0131n kurumas\u0131 nedeniyle ciddi su s\u0131k\u0131nt\u0131s\u0131yla kar\u015f\u0131 kar\u015f\u0131ya oldu\u011funu &hellip;<\/p>\n","protected":false},"author":1,"featured_media":111363,"comment_status":"open","ping_status":"open","sticky":false,"template":"","format":"standard","meta":{"rop_custom_images_group":[],"rop_custom_messages_group":[],"rop_publish_now":"initial","rop_publish_now_accounts":[],"rop_publish_now_history":[],"rop_publish_now_status":"pending","footnotes":""},"categories":[8],"tags":[2160],"class_list":["post-111362","post","type-post","status-publish","format-standard","has-post-thumbnail","hentry","category-afghanistan","tag-afganistanda-su-krizi-susuzluk-ve-ilgisizlik-arasindaki-hayat"],"_wp_page_template":null,"_wp_attached_file":null,"_wp_attachment_metadata":null,"_edit_lock":"1738414256:1","yoast_head":"<!-- This site is optimized with the Yoast SEO plugin v24.3 - https:\/\/yoast.com\/wordpress\/plugins\/seo\/ -->\n<title>Afganistan&#039;da Su Krizi; Susuzluk ve \u0130lgisizlik Aras\u0131ndaki Hayat - ShiaWaves Turkish - \u015eia Haberleri<\/title>\n<meta name=\"description\" content=\"Afganistan&#039;da Su Krizi; Susuzluk ve \u0130lgisizlik Aras\u0131ndaki Hayat\" \/>\n<meta name=\"robots\" content=\"index, follow, max-snippet:-1, max-image-preview:large, max-video-preview:-1\" \/>\n<link rel=\"canonical\" href=\"https:\/\/shiawaves.com\/turkish\/2025\/02\/01\/afganistanda-su-krizi-susuzluk-ve-ilgisizlik-arasindaki-hayat\/\" \/>\n<meta property=\"og:locale\" content=\"tr_TR\" \/>\n<meta property=\"og:type\" content=\"article\" \/>\n<meta property=\"og:title\" content=\"Afganistan&#039;da Su Krizi; Susuzluk ve \u0130lgisizlik Aras\u0131ndaki Hayat - ShiaWaves Turkish - \u015eia Haberleri\" \/>\n<meta property=\"og:description\" content=\"Afganistan&#039;da Su Krizi; Susuzluk ve \u0130lgisizlik Aras\u0131ndaki Hayat\" \/>\n<meta property=\"og:url\" content=\"https:\/\/shiawaves.com\/turkish\/2025\/02\/01\/afganistanda-su-krizi-susuzluk-ve-ilgisizlik-arasindaki-hayat\/\" \/>\n<meta property=\"og:site_name\" content=\"ShiaWaves Turkish - \u015eia Haberleri\" \/>\n<meta property=\"article:published_time\" content=\"2025-02-01T15:00:00+00:00\" \/>\n<meta property=\"article:modified_time\" content=\"2025-02-01T12:50:56+00:00\" \/>\n<meta property=\"og:image\" content=\"https:\/\/shiawaves.com\/turkish\/wp-content\/uploads\/sites\/6\/2025\/02\/image-19.png\" \/>\n\t<meta property=\"og:image:width\" content=\"1080\" \/>\n\t<meta property=\"og:image:height\" content=\"643\" \/>\n\t<meta property=\"og:image:type\" content=\"image\/png\" \/>\n<meta name=\"author\" content=\"modir\" \/>\n<meta name=\"twitter:card\" content=\"summary_large_image\" \/>\n<meta name=\"twitter:label1\" content=\"Yazan:\" \/>\n\t<meta name=\"twitter:data1\" content=\"modir\" \/>\n\t<meta name=\"twitter:label2\" content=\"Tahmini okuma s\u00fcresi\" \/>\n\t<meta name=\"twitter:data2\" content=\"3 dakika\" \/>\n<script type=\"application\/ld+json\" class=\"yoast-schema-graph\">{\"@context\":\"https:\/\/schema.org\",\"@graph\":[{\"@type\":\"WebPage\",\"@id\":\"https:\/\/shiawaves.com\/turkish\/2025\/02\/01\/afganistanda-su-krizi-susuzluk-ve-ilgisizlik-arasindaki-hayat\/\",\"url\":\"https:\/\/shiawaves.com\/turkish\/2025\/02\/01\/afganistanda-su-krizi-susuzluk-ve-ilgisizlik-arasindaki-hayat\/\",\"name\":\"Afganistan'da Su Krizi; Susuzluk ve \u0130lgisizlik Aras\u0131ndaki Hayat - ShiaWaves Turkish - \u015eia Haberleri\",\"isPartOf\":{\"@id\":\"https:\/\/shiawaves.com\/turkish\/#website\"},\"primaryImageOfPage\":{\"@id\":\"https:\/\/shiawaves.com\/turkish\/2025\/02\/01\/afganistanda-su-krizi-susuzluk-ve-ilgisizlik-arasindaki-hayat\/#primaryimage\"},\"image\":{\"@id\":\"https:\/\/shiawaves.com\/turkish\/2025\/02\/01\/afganistanda-su-krizi-susuzluk-ve-ilgisizlik-arasindaki-hayat\/#primaryimage\"},\"thumbnailUrl\":\"https:\/\/shiawaves.com\/turkish\/wp-content\/uploads\/sites\/6\/2025\/02\/image-19.png\",\"datePublished\":\"2025-02-01T15:00:00+00:00\",\"dateModified\":\"2025-02-01T12:50:56+00:00\",\"author\":{\"@id\":\"https:\/\/shiawaves.com\/turkish\/#\/schema\/person\/9f68d5023e948086b9348fba5aebd954\"},\"description\":\"Afganistan'da Su Krizi; Susuzluk ve \u0130lgisizlik Aras\u0131ndaki Hayat\",\"breadcrumb\":{\"@id\":\"https:\/\/shiawaves.com\/turkish\/2025\/02\/01\/afganistanda-su-krizi-susuzluk-ve-ilgisizlik-arasindaki-hayat\/#breadcrumb\"},\"inLanguage\":\"tr\",\"potentialAction\":[{\"@type\":\"ReadAction\",\"target\":[\"https:\/\/shiawaves.com\/turkish\/2025\/02\/01\/afganistanda-su-krizi-susuzluk-ve-ilgisizlik-arasindaki-hayat\/\"]}]},{\"@type\":\"ImageObject\",\"inLanguage\":\"tr\",\"@id\":\"https:\/\/shiawaves.com\/turkish\/2025\/02\/01\/afganistanda-su-krizi-susuzluk-ve-ilgisizlik-arasindaki-hayat\/#primaryimage\",\"url\":\"https:\/\/shiawaves.com\/turkish\/wp-content\/uploads\/sites\/6\/2025\/02\/image-19.png\",\"contentUrl\":\"https:\/\/shiawaves.com\/turkish\/wp-content\/uploads\/sites\/6\/2025\/02\/image-19.png\",\"width\":1080,\"height\":643,\"caption\":\"Afganistan'da Su Krizi; Susuzluk ve \u0130lgisizlik Aras\u0131ndaki Hayat\"},{\"@type\":\"BreadcrumbList\",\"@id\":\"https:\/\/shiawaves.com\/turkish\/2025\/02\/01\/afganistanda-su-krizi-susuzluk-ve-ilgisizlik-arasindaki-hayat\/#breadcrumb\",\"itemListElement\":[{\"@type\":\"ListItem\",\"position\":1,\"name\":\"Home\",\"item\":\"https:\/\/shiawaves.com\/turkish\/\"},{\"@type\":\"ListItem\",\"position\":2,\"name\":\"Afganistan&#8217;da Su Krizi; Susuzluk ve \u0130lgisizlik Aras\u0131ndaki Hayat\"}]},{\"@type\":\"WebSite\",\"@id\":\"https:\/\/shiawaves.com\/turkish\/#website\",\"url\":\"https:\/\/shiawaves.com\/turkish\/\",\"name\":\"ShiaWaves Turkish - \u015eia Haberleri\",\"description\":\"\",\"potentialAction\":[{\"@type\":\"SearchAction\",\"target\":{\"@type\":\"EntryPoint\",\"urlTemplate\":\"https:\/\/shiawaves.com\/turkish\/?s={search_term_string}\"},\"query-input\":{\"@type\":\"PropertyValueSpecification\",\"valueRequired\":true,\"valueName\":\"search_term_string\"}}],\"inLanguage\":\"tr\"},{\"@type\":\"Person\",\"@id\":\"https:\/\/shiawaves.com\/turkish\/#\/schema\/person\/9f68d5023e948086b9348fba5aebd954\",\"name\":\"modir\",\"image\":{\"@type\":\"ImageObject\",\"inLanguage\":\"tr\",\"@id\":\"https:\/\/shiawaves.com\/turkish\/#\/schema\/person\/image\/\",\"url\":\"https:\/\/secure.gravatar.com\/avatar\/8e76f93cdbdd480bd8918d1e0e1d938664c9cb1516c2a57a2b96fe50b507a6b9?s=96&d=mm&r=g\",\"contentUrl\":\"https:\/\/secure.gravatar.com\/avatar\/8e76f93cdbdd480bd8918d1e0e1d938664c9cb1516c2a57a2b96fe50b507a6b9?s=96&d=mm&r=g\",\"caption\":\"modir\"},\"sameAs\":[\"https:\/\/shiawaves.com\"],\"url\":\"https:\/\/shiawaves.com\/turkish\/author\/modir\/\"}]}<\/script>\n<!-- \/ Yoast SEO plugin. -->","yoast_head_json":{"title":"Afganistan'da Su Krizi; Susuzluk ve \u0130lgisizlik Aras\u0131ndaki Hayat - ShiaWaves Turkish - \u015eia Haberleri","description":"Afganistan'da Su Krizi; Susuzluk ve \u0130lgisizlik Aras\u0131ndaki Hayat","robots":{"index":"index","follow":"follow","max-snippet":"max-snippet:-1","max-image-preview":"max-image-preview:large","max-video-preview":"max-video-preview:-1"},"canonical":"https:\/\/shiawaves.com\/turkish\/2025\/02\/01\/afganistanda-su-krizi-susuzluk-ve-ilgisizlik-arasindaki-hayat\/","og_locale":"tr_TR","og_type":"article","og_title":"Afganistan'da Su Krizi; Susuzluk ve \u0130lgisizlik Aras\u0131ndaki Hayat - ShiaWaves Turkish - \u015eia Haberleri","og_description":"Afganistan'da Su Krizi; Susuzluk ve \u0130lgisizlik Aras\u0131ndaki Hayat","og_url":"https:\/\/shiawaves.com\/turkish\/2025\/02\/01\/afganistanda-su-krizi-susuzluk-ve-ilgisizlik-arasindaki-hayat\/","og_site_name":"ShiaWaves Turkish - \u015eia Haberleri","article_published_time":"2025-02-01T15:00:00+00:00","article_modified_time":"2025-02-01T12:50:56+00:00","og_image":[{"width":1080,"height":643,"url":"https:\/\/shiawaves.com\/turkish\/wp-content\/uploads\/sites\/6\/2025\/02\/image-19.png","type":"image\/png"}],"author":"modir","twitter_card":"summary_large_image","twitter_misc":{"Yazan:":"modir","Tahmini okuma s\u00fcresi":"3 dakika"},"schema":{"@context":"https:\/\/schema.org","@graph":[{"@type":"WebPage","@id":"https:\/\/shiawaves.com\/turkish\/2025\/02\/01\/afganistanda-su-krizi-susuzluk-ve-ilgisizlik-arasindaki-hayat\/","url":"https:\/\/shiawaves.com\/turkish\/2025\/02\/01\/afganistanda-su-krizi-susuzluk-ve-ilgisizlik-arasindaki-hayat\/","name":"Afganistan'da Su Krizi; Susuzluk ve \u0130lgisizlik Aras\u0131ndaki Hayat - ShiaWaves Turkish - \u015eia Haberleri","isPartOf":{"@id":"https:\/\/shiawaves.com\/turkish\/#website"},"primaryImageOfPage":{"@id":"https:\/\/shiawaves.com\/turkish\/2025\/02\/01\/afganistanda-su-krizi-susuzluk-ve-ilgisizlik-arasindaki-hayat\/#primaryimage"},"image":{"@id":"https:\/\/shiawaves.com\/turkish\/2025\/02\/01\/afganistanda-su-krizi-susuzluk-ve-ilgisizlik-arasindaki-hayat\/#primaryimage"},"thumbnailUrl":"https:\/\/shiawaves.com\/turkish\/wp-content\/uploads\/sites\/6\/2025\/02\/image-19.png","datePublished":"2025-02-01T15:00:00+00:00","dateModified":"2025-02-01T12:50:56+00:00","author":{"@id":"https:\/\/shiawaves.com\/turkish\/#\/schema\/person\/9f68d5023e948086b9348fba5aebd954"},"description":"Afganistan'da Su Krizi; Susuzluk ve \u0130lgisizlik Aras\u0131ndaki Hayat","breadcrumb":{"@id":"https:\/\/shiawaves.com\/turkish\/2025\/02\/01\/afganistanda-su-krizi-susuzluk-ve-ilgisizlik-arasindaki-hayat\/#breadcrumb"},"inLanguage":"tr","potentialAction":[{"@type":"ReadAction","target":["https:\/\/shiawaves.com\/turkish\/2025\/02\/01\/afganistanda-su-krizi-susuzluk-ve-ilgisizlik-arasindaki-hayat\/"]}]},{"@type":"ImageObject","inLanguage":"tr","@id":"https:\/\/shiawaves.com\/turkish\/2025\/02\/01\/afganistanda-su-krizi-susuzluk-ve-ilgisizlik-arasindaki-hayat\/#primaryimage","url":"https:\/\/shiawaves.com\/turkish\/wp-content\/uploads\/sites\/6\/2025\/02\/image-19.png","contentUrl":"https:\/\/shiawaves.com\/turkish\/wp-content\/uploads\/sites\/6\/2025\/02\/image-19.png","width":1080,"height":643,"caption":"Afganistan'da Su Krizi; Susuzluk ve \u0130lgisizlik Aras\u0131ndaki Hayat"},{"@type":"BreadcrumbList","@id":"https:\/\/shiawaves.com\/turkish\/2025\/02\/01\/afganistanda-su-krizi-susuzluk-ve-ilgisizlik-arasindaki-hayat\/#breadcrumb","itemListElement":[{"@type":"ListItem","position":1,"name":"Home","item":"https:\/\/shiawaves.com\/turkish\/"},{"@type":"ListItem","position":2,"name":"Afganistan&#8217;da Su Krizi; Susuzluk ve \u0130lgisizlik Aras\u0131ndaki Hayat"}]},{"@type":"WebSite","@id":"https:\/\/shiawaves.com\/turkish\/#website","url":"https:\/\/shiawaves.com\/turkish\/","name":"ShiaWaves Turkish - \u015eia Haberleri","description":"","potentialAction":[{"@type":"SearchAction","target":{"@type":"EntryPoint","urlTemplate":"https:\/\/shiawaves.com\/turkish\/?s={search_term_string}"},"query-input":{"@type":"PropertyValueSpecification","valueRequired":true,"valueName":"search_term_string"}}],"inLanguage":"tr"},{"@type":"Person","@id":"https:\/\/shiawaves.com\/turkish\/#\/schema\/person\/9f68d5023e948086b9348fba5aebd954","name":"modir","image":{"@type":"ImageObject","inLanguage":"tr","@id":"https:\/\/shiawaves.com\/turkish\/#\/schema\/person\/image\/","url":"https:\/\/secure.gravatar.com\/avatar\/8e76f93cdbdd480bd8918d1e0e1d938664c9cb1516c2a57a2b96fe50b507a6b9?s=96&d=mm&r=g","contentUrl":"https:\/\/secure.gravatar.com\/avatar\/8e76f93cdbdd480bd8918d1e0e1d938664c9cb1516c2a57a2b96fe50b507a6b9?s=96&d=mm&r=g","caption":"modir"},"sameAs":["https:\/\/shiawaves.com"],"url":"https:\/\/shiawaves.com\/turkish\/author\/modir\/"}]}},"_links":{"self":[{"href":"https:\/\/shiawaves.com\/turkish\/wp-json\/wp\/v2\/posts\/111362","targetHints":{"allow":["GET"]}}],"collection":[{"href":"https:\/\/shiawaves.com\/turkish\/wp-json\/wp\/v2\/posts"}],"about":[{"href":"https:\/\/shiawaves.com\/turkish\/wp-json\/wp\/v2\/types\/post"}],"author":[{"embeddable":true,"href":"https:\/\/shiawaves.com\/turkish\/wp-json\/wp\/v2\/users\/1"}],"replies":[{"embeddable":true,"href":"https:\/\/shiawaves.com\/turkish\/wp-json\/wp\/v2\/comments?post=111362"}],"version-history":[{"count":1,"href":"https:\/\/shiawaves.com\/turkish\/wp-json\/wp\/v2\/posts\/111362\/revisions"}],"predecessor-version":[{"id":111364,"href":"https:\/\/shiawaves.com\/turkish\/wp-json\/wp\/v2\/posts\/111362\/revisions\/111364"}],"wp:featuredmedia":[{"embeddable":true,"href":"https:\/\/shiawaves.com\/turkish\/wp-json\/wp\/v2\/media\/111363"}],"wp:attachment":[{"href":"https:\/\/shiawaves.com\/turkish\/wp-json\/wp\/v2\/media?parent=111362"}],"wp:term":[{"taxonomy":"category","embeddable":true,"href":"https:\/\/shiawaves.com\/turkish\/wp-json\/wp\/v2\/categories?post=111362"},{"taxonomy":"post_tag","embeddable":true,"href":"https:\/\/shiawaves.com\/turkish\/wp-json\/wp\/v2\/tags?post=111362"}],"curies":[{"name":"wp","href":"https:\/\/api.w.org\/{rel}","templated":true}]}}