{"id":111337,"date":"2025-02-01T15:00:00","date_gmt":"2025-02-01T12:00:00","guid":{"rendered":"https:\/\/shiawaves.com\/turkish\/?p=111337"},"modified":"2025-02-01T14:36:08","modified_gmt":"2025-02-01T11:36:08","slug":"almanyada-afdnin-destekledigi-kati-iltica-planina-karsi-kitlesel-protestolar","status":"publish","type":"post","link":"https:\/\/shiawaves.com\/turkish\/2025\/02\/01\/almanyada-afdnin-destekledigi-kati-iltica-planina-karsi-kitlesel-protestolar\/","title":{"rendered":"Almanya&#8217;da AFD&#8217;nin Destekledi\u011fi Kat\u0131 \u0130ltica Plan\u0131na Kar\u015f\u0131 Kitlesel Protestolar"},"content":{"rendered":"\n<p>Almanya&#8217;daki Hristiyan partilerin, a\u015f\u0131r\u0131 sa\u011fc\u0131 Almanya \u0130\u00e7in Alternatif (AfD) partisinin de deste\u011fiyle kat\u0131 bir s\u0131\u011f\u0131nmac\u0131 plan\u0131n\u0131 ge\u00e7irme giri\u015fimi \u00fclke \u00e7ap\u0131nda protestolar\u0131 tetikledi.<\/p>\n\n\n\n<figure class=\"wp-block-image size-full is-resized\"><img loading=\"lazy\" decoding=\"async\" width=\"768\" height=\"326\" src=\"https:\/\/shiawaves.com\/turkish\/wp-content\/uploads\/sites\/6\/2025\/02\/image-11.png\" alt=\"\" class=\"wp-image-111338\" style=\"width:840px;height:auto\" srcset=\"https:\/\/shiawaves.com\/turkish\/wp-content\/uploads\/sites\/6\/2025\/02\/image-11.png 768w, https:\/\/shiawaves.com\/turkish\/wp-content\/uploads\/sites\/6\/2025\/02\/image-11-300x127.png 300w\" sizes=\"auto, (max-width: 768px) 100vw, 768px\" \/><\/figure>\n\n\n\n<p>Berlin, M\u00fcnih, Leipzig ve di\u011fer kentlerde on binlerce ki\u015fi plan\u0131 k\u0131namak i\u00e7in sokaklara \u00e7\u0131kt\u0131.<\/p>\n\n\n\n<p>\u00d6nerilen planda kal\u0131c\u0131 s\u0131n\u0131r kontrolleri ve ka\u00e7ak g\u00f6\u00e7menlerin s\u0131n\u0131r d\u0131\u015f\u0131 edilmesi gibi h\u00fck\u00fcmler yer al\u0131yor.<\/p>\n\n\n\n<p>Ayr\u0131ca y\u00fczlerce Alman sanat\u00e7\u0131, bu politikalar\u0131 protesto eden ve AfD partisiyle i\u015fbirli\u011fi yap\u0131lmamas\u0131 \u00e7a\u011fr\u0131s\u0131nda bulunan a\u00e7\u0131k bir mektup yazd\u0131.<\/p>\n\n\n\n<p><\/p>\n","protected":false},"excerpt":{"rendered":"<p>Almanya&#8217;daki Hristiyan partilerin, a\u015f\u0131r\u0131 sa\u011fc\u0131 Almanya \u0130\u00e7in Alternatif (AfD) partisinin de deste\u011fiyle kat\u0131 bir s\u0131\u011f\u0131nmac\u0131 plan\u0131n\u0131 ge\u00e7irme giri\u015fimi \u00fclke \u00e7ap\u0131nda protestolar\u0131 tetikledi. Berlin, M\u00fcnih, Leipzig ve di\u011fer kentlerde on binlerce ki\u015fi plan\u0131 k\u0131namak i\u00e7in sokaklara \u00e7\u0131kt\u0131. \u00d6nerilen planda kal\u0131c\u0131 s\u0131n\u0131r kontrolleri ve ka\u00e7ak g\u00f6\u00e7menlerin s\u0131n\u0131r d\u0131\u015f\u0131 edilmesi gibi h\u00fck\u00fcmler yer al\u0131yor. Ayr\u0131ca y\u00fczlerce Alman sanat\u00e7\u0131, &hellip;<\/p>\n","protected":false},"author":1,"featured_media":111338,"comment_status":"open","ping_status":"open","sticky":false,"template":"","format":"standard","meta":{"rop_custom_images_group":[],"rop_custom_messages_group":[],"rop_publish_now":"initial","rop_publish_now_accounts":[],"rop_publish_now_history":[],"rop_publish_now_status":"pending","footnotes":""},"categories":[71],"tags":[2151],"class_list":["post-111337","post","type-post","status-publish","format-standard","has-post-thumbnail","hentry","category-germany","tag-almanyada-afdnin-destekledigi-kati-iltica-planina-karsi-kitlesel-protestolar"],"_wp_page_template":null,"_wp_attached_file":null,"_wp_attachment_metadata":null,"_edit_lock":"1738409769:1","yoast_head":"<!-- This site is optimized with the Yoast SEO plugin v24.3 - https:\/\/yoast.com\/wordpress\/plugins\/seo\/ -->\n<title>Almanya&#039;da AFD&#039;nin Destekledi\u011fi Kat\u0131 \u0130ltica Plan\u0131na Kar\u015f\u0131 Kitlesel Protestolar - ShiaWaves Turkish - \u015eia Haberleri<\/title>\n<meta name=\"description\" content=\"Almanya&#039;da AFD&#039;nin Destekledi\u011fi Kat\u0131 \u0130ltica Plan\u0131na Kar\u015f\u0131 Kitlesel Protestolar\" \/>\n<meta name=\"robots\" content=\"index, follow, max-snippet:-1, max-image-preview:large, max-video-preview:-1\" \/>\n<link rel=\"canonical\" href=\"https:\/\/shiawaves.com\/turkish\/2025\/02\/01\/almanyada-afdnin-destekledigi-kati-iltica-planina-karsi-kitlesel-protestolar\/\" \/>\n<meta property=\"og:locale\" content=\"tr_TR\" \/>\n<meta property=\"og:type\" content=\"article\" \/>\n<meta property=\"og:title\" content=\"Almanya&#039;da AFD&#039;nin Destekledi\u011fi Kat\u0131 \u0130ltica Plan\u0131na Kar\u015f\u0131 Kitlesel Protestolar - ShiaWaves Turkish - \u015eia Haberleri\" \/>\n<meta property=\"og:description\" content=\"Almanya&#039;da AFD&#039;nin Destekledi\u011fi Kat\u0131 \u0130ltica Plan\u0131na Kar\u015f\u0131 Kitlesel Protestolar\" \/>\n<meta property=\"og:url\" content=\"https:\/\/shiawaves.com\/turkish\/2025\/02\/01\/almanyada-afdnin-destekledigi-kati-iltica-planina-karsi-kitlesel-protestolar\/\" \/>\n<meta property=\"og:site_name\" content=\"ShiaWaves Turkish - \u015eia Haberleri\" \/>\n<meta property=\"article:published_time\" content=\"2025-02-01T12:00:00+00:00\" \/>\n<meta property=\"article:modified_time\" content=\"2025-02-01T11:36:08+00:00\" \/>\n<meta property=\"og:image\" content=\"https:\/\/shiawaves.com\/turkish\/wp-content\/uploads\/sites\/6\/2025\/02\/image-11.png\" \/>\n\t<meta property=\"og:image:width\" content=\"768\" \/>\n\t<meta property=\"og:image:height\" content=\"326\" \/>\n\t<meta property=\"og:image:type\" content=\"image\/png\" \/>\n<meta name=\"author\" content=\"modir\" \/>\n<meta name=\"twitter:card\" content=\"summary_large_image\" \/>\n<meta name=\"twitter:label1\" content=\"Yazan:\" \/>\n\t<meta name=\"twitter:data1\" content=\"modir\" \/>\n\t<meta name=\"twitter:label2\" content=\"Tahmini okuma s\u00fcresi\" \/>\n\t<meta name=\"twitter:data2\" content=\"1 dakika\" \/>\n<script type=\"application\/ld+json\" class=\"yoast-schema-graph\">{\"@context\":\"https:\/\/schema.org\",\"@graph\":[{\"@type\":\"WebPage\",\"@id\":\"https:\/\/shiawaves.com\/turkish\/2025\/02\/01\/almanyada-afdnin-destekledigi-kati-iltica-planina-karsi-kitlesel-protestolar\/\",\"url\":\"https:\/\/shiawaves.com\/turkish\/2025\/02\/01\/almanyada-afdnin-destekledigi-kati-iltica-planina-karsi-kitlesel-protestolar\/\",\"name\":\"Almanya'da AFD'nin Destekledi\u011fi Kat\u0131 \u0130ltica Plan\u0131na Kar\u015f\u0131 Kitlesel Protestolar - ShiaWaves Turkish - \u015eia Haberleri\",\"isPartOf\":{\"@id\":\"https:\/\/shiawaves.com\/turkish\/#website\"},\"primaryImageOfPage\":{\"@id\":\"https:\/\/shiawaves.com\/turkish\/2025\/02\/01\/almanyada-afdnin-destekledigi-kati-iltica-planina-karsi-kitlesel-protestolar\/#primaryimage\"},\"image\":{\"@id\":\"https:\/\/shiawaves.com\/turkish\/2025\/02\/01\/almanyada-afdnin-destekledigi-kati-iltica-planina-karsi-kitlesel-protestolar\/#primaryimage\"},\"thumbnailUrl\":\"https:\/\/shiawaves.com\/turkish\/wp-content\/uploads\/sites\/6\/2025\/02\/image-11.png\",\"datePublished\":\"2025-02-01T12:00:00+00:00\",\"dateModified\":\"2025-02-01T11:36:08+00:00\",\"author\":{\"@id\":\"https:\/\/shiawaves.com\/turkish\/#\/schema\/person\/9f68d5023e948086b9348fba5aebd954\"},\"description\":\"Almanya'da AFD'nin Destekledi\u011fi Kat\u0131 \u0130ltica Plan\u0131na Kar\u015f\u0131 Kitlesel Protestolar\",\"breadcrumb\":{\"@id\":\"https:\/\/shiawaves.com\/turkish\/2025\/02\/01\/almanyada-afdnin-destekledigi-kati-iltica-planina-karsi-kitlesel-protestolar\/#breadcrumb\"},\"inLanguage\":\"tr\",\"potentialAction\":[{\"@type\":\"ReadAction\",\"target\":[\"https:\/\/shiawaves.com\/turkish\/2025\/02\/01\/almanyada-afdnin-destekledigi-kati-iltica-planina-karsi-kitlesel-protestolar\/\"]}]},{\"@type\":\"ImageObject\",\"inLanguage\":\"tr\",\"@id\":\"https:\/\/shiawaves.com\/turkish\/2025\/02\/01\/almanyada-afdnin-destekledigi-kati-iltica-planina-karsi-kitlesel-protestolar\/#primaryimage\",\"url\":\"https:\/\/shiawaves.com\/turkish\/wp-content\/uploads\/sites\/6\/2025\/02\/image-11.png\",\"contentUrl\":\"https:\/\/shiawaves.com\/turkish\/wp-content\/uploads\/sites\/6\/2025\/02\/image-11.png\",\"width\":768,\"height\":326,\"caption\":\"Almanya'da AFD'nin Destekledi\u011fi Kat\u0131 \u0130ltica Plan\u0131na Kar\u015f\u0131 Kitlesel Protestolar\"},{\"@type\":\"BreadcrumbList\",\"@id\":\"https:\/\/shiawaves.com\/turkish\/2025\/02\/01\/almanyada-afdnin-destekledigi-kati-iltica-planina-karsi-kitlesel-protestolar\/#breadcrumb\",\"itemListElement\":[{\"@type\":\"ListItem\",\"position\":1,\"name\":\"Home\",\"item\":\"https:\/\/shiawaves.com\/turkish\/\"},{\"@type\":\"ListItem\",\"position\":2,\"name\":\"Almanya&#8217;da AFD&#8217;nin Destekledi\u011fi Kat\u0131 \u0130ltica Plan\u0131na Kar\u015f\u0131 Kitlesel Protestolar\"}]},{\"@type\":\"WebSite\",\"@id\":\"https:\/\/shiawaves.com\/turkish\/#website\",\"url\":\"https:\/\/shiawaves.com\/turkish\/\",\"name\":\"ShiaWaves Turkish - \u015eia Haberleri\",\"description\":\"\",\"potentialAction\":[{\"@type\":\"SearchAction\",\"target\":{\"@type\":\"EntryPoint\",\"urlTemplate\":\"https:\/\/shiawaves.com\/turkish\/?s={search_term_string}\"},\"query-input\":{\"@type\":\"PropertyValueSpecification\",\"valueRequired\":true,\"valueName\":\"search_term_string\"}}],\"inLanguage\":\"tr\"},{\"@type\":\"Person\",\"@id\":\"https:\/\/shiawaves.com\/turkish\/#\/schema\/person\/9f68d5023e948086b9348fba5aebd954\",\"name\":\"modir\",\"image\":{\"@type\":\"ImageObject\",\"inLanguage\":\"tr\",\"@id\":\"https:\/\/shiawaves.com\/turkish\/#\/schema\/person\/image\/\",\"url\":\"https:\/\/secure.gravatar.com\/avatar\/8e76f93cdbdd480bd8918d1e0e1d938664c9cb1516c2a57a2b96fe50b507a6b9?s=96&d=mm&r=g\",\"contentUrl\":\"https:\/\/secure.gravatar.com\/avatar\/8e76f93cdbdd480bd8918d1e0e1d938664c9cb1516c2a57a2b96fe50b507a6b9?s=96&d=mm&r=g\",\"caption\":\"modir\"},\"sameAs\":[\"https:\/\/shiawaves.com\"],\"url\":\"https:\/\/shiawaves.com\/turkish\/author\/modir\/\"}]}<\/script>\n<!-- \/ Yoast SEO plugin. -->","yoast_head_json":{"title":"Almanya'da AFD'nin Destekledi\u011fi Kat\u0131 \u0130ltica Plan\u0131na Kar\u015f\u0131 Kitlesel Protestolar - ShiaWaves Turkish - \u015eia Haberleri","description":"Almanya'da AFD'nin Destekledi\u011fi Kat\u0131 \u0130ltica Plan\u0131na Kar\u015f\u0131 Kitlesel Protestolar","robots":{"index":"index","follow":"follow","max-snippet":"max-snippet:-1","max-image-preview":"max-image-preview:large","max-video-preview":"max-video-preview:-1"},"canonical":"https:\/\/shiawaves.com\/turkish\/2025\/02\/01\/almanyada-afdnin-destekledigi-kati-iltica-planina-karsi-kitlesel-protestolar\/","og_locale":"tr_TR","og_type":"article","og_title":"Almanya'da AFD'nin Destekledi\u011fi Kat\u0131 \u0130ltica Plan\u0131na Kar\u015f\u0131 Kitlesel Protestolar - ShiaWaves Turkish - \u015eia Haberleri","og_description":"Almanya'da AFD'nin Destekledi\u011fi Kat\u0131 \u0130ltica Plan\u0131na Kar\u015f\u0131 Kitlesel Protestolar","og_url":"https:\/\/shiawaves.com\/turkish\/2025\/02\/01\/almanyada-afdnin-destekledigi-kati-iltica-planina-karsi-kitlesel-protestolar\/","og_site_name":"ShiaWaves Turkish - \u015eia Haberleri","article_published_time":"2025-02-01T12:00:00+00:00","article_modified_time":"2025-02-01T11:36:08+00:00","og_image":[{"width":768,"height":326,"url":"https:\/\/shiawaves.com\/turkish\/wp-content\/uploads\/sites\/6\/2025\/02\/image-11.png","type":"image\/png"}],"author":"modir","twitter_card":"summary_large_image","twitter_misc":{"Yazan:":"modir","Tahmini okuma s\u00fcresi":"1 dakika"},"schema":{"@context":"https:\/\/schema.org","@graph":[{"@type":"WebPage","@id":"https:\/\/shiawaves.com\/turkish\/2025\/02\/01\/almanyada-afdnin-destekledigi-kati-iltica-planina-karsi-kitlesel-protestolar\/","url":"https:\/\/shiawaves.com\/turkish\/2025\/02\/01\/almanyada-afdnin-destekledigi-kati-iltica-planina-karsi-kitlesel-protestolar\/","name":"Almanya'da AFD'nin Destekledi\u011fi Kat\u0131 \u0130ltica Plan\u0131na Kar\u015f\u0131 Kitlesel Protestolar - ShiaWaves Turkish - \u015eia Haberleri","isPartOf":{"@id":"https:\/\/shiawaves.com\/turkish\/#website"},"primaryImageOfPage":{"@id":"https:\/\/shiawaves.com\/turkish\/2025\/02\/01\/almanyada-afdnin-destekledigi-kati-iltica-planina-karsi-kitlesel-protestolar\/#primaryimage"},"image":{"@id":"https:\/\/shiawaves.com\/turkish\/2025\/02\/01\/almanyada-afdnin-destekledigi-kati-iltica-planina-karsi-kitlesel-protestolar\/#primaryimage"},"thumbnailUrl":"https:\/\/shiawaves.com\/turkish\/wp-content\/uploads\/sites\/6\/2025\/02\/image-11.png","datePublished":"2025-02-01T12:00:00+00:00","dateModified":"2025-02-01T11:36:08+00:00","author":{"@id":"https:\/\/shiawaves.com\/turkish\/#\/schema\/person\/9f68d5023e948086b9348fba5aebd954"},"description":"Almanya'da AFD'nin Destekledi\u011fi Kat\u0131 \u0130ltica Plan\u0131na Kar\u015f\u0131 Kitlesel Protestolar","breadcrumb":{"@id":"https:\/\/shiawaves.com\/turkish\/2025\/02\/01\/almanyada-afdnin-destekledigi-kati-iltica-planina-karsi-kitlesel-protestolar\/#breadcrumb"},"inLanguage":"tr","potentialAction":[{"@type":"ReadAction","target":["https:\/\/shiawaves.com\/turkish\/2025\/02\/01\/almanyada-afdnin-destekledigi-kati-iltica-planina-karsi-kitlesel-protestolar\/"]}]},{"@type":"ImageObject","inLanguage":"tr","@id":"https:\/\/shiawaves.com\/turkish\/2025\/02\/01\/almanyada-afdnin-destekledigi-kati-iltica-planina-karsi-kitlesel-protestolar\/#primaryimage","url":"https:\/\/shiawaves.com\/turkish\/wp-content\/uploads\/sites\/6\/2025\/02\/image-11.png","contentUrl":"https:\/\/shiawaves.com\/turkish\/wp-content\/uploads\/sites\/6\/2025\/02\/image-11.png","width":768,"height":326,"caption":"Almanya'da AFD'nin Destekledi\u011fi Kat\u0131 \u0130ltica Plan\u0131na Kar\u015f\u0131 Kitlesel Protestolar"},{"@type":"BreadcrumbList","@id":"https:\/\/shiawaves.com\/turkish\/2025\/02\/01\/almanyada-afdnin-destekledigi-kati-iltica-planina-karsi-kitlesel-protestolar\/#breadcrumb","itemListElement":[{"@type":"ListItem","position":1,"name":"Home","item":"https:\/\/shiawaves.com\/turkish\/"},{"@type":"ListItem","position":2,"name":"Almanya&#8217;da AFD&#8217;nin Destekledi\u011fi Kat\u0131 \u0130ltica Plan\u0131na Kar\u015f\u0131 Kitlesel Protestolar"}]},{"@type":"WebSite","@id":"https:\/\/shiawaves.com\/turkish\/#website","url":"https:\/\/shiawaves.com\/turkish\/","name":"ShiaWaves Turkish - \u015eia Haberleri","description":"","potentialAction":[{"@type":"SearchAction","target":{"@type":"EntryPoint","urlTemplate":"https:\/\/shiawaves.com\/turkish\/?s={search_term_string}"},"query-input":{"@type":"PropertyValueSpecification","valueRequired":true,"valueName":"search_term_string"}}],"inLanguage":"tr"},{"@type":"Person","@id":"https:\/\/shiawaves.com\/turkish\/#\/schema\/person\/9f68d5023e948086b9348fba5aebd954","name":"modir","image":{"@type":"ImageObject","inLanguage":"tr","@id":"https:\/\/shiawaves.com\/turkish\/#\/schema\/person\/image\/","url":"https:\/\/secure.gravatar.com\/avatar\/8e76f93cdbdd480bd8918d1e0e1d938664c9cb1516c2a57a2b96fe50b507a6b9?s=96&d=mm&r=g","contentUrl":"https:\/\/secure.gravatar.com\/avatar\/8e76f93cdbdd480bd8918d1e0e1d938664c9cb1516c2a57a2b96fe50b507a6b9?s=96&d=mm&r=g","caption":"modir"},"sameAs":["https:\/\/shiawaves.com"],"url":"https:\/\/shiawaves.com\/turkish\/author\/modir\/"}]}},"_links":{"self":[{"href":"https:\/\/shiawaves.com\/turkish\/wp-json\/wp\/v2\/posts\/111337","targetHints":{"allow":["GET"]}}],"collection":[{"href":"https:\/\/shiawaves.com\/turkish\/wp-json\/wp\/v2\/posts"}],"about":[{"href":"https:\/\/shiawaves.com\/turkish\/wp-json\/wp\/v2\/types\/post"}],"author":[{"embeddable":true,"href":"https:\/\/shiawaves.com\/turkish\/wp-json\/wp\/v2\/users\/1"}],"replies":[{"embeddable":true,"href":"https:\/\/shiawaves.com\/turkish\/wp-json\/wp\/v2\/comments?post=111337"}],"version-history":[{"count":1,"href":"https:\/\/shiawaves.com\/turkish\/wp-json\/wp\/v2\/posts\/111337\/revisions"}],"predecessor-version":[{"id":111339,"href":"https:\/\/shiawaves.com\/turkish\/wp-json\/wp\/v2\/posts\/111337\/revisions\/111339"}],"wp:featuredmedia":[{"embeddable":true,"href":"https:\/\/shiawaves.com\/turkish\/wp-json\/wp\/v2\/media\/111338"}],"wp:attachment":[{"href":"https:\/\/shiawaves.com\/turkish\/wp-json\/wp\/v2\/media?parent=111337"}],"wp:term":[{"taxonomy":"category","embeddable":true,"href":"https:\/\/shiawaves.com\/turkish\/wp-json\/wp\/v2\/categories?post=111337"},{"taxonomy":"post_tag","embeddable":true,"href":"https:\/\/shiawaves.com\/turkish\/wp-json\/wp\/v2\/tags?post=111337"}],"curies":[{"name":"wp","href":"https:\/\/api.w.org\/{rel}","templated":true}]}}