{"id":111207,"date":"2025-01-28T21:35:00","date_gmt":"2025-01-28T18:35:00","guid":{"rendered":"https:\/\/shiawaves.com\/turkish\/?p=111207"},"modified":"2025-01-28T21:28:35","modified_gmt":"2025-01-28T18:28:35","slug":"taliban-afgan-kizlarinin-egitimi-konusunda-pakistan-ile-anlasmaya-varilmadi","status":"publish","type":"post","link":"https:\/\/shiawaves.com\/turkish\/2025\/01\/28\/taliban-afgan-kizlarinin-egitimi-konusunda-pakistan-ile-anlasmaya-varilmadi\/","title":{"rendered":"Taliban: Afgan K\u0131zlar\u0131n\u0131n E\u011fitimi Konusunda Pakistan \u0130le Anla\u015fmaya Var\u0131lmad\u0131"},"content":{"rendered":"\n<p>Taliban h\u00fck\u00fcmeti, Afgan k\u0131zlar\u0131n\u0131n e\u011fitimi konusunda Pakistan ile bir anla\u015fmaya var\u0131lmad\u0131\u011f\u0131n\u0131 bildirdi.<\/p>\n\n\n\n<p>Taliban h\u00fck\u00fcmetine ba\u011fl\u0131 Y\u00fcksek \u00d6\u011frenim Bakanl\u0131\u011f\u0131, grubun Afgan kad\u0131n ve k\u0131zlara Pakistan \u00fcniversitelerinde burs verme ko\u015fulunu kabul etti\u011fi y\u00f6n\u00fcndeki haberleri yalanlayarak, bunlar\u0131n as\u0131ls\u0131z oldu\u011funu s\u00f6yledi.<\/p>\n\n\n\n<figure class=\"wp-block-image size-full is-resized\"><img loading=\"lazy\" decoding=\"async\" width=\"768\" height=\"432\" src=\"https:\/\/shiawaves.com\/turkish\/wp-content\/uploads\/sites\/6\/2025\/01\/image-314.png\" alt=\"\" class=\"wp-image-111208\" style=\"width:840px;height:auto\" srcset=\"https:\/\/shiawaves.com\/turkish\/wp-content\/uploads\/sites\/6\/2025\/01\/image-314.png 768w, https:\/\/shiawaves.com\/turkish\/wp-content\/uploads\/sites\/6\/2025\/01\/image-314-300x169.png 300w, https:\/\/shiawaves.com\/turkish\/wp-content\/uploads\/sites\/6\/2025\/01\/image-314-390x220.png 390w\" sizes=\"auto, (max-width: 768px) 100vw, 768px\" \/><\/figure>\n\n\n\n<p>Bu a\u00e7\u0131klamalar, Pakistanl\u0131 yetkililerin 25 Ocak Cumartesi g\u00fcn\u00fc, Afganistan&#8217;daki Taliban h\u00fck\u00fcmet yetkililerinin, Afgan k\u0131zlar\u0131n\u0131n Pakistan&#8217;da y\u00fcksek \u00f6\u011frenimlerine devam etmelerine, yanlar\u0131nda bir erkek veli olmas\u0131 \u015fart\u0131yla izin verdiklerini duyurmas\u0131n\u0131n ard\u0131ndan geldi.<\/p>\n","protected":false},"excerpt":{"rendered":"<p>Taliban h\u00fck\u00fcmeti, Afgan k\u0131zlar\u0131n\u0131n e\u011fitimi konusunda Pakistan ile bir anla\u015fmaya var\u0131lmad\u0131\u011f\u0131n\u0131 bildirdi. Taliban h\u00fck\u00fcmetine ba\u011fl\u0131 Y\u00fcksek \u00d6\u011frenim Bakanl\u0131\u011f\u0131, grubun Afgan kad\u0131n ve k\u0131zlara Pakistan \u00fcniversitelerinde burs verme ko\u015fulunu kabul etti\u011fi y\u00f6n\u00fcndeki haberleri yalanlayarak, bunlar\u0131n as\u0131ls\u0131z oldu\u011funu s\u00f6yledi. Bu a\u00e7\u0131klamalar, Pakistanl\u0131 yetkililerin 25 Ocak Cumartesi g\u00fcn\u00fc, Afganistan&#8217;daki Taliban h\u00fck\u00fcmet yetkililerinin, Afgan k\u0131zlar\u0131n\u0131n Pakistan&#8217;da y\u00fcksek \u00f6\u011frenimlerine devam &hellip;<\/p>\n","protected":false},"author":1,"featured_media":111208,"comment_status":"open","ping_status":"open","sticky":false,"template":"","format":"standard","meta":{"rop_custom_images_group":[],"rop_custom_messages_group":[],"rop_publish_now":"initial","rop_publish_now_accounts":[],"rop_publish_now_history":[],"rop_publish_now_status":"pending","footnotes":""},"categories":[8],"tags":[2106],"class_list":["post-111207","post","type-post","status-publish","format-standard","has-post-thumbnail","hentry","category-afghanistan","tag-taliban-afgan-kizlarinin-egitimi-konusunda-pakistan-ile-anlasmaya-varilmadi"],"_wp_page_template":null,"_wp_attached_file":null,"_wp_attachment_metadata":null,"_edit_lock":"1738088916:1","yoast_head":"<!-- This site is optimized with the Yoast SEO plugin v24.3 - https:\/\/yoast.com\/wordpress\/plugins\/seo\/ -->\n<title>Taliban: Afgan K\u0131zlar\u0131n\u0131n E\u011fitimi Konusunda Pakistan \u0130le Anla\u015fmaya Var\u0131lmad\u0131 - ShiaWaves Turkish - \u015eia Haberleri<\/title>\n<meta name=\"description\" content=\"Taliban: Afgan K\u0131zlar\u0131n\u0131n E\u011fitimi Konusunda Pakistan \u0130le Anla\u015fmaya Var\u0131lmad\u0131\" \/>\n<meta name=\"robots\" content=\"index, follow, max-snippet:-1, max-image-preview:large, max-video-preview:-1\" \/>\n<link rel=\"canonical\" href=\"https:\/\/shiawaves.com\/turkish\/2025\/01\/28\/taliban-afgan-kizlarinin-egitimi-konusunda-pakistan-ile-anlasmaya-varilmadi\/\" \/>\n<meta property=\"og:locale\" content=\"tr_TR\" \/>\n<meta property=\"og:type\" content=\"article\" \/>\n<meta property=\"og:title\" content=\"Taliban: Afgan K\u0131zlar\u0131n\u0131n E\u011fitimi Konusunda Pakistan \u0130le Anla\u015fmaya Var\u0131lmad\u0131 - ShiaWaves Turkish - \u015eia Haberleri\" \/>\n<meta property=\"og:description\" content=\"Taliban: Afgan K\u0131zlar\u0131n\u0131n E\u011fitimi Konusunda Pakistan \u0130le Anla\u015fmaya Var\u0131lmad\u0131\" \/>\n<meta property=\"og:url\" content=\"https:\/\/shiawaves.com\/turkish\/2025\/01\/28\/taliban-afgan-kizlarinin-egitimi-konusunda-pakistan-ile-anlasmaya-varilmadi\/\" \/>\n<meta property=\"og:site_name\" content=\"ShiaWaves Turkish - \u015eia Haberleri\" \/>\n<meta property=\"article:published_time\" content=\"2025-01-28T18:35:00+00:00\" \/>\n<meta property=\"article:modified_time\" content=\"2025-01-28T18:28:35+00:00\" \/>\n<meta property=\"og:image\" content=\"https:\/\/shiawaves.com\/turkish\/wp-content\/uploads\/sites\/6\/2025\/01\/image-314.png\" \/>\n\t<meta property=\"og:image:width\" content=\"768\" \/>\n\t<meta property=\"og:image:height\" content=\"432\" \/>\n\t<meta property=\"og:image:type\" content=\"image\/png\" \/>\n<meta name=\"author\" content=\"modir\" \/>\n<meta name=\"twitter:card\" content=\"summary_large_image\" \/>\n<meta name=\"twitter:label1\" content=\"Yazan:\" \/>\n\t<meta name=\"twitter:data1\" content=\"modir\" \/>\n\t<meta name=\"twitter:label2\" content=\"Tahmini okuma s\u00fcresi\" \/>\n\t<meta name=\"twitter:data2\" content=\"1 dakika\" \/>\n<script type=\"application\/ld+json\" class=\"yoast-schema-graph\">{\"@context\":\"https:\/\/schema.org\",\"@graph\":[{\"@type\":\"WebPage\",\"@id\":\"https:\/\/shiawaves.com\/turkish\/2025\/01\/28\/taliban-afgan-kizlarinin-egitimi-konusunda-pakistan-ile-anlasmaya-varilmadi\/\",\"url\":\"https:\/\/shiawaves.com\/turkish\/2025\/01\/28\/taliban-afgan-kizlarinin-egitimi-konusunda-pakistan-ile-anlasmaya-varilmadi\/\",\"name\":\"Taliban: Afgan K\u0131zlar\u0131n\u0131n E\u011fitimi Konusunda Pakistan \u0130le Anla\u015fmaya Var\u0131lmad\u0131 - ShiaWaves Turkish - \u015eia Haberleri\",\"isPartOf\":{\"@id\":\"https:\/\/shiawaves.com\/turkish\/#website\"},\"primaryImageOfPage\":{\"@id\":\"https:\/\/shiawaves.com\/turkish\/2025\/01\/28\/taliban-afgan-kizlarinin-egitimi-konusunda-pakistan-ile-anlasmaya-varilmadi\/#primaryimage\"},\"image\":{\"@id\":\"https:\/\/shiawaves.com\/turkish\/2025\/01\/28\/taliban-afgan-kizlarinin-egitimi-konusunda-pakistan-ile-anlasmaya-varilmadi\/#primaryimage\"},\"thumbnailUrl\":\"https:\/\/shiawaves.com\/turkish\/wp-content\/uploads\/sites\/6\/2025\/01\/image-314.png\",\"datePublished\":\"2025-01-28T18:35:00+00:00\",\"dateModified\":\"2025-01-28T18:28:35+00:00\",\"author\":{\"@id\":\"https:\/\/shiawaves.com\/turkish\/#\/schema\/person\/9f68d5023e948086b9348fba5aebd954\"},\"description\":\"Taliban: Afgan K\u0131zlar\u0131n\u0131n E\u011fitimi Konusunda Pakistan \u0130le Anla\u015fmaya Var\u0131lmad\u0131\",\"breadcrumb\":{\"@id\":\"https:\/\/shiawaves.com\/turkish\/2025\/01\/28\/taliban-afgan-kizlarinin-egitimi-konusunda-pakistan-ile-anlasmaya-varilmadi\/#breadcrumb\"},\"inLanguage\":\"tr\",\"potentialAction\":[{\"@type\":\"ReadAction\",\"target\":[\"https:\/\/shiawaves.com\/turkish\/2025\/01\/28\/taliban-afgan-kizlarinin-egitimi-konusunda-pakistan-ile-anlasmaya-varilmadi\/\"]}]},{\"@type\":\"ImageObject\",\"inLanguage\":\"tr\",\"@id\":\"https:\/\/shiawaves.com\/turkish\/2025\/01\/28\/taliban-afgan-kizlarinin-egitimi-konusunda-pakistan-ile-anlasmaya-varilmadi\/#primaryimage\",\"url\":\"https:\/\/shiawaves.com\/turkish\/wp-content\/uploads\/sites\/6\/2025\/01\/image-314.png\",\"contentUrl\":\"https:\/\/shiawaves.com\/turkish\/wp-content\/uploads\/sites\/6\/2025\/01\/image-314.png\",\"width\":768,\"height\":432,\"caption\":\"Taliban: Afgan K\u0131zlar\u0131n\u0131n E\u011fitimi Konusunda Pakistan \u0130le Anla\u015fmaya Var\u0131lmad\u0131\"},{\"@type\":\"BreadcrumbList\",\"@id\":\"https:\/\/shiawaves.com\/turkish\/2025\/01\/28\/taliban-afgan-kizlarinin-egitimi-konusunda-pakistan-ile-anlasmaya-varilmadi\/#breadcrumb\",\"itemListElement\":[{\"@type\":\"ListItem\",\"position\":1,\"name\":\"Home\",\"item\":\"https:\/\/shiawaves.com\/turkish\/\"},{\"@type\":\"ListItem\",\"position\":2,\"name\":\"Taliban: Afgan K\u0131zlar\u0131n\u0131n E\u011fitimi Konusunda Pakistan \u0130le Anla\u015fmaya Var\u0131lmad\u0131\"}]},{\"@type\":\"WebSite\",\"@id\":\"https:\/\/shiawaves.com\/turkish\/#website\",\"url\":\"https:\/\/shiawaves.com\/turkish\/\",\"name\":\"ShiaWaves Turkish - \u015eia Haberleri\",\"description\":\"\",\"potentialAction\":[{\"@type\":\"SearchAction\",\"target\":{\"@type\":\"EntryPoint\",\"urlTemplate\":\"https:\/\/shiawaves.com\/turkish\/?s={search_term_string}\"},\"query-input\":{\"@type\":\"PropertyValueSpecification\",\"valueRequired\":true,\"valueName\":\"search_term_string\"}}],\"inLanguage\":\"tr\"},{\"@type\":\"Person\",\"@id\":\"https:\/\/shiawaves.com\/turkish\/#\/schema\/person\/9f68d5023e948086b9348fba5aebd954\",\"name\":\"modir\",\"image\":{\"@type\":\"ImageObject\",\"inLanguage\":\"tr\",\"@id\":\"https:\/\/shiawaves.com\/turkish\/#\/schema\/person\/image\/\",\"url\":\"https:\/\/secure.gravatar.com\/avatar\/8e76f93cdbdd480bd8918d1e0e1d938664c9cb1516c2a57a2b96fe50b507a6b9?s=96&d=mm&r=g\",\"contentUrl\":\"https:\/\/secure.gravatar.com\/avatar\/8e76f93cdbdd480bd8918d1e0e1d938664c9cb1516c2a57a2b96fe50b507a6b9?s=96&d=mm&r=g\",\"caption\":\"modir\"},\"sameAs\":[\"https:\/\/shiawaves.com\"],\"url\":\"https:\/\/shiawaves.com\/turkish\/author\/modir\/\"}]}<\/script>\n<!-- \/ Yoast SEO plugin. -->","yoast_head_json":{"title":"Taliban: Afgan K\u0131zlar\u0131n\u0131n E\u011fitimi Konusunda Pakistan \u0130le Anla\u015fmaya Var\u0131lmad\u0131 - ShiaWaves Turkish - \u015eia Haberleri","description":"Taliban: Afgan K\u0131zlar\u0131n\u0131n E\u011fitimi Konusunda Pakistan \u0130le Anla\u015fmaya Var\u0131lmad\u0131","robots":{"index":"index","follow":"follow","max-snippet":"max-snippet:-1","max-image-preview":"max-image-preview:large","max-video-preview":"max-video-preview:-1"},"canonical":"https:\/\/shiawaves.com\/turkish\/2025\/01\/28\/taliban-afgan-kizlarinin-egitimi-konusunda-pakistan-ile-anlasmaya-varilmadi\/","og_locale":"tr_TR","og_type":"article","og_title":"Taliban: Afgan K\u0131zlar\u0131n\u0131n E\u011fitimi Konusunda Pakistan \u0130le Anla\u015fmaya Var\u0131lmad\u0131 - ShiaWaves Turkish - \u015eia Haberleri","og_description":"Taliban: Afgan K\u0131zlar\u0131n\u0131n E\u011fitimi Konusunda Pakistan \u0130le Anla\u015fmaya Var\u0131lmad\u0131","og_url":"https:\/\/shiawaves.com\/turkish\/2025\/01\/28\/taliban-afgan-kizlarinin-egitimi-konusunda-pakistan-ile-anlasmaya-varilmadi\/","og_site_name":"ShiaWaves Turkish - \u015eia Haberleri","article_published_time":"2025-01-28T18:35:00+00:00","article_modified_time":"2025-01-28T18:28:35+00:00","og_image":[{"width":768,"height":432,"url":"https:\/\/shiawaves.com\/turkish\/wp-content\/uploads\/sites\/6\/2025\/01\/image-314.png","type":"image\/png"}],"author":"modir","twitter_card":"summary_large_image","twitter_misc":{"Yazan:":"modir","Tahmini okuma s\u00fcresi":"1 dakika"},"schema":{"@context":"https:\/\/schema.org","@graph":[{"@type":"WebPage","@id":"https:\/\/shiawaves.com\/turkish\/2025\/01\/28\/taliban-afgan-kizlarinin-egitimi-konusunda-pakistan-ile-anlasmaya-varilmadi\/","url":"https:\/\/shiawaves.com\/turkish\/2025\/01\/28\/taliban-afgan-kizlarinin-egitimi-konusunda-pakistan-ile-anlasmaya-varilmadi\/","name":"Taliban: Afgan K\u0131zlar\u0131n\u0131n E\u011fitimi Konusunda Pakistan \u0130le Anla\u015fmaya Var\u0131lmad\u0131 - ShiaWaves Turkish - \u015eia Haberleri","isPartOf":{"@id":"https:\/\/shiawaves.com\/turkish\/#website"},"primaryImageOfPage":{"@id":"https:\/\/shiawaves.com\/turkish\/2025\/01\/28\/taliban-afgan-kizlarinin-egitimi-konusunda-pakistan-ile-anlasmaya-varilmadi\/#primaryimage"},"image":{"@id":"https:\/\/shiawaves.com\/turkish\/2025\/01\/28\/taliban-afgan-kizlarinin-egitimi-konusunda-pakistan-ile-anlasmaya-varilmadi\/#primaryimage"},"thumbnailUrl":"https:\/\/shiawaves.com\/turkish\/wp-content\/uploads\/sites\/6\/2025\/01\/image-314.png","datePublished":"2025-01-28T18:35:00+00:00","dateModified":"2025-01-28T18:28:35+00:00","author":{"@id":"https:\/\/shiawaves.com\/turkish\/#\/schema\/person\/9f68d5023e948086b9348fba5aebd954"},"description":"Taliban: Afgan K\u0131zlar\u0131n\u0131n E\u011fitimi Konusunda Pakistan \u0130le Anla\u015fmaya Var\u0131lmad\u0131","breadcrumb":{"@id":"https:\/\/shiawaves.com\/turkish\/2025\/01\/28\/taliban-afgan-kizlarinin-egitimi-konusunda-pakistan-ile-anlasmaya-varilmadi\/#breadcrumb"},"inLanguage":"tr","potentialAction":[{"@type":"ReadAction","target":["https:\/\/shiawaves.com\/turkish\/2025\/01\/28\/taliban-afgan-kizlarinin-egitimi-konusunda-pakistan-ile-anlasmaya-varilmadi\/"]}]},{"@type":"ImageObject","inLanguage":"tr","@id":"https:\/\/shiawaves.com\/turkish\/2025\/01\/28\/taliban-afgan-kizlarinin-egitimi-konusunda-pakistan-ile-anlasmaya-varilmadi\/#primaryimage","url":"https:\/\/shiawaves.com\/turkish\/wp-content\/uploads\/sites\/6\/2025\/01\/image-314.png","contentUrl":"https:\/\/shiawaves.com\/turkish\/wp-content\/uploads\/sites\/6\/2025\/01\/image-314.png","width":768,"height":432,"caption":"Taliban: Afgan K\u0131zlar\u0131n\u0131n E\u011fitimi Konusunda Pakistan \u0130le Anla\u015fmaya Var\u0131lmad\u0131"},{"@type":"BreadcrumbList","@id":"https:\/\/shiawaves.com\/turkish\/2025\/01\/28\/taliban-afgan-kizlarinin-egitimi-konusunda-pakistan-ile-anlasmaya-varilmadi\/#breadcrumb","itemListElement":[{"@type":"ListItem","position":1,"name":"Home","item":"https:\/\/shiawaves.com\/turkish\/"},{"@type":"ListItem","position":2,"name":"Taliban: Afgan K\u0131zlar\u0131n\u0131n E\u011fitimi Konusunda Pakistan \u0130le Anla\u015fmaya Var\u0131lmad\u0131"}]},{"@type":"WebSite","@id":"https:\/\/shiawaves.com\/turkish\/#website","url":"https:\/\/shiawaves.com\/turkish\/","name":"ShiaWaves Turkish - \u015eia Haberleri","description":"","potentialAction":[{"@type":"SearchAction","target":{"@type":"EntryPoint","urlTemplate":"https:\/\/shiawaves.com\/turkish\/?s={search_term_string}"},"query-input":{"@type":"PropertyValueSpecification","valueRequired":true,"valueName":"search_term_string"}}],"inLanguage":"tr"},{"@type":"Person","@id":"https:\/\/shiawaves.com\/turkish\/#\/schema\/person\/9f68d5023e948086b9348fba5aebd954","name":"modir","image":{"@type":"ImageObject","inLanguage":"tr","@id":"https:\/\/shiawaves.com\/turkish\/#\/schema\/person\/image\/","url":"https:\/\/secure.gravatar.com\/avatar\/8e76f93cdbdd480bd8918d1e0e1d938664c9cb1516c2a57a2b96fe50b507a6b9?s=96&d=mm&r=g","contentUrl":"https:\/\/secure.gravatar.com\/avatar\/8e76f93cdbdd480bd8918d1e0e1d938664c9cb1516c2a57a2b96fe50b507a6b9?s=96&d=mm&r=g","caption":"modir"},"sameAs":["https:\/\/shiawaves.com"],"url":"https:\/\/shiawaves.com\/turkish\/author\/modir\/"}]}},"_links":{"self":[{"href":"https:\/\/shiawaves.com\/turkish\/wp-json\/wp\/v2\/posts\/111207","targetHints":{"allow":["GET"]}}],"collection":[{"href":"https:\/\/shiawaves.com\/turkish\/wp-json\/wp\/v2\/posts"}],"about":[{"href":"https:\/\/shiawaves.com\/turkish\/wp-json\/wp\/v2\/types\/post"}],"author":[{"embeddable":true,"href":"https:\/\/shiawaves.com\/turkish\/wp-json\/wp\/v2\/users\/1"}],"replies":[{"embeddable":true,"href":"https:\/\/shiawaves.com\/turkish\/wp-json\/wp\/v2\/comments?post=111207"}],"version-history":[{"count":1,"href":"https:\/\/shiawaves.com\/turkish\/wp-json\/wp\/v2\/posts\/111207\/revisions"}],"predecessor-version":[{"id":111209,"href":"https:\/\/shiawaves.com\/turkish\/wp-json\/wp\/v2\/posts\/111207\/revisions\/111209"}],"wp:featuredmedia":[{"embeddable":true,"href":"https:\/\/shiawaves.com\/turkish\/wp-json\/wp\/v2\/media\/111208"}],"wp:attachment":[{"href":"https:\/\/shiawaves.com\/turkish\/wp-json\/wp\/v2\/media?parent=111207"}],"wp:term":[{"taxonomy":"category","embeddable":true,"href":"https:\/\/shiawaves.com\/turkish\/wp-json\/wp\/v2\/categories?post=111207"},{"taxonomy":"post_tag","embeddable":true,"href":"https:\/\/shiawaves.com\/turkish\/wp-json\/wp\/v2\/tags?post=111207"}],"curies":[{"name":"wp","href":"https:\/\/api.w.org\/{rel}","templated":true}]}}