{"id":111204,"date":"2025-01-28T19:45:00","date_gmt":"2025-01-28T16:45:00","guid":{"rendered":"https:\/\/shiawaves.com\/turkish\/?p=111204"},"modified":"2025-01-28T20:46:01","modified_gmt":"2025-01-28T17:46:01","slug":"bulgar-polisi-uc-gocmen-gencin-kurtarilmasini-engelledi","status":"publish","type":"post","link":"https:\/\/shiawaves.com\/turkish\/2025\/01\/28\/bulgar-polisi-uc-gocmen-gencin-kurtarilmasini-engelledi\/","title":{"rendered":"Bulgar Polisi &#8216;\u00dc\u00e7 G\u00f6\u00e7men Gencin Kurtar\u0131lmas\u0131n\u0131 Engelledi&#8217;"},"content":{"rendered":"\n<p>\u0130nsan haklar\u0131 \u00f6rg\u00fctlerinin haz\u0131rlad\u0131\u011f\u0131 raporda, Bulgaristan-T\u00fcrkiye s\u0131n\u0131r\u0131ndaki polisin, ya\u015flar\u0131 15 ile 17 aras\u0131nda de\u011fi\u015fen \u00fc\u00e7 g\u00f6\u00e7men \u00e7ocu\u011fu kurtarmay\u0131 reddetti\u011fi ve onlara yard\u0131m etme \u00e7abalar\u0131n\u0131 engelledi\u011fi iddia edildi.<\/p>\n\n\n\n<figure class=\"wp-block-image size-full is-resized\"><img loading=\"lazy\" decoding=\"async\" width=\"730\" height=\"357\" src=\"https:\/\/shiawaves.com\/turkish\/wp-content\/uploads\/sites\/6\/2025\/01\/image-313.png\" alt=\"\" class=\"wp-image-111205\" style=\"width:840px;height:auto\" srcset=\"https:\/\/shiawaves.com\/turkish\/wp-content\/uploads\/sites\/6\/2025\/01\/image-313.png 730w, https:\/\/shiawaves.com\/turkish\/wp-content\/uploads\/sites\/6\/2025\/01\/image-313-300x147.png 300w\" sizes=\"auto, (max-width: 730px) 100vw, 730px\" \/><\/figure>\n\n\n\n<p>Bulgar yetkililer, Aral\u0131k ay\u0131 sonlar\u0131nda Bulgaristan-T\u00fcrkiye s\u0131n\u0131r\u0131nda s\u0131f\u0131r\u0131n alt\u0131ndaki s\u0131cakl\u0131klarda hayat\u0131n\u0131 kaybeden \u00fc\u00e7 M\u0131s\u0131rl\u0131 gencin kurtar\u0131lma \u00e7abalar\u0131n\u0131 engellemek ve acil durum \u00e7a\u011fr\u0131lar\u0131n\u0131 g\u00f6rmezden gelmekle su\u00e7lan\u0131yor.<\/p>\n\n\n\n<p>Bulgaristan&#8217;\u0131n T\u00fcrkiye s\u0131n\u0131r\u0131n\u0131n Avrupa&#8217;ya s\u0131\u011f\u0131nma ba\u015fvurusunda bulunmak isteyen ki\u015filer i\u00e7in yo\u011fun bir ge\u00e7i\u015f noktas\u0131 oldu\u011funu belirtmekte fayda var. Ancak son y\u0131llarda bu noktada \u00e7ok say\u0131da insan haklar\u0131 ihlali vakas\u0131 kaydedildi.<\/p>\n","protected":false},"excerpt":{"rendered":"<p>\u0130nsan haklar\u0131 \u00f6rg\u00fctlerinin haz\u0131rlad\u0131\u011f\u0131 raporda, Bulgaristan-T\u00fcrkiye s\u0131n\u0131r\u0131ndaki polisin, ya\u015flar\u0131 15 ile 17 aras\u0131nda de\u011fi\u015fen \u00fc\u00e7 g\u00f6\u00e7men \u00e7ocu\u011fu kurtarmay\u0131 reddetti\u011fi ve onlara yard\u0131m etme \u00e7abalar\u0131n\u0131 engelledi\u011fi iddia edildi. Bulgar yetkililer, Aral\u0131k ay\u0131 sonlar\u0131nda Bulgaristan-T\u00fcrkiye s\u0131n\u0131r\u0131nda s\u0131f\u0131r\u0131n alt\u0131ndaki s\u0131cakl\u0131klarda hayat\u0131n\u0131 kaybeden \u00fc\u00e7 M\u0131s\u0131rl\u0131 gencin kurtar\u0131lma \u00e7abalar\u0131n\u0131 engellemek ve acil durum \u00e7a\u011fr\u0131lar\u0131n\u0131 g\u00f6rmezden gelmekle su\u00e7lan\u0131yor. Bulgaristan&#8217;\u0131n T\u00fcrkiye s\u0131n\u0131r\u0131n\u0131n &hellip;<\/p>\n","protected":false},"author":1,"featured_media":111205,"comment_status":"open","ping_status":"open","sticky":false,"template":"","format":"standard","meta":{"rop_custom_images_group":[],"rop_custom_messages_group":[],"rop_publish_now":"initial","rop_publish_now_accounts":[],"rop_publish_now_history":[],"rop_publish_now_status":"pending","footnotes":""},"categories":[23],"tags":[2105],"class_list":["post-111204","post","type-post","status-publish","format-standard","has-post-thumbnail","hentry","category-europe","tag-bulgar-polisi-uc-gocmen-gencin-kurtarilmasini-engelledi"],"_wp_page_template":null,"_wp_attached_file":null,"_wp_attachment_metadata":null,"_edit_lock":"1738086503:1","yoast_head":"<!-- This site is optimized with the Yoast SEO plugin v24.3 - https:\/\/yoast.com\/wordpress\/plugins\/seo\/ -->\n<title>Bulgar Polisi &#039;\u00dc\u00e7 G\u00f6\u00e7men Gencin Kurtar\u0131lmas\u0131n\u0131 Engelledi&#039; - ShiaWaves Turkish - \u015eia Haberleri<\/title>\n<meta name=\"description\" content=\"Bulgar Polisi &#039;\u00dc\u00e7 G\u00f6\u00e7men Gencin Kurtar\u0131lmas\u0131n\u0131 Engelledi&#039;\" \/>\n<meta name=\"robots\" content=\"index, follow, max-snippet:-1, max-image-preview:large, max-video-preview:-1\" \/>\n<link rel=\"canonical\" href=\"https:\/\/shiawaves.com\/turkish\/2025\/01\/28\/bulgar-polisi-uc-gocmen-gencin-kurtarilmasini-engelledi\/\" \/>\n<meta property=\"og:locale\" content=\"tr_TR\" \/>\n<meta property=\"og:type\" content=\"article\" \/>\n<meta property=\"og:title\" content=\"Bulgar Polisi &#039;\u00dc\u00e7 G\u00f6\u00e7men Gencin Kurtar\u0131lmas\u0131n\u0131 Engelledi&#039; - ShiaWaves Turkish - \u015eia Haberleri\" \/>\n<meta property=\"og:description\" content=\"Bulgar Polisi &#039;\u00dc\u00e7 G\u00f6\u00e7men Gencin Kurtar\u0131lmas\u0131n\u0131 Engelledi&#039;\" \/>\n<meta property=\"og:url\" content=\"https:\/\/shiawaves.com\/turkish\/2025\/01\/28\/bulgar-polisi-uc-gocmen-gencin-kurtarilmasini-engelledi\/\" \/>\n<meta property=\"og:site_name\" content=\"ShiaWaves Turkish - \u015eia Haberleri\" \/>\n<meta property=\"article:published_time\" content=\"2025-01-28T16:45:00+00:00\" \/>\n<meta property=\"article:modified_time\" content=\"2025-01-28T17:46:01+00:00\" \/>\n<meta property=\"og:image\" content=\"https:\/\/shiawaves.com\/turkish\/wp-content\/uploads\/sites\/6\/2025\/01\/image-313.png\" \/>\n\t<meta property=\"og:image:width\" content=\"730\" \/>\n\t<meta property=\"og:image:height\" content=\"357\" \/>\n\t<meta property=\"og:image:type\" content=\"image\/png\" \/>\n<meta name=\"author\" content=\"modir\" \/>\n<meta name=\"twitter:card\" content=\"summary_large_image\" \/>\n<meta name=\"twitter:label1\" content=\"Yazan:\" \/>\n\t<meta name=\"twitter:data1\" content=\"modir\" \/>\n\t<meta name=\"twitter:label2\" content=\"Tahmini okuma s\u00fcresi\" \/>\n\t<meta name=\"twitter:data2\" content=\"1 dakika\" \/>\n<script type=\"application\/ld+json\" class=\"yoast-schema-graph\">{\"@context\":\"https:\/\/schema.org\",\"@graph\":[{\"@type\":\"WebPage\",\"@id\":\"https:\/\/shiawaves.com\/turkish\/2025\/01\/28\/bulgar-polisi-uc-gocmen-gencin-kurtarilmasini-engelledi\/\",\"url\":\"https:\/\/shiawaves.com\/turkish\/2025\/01\/28\/bulgar-polisi-uc-gocmen-gencin-kurtarilmasini-engelledi\/\",\"name\":\"Bulgar Polisi '\u00dc\u00e7 G\u00f6\u00e7men Gencin Kurtar\u0131lmas\u0131n\u0131 Engelledi' - ShiaWaves Turkish - \u015eia Haberleri\",\"isPartOf\":{\"@id\":\"https:\/\/shiawaves.com\/turkish\/#website\"},\"primaryImageOfPage\":{\"@id\":\"https:\/\/shiawaves.com\/turkish\/2025\/01\/28\/bulgar-polisi-uc-gocmen-gencin-kurtarilmasini-engelledi\/#primaryimage\"},\"image\":{\"@id\":\"https:\/\/shiawaves.com\/turkish\/2025\/01\/28\/bulgar-polisi-uc-gocmen-gencin-kurtarilmasini-engelledi\/#primaryimage\"},\"thumbnailUrl\":\"https:\/\/shiawaves.com\/turkish\/wp-content\/uploads\/sites\/6\/2025\/01\/image-313.png\",\"datePublished\":\"2025-01-28T16:45:00+00:00\",\"dateModified\":\"2025-01-28T17:46:01+00:00\",\"author\":{\"@id\":\"https:\/\/shiawaves.com\/turkish\/#\/schema\/person\/9f68d5023e948086b9348fba5aebd954\"},\"description\":\"Bulgar Polisi '\u00dc\u00e7 G\u00f6\u00e7men Gencin Kurtar\u0131lmas\u0131n\u0131 Engelledi'\",\"breadcrumb\":{\"@id\":\"https:\/\/shiawaves.com\/turkish\/2025\/01\/28\/bulgar-polisi-uc-gocmen-gencin-kurtarilmasini-engelledi\/#breadcrumb\"},\"inLanguage\":\"tr\",\"potentialAction\":[{\"@type\":\"ReadAction\",\"target\":[\"https:\/\/shiawaves.com\/turkish\/2025\/01\/28\/bulgar-polisi-uc-gocmen-gencin-kurtarilmasini-engelledi\/\"]}]},{\"@type\":\"ImageObject\",\"inLanguage\":\"tr\",\"@id\":\"https:\/\/shiawaves.com\/turkish\/2025\/01\/28\/bulgar-polisi-uc-gocmen-gencin-kurtarilmasini-engelledi\/#primaryimage\",\"url\":\"https:\/\/shiawaves.com\/turkish\/wp-content\/uploads\/sites\/6\/2025\/01\/image-313.png\",\"contentUrl\":\"https:\/\/shiawaves.com\/turkish\/wp-content\/uploads\/sites\/6\/2025\/01\/image-313.png\",\"width\":730,\"height\":357,\"caption\":\"Bulgar Polisi '\u00dc\u00e7 G\u00f6\u00e7men Gencin Kurtar\u0131lmas\u0131n\u0131 Engelledi'\"},{\"@type\":\"BreadcrumbList\",\"@id\":\"https:\/\/shiawaves.com\/turkish\/2025\/01\/28\/bulgar-polisi-uc-gocmen-gencin-kurtarilmasini-engelledi\/#breadcrumb\",\"itemListElement\":[{\"@type\":\"ListItem\",\"position\":1,\"name\":\"Home\",\"item\":\"https:\/\/shiawaves.com\/turkish\/\"},{\"@type\":\"ListItem\",\"position\":2,\"name\":\"Bulgar Polisi &#8216;\u00dc\u00e7 G\u00f6\u00e7men Gencin Kurtar\u0131lmas\u0131n\u0131 Engelledi&#8217;\"}]},{\"@type\":\"WebSite\",\"@id\":\"https:\/\/shiawaves.com\/turkish\/#website\",\"url\":\"https:\/\/shiawaves.com\/turkish\/\",\"name\":\"ShiaWaves Turkish - \u015eia Haberleri\",\"description\":\"\",\"potentialAction\":[{\"@type\":\"SearchAction\",\"target\":{\"@type\":\"EntryPoint\",\"urlTemplate\":\"https:\/\/shiawaves.com\/turkish\/?s={search_term_string}\"},\"query-input\":{\"@type\":\"PropertyValueSpecification\",\"valueRequired\":true,\"valueName\":\"search_term_string\"}}],\"inLanguage\":\"tr\"},{\"@type\":\"Person\",\"@id\":\"https:\/\/shiawaves.com\/turkish\/#\/schema\/person\/9f68d5023e948086b9348fba5aebd954\",\"name\":\"modir\",\"image\":{\"@type\":\"ImageObject\",\"inLanguage\":\"tr\",\"@id\":\"https:\/\/shiawaves.com\/turkish\/#\/schema\/person\/image\/\",\"url\":\"https:\/\/secure.gravatar.com\/avatar\/8e76f93cdbdd480bd8918d1e0e1d938664c9cb1516c2a57a2b96fe50b507a6b9?s=96&d=mm&r=g\",\"contentUrl\":\"https:\/\/secure.gravatar.com\/avatar\/8e76f93cdbdd480bd8918d1e0e1d938664c9cb1516c2a57a2b96fe50b507a6b9?s=96&d=mm&r=g\",\"caption\":\"modir\"},\"sameAs\":[\"https:\/\/shiawaves.com\"],\"url\":\"https:\/\/shiawaves.com\/turkish\/author\/modir\/\"}]}<\/script>\n<!-- \/ Yoast SEO plugin. -->","yoast_head_json":{"title":"Bulgar Polisi '\u00dc\u00e7 G\u00f6\u00e7men Gencin Kurtar\u0131lmas\u0131n\u0131 Engelledi' - ShiaWaves Turkish - \u015eia Haberleri","description":"Bulgar Polisi '\u00dc\u00e7 G\u00f6\u00e7men Gencin Kurtar\u0131lmas\u0131n\u0131 Engelledi'","robots":{"index":"index","follow":"follow","max-snippet":"max-snippet:-1","max-image-preview":"max-image-preview:large","max-video-preview":"max-video-preview:-1"},"canonical":"https:\/\/shiawaves.com\/turkish\/2025\/01\/28\/bulgar-polisi-uc-gocmen-gencin-kurtarilmasini-engelledi\/","og_locale":"tr_TR","og_type":"article","og_title":"Bulgar Polisi '\u00dc\u00e7 G\u00f6\u00e7men Gencin Kurtar\u0131lmas\u0131n\u0131 Engelledi' - ShiaWaves Turkish - \u015eia Haberleri","og_description":"Bulgar Polisi '\u00dc\u00e7 G\u00f6\u00e7men Gencin Kurtar\u0131lmas\u0131n\u0131 Engelledi'","og_url":"https:\/\/shiawaves.com\/turkish\/2025\/01\/28\/bulgar-polisi-uc-gocmen-gencin-kurtarilmasini-engelledi\/","og_site_name":"ShiaWaves Turkish - \u015eia Haberleri","article_published_time":"2025-01-28T16:45:00+00:00","article_modified_time":"2025-01-28T17:46:01+00:00","og_image":[{"width":730,"height":357,"url":"https:\/\/shiawaves.com\/turkish\/wp-content\/uploads\/sites\/6\/2025\/01\/image-313.png","type":"image\/png"}],"author":"modir","twitter_card":"summary_large_image","twitter_misc":{"Yazan:":"modir","Tahmini okuma s\u00fcresi":"1 dakika"},"schema":{"@context":"https:\/\/schema.org","@graph":[{"@type":"WebPage","@id":"https:\/\/shiawaves.com\/turkish\/2025\/01\/28\/bulgar-polisi-uc-gocmen-gencin-kurtarilmasini-engelledi\/","url":"https:\/\/shiawaves.com\/turkish\/2025\/01\/28\/bulgar-polisi-uc-gocmen-gencin-kurtarilmasini-engelledi\/","name":"Bulgar Polisi '\u00dc\u00e7 G\u00f6\u00e7men Gencin Kurtar\u0131lmas\u0131n\u0131 Engelledi' - ShiaWaves Turkish - \u015eia Haberleri","isPartOf":{"@id":"https:\/\/shiawaves.com\/turkish\/#website"},"primaryImageOfPage":{"@id":"https:\/\/shiawaves.com\/turkish\/2025\/01\/28\/bulgar-polisi-uc-gocmen-gencin-kurtarilmasini-engelledi\/#primaryimage"},"image":{"@id":"https:\/\/shiawaves.com\/turkish\/2025\/01\/28\/bulgar-polisi-uc-gocmen-gencin-kurtarilmasini-engelledi\/#primaryimage"},"thumbnailUrl":"https:\/\/shiawaves.com\/turkish\/wp-content\/uploads\/sites\/6\/2025\/01\/image-313.png","datePublished":"2025-01-28T16:45:00+00:00","dateModified":"2025-01-28T17:46:01+00:00","author":{"@id":"https:\/\/shiawaves.com\/turkish\/#\/schema\/person\/9f68d5023e948086b9348fba5aebd954"},"description":"Bulgar Polisi '\u00dc\u00e7 G\u00f6\u00e7men Gencin Kurtar\u0131lmas\u0131n\u0131 Engelledi'","breadcrumb":{"@id":"https:\/\/shiawaves.com\/turkish\/2025\/01\/28\/bulgar-polisi-uc-gocmen-gencin-kurtarilmasini-engelledi\/#breadcrumb"},"inLanguage":"tr","potentialAction":[{"@type":"ReadAction","target":["https:\/\/shiawaves.com\/turkish\/2025\/01\/28\/bulgar-polisi-uc-gocmen-gencin-kurtarilmasini-engelledi\/"]}]},{"@type":"ImageObject","inLanguage":"tr","@id":"https:\/\/shiawaves.com\/turkish\/2025\/01\/28\/bulgar-polisi-uc-gocmen-gencin-kurtarilmasini-engelledi\/#primaryimage","url":"https:\/\/shiawaves.com\/turkish\/wp-content\/uploads\/sites\/6\/2025\/01\/image-313.png","contentUrl":"https:\/\/shiawaves.com\/turkish\/wp-content\/uploads\/sites\/6\/2025\/01\/image-313.png","width":730,"height":357,"caption":"Bulgar Polisi '\u00dc\u00e7 G\u00f6\u00e7men Gencin Kurtar\u0131lmas\u0131n\u0131 Engelledi'"},{"@type":"BreadcrumbList","@id":"https:\/\/shiawaves.com\/turkish\/2025\/01\/28\/bulgar-polisi-uc-gocmen-gencin-kurtarilmasini-engelledi\/#breadcrumb","itemListElement":[{"@type":"ListItem","position":1,"name":"Home","item":"https:\/\/shiawaves.com\/turkish\/"},{"@type":"ListItem","position":2,"name":"Bulgar Polisi &#8216;\u00dc\u00e7 G\u00f6\u00e7men Gencin Kurtar\u0131lmas\u0131n\u0131 Engelledi&#8217;"}]},{"@type":"WebSite","@id":"https:\/\/shiawaves.com\/turkish\/#website","url":"https:\/\/shiawaves.com\/turkish\/","name":"ShiaWaves Turkish - \u015eia Haberleri","description":"","potentialAction":[{"@type":"SearchAction","target":{"@type":"EntryPoint","urlTemplate":"https:\/\/shiawaves.com\/turkish\/?s={search_term_string}"},"query-input":{"@type":"PropertyValueSpecification","valueRequired":true,"valueName":"search_term_string"}}],"inLanguage":"tr"},{"@type":"Person","@id":"https:\/\/shiawaves.com\/turkish\/#\/schema\/person\/9f68d5023e948086b9348fba5aebd954","name":"modir","image":{"@type":"ImageObject","inLanguage":"tr","@id":"https:\/\/shiawaves.com\/turkish\/#\/schema\/person\/image\/","url":"https:\/\/secure.gravatar.com\/avatar\/8e76f93cdbdd480bd8918d1e0e1d938664c9cb1516c2a57a2b96fe50b507a6b9?s=96&d=mm&r=g","contentUrl":"https:\/\/secure.gravatar.com\/avatar\/8e76f93cdbdd480bd8918d1e0e1d938664c9cb1516c2a57a2b96fe50b507a6b9?s=96&d=mm&r=g","caption":"modir"},"sameAs":["https:\/\/shiawaves.com"],"url":"https:\/\/shiawaves.com\/turkish\/author\/modir\/"}]}},"_links":{"self":[{"href":"https:\/\/shiawaves.com\/turkish\/wp-json\/wp\/v2\/posts\/111204","targetHints":{"allow":["GET"]}}],"collection":[{"href":"https:\/\/shiawaves.com\/turkish\/wp-json\/wp\/v2\/posts"}],"about":[{"href":"https:\/\/shiawaves.com\/turkish\/wp-json\/wp\/v2\/types\/post"}],"author":[{"embeddable":true,"href":"https:\/\/shiawaves.com\/turkish\/wp-json\/wp\/v2\/users\/1"}],"replies":[{"embeddable":true,"href":"https:\/\/shiawaves.com\/turkish\/wp-json\/wp\/v2\/comments?post=111204"}],"version-history":[{"count":1,"href":"https:\/\/shiawaves.com\/turkish\/wp-json\/wp\/v2\/posts\/111204\/revisions"}],"predecessor-version":[{"id":111206,"href":"https:\/\/shiawaves.com\/turkish\/wp-json\/wp\/v2\/posts\/111204\/revisions\/111206"}],"wp:featuredmedia":[{"embeddable":true,"href":"https:\/\/shiawaves.com\/turkish\/wp-json\/wp\/v2\/media\/111205"}],"wp:attachment":[{"href":"https:\/\/shiawaves.com\/turkish\/wp-json\/wp\/v2\/media?parent=111204"}],"wp:term":[{"taxonomy":"category","embeddable":true,"href":"https:\/\/shiawaves.com\/turkish\/wp-json\/wp\/v2\/categories?post=111204"},{"taxonomy":"post_tag","embeddable":true,"href":"https:\/\/shiawaves.com\/turkish\/wp-json\/wp\/v2\/tags?post=111204"}],"curies":[{"name":"wp","href":"https:\/\/api.w.org\/{rel}","templated":true}]}}