{"id":110629,"date":"2025-01-13T18:00:00","date_gmt":"2025-01-13T15:00:00","guid":{"rendered":"https:\/\/shiawaves.com\/turkish\/?p=110629"},"modified":"2025-01-13T16:41:57","modified_gmt":"2025-01-13T13:41:57","slug":"almanya-afgan-multecilerin-pakistandan-sinir-disi-edilmesiyle-ilgili-endiselerini-dile-getirdi","status":"publish","type":"post","link":"https:\/\/shiawaves.com\/turkish\/2025\/01\/13\/almanya-afgan-multecilerin-pakistandan-sinir-disi-edilmesiyle-ilgili-endiselerini-dile-getirdi\/","title":{"rendered":"Almanya, Afgan M\u00fcltecilerin Pakistan&#8217;dan S\u0131n\u0131r D\u0131\u015f\u0131 Edilmesiyle \u0130lgili Endi\u015felerini Dile Getirdi"},"content":{"rendered":"\n<p>Almanya, Pakistan&#8217;daki Afgan g\u00f6\u00e7menlerin durumunun k\u00f6t\u00fcle\u015fmesinden duydu\u011fu endi\u015feyi dile getirdi.<\/p>\n\n\n\n<p>Pakistan&#8217;daki Afgan g\u00f6\u00e7menlerin uzun s\u00fcredir k\u00f6t\u00fc muamele ve s\u0131n\u0131r d\u0131\u015f\u0131 edilmesiyle kar\u015f\u0131 kar\u015f\u0131ya kald\u0131klar\u0131n\u0131 belirtmek gerekir.<\/p>\n\n\n\n<figure class=\"wp-block-image size-full is-resized\"><img loading=\"lazy\" decoding=\"async\" width=\"828\" height=\"802\" src=\"https:\/\/shiawaves.com\/turkish\/wp-content\/uploads\/sites\/6\/2025\/01\/image-156.png\" alt=\"\" class=\"wp-image-110630\" style=\"width:840px;height:auto\" srcset=\"https:\/\/shiawaves.com\/turkish\/wp-content\/uploads\/sites\/6\/2025\/01\/image-156.png 828w, https:\/\/shiawaves.com\/turkish\/wp-content\/uploads\/sites\/6\/2025\/01\/image-156-300x291.png 300w, https:\/\/shiawaves.com\/turkish\/wp-content\/uploads\/sites\/6\/2025\/01\/image-156-768x744.png 768w\" sizes=\"auto, (max-width: 828px) 100vw, 828px\" \/><\/figure>\n\n\n\n<p>Bu ba\u011flamda Almanya D\u0131\u015fi\u015fleri Bakanl\u0131\u011f\u0131, federal h\u00fck\u00fcmetin Pakistanl\u0131 yetkililerle yak\u0131n temas halinde oldu\u011funu ve Afgan g\u00f6\u00e7menleri korumak i\u00e7in \u00e7al\u0131\u015ft\u0131\u011f\u0131n\u0131 belirtti.<\/p>\n","protected":false},"excerpt":{"rendered":"<p>Almanya, Pakistan&#8217;daki Afgan g\u00f6\u00e7menlerin durumunun k\u00f6t\u00fcle\u015fmesinden duydu\u011fu endi\u015feyi dile getirdi. Pakistan&#8217;daki Afgan g\u00f6\u00e7menlerin uzun s\u00fcredir k\u00f6t\u00fc muamele ve s\u0131n\u0131r d\u0131\u015f\u0131 edilmesiyle kar\u015f\u0131 kar\u015f\u0131ya kald\u0131klar\u0131n\u0131 belirtmek gerekir. Bu ba\u011flamda Almanya D\u0131\u015fi\u015fleri Bakanl\u0131\u011f\u0131, federal h\u00fck\u00fcmetin Pakistanl\u0131 yetkililerle yak\u0131n temas halinde oldu\u011funu ve Afgan g\u00f6\u00e7menleri korumak i\u00e7in \u00e7al\u0131\u015ft\u0131\u011f\u0131n\u0131 belirtti.<\/p>\n","protected":false},"author":1,"featured_media":110630,"comment_status":"open","ping_status":"open","sticky":false,"template":"","format":"standard","meta":{"rop_custom_images_group":[],"rop_custom_messages_group":[],"rop_publish_now":"initial","rop_publish_now_accounts":[],"rop_publish_now_history":[],"rop_publish_now_status":"pending","footnotes":""},"categories":[71],"tags":[1923,733],"class_list":["post-110629","post","type-post","status-publish","format-standard","has-post-thumbnail","hentry","category-germany","tag-afgan-multecilerin-pakistandan-sinir-disi-edilmesiyle-ilgili-endiselerini-dile-getirdi","tag-almanya"],"_wp_page_template":null,"_wp_attached_file":null,"_wp_attachment_metadata":null,"_edit_lock":"1736775717:1","yoast_head":"<!-- This site is optimized with the Yoast SEO plugin v24.3 - https:\/\/yoast.com\/wordpress\/plugins\/seo\/ -->\n<title>Almanya, Afgan M\u00fcltecilerin Pakistan&#039;dan S\u0131n\u0131r D\u0131\u015f\u0131 Edilmesiyle \u0130lgili Endi\u015felerini Dile Getirdi - ShiaWaves Turkish - \u015eia Haberleri<\/title>\n<meta name=\"description\" content=\"Almanya, Afgan M\u00fcltecilerin Pakistan&#039;dan S\u0131n\u0131r D\u0131\u015f\u0131 Edilmesiyle \u0130lgili Endi\u015felerini Dile Getirdi\" \/>\n<meta name=\"robots\" content=\"index, follow, max-snippet:-1, max-image-preview:large, max-video-preview:-1\" \/>\n<link rel=\"canonical\" href=\"https:\/\/shiawaves.com\/turkish\/2025\/01\/13\/almanya-afgan-multecilerin-pakistandan-sinir-disi-edilmesiyle-ilgili-endiselerini-dile-getirdi\/\" \/>\n<meta property=\"og:locale\" content=\"tr_TR\" \/>\n<meta property=\"og:type\" content=\"article\" \/>\n<meta property=\"og:title\" content=\"Almanya, Afgan M\u00fcltecilerin Pakistan&#039;dan S\u0131n\u0131r D\u0131\u015f\u0131 Edilmesiyle \u0130lgili Endi\u015felerini Dile Getirdi - ShiaWaves Turkish - \u015eia Haberleri\" \/>\n<meta property=\"og:description\" content=\"Almanya, Afgan M\u00fcltecilerin Pakistan&#039;dan S\u0131n\u0131r D\u0131\u015f\u0131 Edilmesiyle \u0130lgili Endi\u015felerini Dile Getirdi\" \/>\n<meta property=\"og:url\" content=\"https:\/\/shiawaves.com\/turkish\/2025\/01\/13\/almanya-afgan-multecilerin-pakistandan-sinir-disi-edilmesiyle-ilgili-endiselerini-dile-getirdi\/\" \/>\n<meta property=\"og:site_name\" content=\"ShiaWaves Turkish - \u015eia Haberleri\" \/>\n<meta property=\"article:published_time\" content=\"2025-01-13T15:00:00+00:00\" \/>\n<meta property=\"article:modified_time\" content=\"2025-01-13T13:41:57+00:00\" \/>\n<meta property=\"og:image\" content=\"https:\/\/shiawaves.com\/turkish\/wp-content\/uploads\/sites\/6\/2025\/01\/image-156.png\" \/>\n\t<meta property=\"og:image:width\" content=\"828\" \/>\n\t<meta property=\"og:image:height\" content=\"802\" \/>\n\t<meta property=\"og:image:type\" content=\"image\/png\" \/>\n<meta name=\"author\" content=\"modir\" \/>\n<meta name=\"twitter:card\" content=\"summary_large_image\" \/>\n<meta name=\"twitter:label1\" content=\"Yazan:\" \/>\n\t<meta name=\"twitter:data1\" content=\"modir\" \/>\n\t<meta name=\"twitter:label2\" content=\"Tahmini okuma s\u00fcresi\" \/>\n\t<meta name=\"twitter:data2\" content=\"1 dakika\" \/>\n<script type=\"application\/ld+json\" class=\"yoast-schema-graph\">{\"@context\":\"https:\/\/schema.org\",\"@graph\":[{\"@type\":\"WebPage\",\"@id\":\"https:\/\/shiawaves.com\/turkish\/2025\/01\/13\/almanya-afgan-multecilerin-pakistandan-sinir-disi-edilmesiyle-ilgili-endiselerini-dile-getirdi\/\",\"url\":\"https:\/\/shiawaves.com\/turkish\/2025\/01\/13\/almanya-afgan-multecilerin-pakistandan-sinir-disi-edilmesiyle-ilgili-endiselerini-dile-getirdi\/\",\"name\":\"Almanya, Afgan M\u00fcltecilerin Pakistan'dan S\u0131n\u0131r D\u0131\u015f\u0131 Edilmesiyle \u0130lgili Endi\u015felerini Dile Getirdi - ShiaWaves Turkish - \u015eia Haberleri\",\"isPartOf\":{\"@id\":\"https:\/\/shiawaves.com\/turkish\/#website\"},\"primaryImageOfPage\":{\"@id\":\"https:\/\/shiawaves.com\/turkish\/2025\/01\/13\/almanya-afgan-multecilerin-pakistandan-sinir-disi-edilmesiyle-ilgili-endiselerini-dile-getirdi\/#primaryimage\"},\"image\":{\"@id\":\"https:\/\/shiawaves.com\/turkish\/2025\/01\/13\/almanya-afgan-multecilerin-pakistandan-sinir-disi-edilmesiyle-ilgili-endiselerini-dile-getirdi\/#primaryimage\"},\"thumbnailUrl\":\"https:\/\/shiawaves.com\/turkish\/wp-content\/uploads\/sites\/6\/2025\/01\/image-156.png\",\"datePublished\":\"2025-01-13T15:00:00+00:00\",\"dateModified\":\"2025-01-13T13:41:57+00:00\",\"author\":{\"@id\":\"https:\/\/shiawaves.com\/turkish\/#\/schema\/person\/9f68d5023e948086b9348fba5aebd954\"},\"description\":\"Almanya, Afgan M\u00fcltecilerin Pakistan'dan S\u0131n\u0131r D\u0131\u015f\u0131 Edilmesiyle \u0130lgili Endi\u015felerini Dile Getirdi\",\"breadcrumb\":{\"@id\":\"https:\/\/shiawaves.com\/turkish\/2025\/01\/13\/almanya-afgan-multecilerin-pakistandan-sinir-disi-edilmesiyle-ilgili-endiselerini-dile-getirdi\/#breadcrumb\"},\"inLanguage\":\"tr\",\"potentialAction\":[{\"@type\":\"ReadAction\",\"target\":[\"https:\/\/shiawaves.com\/turkish\/2025\/01\/13\/almanya-afgan-multecilerin-pakistandan-sinir-disi-edilmesiyle-ilgili-endiselerini-dile-getirdi\/\"]}]},{\"@type\":\"ImageObject\",\"inLanguage\":\"tr\",\"@id\":\"https:\/\/shiawaves.com\/turkish\/2025\/01\/13\/almanya-afgan-multecilerin-pakistandan-sinir-disi-edilmesiyle-ilgili-endiselerini-dile-getirdi\/#primaryimage\",\"url\":\"https:\/\/shiawaves.com\/turkish\/wp-content\/uploads\/sites\/6\/2025\/01\/image-156.png\",\"contentUrl\":\"https:\/\/shiawaves.com\/turkish\/wp-content\/uploads\/sites\/6\/2025\/01\/image-156.png\",\"width\":828,\"height\":802,\"caption\":\"Almanya, Afgan M\u00fcltecilerin Pakistan'dan S\u0131n\u0131r D\u0131\u015f\u0131 Edilmesiyle \u0130lgili Endi\u015felerini Dile Getirdi\"},{\"@type\":\"BreadcrumbList\",\"@id\":\"https:\/\/shiawaves.com\/turkish\/2025\/01\/13\/almanya-afgan-multecilerin-pakistandan-sinir-disi-edilmesiyle-ilgili-endiselerini-dile-getirdi\/#breadcrumb\",\"itemListElement\":[{\"@type\":\"ListItem\",\"position\":1,\"name\":\"Home\",\"item\":\"https:\/\/shiawaves.com\/turkish\/\"},{\"@type\":\"ListItem\",\"position\":2,\"name\":\"Almanya, Afgan M\u00fcltecilerin Pakistan&#8217;dan S\u0131n\u0131r D\u0131\u015f\u0131 Edilmesiyle \u0130lgili Endi\u015felerini Dile Getirdi\"}]},{\"@type\":\"WebSite\",\"@id\":\"https:\/\/shiawaves.com\/turkish\/#website\",\"url\":\"https:\/\/shiawaves.com\/turkish\/\",\"name\":\"ShiaWaves Turkish - \u015eia Haberleri\",\"description\":\"\",\"potentialAction\":[{\"@type\":\"SearchAction\",\"target\":{\"@type\":\"EntryPoint\",\"urlTemplate\":\"https:\/\/shiawaves.com\/turkish\/?s={search_term_string}\"},\"query-input\":{\"@type\":\"PropertyValueSpecification\",\"valueRequired\":true,\"valueName\":\"search_term_string\"}}],\"inLanguage\":\"tr\"},{\"@type\":\"Person\",\"@id\":\"https:\/\/shiawaves.com\/turkish\/#\/schema\/person\/9f68d5023e948086b9348fba5aebd954\",\"name\":\"modir\",\"image\":{\"@type\":\"ImageObject\",\"inLanguage\":\"tr\",\"@id\":\"https:\/\/shiawaves.com\/turkish\/#\/schema\/person\/image\/\",\"url\":\"https:\/\/secure.gravatar.com\/avatar\/8e76f93cdbdd480bd8918d1e0e1d938664c9cb1516c2a57a2b96fe50b507a6b9?s=96&d=mm&r=g\",\"contentUrl\":\"https:\/\/secure.gravatar.com\/avatar\/8e76f93cdbdd480bd8918d1e0e1d938664c9cb1516c2a57a2b96fe50b507a6b9?s=96&d=mm&r=g\",\"caption\":\"modir\"},\"sameAs\":[\"https:\/\/shiawaves.com\"],\"url\":\"https:\/\/shiawaves.com\/turkish\/author\/modir\/\"}]}<\/script>\n<!-- \/ Yoast SEO plugin. -->","yoast_head_json":{"title":"Almanya, Afgan M\u00fcltecilerin Pakistan'dan S\u0131n\u0131r D\u0131\u015f\u0131 Edilmesiyle \u0130lgili Endi\u015felerini Dile Getirdi - ShiaWaves Turkish - \u015eia Haberleri","description":"Almanya, Afgan M\u00fcltecilerin Pakistan'dan S\u0131n\u0131r D\u0131\u015f\u0131 Edilmesiyle \u0130lgili Endi\u015felerini Dile Getirdi","robots":{"index":"index","follow":"follow","max-snippet":"max-snippet:-1","max-image-preview":"max-image-preview:large","max-video-preview":"max-video-preview:-1"},"canonical":"https:\/\/shiawaves.com\/turkish\/2025\/01\/13\/almanya-afgan-multecilerin-pakistandan-sinir-disi-edilmesiyle-ilgili-endiselerini-dile-getirdi\/","og_locale":"tr_TR","og_type":"article","og_title":"Almanya, Afgan M\u00fcltecilerin Pakistan'dan S\u0131n\u0131r D\u0131\u015f\u0131 Edilmesiyle \u0130lgili Endi\u015felerini Dile Getirdi - ShiaWaves Turkish - \u015eia Haberleri","og_description":"Almanya, Afgan M\u00fcltecilerin Pakistan'dan S\u0131n\u0131r D\u0131\u015f\u0131 Edilmesiyle \u0130lgili Endi\u015felerini Dile Getirdi","og_url":"https:\/\/shiawaves.com\/turkish\/2025\/01\/13\/almanya-afgan-multecilerin-pakistandan-sinir-disi-edilmesiyle-ilgili-endiselerini-dile-getirdi\/","og_site_name":"ShiaWaves Turkish - \u015eia Haberleri","article_published_time":"2025-01-13T15:00:00+00:00","article_modified_time":"2025-01-13T13:41:57+00:00","og_image":[{"width":828,"height":802,"url":"https:\/\/shiawaves.com\/turkish\/wp-content\/uploads\/sites\/6\/2025\/01\/image-156.png","type":"image\/png"}],"author":"modir","twitter_card":"summary_large_image","twitter_misc":{"Yazan:":"modir","Tahmini okuma s\u00fcresi":"1 dakika"},"schema":{"@context":"https:\/\/schema.org","@graph":[{"@type":"WebPage","@id":"https:\/\/shiawaves.com\/turkish\/2025\/01\/13\/almanya-afgan-multecilerin-pakistandan-sinir-disi-edilmesiyle-ilgili-endiselerini-dile-getirdi\/","url":"https:\/\/shiawaves.com\/turkish\/2025\/01\/13\/almanya-afgan-multecilerin-pakistandan-sinir-disi-edilmesiyle-ilgili-endiselerini-dile-getirdi\/","name":"Almanya, Afgan M\u00fcltecilerin Pakistan'dan S\u0131n\u0131r D\u0131\u015f\u0131 Edilmesiyle \u0130lgili Endi\u015felerini Dile Getirdi - ShiaWaves Turkish - \u015eia Haberleri","isPartOf":{"@id":"https:\/\/shiawaves.com\/turkish\/#website"},"primaryImageOfPage":{"@id":"https:\/\/shiawaves.com\/turkish\/2025\/01\/13\/almanya-afgan-multecilerin-pakistandan-sinir-disi-edilmesiyle-ilgili-endiselerini-dile-getirdi\/#primaryimage"},"image":{"@id":"https:\/\/shiawaves.com\/turkish\/2025\/01\/13\/almanya-afgan-multecilerin-pakistandan-sinir-disi-edilmesiyle-ilgili-endiselerini-dile-getirdi\/#primaryimage"},"thumbnailUrl":"https:\/\/shiawaves.com\/turkish\/wp-content\/uploads\/sites\/6\/2025\/01\/image-156.png","datePublished":"2025-01-13T15:00:00+00:00","dateModified":"2025-01-13T13:41:57+00:00","author":{"@id":"https:\/\/shiawaves.com\/turkish\/#\/schema\/person\/9f68d5023e948086b9348fba5aebd954"},"description":"Almanya, Afgan M\u00fcltecilerin Pakistan'dan S\u0131n\u0131r D\u0131\u015f\u0131 Edilmesiyle \u0130lgili Endi\u015felerini Dile Getirdi","breadcrumb":{"@id":"https:\/\/shiawaves.com\/turkish\/2025\/01\/13\/almanya-afgan-multecilerin-pakistandan-sinir-disi-edilmesiyle-ilgili-endiselerini-dile-getirdi\/#breadcrumb"},"inLanguage":"tr","potentialAction":[{"@type":"ReadAction","target":["https:\/\/shiawaves.com\/turkish\/2025\/01\/13\/almanya-afgan-multecilerin-pakistandan-sinir-disi-edilmesiyle-ilgili-endiselerini-dile-getirdi\/"]}]},{"@type":"ImageObject","inLanguage":"tr","@id":"https:\/\/shiawaves.com\/turkish\/2025\/01\/13\/almanya-afgan-multecilerin-pakistandan-sinir-disi-edilmesiyle-ilgili-endiselerini-dile-getirdi\/#primaryimage","url":"https:\/\/shiawaves.com\/turkish\/wp-content\/uploads\/sites\/6\/2025\/01\/image-156.png","contentUrl":"https:\/\/shiawaves.com\/turkish\/wp-content\/uploads\/sites\/6\/2025\/01\/image-156.png","width":828,"height":802,"caption":"Almanya, Afgan M\u00fcltecilerin Pakistan'dan S\u0131n\u0131r D\u0131\u015f\u0131 Edilmesiyle \u0130lgili Endi\u015felerini Dile Getirdi"},{"@type":"BreadcrumbList","@id":"https:\/\/shiawaves.com\/turkish\/2025\/01\/13\/almanya-afgan-multecilerin-pakistandan-sinir-disi-edilmesiyle-ilgili-endiselerini-dile-getirdi\/#breadcrumb","itemListElement":[{"@type":"ListItem","position":1,"name":"Home","item":"https:\/\/shiawaves.com\/turkish\/"},{"@type":"ListItem","position":2,"name":"Almanya, Afgan M\u00fcltecilerin Pakistan&#8217;dan S\u0131n\u0131r D\u0131\u015f\u0131 Edilmesiyle \u0130lgili Endi\u015felerini Dile Getirdi"}]},{"@type":"WebSite","@id":"https:\/\/shiawaves.com\/turkish\/#website","url":"https:\/\/shiawaves.com\/turkish\/","name":"ShiaWaves Turkish - \u015eia Haberleri","description":"","potentialAction":[{"@type":"SearchAction","target":{"@type":"EntryPoint","urlTemplate":"https:\/\/shiawaves.com\/turkish\/?s={search_term_string}"},"query-input":{"@type":"PropertyValueSpecification","valueRequired":true,"valueName":"search_term_string"}}],"inLanguage":"tr"},{"@type":"Person","@id":"https:\/\/shiawaves.com\/turkish\/#\/schema\/person\/9f68d5023e948086b9348fba5aebd954","name":"modir","image":{"@type":"ImageObject","inLanguage":"tr","@id":"https:\/\/shiawaves.com\/turkish\/#\/schema\/person\/image\/","url":"https:\/\/secure.gravatar.com\/avatar\/8e76f93cdbdd480bd8918d1e0e1d938664c9cb1516c2a57a2b96fe50b507a6b9?s=96&d=mm&r=g","contentUrl":"https:\/\/secure.gravatar.com\/avatar\/8e76f93cdbdd480bd8918d1e0e1d938664c9cb1516c2a57a2b96fe50b507a6b9?s=96&d=mm&r=g","caption":"modir"},"sameAs":["https:\/\/shiawaves.com"],"url":"https:\/\/shiawaves.com\/turkish\/author\/modir\/"}]}},"_links":{"self":[{"href":"https:\/\/shiawaves.com\/turkish\/wp-json\/wp\/v2\/posts\/110629","targetHints":{"allow":["GET"]}}],"collection":[{"href":"https:\/\/shiawaves.com\/turkish\/wp-json\/wp\/v2\/posts"}],"about":[{"href":"https:\/\/shiawaves.com\/turkish\/wp-json\/wp\/v2\/types\/post"}],"author":[{"embeddable":true,"href":"https:\/\/shiawaves.com\/turkish\/wp-json\/wp\/v2\/users\/1"}],"replies":[{"embeddable":true,"href":"https:\/\/shiawaves.com\/turkish\/wp-json\/wp\/v2\/comments?post=110629"}],"version-history":[{"count":1,"href":"https:\/\/shiawaves.com\/turkish\/wp-json\/wp\/v2\/posts\/110629\/revisions"}],"predecessor-version":[{"id":110631,"href":"https:\/\/shiawaves.com\/turkish\/wp-json\/wp\/v2\/posts\/110629\/revisions\/110631"}],"wp:featuredmedia":[{"embeddable":true,"href":"https:\/\/shiawaves.com\/turkish\/wp-json\/wp\/v2\/media\/110630"}],"wp:attachment":[{"href":"https:\/\/shiawaves.com\/turkish\/wp-json\/wp\/v2\/media?parent=110629"}],"wp:term":[{"taxonomy":"category","embeddable":true,"href":"https:\/\/shiawaves.com\/turkish\/wp-json\/wp\/v2\/categories?post=110629"},{"taxonomy":"post_tag","embeddable":true,"href":"https:\/\/shiawaves.com\/turkish\/wp-json\/wp\/v2\/tags?post=110629"}],"curies":[{"name":"wp","href":"https:\/\/api.w.org\/{rel}","templated":true}]}}