{"id":110444,"date":"2025-01-09T08:15:00","date_gmt":"2025-01-09T05:15:00","guid":{"rendered":"https:\/\/shiawaves.com\/turkish\/?p=110444"},"modified":"2025-01-09T07:47:06","modified_gmt":"2025-01-09T04:47:06","slug":"amerika-guantanamodaki-11-yemenli-mahkumu-ummana-gonderdi","status":"publish","type":"post","link":"https:\/\/shiawaves.com\/turkish\/2025\/01\/09\/amerika-guantanamodaki-11-yemenli-mahkumu-ummana-gonderdi\/","title":{"rendered":"Amerika, Guantanamo&#8217;daki 11 Yemenli Mahkumu Umman&#8217;a G\u00f6nderdi"},"content":{"rendered":"\n<p>ABD, Guantanamo g\u00f6zalt\u0131 merkezindeki 11 Yemenli mahkumu serbest b\u0131rakarak Umman&#8217;a teslim etti.<\/p>\n\n\n\n<p>Serbest b\u0131rak\u0131lan mahkumlardan hi\u00e7birinin resmi olarak bir su\u00e7la itham edilmedi\u011fini ve yirmi y\u0131l\u0131 a\u015fk\u0131n s\u00fcredir Amerikan ordusunun mahkumu oldu\u011funu belirtmek gerekir.<\/p>\n\n\n\n<figure class=\"wp-block-image size-full is-resized\"><img loading=\"lazy\" decoding=\"async\" width=\"768\" height=\"493\" src=\"https:\/\/shiawaves.com\/turkish\/wp-content\/uploads\/sites\/6\/2025\/01\/image-97.png\" alt=\"\" class=\"wp-image-110445\" style=\"width:840px;height:auto\" srcset=\"https:\/\/shiawaves.com\/turkish\/wp-content\/uploads\/sites\/6\/2025\/01\/image-97.png 768w, https:\/\/shiawaves.com\/turkish\/wp-content\/uploads\/sites\/6\/2025\/01\/image-97-300x193.png 300w\" sizes=\"auto, (max-width: 768px) 100vw, 768px\" \/><\/figure>\n\n\n\n<p>Bu Yemenli vatanda\u015flar\u0131n serbest b\u0131rak\u0131lmas\u0131 federal ulusal g\u00fcvenlik komiteleri arac\u0131l\u0131\u011f\u0131yla onayland\u0131 ve New York Times gazetesine g\u00f6re, onlar\u0131 Guantanamo&#8217;dan nakletme \u00e7abalar\u0131 \u00fc\u00e7 y\u0131ld\u0131r s\u00fcr\u00fcyordu. Ancak onlar\u0131 nakletmeye y\u00f6nelik ilk plan bir y\u0131l \u00f6nce kongre muhalefeti nedeniyle ba\u015far\u0131s\u0131zl\u0131kla sonu\u00e7lanm\u0131\u015ft\u0131.<\/p>\n\n\n\n<p>Son olarak \u015funu da belirtmek gerekir ki Pentagon, Guantanamo&#8217;da kalan 15 mahkumdan \u00fc\u00e7\u00fcn\u00fcn ba\u015fka \u00fclkelere nakledilmeye uygun oldu\u011funu, \u00fc\u00e7\u00fcn\u00fcn de Federal \u0130nceleme Komitesi taraf\u0131ndan incelenmeye uygun oldu\u011funu ve geri kalanlar\u0131n da Guantanamo&#8217;da kald\u0131\u011f\u0131n\u0131 s\u00f6yl\u00fcyor. Tutsaklar ya sava\u015f su\u00e7lar\u0131 i\u015flemekle su\u00e7lan\u0131yor ya da bu konuda su\u00e7lu bulunuyorlar.<\/p>\n\n\n\n<figure class=\"wp-block-image size-full\"><img loading=\"lazy\" decoding=\"async\" width=\"1024\" height=\"576\" src=\"https:\/\/shiawaves.com\/turkish\/wp-content\/uploads\/sites\/6\/2025\/01\/image-98.png\" alt=\"\" class=\"wp-image-110446\" srcset=\"https:\/\/shiawaves.com\/turkish\/wp-content\/uploads\/sites\/6\/2025\/01\/image-98.png 1024w, https:\/\/shiawaves.com\/turkish\/wp-content\/uploads\/sites\/6\/2025\/01\/image-98-300x169.png 300w, https:\/\/shiawaves.com\/turkish\/wp-content\/uploads\/sites\/6\/2025\/01\/image-98-768x432.png 768w, https:\/\/shiawaves.com\/turkish\/wp-content\/uploads\/sites\/6\/2025\/01\/image-98-390x220.png 390w\" sizes=\"auto, (max-width: 1024px) 100vw, 1024px\" \/><\/figure>\n","protected":false},"excerpt":{"rendered":"<p>ABD, Guantanamo g\u00f6zalt\u0131 merkezindeki 11 Yemenli mahkumu serbest b\u0131rakarak Umman&#8217;a teslim etti. Serbest b\u0131rak\u0131lan mahkumlardan hi\u00e7birinin resmi olarak bir su\u00e7la itham edilmedi\u011fini ve yirmi y\u0131l\u0131 a\u015fk\u0131n s\u00fcredir Amerikan ordusunun mahkumu oldu\u011funu belirtmek gerekir. Bu Yemenli vatanda\u015flar\u0131n serbest b\u0131rak\u0131lmas\u0131 federal ulusal g\u00fcvenlik komiteleri arac\u0131l\u0131\u011f\u0131yla onayland\u0131 ve New York Times gazetesine g\u00f6re, onlar\u0131 Guantanamo&#8217;dan nakletme \u00e7abalar\u0131 \u00fc\u00e7 &hellip;<\/p>\n","protected":false},"author":1,"featured_media":110445,"comment_status":"open","ping_status":"open","sticky":false,"template":"","format":"standard","meta":{"rop_custom_images_group":[],"rop_custom_messages_group":[],"rop_publish_now":"initial","rop_publish_now_accounts":[],"rop_publish_now_history":[],"rop_publish_now_status":"pending","footnotes":""},"categories":[21,17],"tags":[1326,1864],"class_list":["post-110444","post","type-post","status-publish","format-standard","has-post-thumbnail","hentry","category-america","category-yemen","tag-amerika","tag-guantanamodaki-11-yemenli-mahkumu-ummana-gonderdi"],"_wp_page_template":null,"_wp_attached_file":null,"_wp_attachment_metadata":null,"_edit_lock":"1736398027:1","yoast_head":"<!-- This site is optimized with the Yoast SEO plugin v24.3 - https:\/\/yoast.com\/wordpress\/plugins\/seo\/ -->\n<title>Amerika, Guantanamo&#039;daki 11 Yemenli Mahkumu Umman&#039;a G\u00f6nderdi - ShiaWaves Turkish - \u015eia Haberleri<\/title>\n<meta name=\"description\" content=\"Amerika, Guantanamo&#039;daki 11 Yemenli Mahkumu Umman&#039;a G\u00f6nderdi\" \/>\n<meta name=\"robots\" content=\"index, follow, max-snippet:-1, max-image-preview:large, max-video-preview:-1\" \/>\n<link rel=\"canonical\" href=\"https:\/\/shiawaves.com\/turkish\/2025\/01\/09\/amerika-guantanamodaki-11-yemenli-mahkumu-ummana-gonderdi\/\" \/>\n<meta property=\"og:locale\" content=\"tr_TR\" \/>\n<meta property=\"og:type\" content=\"article\" \/>\n<meta property=\"og:title\" content=\"Amerika, Guantanamo&#039;daki 11 Yemenli Mahkumu Umman&#039;a G\u00f6nderdi - ShiaWaves Turkish - \u015eia Haberleri\" \/>\n<meta property=\"og:description\" content=\"Amerika, Guantanamo&#039;daki 11 Yemenli Mahkumu Umman&#039;a G\u00f6nderdi\" \/>\n<meta property=\"og:url\" content=\"https:\/\/shiawaves.com\/turkish\/2025\/01\/09\/amerika-guantanamodaki-11-yemenli-mahkumu-ummana-gonderdi\/\" \/>\n<meta property=\"og:site_name\" content=\"ShiaWaves Turkish - \u015eia Haberleri\" \/>\n<meta property=\"article:published_time\" content=\"2025-01-09T05:15:00+00:00\" \/>\n<meta property=\"article:modified_time\" content=\"2025-01-09T04:47:06+00:00\" \/>\n<meta property=\"og:image\" content=\"https:\/\/shiawaves.com\/turkish\/wp-content\/uploads\/sites\/6\/2025\/01\/image-97.png\" \/>\n\t<meta property=\"og:image:width\" content=\"768\" \/>\n\t<meta property=\"og:image:height\" content=\"493\" \/>\n\t<meta property=\"og:image:type\" content=\"image\/png\" \/>\n<meta name=\"author\" content=\"modir\" \/>\n<meta name=\"twitter:card\" content=\"summary_large_image\" \/>\n<meta name=\"twitter:label1\" content=\"Yazan:\" \/>\n\t<meta name=\"twitter:data1\" content=\"modir\" \/>\n\t<meta name=\"twitter:label2\" content=\"Tahmini okuma s\u00fcresi\" \/>\n\t<meta name=\"twitter:data2\" content=\"2 dakika\" \/>\n<script type=\"application\/ld+json\" class=\"yoast-schema-graph\">{\"@context\":\"https:\/\/schema.org\",\"@graph\":[{\"@type\":\"WebPage\",\"@id\":\"https:\/\/shiawaves.com\/turkish\/2025\/01\/09\/amerika-guantanamodaki-11-yemenli-mahkumu-ummana-gonderdi\/\",\"url\":\"https:\/\/shiawaves.com\/turkish\/2025\/01\/09\/amerika-guantanamodaki-11-yemenli-mahkumu-ummana-gonderdi\/\",\"name\":\"Amerika, Guantanamo'daki 11 Yemenli Mahkumu Umman'a G\u00f6nderdi - ShiaWaves Turkish - \u015eia Haberleri\",\"isPartOf\":{\"@id\":\"https:\/\/shiawaves.com\/turkish\/#website\"},\"primaryImageOfPage\":{\"@id\":\"https:\/\/shiawaves.com\/turkish\/2025\/01\/09\/amerika-guantanamodaki-11-yemenli-mahkumu-ummana-gonderdi\/#primaryimage\"},\"image\":{\"@id\":\"https:\/\/shiawaves.com\/turkish\/2025\/01\/09\/amerika-guantanamodaki-11-yemenli-mahkumu-ummana-gonderdi\/#primaryimage\"},\"thumbnailUrl\":\"https:\/\/shiawaves.com\/turkish\/wp-content\/uploads\/sites\/6\/2025\/01\/image-97.png\",\"datePublished\":\"2025-01-09T05:15:00+00:00\",\"dateModified\":\"2025-01-09T04:47:06+00:00\",\"author\":{\"@id\":\"https:\/\/shiawaves.com\/turkish\/#\/schema\/person\/9f68d5023e948086b9348fba5aebd954\"},\"description\":\"Amerika, Guantanamo'daki 11 Yemenli Mahkumu Umman'a G\u00f6nderdi\",\"breadcrumb\":{\"@id\":\"https:\/\/shiawaves.com\/turkish\/2025\/01\/09\/amerika-guantanamodaki-11-yemenli-mahkumu-ummana-gonderdi\/#breadcrumb\"},\"inLanguage\":\"tr\",\"potentialAction\":[{\"@type\":\"ReadAction\",\"target\":[\"https:\/\/shiawaves.com\/turkish\/2025\/01\/09\/amerika-guantanamodaki-11-yemenli-mahkumu-ummana-gonderdi\/\"]}]},{\"@type\":\"ImageObject\",\"inLanguage\":\"tr\",\"@id\":\"https:\/\/shiawaves.com\/turkish\/2025\/01\/09\/amerika-guantanamodaki-11-yemenli-mahkumu-ummana-gonderdi\/#primaryimage\",\"url\":\"https:\/\/shiawaves.com\/turkish\/wp-content\/uploads\/sites\/6\/2025\/01\/image-97.png\",\"contentUrl\":\"https:\/\/shiawaves.com\/turkish\/wp-content\/uploads\/sites\/6\/2025\/01\/image-97.png\",\"width\":768,\"height\":493,\"caption\":\"Amerika, Guantanamo'daki 11 Yemenli Mahkumu Umman'a G\u00f6nderdi\"},{\"@type\":\"BreadcrumbList\",\"@id\":\"https:\/\/shiawaves.com\/turkish\/2025\/01\/09\/amerika-guantanamodaki-11-yemenli-mahkumu-ummana-gonderdi\/#breadcrumb\",\"itemListElement\":[{\"@type\":\"ListItem\",\"position\":1,\"name\":\"Home\",\"item\":\"https:\/\/shiawaves.com\/turkish\/\"},{\"@type\":\"ListItem\",\"position\":2,\"name\":\"Amerika, Guantanamo&#8217;daki 11 Yemenli Mahkumu Umman&#8217;a G\u00f6nderdi\"}]},{\"@type\":\"WebSite\",\"@id\":\"https:\/\/shiawaves.com\/turkish\/#website\",\"url\":\"https:\/\/shiawaves.com\/turkish\/\",\"name\":\"ShiaWaves Turkish - \u015eia Haberleri\",\"description\":\"\",\"potentialAction\":[{\"@type\":\"SearchAction\",\"target\":{\"@type\":\"EntryPoint\",\"urlTemplate\":\"https:\/\/shiawaves.com\/turkish\/?s={search_term_string}\"},\"query-input\":{\"@type\":\"PropertyValueSpecification\",\"valueRequired\":true,\"valueName\":\"search_term_string\"}}],\"inLanguage\":\"tr\"},{\"@type\":\"Person\",\"@id\":\"https:\/\/shiawaves.com\/turkish\/#\/schema\/person\/9f68d5023e948086b9348fba5aebd954\",\"name\":\"modir\",\"image\":{\"@type\":\"ImageObject\",\"inLanguage\":\"tr\",\"@id\":\"https:\/\/shiawaves.com\/turkish\/#\/schema\/person\/image\/\",\"url\":\"https:\/\/secure.gravatar.com\/avatar\/8e76f93cdbdd480bd8918d1e0e1d938664c9cb1516c2a57a2b96fe50b507a6b9?s=96&d=mm&r=g\",\"contentUrl\":\"https:\/\/secure.gravatar.com\/avatar\/8e76f93cdbdd480bd8918d1e0e1d938664c9cb1516c2a57a2b96fe50b507a6b9?s=96&d=mm&r=g\",\"caption\":\"modir\"},\"sameAs\":[\"https:\/\/shiawaves.com\"],\"url\":\"https:\/\/shiawaves.com\/turkish\/author\/modir\/\"}]}<\/script>\n<!-- \/ Yoast SEO plugin. -->","yoast_head_json":{"title":"Amerika, Guantanamo'daki 11 Yemenli Mahkumu Umman'a G\u00f6nderdi - ShiaWaves Turkish - \u015eia Haberleri","description":"Amerika, Guantanamo'daki 11 Yemenli Mahkumu Umman'a G\u00f6nderdi","robots":{"index":"index","follow":"follow","max-snippet":"max-snippet:-1","max-image-preview":"max-image-preview:large","max-video-preview":"max-video-preview:-1"},"canonical":"https:\/\/shiawaves.com\/turkish\/2025\/01\/09\/amerika-guantanamodaki-11-yemenli-mahkumu-ummana-gonderdi\/","og_locale":"tr_TR","og_type":"article","og_title":"Amerika, Guantanamo'daki 11 Yemenli Mahkumu Umman'a G\u00f6nderdi - ShiaWaves Turkish - \u015eia Haberleri","og_description":"Amerika, Guantanamo'daki 11 Yemenli Mahkumu Umman'a G\u00f6nderdi","og_url":"https:\/\/shiawaves.com\/turkish\/2025\/01\/09\/amerika-guantanamodaki-11-yemenli-mahkumu-ummana-gonderdi\/","og_site_name":"ShiaWaves Turkish - \u015eia Haberleri","article_published_time":"2025-01-09T05:15:00+00:00","article_modified_time":"2025-01-09T04:47:06+00:00","og_image":[{"width":768,"height":493,"url":"https:\/\/shiawaves.com\/turkish\/wp-content\/uploads\/sites\/6\/2025\/01\/image-97.png","type":"image\/png"}],"author":"modir","twitter_card":"summary_large_image","twitter_misc":{"Yazan:":"modir","Tahmini okuma s\u00fcresi":"2 dakika"},"schema":{"@context":"https:\/\/schema.org","@graph":[{"@type":"WebPage","@id":"https:\/\/shiawaves.com\/turkish\/2025\/01\/09\/amerika-guantanamodaki-11-yemenli-mahkumu-ummana-gonderdi\/","url":"https:\/\/shiawaves.com\/turkish\/2025\/01\/09\/amerika-guantanamodaki-11-yemenli-mahkumu-ummana-gonderdi\/","name":"Amerika, Guantanamo'daki 11 Yemenli Mahkumu Umman'a G\u00f6nderdi - ShiaWaves Turkish - \u015eia Haberleri","isPartOf":{"@id":"https:\/\/shiawaves.com\/turkish\/#website"},"primaryImageOfPage":{"@id":"https:\/\/shiawaves.com\/turkish\/2025\/01\/09\/amerika-guantanamodaki-11-yemenli-mahkumu-ummana-gonderdi\/#primaryimage"},"image":{"@id":"https:\/\/shiawaves.com\/turkish\/2025\/01\/09\/amerika-guantanamodaki-11-yemenli-mahkumu-ummana-gonderdi\/#primaryimage"},"thumbnailUrl":"https:\/\/shiawaves.com\/turkish\/wp-content\/uploads\/sites\/6\/2025\/01\/image-97.png","datePublished":"2025-01-09T05:15:00+00:00","dateModified":"2025-01-09T04:47:06+00:00","author":{"@id":"https:\/\/shiawaves.com\/turkish\/#\/schema\/person\/9f68d5023e948086b9348fba5aebd954"},"description":"Amerika, Guantanamo'daki 11 Yemenli Mahkumu Umman'a G\u00f6nderdi","breadcrumb":{"@id":"https:\/\/shiawaves.com\/turkish\/2025\/01\/09\/amerika-guantanamodaki-11-yemenli-mahkumu-ummana-gonderdi\/#breadcrumb"},"inLanguage":"tr","potentialAction":[{"@type":"ReadAction","target":["https:\/\/shiawaves.com\/turkish\/2025\/01\/09\/amerika-guantanamodaki-11-yemenli-mahkumu-ummana-gonderdi\/"]}]},{"@type":"ImageObject","inLanguage":"tr","@id":"https:\/\/shiawaves.com\/turkish\/2025\/01\/09\/amerika-guantanamodaki-11-yemenli-mahkumu-ummana-gonderdi\/#primaryimage","url":"https:\/\/shiawaves.com\/turkish\/wp-content\/uploads\/sites\/6\/2025\/01\/image-97.png","contentUrl":"https:\/\/shiawaves.com\/turkish\/wp-content\/uploads\/sites\/6\/2025\/01\/image-97.png","width":768,"height":493,"caption":"Amerika, Guantanamo'daki 11 Yemenli Mahkumu Umman'a G\u00f6nderdi"},{"@type":"BreadcrumbList","@id":"https:\/\/shiawaves.com\/turkish\/2025\/01\/09\/amerika-guantanamodaki-11-yemenli-mahkumu-ummana-gonderdi\/#breadcrumb","itemListElement":[{"@type":"ListItem","position":1,"name":"Home","item":"https:\/\/shiawaves.com\/turkish\/"},{"@type":"ListItem","position":2,"name":"Amerika, Guantanamo&#8217;daki 11 Yemenli Mahkumu Umman&#8217;a G\u00f6nderdi"}]},{"@type":"WebSite","@id":"https:\/\/shiawaves.com\/turkish\/#website","url":"https:\/\/shiawaves.com\/turkish\/","name":"ShiaWaves Turkish - \u015eia Haberleri","description":"","potentialAction":[{"@type":"SearchAction","target":{"@type":"EntryPoint","urlTemplate":"https:\/\/shiawaves.com\/turkish\/?s={search_term_string}"},"query-input":{"@type":"PropertyValueSpecification","valueRequired":true,"valueName":"search_term_string"}}],"inLanguage":"tr"},{"@type":"Person","@id":"https:\/\/shiawaves.com\/turkish\/#\/schema\/person\/9f68d5023e948086b9348fba5aebd954","name":"modir","image":{"@type":"ImageObject","inLanguage":"tr","@id":"https:\/\/shiawaves.com\/turkish\/#\/schema\/person\/image\/","url":"https:\/\/secure.gravatar.com\/avatar\/8e76f93cdbdd480bd8918d1e0e1d938664c9cb1516c2a57a2b96fe50b507a6b9?s=96&d=mm&r=g","contentUrl":"https:\/\/secure.gravatar.com\/avatar\/8e76f93cdbdd480bd8918d1e0e1d938664c9cb1516c2a57a2b96fe50b507a6b9?s=96&d=mm&r=g","caption":"modir"},"sameAs":["https:\/\/shiawaves.com"],"url":"https:\/\/shiawaves.com\/turkish\/author\/modir\/"}]}},"_links":{"self":[{"href":"https:\/\/shiawaves.com\/turkish\/wp-json\/wp\/v2\/posts\/110444","targetHints":{"allow":["GET"]}}],"collection":[{"href":"https:\/\/shiawaves.com\/turkish\/wp-json\/wp\/v2\/posts"}],"about":[{"href":"https:\/\/shiawaves.com\/turkish\/wp-json\/wp\/v2\/types\/post"}],"author":[{"embeddable":true,"href":"https:\/\/shiawaves.com\/turkish\/wp-json\/wp\/v2\/users\/1"}],"replies":[{"embeddable":true,"href":"https:\/\/shiawaves.com\/turkish\/wp-json\/wp\/v2\/comments?post=110444"}],"version-history":[{"count":1,"href":"https:\/\/shiawaves.com\/turkish\/wp-json\/wp\/v2\/posts\/110444\/revisions"}],"predecessor-version":[{"id":110447,"href":"https:\/\/shiawaves.com\/turkish\/wp-json\/wp\/v2\/posts\/110444\/revisions\/110447"}],"wp:featuredmedia":[{"embeddable":true,"href":"https:\/\/shiawaves.com\/turkish\/wp-json\/wp\/v2\/media\/110445"}],"wp:attachment":[{"href":"https:\/\/shiawaves.com\/turkish\/wp-json\/wp\/v2\/media?parent=110444"}],"wp:term":[{"taxonomy":"category","embeddable":true,"href":"https:\/\/shiawaves.com\/turkish\/wp-json\/wp\/v2\/categories?post=110444"},{"taxonomy":"post_tag","embeddable":true,"href":"https:\/\/shiawaves.com\/turkish\/wp-json\/wp\/v2\/tags?post=110444"}],"curies":[{"name":"wp","href":"https:\/\/api.w.org\/{rel}","templated":true}]}}