{"id":110323,"date":"2025-01-05T08:30:00","date_gmt":"2025-01-05T05:30:00","guid":{"rendered":"https:\/\/shiawaves.com\/turkish\/?p=110323"},"modified":"2025-01-04T21:29:59","modified_gmt":"2025-01-04T18:29:59","slug":"turkiyede-iskender-ile-ahamenisler-arasindaki-granikus-savasinin-tarihi-yerinin-kesfedilmesi","status":"publish","type":"post","link":"https:\/\/shiawaves.com\/turkish\/2025\/01\/05\/turkiyede-iskender-ile-ahamenisler-arasindaki-granikus-savasinin-tarihi-yerinin-kesfedilmesi\/","title":{"rendered":"T\u00fcrkiye&#8217;de \u0130skender ile Ahameni\u015fler Aras\u0131ndaki Granikus Sava\u015f\u0131&#8217;n\u0131n Tarihi Yerinin Ke\u015ffedilmesi"},"content":{"rendered":"\n<p>Ara\u015ft\u0131rmac\u0131lar, T\u00fcrkiye&#8217;nin kuzeybat\u0131s\u0131nda, Ahameni\u015fli III. Darius&#8217;un ordusu ile B\u00fcy\u00fck \u0130skender&#8217;in ordusu aras\u0131ndaki tarihi Granikus sava\u015f\u0131n\u0131n yerini belirlediler.<\/p>\n\n\n\n<p>M\u00d6 334 y\u0131l\u0131nda ger\u00e7ekle\u015fen bu sava\u015f, \u0130skender&#8217;e Pers topraklar\u0131na giden yolu a\u00e7m\u0131\u015ft\u0131r.<\/p>\n\n\n\n<figure class=\"wp-block-image size-full\"><img loading=\"lazy\" decoding=\"async\" width=\"1024\" height=\"616\" src=\"https:\/\/shiawaves.com\/turkish\/wp-content\/uploads\/sites\/6\/2025\/01\/image-51.png\" alt=\"\" class=\"wp-image-110324\" srcset=\"https:\/\/shiawaves.com\/turkish\/wp-content\/uploads\/sites\/6\/2025\/01\/image-51.png 1024w, https:\/\/shiawaves.com\/turkish\/wp-content\/uploads\/sites\/6\/2025\/01\/image-51-300x180.png 300w, https:\/\/shiawaves.com\/turkish\/wp-content\/uploads\/sites\/6\/2025\/01\/image-51-768x462.png 768w, https:\/\/shiawaves.com\/turkish\/wp-content\/uploads\/sites\/6\/2025\/01\/image-51-780x470.png 780w\" sizes=\"auto, (max-width: 1024px) 100vw, 1024px\" \/><\/figure>\n\n\n\n<p>En son arkeolojik bulgularda ara\u015ft\u0131rmac\u0131lar tarihi Granikus sava\u015f\u0131n\u0131n yerini belirlediler.<\/p>\n\n\n\n<p>M\u00d6 334 y\u0131l\u0131nda Ahameni\u015f Kral\u0131 III. Darius ile B\u00fcy\u00fck \u0130skender&#8217;in ordular\u0131 aras\u0131nda ger\u00e7ekle\u015fen bu sava\u015f, \u0130skender&#8217;in Pers topraklar\u0131na girmesini sa\u011flad\u0131.<\/p>\n\n\n\n<p>18 Mart \u00c7anakKale \u00dcniversitesi arkeoloji profes\u00f6r\u00fc Reyhan K\u00f6rpe ba\u015fkanl\u0131\u011f\u0131ndaki ara\u015ft\u0131rma ekibi, sava\u015f alan\u0131n\u0131 jeolojik testler kullanarak yeniden in\u015fa etti.<\/p>\n\n\n\n<p>\u0130skender&#8217;in sava\u015ftan \u00f6nceki son kamp\u0131 olarak bilinen Hermaion antik kentinin kal\u0131nt\u0131lar\u0131n\u0131 buldular.<\/p>\n\n\n\n<p>Ayr\u0131ca insan kemi\u011fi kal\u0131nt\u0131lar\u0131n\u0131n ve \u0130skender&#8217;in d\u00f6nemine ait eserlerin ke\u015ffi, Granikus Sava\u015f\u0131&#8217;n\u0131n tarihine dair daha fazla kan\u0131t sa\u011flad\u0131.<\/p>\n\n\n\n<figure class=\"wp-block-image size-full\"><img loading=\"lazy\" decoding=\"async\" width=\"1024\" height=\"879\" src=\"https:\/\/shiawaves.com\/turkish\/wp-content\/uploads\/sites\/6\/2025\/01\/image-52.png\" alt=\"\" class=\"wp-image-110325\" srcset=\"https:\/\/shiawaves.com\/turkish\/wp-content\/uploads\/sites\/6\/2025\/01\/image-52.png 1024w, https:\/\/shiawaves.com\/turkish\/wp-content\/uploads\/sites\/6\/2025\/01\/image-52-300x258.png 300w, https:\/\/shiawaves.com\/turkish\/wp-content\/uploads\/sites\/6\/2025\/01\/image-52-768x659.png 768w\" sizes=\"auto, (max-width: 1024px) 100vw, 1024px\" \/><\/figure>\n\n\n\n<p>\u0130skender&#8217;in yerle\u015fim yeri olarak bir tepe ve buna ili\u015fkin co\u011frafi bilgilerin de yer ald\u0131\u011f\u0131 bu bulgular, antik tarihin ve tarihi sava\u015flar\u0131n daha derinlemesine anla\u015f\u0131lmas\u0131na katk\u0131 sa\u011flayacak.<\/p>\n\n\n\n<p>Bu d\u00f6nemin ayr\u0131nt\u0131lar\u0131n\u0131 ortaya \u00e7\u0131karmak i\u00e7in daha fazla ara\u015ft\u0131rma yap\u0131l\u0131yor.<\/p>\n","protected":false},"excerpt":{"rendered":"<p>Ara\u015ft\u0131rmac\u0131lar, T\u00fcrkiye&#8217;nin kuzeybat\u0131s\u0131nda, Ahameni\u015fli III. Darius&#8217;un ordusu ile B\u00fcy\u00fck \u0130skender&#8217;in ordusu aras\u0131ndaki tarihi Granikus sava\u015f\u0131n\u0131n yerini belirlediler. M\u00d6 334 y\u0131l\u0131nda ger\u00e7ekle\u015fen bu sava\u015f, \u0130skender&#8217;e Pers topraklar\u0131na giden yolu a\u00e7m\u0131\u015ft\u0131r. En son arkeolojik bulgularda ara\u015ft\u0131rmac\u0131lar tarihi Granikus sava\u015f\u0131n\u0131n yerini belirlediler. M\u00d6 334 y\u0131l\u0131nda Ahameni\u015f Kral\u0131 III. Darius ile B\u00fcy\u00fck \u0130skender&#8217;in ordular\u0131 aras\u0131nda ger\u00e7ekle\u015fen bu sava\u015f, \u0130skender&#8217;in &hellip;<\/p>\n","protected":false},"author":1,"featured_media":110324,"comment_status":"open","ping_status":"open","sticky":false,"template":"","format":"standard","meta":{"rop_custom_images_group":[],"rop_custom_messages_group":[],"rop_publish_now":"initial","rop_publish_now_accounts":[],"rop_publish_now_history":[],"rop_publish_now_status":"pending","footnotes":""},"categories":[1],"tags":[1826],"class_list":["post-110323","post","type-post","status-publish","format-standard","has-post-thumbnail","hentry","category-uncategorized","tag-turkiyede-iskender-ile-ahamenisler-arasindaki-granikus-savasinin-tarihi-yerinin-kesfedilmesi"],"_wp_page_template":null,"_wp_attached_file":null,"_wp_attachment_metadata":null,"_edit_lock":"1736015400:1","yoast_head":"<!-- This site is optimized with the Yoast SEO plugin v24.3 - https:\/\/yoast.com\/wordpress\/plugins\/seo\/ -->\n<title>T\u00fcrkiye&#039;de \u0130skender ile Ahameni\u015fler Aras\u0131ndaki Granikus Sava\u015f\u0131&#039;n\u0131n Tarihi Yerinin Ke\u015ffedilmesi - ShiaWaves Turkish - \u015eia Haberleri<\/title>\n<meta name=\"description\" content=\"T\u00fcrkiye&#039;de \u0130skender ile Ahameni\u015fler Aras\u0131ndaki Granikus Sava\u015f\u0131&#039;n\u0131n Tarihi Yerinin Ke\u015ffedilmesi\" \/>\n<meta name=\"robots\" content=\"index, follow, max-snippet:-1, max-image-preview:large, max-video-preview:-1\" \/>\n<link rel=\"canonical\" href=\"https:\/\/shiawaves.com\/turkish\/2025\/01\/05\/turkiyede-iskender-ile-ahamenisler-arasindaki-granikus-savasinin-tarihi-yerinin-kesfedilmesi\/\" \/>\n<meta property=\"og:locale\" content=\"tr_TR\" \/>\n<meta property=\"og:type\" content=\"article\" \/>\n<meta property=\"og:title\" content=\"T\u00fcrkiye&#039;de \u0130skender ile Ahameni\u015fler Aras\u0131ndaki Granikus Sava\u015f\u0131&#039;n\u0131n Tarihi Yerinin Ke\u015ffedilmesi - ShiaWaves Turkish - \u015eia Haberleri\" \/>\n<meta property=\"og:description\" content=\"T\u00fcrkiye&#039;de \u0130skender ile Ahameni\u015fler Aras\u0131ndaki Granikus Sava\u015f\u0131&#039;n\u0131n Tarihi Yerinin Ke\u015ffedilmesi\" \/>\n<meta property=\"og:url\" content=\"https:\/\/shiawaves.com\/turkish\/2025\/01\/05\/turkiyede-iskender-ile-ahamenisler-arasindaki-granikus-savasinin-tarihi-yerinin-kesfedilmesi\/\" \/>\n<meta property=\"og:site_name\" content=\"ShiaWaves Turkish - \u015eia Haberleri\" \/>\n<meta property=\"article:published_time\" content=\"2025-01-05T05:30:00+00:00\" \/>\n<meta property=\"article:modified_time\" content=\"2025-01-04T18:29:59+00:00\" \/>\n<meta property=\"og:image\" content=\"https:\/\/shiawaves.com\/turkish\/wp-content\/uploads\/sites\/6\/2025\/01\/image-51.png\" \/>\n\t<meta property=\"og:image:width\" content=\"1024\" \/>\n\t<meta property=\"og:image:height\" content=\"616\" \/>\n\t<meta property=\"og:image:type\" content=\"image\/png\" \/>\n<meta name=\"author\" content=\"modir\" \/>\n<meta name=\"twitter:card\" content=\"summary_large_image\" \/>\n<meta name=\"twitter:label1\" content=\"Yazan:\" \/>\n\t<meta name=\"twitter:data1\" content=\"modir\" \/>\n\t<meta name=\"twitter:label2\" content=\"Tahmini okuma s\u00fcresi\" \/>\n\t<meta name=\"twitter:data2\" content=\"2 dakika\" \/>\n<script type=\"application\/ld+json\" class=\"yoast-schema-graph\">{\"@context\":\"https:\/\/schema.org\",\"@graph\":[{\"@type\":\"WebPage\",\"@id\":\"https:\/\/shiawaves.com\/turkish\/2025\/01\/05\/turkiyede-iskender-ile-ahamenisler-arasindaki-granikus-savasinin-tarihi-yerinin-kesfedilmesi\/\",\"url\":\"https:\/\/shiawaves.com\/turkish\/2025\/01\/05\/turkiyede-iskender-ile-ahamenisler-arasindaki-granikus-savasinin-tarihi-yerinin-kesfedilmesi\/\",\"name\":\"T\u00fcrkiye'de \u0130skender ile Ahameni\u015fler Aras\u0131ndaki Granikus Sava\u015f\u0131'n\u0131n Tarihi Yerinin Ke\u015ffedilmesi - ShiaWaves Turkish - \u015eia Haberleri\",\"isPartOf\":{\"@id\":\"https:\/\/shiawaves.com\/turkish\/#website\"},\"primaryImageOfPage\":{\"@id\":\"https:\/\/shiawaves.com\/turkish\/2025\/01\/05\/turkiyede-iskender-ile-ahamenisler-arasindaki-granikus-savasinin-tarihi-yerinin-kesfedilmesi\/#primaryimage\"},\"image\":{\"@id\":\"https:\/\/shiawaves.com\/turkish\/2025\/01\/05\/turkiyede-iskender-ile-ahamenisler-arasindaki-granikus-savasinin-tarihi-yerinin-kesfedilmesi\/#primaryimage\"},\"thumbnailUrl\":\"https:\/\/shiawaves.com\/turkish\/wp-content\/uploads\/sites\/6\/2025\/01\/image-51.png\",\"datePublished\":\"2025-01-05T05:30:00+00:00\",\"dateModified\":\"2025-01-04T18:29:59+00:00\",\"author\":{\"@id\":\"https:\/\/shiawaves.com\/turkish\/#\/schema\/person\/9f68d5023e948086b9348fba5aebd954\"},\"description\":\"T\u00fcrkiye'de \u0130skender ile Ahameni\u015fler Aras\u0131ndaki Granikus Sava\u015f\u0131'n\u0131n Tarihi Yerinin Ke\u015ffedilmesi\",\"breadcrumb\":{\"@id\":\"https:\/\/shiawaves.com\/turkish\/2025\/01\/05\/turkiyede-iskender-ile-ahamenisler-arasindaki-granikus-savasinin-tarihi-yerinin-kesfedilmesi\/#breadcrumb\"},\"inLanguage\":\"tr\",\"potentialAction\":[{\"@type\":\"ReadAction\",\"target\":[\"https:\/\/shiawaves.com\/turkish\/2025\/01\/05\/turkiyede-iskender-ile-ahamenisler-arasindaki-granikus-savasinin-tarihi-yerinin-kesfedilmesi\/\"]}]},{\"@type\":\"ImageObject\",\"inLanguage\":\"tr\",\"@id\":\"https:\/\/shiawaves.com\/turkish\/2025\/01\/05\/turkiyede-iskender-ile-ahamenisler-arasindaki-granikus-savasinin-tarihi-yerinin-kesfedilmesi\/#primaryimage\",\"url\":\"https:\/\/shiawaves.com\/turkish\/wp-content\/uploads\/sites\/6\/2025\/01\/image-51.png\",\"contentUrl\":\"https:\/\/shiawaves.com\/turkish\/wp-content\/uploads\/sites\/6\/2025\/01\/image-51.png\",\"width\":1024,\"height\":616,\"caption\":\"T\u00fcrkiye'de \u0130skender ile Ahameni\u015fler Aras\u0131ndaki Granikus Sava\u015f\u0131'n\u0131n Tarihi Yerinin Ke\u015ffedilmesi\"},{\"@type\":\"BreadcrumbList\",\"@id\":\"https:\/\/shiawaves.com\/turkish\/2025\/01\/05\/turkiyede-iskender-ile-ahamenisler-arasindaki-granikus-savasinin-tarihi-yerinin-kesfedilmesi\/#breadcrumb\",\"itemListElement\":[{\"@type\":\"ListItem\",\"position\":1,\"name\":\"Home\",\"item\":\"https:\/\/shiawaves.com\/turkish\/\"},{\"@type\":\"ListItem\",\"position\":2,\"name\":\"T\u00fcrkiye&#8217;de \u0130skender ile Ahameni\u015fler Aras\u0131ndaki Granikus Sava\u015f\u0131&#8217;n\u0131n Tarihi Yerinin Ke\u015ffedilmesi\"}]},{\"@type\":\"WebSite\",\"@id\":\"https:\/\/shiawaves.com\/turkish\/#website\",\"url\":\"https:\/\/shiawaves.com\/turkish\/\",\"name\":\"ShiaWaves Turkish - \u015eia Haberleri\",\"description\":\"\",\"potentialAction\":[{\"@type\":\"SearchAction\",\"target\":{\"@type\":\"EntryPoint\",\"urlTemplate\":\"https:\/\/shiawaves.com\/turkish\/?s={search_term_string}\"},\"query-input\":{\"@type\":\"PropertyValueSpecification\",\"valueRequired\":true,\"valueName\":\"search_term_string\"}}],\"inLanguage\":\"tr\"},{\"@type\":\"Person\",\"@id\":\"https:\/\/shiawaves.com\/turkish\/#\/schema\/person\/9f68d5023e948086b9348fba5aebd954\",\"name\":\"modir\",\"image\":{\"@type\":\"ImageObject\",\"inLanguage\":\"tr\",\"@id\":\"https:\/\/shiawaves.com\/turkish\/#\/schema\/person\/image\/\",\"url\":\"https:\/\/secure.gravatar.com\/avatar\/8e76f93cdbdd480bd8918d1e0e1d938664c9cb1516c2a57a2b96fe50b507a6b9?s=96&d=mm&r=g\",\"contentUrl\":\"https:\/\/secure.gravatar.com\/avatar\/8e76f93cdbdd480bd8918d1e0e1d938664c9cb1516c2a57a2b96fe50b507a6b9?s=96&d=mm&r=g\",\"caption\":\"modir\"},\"sameAs\":[\"https:\/\/shiawaves.com\"],\"url\":\"https:\/\/shiawaves.com\/turkish\/author\/modir\/\"}]}<\/script>\n<!-- \/ Yoast SEO plugin. -->","yoast_head_json":{"title":"T\u00fcrkiye'de \u0130skender ile Ahameni\u015fler Aras\u0131ndaki Granikus Sava\u015f\u0131'n\u0131n Tarihi Yerinin Ke\u015ffedilmesi - ShiaWaves Turkish - \u015eia Haberleri","description":"T\u00fcrkiye'de \u0130skender ile Ahameni\u015fler Aras\u0131ndaki Granikus Sava\u015f\u0131'n\u0131n Tarihi Yerinin Ke\u015ffedilmesi","robots":{"index":"index","follow":"follow","max-snippet":"max-snippet:-1","max-image-preview":"max-image-preview:large","max-video-preview":"max-video-preview:-1"},"canonical":"https:\/\/shiawaves.com\/turkish\/2025\/01\/05\/turkiyede-iskender-ile-ahamenisler-arasindaki-granikus-savasinin-tarihi-yerinin-kesfedilmesi\/","og_locale":"tr_TR","og_type":"article","og_title":"T\u00fcrkiye'de \u0130skender ile Ahameni\u015fler Aras\u0131ndaki Granikus Sava\u015f\u0131'n\u0131n Tarihi Yerinin Ke\u015ffedilmesi - ShiaWaves Turkish - \u015eia Haberleri","og_description":"T\u00fcrkiye'de \u0130skender ile Ahameni\u015fler Aras\u0131ndaki Granikus Sava\u015f\u0131'n\u0131n Tarihi Yerinin Ke\u015ffedilmesi","og_url":"https:\/\/shiawaves.com\/turkish\/2025\/01\/05\/turkiyede-iskender-ile-ahamenisler-arasindaki-granikus-savasinin-tarihi-yerinin-kesfedilmesi\/","og_site_name":"ShiaWaves Turkish - \u015eia Haberleri","article_published_time":"2025-01-05T05:30:00+00:00","article_modified_time":"2025-01-04T18:29:59+00:00","og_image":[{"width":1024,"height":616,"url":"https:\/\/shiawaves.com\/turkish\/wp-content\/uploads\/sites\/6\/2025\/01\/image-51.png","type":"image\/png"}],"author":"modir","twitter_card":"summary_large_image","twitter_misc":{"Yazan:":"modir","Tahmini okuma s\u00fcresi":"2 dakika"},"schema":{"@context":"https:\/\/schema.org","@graph":[{"@type":"WebPage","@id":"https:\/\/shiawaves.com\/turkish\/2025\/01\/05\/turkiyede-iskender-ile-ahamenisler-arasindaki-granikus-savasinin-tarihi-yerinin-kesfedilmesi\/","url":"https:\/\/shiawaves.com\/turkish\/2025\/01\/05\/turkiyede-iskender-ile-ahamenisler-arasindaki-granikus-savasinin-tarihi-yerinin-kesfedilmesi\/","name":"T\u00fcrkiye'de \u0130skender ile Ahameni\u015fler Aras\u0131ndaki Granikus Sava\u015f\u0131'n\u0131n Tarihi Yerinin Ke\u015ffedilmesi - ShiaWaves Turkish - \u015eia Haberleri","isPartOf":{"@id":"https:\/\/shiawaves.com\/turkish\/#website"},"primaryImageOfPage":{"@id":"https:\/\/shiawaves.com\/turkish\/2025\/01\/05\/turkiyede-iskender-ile-ahamenisler-arasindaki-granikus-savasinin-tarihi-yerinin-kesfedilmesi\/#primaryimage"},"image":{"@id":"https:\/\/shiawaves.com\/turkish\/2025\/01\/05\/turkiyede-iskender-ile-ahamenisler-arasindaki-granikus-savasinin-tarihi-yerinin-kesfedilmesi\/#primaryimage"},"thumbnailUrl":"https:\/\/shiawaves.com\/turkish\/wp-content\/uploads\/sites\/6\/2025\/01\/image-51.png","datePublished":"2025-01-05T05:30:00+00:00","dateModified":"2025-01-04T18:29:59+00:00","author":{"@id":"https:\/\/shiawaves.com\/turkish\/#\/schema\/person\/9f68d5023e948086b9348fba5aebd954"},"description":"T\u00fcrkiye'de \u0130skender ile Ahameni\u015fler Aras\u0131ndaki Granikus Sava\u015f\u0131'n\u0131n Tarihi Yerinin Ke\u015ffedilmesi","breadcrumb":{"@id":"https:\/\/shiawaves.com\/turkish\/2025\/01\/05\/turkiyede-iskender-ile-ahamenisler-arasindaki-granikus-savasinin-tarihi-yerinin-kesfedilmesi\/#breadcrumb"},"inLanguage":"tr","potentialAction":[{"@type":"ReadAction","target":["https:\/\/shiawaves.com\/turkish\/2025\/01\/05\/turkiyede-iskender-ile-ahamenisler-arasindaki-granikus-savasinin-tarihi-yerinin-kesfedilmesi\/"]}]},{"@type":"ImageObject","inLanguage":"tr","@id":"https:\/\/shiawaves.com\/turkish\/2025\/01\/05\/turkiyede-iskender-ile-ahamenisler-arasindaki-granikus-savasinin-tarihi-yerinin-kesfedilmesi\/#primaryimage","url":"https:\/\/shiawaves.com\/turkish\/wp-content\/uploads\/sites\/6\/2025\/01\/image-51.png","contentUrl":"https:\/\/shiawaves.com\/turkish\/wp-content\/uploads\/sites\/6\/2025\/01\/image-51.png","width":1024,"height":616,"caption":"T\u00fcrkiye'de \u0130skender ile Ahameni\u015fler Aras\u0131ndaki Granikus Sava\u015f\u0131'n\u0131n Tarihi Yerinin Ke\u015ffedilmesi"},{"@type":"BreadcrumbList","@id":"https:\/\/shiawaves.com\/turkish\/2025\/01\/05\/turkiyede-iskender-ile-ahamenisler-arasindaki-granikus-savasinin-tarihi-yerinin-kesfedilmesi\/#breadcrumb","itemListElement":[{"@type":"ListItem","position":1,"name":"Home","item":"https:\/\/shiawaves.com\/turkish\/"},{"@type":"ListItem","position":2,"name":"T\u00fcrkiye&#8217;de \u0130skender ile Ahameni\u015fler Aras\u0131ndaki Granikus Sava\u015f\u0131&#8217;n\u0131n Tarihi Yerinin Ke\u015ffedilmesi"}]},{"@type":"WebSite","@id":"https:\/\/shiawaves.com\/turkish\/#website","url":"https:\/\/shiawaves.com\/turkish\/","name":"ShiaWaves Turkish - \u015eia Haberleri","description":"","potentialAction":[{"@type":"SearchAction","target":{"@type":"EntryPoint","urlTemplate":"https:\/\/shiawaves.com\/turkish\/?s={search_term_string}"},"query-input":{"@type":"PropertyValueSpecification","valueRequired":true,"valueName":"search_term_string"}}],"inLanguage":"tr"},{"@type":"Person","@id":"https:\/\/shiawaves.com\/turkish\/#\/schema\/person\/9f68d5023e948086b9348fba5aebd954","name":"modir","image":{"@type":"ImageObject","inLanguage":"tr","@id":"https:\/\/shiawaves.com\/turkish\/#\/schema\/person\/image\/","url":"https:\/\/secure.gravatar.com\/avatar\/8e76f93cdbdd480bd8918d1e0e1d938664c9cb1516c2a57a2b96fe50b507a6b9?s=96&d=mm&r=g","contentUrl":"https:\/\/secure.gravatar.com\/avatar\/8e76f93cdbdd480bd8918d1e0e1d938664c9cb1516c2a57a2b96fe50b507a6b9?s=96&d=mm&r=g","caption":"modir"},"sameAs":["https:\/\/shiawaves.com"],"url":"https:\/\/shiawaves.com\/turkish\/author\/modir\/"}]}},"_links":{"self":[{"href":"https:\/\/shiawaves.com\/turkish\/wp-json\/wp\/v2\/posts\/110323","targetHints":{"allow":["GET"]}}],"collection":[{"href":"https:\/\/shiawaves.com\/turkish\/wp-json\/wp\/v2\/posts"}],"about":[{"href":"https:\/\/shiawaves.com\/turkish\/wp-json\/wp\/v2\/types\/post"}],"author":[{"embeddable":true,"href":"https:\/\/shiawaves.com\/turkish\/wp-json\/wp\/v2\/users\/1"}],"replies":[{"embeddable":true,"href":"https:\/\/shiawaves.com\/turkish\/wp-json\/wp\/v2\/comments?post=110323"}],"version-history":[{"count":1,"href":"https:\/\/shiawaves.com\/turkish\/wp-json\/wp\/v2\/posts\/110323\/revisions"}],"predecessor-version":[{"id":110326,"href":"https:\/\/shiawaves.com\/turkish\/wp-json\/wp\/v2\/posts\/110323\/revisions\/110326"}],"wp:featuredmedia":[{"embeddable":true,"href":"https:\/\/shiawaves.com\/turkish\/wp-json\/wp\/v2\/media\/110324"}],"wp:attachment":[{"href":"https:\/\/shiawaves.com\/turkish\/wp-json\/wp\/v2\/media?parent=110323"}],"wp:term":[{"taxonomy":"category","embeddable":true,"href":"https:\/\/shiawaves.com\/turkish\/wp-json\/wp\/v2\/categories?post=110323"},{"taxonomy":"post_tag","embeddable":true,"href":"https:\/\/shiawaves.com\/turkish\/wp-json\/wp\/v2\/tags?post=110323"}],"curies":[{"name":"wp","href":"https:\/\/api.w.org\/{rel}","templated":true}]}}