{"id":110133,"date":"2024-12-31T21:30:00","date_gmt":"2024-12-31T18:30:00","guid":{"rendered":"https:\/\/shiawaves.com\/turkish\/?p=110133"},"modified":"2024-12-31T20:51:51","modified_gmt":"2024-12-31T17:51:51","slug":"almanya-kalkinma-bakani-suriyelilerin-yuzde-90i-yoksulluk-icinde-yasiyor","status":"publish","type":"post","link":"https:\/\/shiawaves.com\/turkish\/2024\/12\/31\/almanya-kalkinma-bakani-suriyelilerin-yuzde-90i-yoksulluk-icinde-yasiyor\/","title":{"rendered":"Almanya Kalk\u0131nma Bakan\u0131: Suriyelilerin Y\u00fczde 90&#8217;\u0131 Yoksulluk \u0130\u00e7inde Ya\u015f\u0131yor"},"content":{"rendered":"\n<p>Almanya Kalk\u0131nma Bakan\u0131 Sonia Schulze, Suriye&#8217;deki insani durumu &#8220;felaket&#8221; olarak nitelendirerek, Suriyelilerin y\u00fczde 90&#8217;\u0131n\u0131n yoksulluk i\u00e7inde ya\u015fad\u0131\u011f\u0131n\u0131 ve uluslararas\u0131 yard\u0131ma muhta\u00e7 oldu\u011funu a\u00e7\u0131klad\u0131.<\/p>\n\n\n\n<p>Alman h\u00fck\u00fcmeti, 25 milyon avrosu UNICEF arac\u0131l\u0131\u011f\u0131yla \u00e7ocuklara destek, 19 milyon avrosu ise m\u00fcltecilere i\u015f yaratma ama\u00e7l\u0131 olmak \u00fczere 132 milyon avroyu \u00e7e\u015fitli projelere ay\u0131rarak Suriye&#8217;deki insani krize yard\u0131m etmeye \u00e7al\u0131\u015f\u0131yor.<\/p>\n\n\n\n<figure class=\"wp-block-image size-full is-resized\"><img loading=\"lazy\" decoding=\"async\" width=\"225\" height=\"225\" src=\"https:\/\/shiawaves.com\/turkish\/wp-content\/uploads\/sites\/6\/2024\/12\/image-290.png\" alt=\"\" class=\"wp-image-110134\" style=\"width:840px;height:auto\" srcset=\"https:\/\/shiawaves.com\/turkish\/wp-content\/uploads\/sites\/6\/2024\/12\/image-290.png 225w, https:\/\/shiawaves.com\/turkish\/wp-content\/uploads\/sites\/6\/2024\/12\/image-290-150x150.png 150w\" sizes=\"auto, (max-width: 225px) 100vw, 225px\" \/><\/figure>\n\n\n\n<p>Bu hibeler BM kurulu\u015flar\u0131 ve sivil toplum kurulu\u015flar\u0131 arac\u0131l\u0131\u011f\u0131yla uygulanacakt\u0131r.<\/p>\n","protected":false},"excerpt":{"rendered":"<p>Almanya Kalk\u0131nma Bakan\u0131 Sonia Schulze, Suriye&#8217;deki insani durumu &#8220;felaket&#8221; olarak nitelendirerek, Suriyelilerin y\u00fczde 90&#8217;\u0131n\u0131n yoksulluk i\u00e7inde ya\u015fad\u0131\u011f\u0131n\u0131 ve uluslararas\u0131 yard\u0131ma muhta\u00e7 oldu\u011funu a\u00e7\u0131klad\u0131. Alman h\u00fck\u00fcmeti, 25 milyon avrosu UNICEF arac\u0131l\u0131\u011f\u0131yla \u00e7ocuklara destek, 19 milyon avrosu ise m\u00fcltecilere i\u015f yaratma ama\u00e7l\u0131 olmak \u00fczere 132 milyon avroyu \u00e7e\u015fitli projelere ay\u0131rarak Suriye&#8217;deki insani krize yard\u0131m etmeye \u00e7al\u0131\u015f\u0131yor. Bu &hellip;<\/p>\n","protected":false},"author":1,"featured_media":110134,"comment_status":"open","ping_status":"open","sticky":false,"template":"","format":"standard","meta":{"rop_custom_images_group":[],"rop_custom_messages_group":[],"rop_publish_now":"initial","rop_publish_now_accounts":[],"rop_publish_now_history":[],"rop_publish_now_status":"pending","footnotes":""},"categories":[71],"tags":[1768],"class_list":["post-110133","post","type-post","status-publish","format-standard","has-post-thumbnail","hentry","category-germany","tag-almanya-kalkinma-bakani-suriyelilerin-yuzde-90i-yoksulluk-icinde-yasiyor"],"_wp_page_template":null,"_wp_attached_file":null,"_wp_attachment_metadata":null,"_edit_lock":"1735667514:1","yoast_head":"<!-- This site is optimized with the Yoast SEO plugin v24.3 - https:\/\/yoast.com\/wordpress\/plugins\/seo\/ -->\n<title>Almanya Kalk\u0131nma Bakan\u0131: Suriyelilerin Y\u00fczde 90&#039;\u0131 Yoksulluk \u0130\u00e7inde Ya\u015f\u0131yor - ShiaWaves Turkish - \u015eia Haberleri<\/title>\n<meta name=\"description\" content=\"Almanya Kalk\u0131nma Bakan\u0131: Suriyelilerin Y\u00fczde 90&#039;\u0131 Yoksulluk \u0130\u00e7inde Ya\u015f\u0131yor\" \/>\n<meta name=\"robots\" content=\"index, follow, max-snippet:-1, max-image-preview:large, max-video-preview:-1\" \/>\n<link rel=\"canonical\" href=\"https:\/\/shiawaves.com\/turkish\/2024\/12\/31\/almanya-kalkinma-bakani-suriyelilerin-yuzde-90i-yoksulluk-icinde-yasiyor\/\" \/>\n<meta property=\"og:locale\" content=\"tr_TR\" \/>\n<meta property=\"og:type\" content=\"article\" \/>\n<meta property=\"og:title\" content=\"Almanya Kalk\u0131nma Bakan\u0131: Suriyelilerin Y\u00fczde 90&#039;\u0131 Yoksulluk \u0130\u00e7inde Ya\u015f\u0131yor - ShiaWaves Turkish - \u015eia Haberleri\" \/>\n<meta property=\"og:description\" content=\"Almanya Kalk\u0131nma Bakan\u0131: Suriyelilerin Y\u00fczde 90&#039;\u0131 Yoksulluk \u0130\u00e7inde Ya\u015f\u0131yor\" \/>\n<meta property=\"og:url\" content=\"https:\/\/shiawaves.com\/turkish\/2024\/12\/31\/almanya-kalkinma-bakani-suriyelilerin-yuzde-90i-yoksulluk-icinde-yasiyor\/\" \/>\n<meta property=\"og:site_name\" content=\"ShiaWaves Turkish - \u015eia Haberleri\" \/>\n<meta property=\"article:published_time\" content=\"2024-12-31T18:30:00+00:00\" \/>\n<meta property=\"article:modified_time\" content=\"2024-12-31T17:51:51+00:00\" \/>\n<meta property=\"og:image\" content=\"https:\/\/shiawaves.com\/turkish\/wp-content\/uploads\/sites\/6\/2024\/12\/image-290.png\" \/>\n\t<meta property=\"og:image:width\" content=\"225\" \/>\n\t<meta property=\"og:image:height\" content=\"225\" \/>\n\t<meta property=\"og:image:type\" content=\"image\/png\" \/>\n<meta name=\"author\" content=\"modir\" \/>\n<meta name=\"twitter:card\" content=\"summary_large_image\" \/>\n<meta name=\"twitter:label1\" content=\"Yazan:\" \/>\n\t<meta name=\"twitter:data1\" content=\"modir\" \/>\n\t<meta name=\"twitter:label2\" content=\"Tahmini okuma s\u00fcresi\" \/>\n\t<meta name=\"twitter:data2\" content=\"1 dakika\" \/>\n<script type=\"application\/ld+json\" class=\"yoast-schema-graph\">{\"@context\":\"https:\/\/schema.org\",\"@graph\":[{\"@type\":\"WebPage\",\"@id\":\"https:\/\/shiawaves.com\/turkish\/2024\/12\/31\/almanya-kalkinma-bakani-suriyelilerin-yuzde-90i-yoksulluk-icinde-yasiyor\/\",\"url\":\"https:\/\/shiawaves.com\/turkish\/2024\/12\/31\/almanya-kalkinma-bakani-suriyelilerin-yuzde-90i-yoksulluk-icinde-yasiyor\/\",\"name\":\"Almanya Kalk\u0131nma Bakan\u0131: Suriyelilerin Y\u00fczde 90'\u0131 Yoksulluk \u0130\u00e7inde Ya\u015f\u0131yor - ShiaWaves Turkish - \u015eia Haberleri\",\"isPartOf\":{\"@id\":\"https:\/\/shiawaves.com\/turkish\/#website\"},\"primaryImageOfPage\":{\"@id\":\"https:\/\/shiawaves.com\/turkish\/2024\/12\/31\/almanya-kalkinma-bakani-suriyelilerin-yuzde-90i-yoksulluk-icinde-yasiyor\/#primaryimage\"},\"image\":{\"@id\":\"https:\/\/shiawaves.com\/turkish\/2024\/12\/31\/almanya-kalkinma-bakani-suriyelilerin-yuzde-90i-yoksulluk-icinde-yasiyor\/#primaryimage\"},\"thumbnailUrl\":\"https:\/\/shiawaves.com\/turkish\/wp-content\/uploads\/sites\/6\/2024\/12\/image-290.png\",\"datePublished\":\"2024-12-31T18:30:00+00:00\",\"dateModified\":\"2024-12-31T17:51:51+00:00\",\"author\":{\"@id\":\"https:\/\/shiawaves.com\/turkish\/#\/schema\/person\/9f68d5023e948086b9348fba5aebd954\"},\"description\":\"Almanya Kalk\u0131nma Bakan\u0131: Suriyelilerin Y\u00fczde 90'\u0131 Yoksulluk \u0130\u00e7inde Ya\u015f\u0131yor\",\"breadcrumb\":{\"@id\":\"https:\/\/shiawaves.com\/turkish\/2024\/12\/31\/almanya-kalkinma-bakani-suriyelilerin-yuzde-90i-yoksulluk-icinde-yasiyor\/#breadcrumb\"},\"inLanguage\":\"tr\",\"potentialAction\":[{\"@type\":\"ReadAction\",\"target\":[\"https:\/\/shiawaves.com\/turkish\/2024\/12\/31\/almanya-kalkinma-bakani-suriyelilerin-yuzde-90i-yoksulluk-icinde-yasiyor\/\"]}]},{\"@type\":\"ImageObject\",\"inLanguage\":\"tr\",\"@id\":\"https:\/\/shiawaves.com\/turkish\/2024\/12\/31\/almanya-kalkinma-bakani-suriyelilerin-yuzde-90i-yoksulluk-icinde-yasiyor\/#primaryimage\",\"url\":\"https:\/\/shiawaves.com\/turkish\/wp-content\/uploads\/sites\/6\/2024\/12\/image-290.png\",\"contentUrl\":\"https:\/\/shiawaves.com\/turkish\/wp-content\/uploads\/sites\/6\/2024\/12\/image-290.png\",\"width\":225,\"height\":225,\"caption\":\"Almanya Kalk\u0131nma Bakan\u0131: Suriyelilerin Y\u00fczde 90'\u0131 Yoksulluk \u0130\u00e7inde Ya\u015f\u0131yor\"},{\"@type\":\"BreadcrumbList\",\"@id\":\"https:\/\/shiawaves.com\/turkish\/2024\/12\/31\/almanya-kalkinma-bakani-suriyelilerin-yuzde-90i-yoksulluk-icinde-yasiyor\/#breadcrumb\",\"itemListElement\":[{\"@type\":\"ListItem\",\"position\":1,\"name\":\"Home\",\"item\":\"https:\/\/shiawaves.com\/turkish\/\"},{\"@type\":\"ListItem\",\"position\":2,\"name\":\"Almanya Kalk\u0131nma Bakan\u0131: Suriyelilerin Y\u00fczde 90&#8217;\u0131 Yoksulluk \u0130\u00e7inde Ya\u015f\u0131yor\"}]},{\"@type\":\"WebSite\",\"@id\":\"https:\/\/shiawaves.com\/turkish\/#website\",\"url\":\"https:\/\/shiawaves.com\/turkish\/\",\"name\":\"ShiaWaves Turkish - \u015eia Haberleri\",\"description\":\"\",\"potentialAction\":[{\"@type\":\"SearchAction\",\"target\":{\"@type\":\"EntryPoint\",\"urlTemplate\":\"https:\/\/shiawaves.com\/turkish\/?s={search_term_string}\"},\"query-input\":{\"@type\":\"PropertyValueSpecification\",\"valueRequired\":true,\"valueName\":\"search_term_string\"}}],\"inLanguage\":\"tr\"},{\"@type\":\"Person\",\"@id\":\"https:\/\/shiawaves.com\/turkish\/#\/schema\/person\/9f68d5023e948086b9348fba5aebd954\",\"name\":\"modir\",\"image\":{\"@type\":\"ImageObject\",\"inLanguage\":\"tr\",\"@id\":\"https:\/\/shiawaves.com\/turkish\/#\/schema\/person\/image\/\",\"url\":\"https:\/\/secure.gravatar.com\/avatar\/8e76f93cdbdd480bd8918d1e0e1d938664c9cb1516c2a57a2b96fe50b507a6b9?s=96&d=mm&r=g\",\"contentUrl\":\"https:\/\/secure.gravatar.com\/avatar\/8e76f93cdbdd480bd8918d1e0e1d938664c9cb1516c2a57a2b96fe50b507a6b9?s=96&d=mm&r=g\",\"caption\":\"modir\"},\"sameAs\":[\"https:\/\/shiawaves.com\"],\"url\":\"https:\/\/shiawaves.com\/turkish\/author\/modir\/\"}]}<\/script>\n<!-- \/ Yoast SEO plugin. -->","yoast_head_json":{"title":"Almanya Kalk\u0131nma Bakan\u0131: Suriyelilerin Y\u00fczde 90'\u0131 Yoksulluk \u0130\u00e7inde Ya\u015f\u0131yor - ShiaWaves Turkish - \u015eia Haberleri","description":"Almanya Kalk\u0131nma Bakan\u0131: Suriyelilerin Y\u00fczde 90'\u0131 Yoksulluk \u0130\u00e7inde Ya\u015f\u0131yor","robots":{"index":"index","follow":"follow","max-snippet":"max-snippet:-1","max-image-preview":"max-image-preview:large","max-video-preview":"max-video-preview:-1"},"canonical":"https:\/\/shiawaves.com\/turkish\/2024\/12\/31\/almanya-kalkinma-bakani-suriyelilerin-yuzde-90i-yoksulluk-icinde-yasiyor\/","og_locale":"tr_TR","og_type":"article","og_title":"Almanya Kalk\u0131nma Bakan\u0131: Suriyelilerin Y\u00fczde 90'\u0131 Yoksulluk \u0130\u00e7inde Ya\u015f\u0131yor - ShiaWaves Turkish - \u015eia Haberleri","og_description":"Almanya Kalk\u0131nma Bakan\u0131: Suriyelilerin Y\u00fczde 90'\u0131 Yoksulluk \u0130\u00e7inde Ya\u015f\u0131yor","og_url":"https:\/\/shiawaves.com\/turkish\/2024\/12\/31\/almanya-kalkinma-bakani-suriyelilerin-yuzde-90i-yoksulluk-icinde-yasiyor\/","og_site_name":"ShiaWaves Turkish - \u015eia Haberleri","article_published_time":"2024-12-31T18:30:00+00:00","article_modified_time":"2024-12-31T17:51:51+00:00","og_image":[{"width":225,"height":225,"url":"https:\/\/shiawaves.com\/turkish\/wp-content\/uploads\/sites\/6\/2024\/12\/image-290.png","type":"image\/png"}],"author":"modir","twitter_card":"summary_large_image","twitter_misc":{"Yazan:":"modir","Tahmini okuma s\u00fcresi":"1 dakika"},"schema":{"@context":"https:\/\/schema.org","@graph":[{"@type":"WebPage","@id":"https:\/\/shiawaves.com\/turkish\/2024\/12\/31\/almanya-kalkinma-bakani-suriyelilerin-yuzde-90i-yoksulluk-icinde-yasiyor\/","url":"https:\/\/shiawaves.com\/turkish\/2024\/12\/31\/almanya-kalkinma-bakani-suriyelilerin-yuzde-90i-yoksulluk-icinde-yasiyor\/","name":"Almanya Kalk\u0131nma Bakan\u0131: Suriyelilerin Y\u00fczde 90'\u0131 Yoksulluk \u0130\u00e7inde Ya\u015f\u0131yor - ShiaWaves Turkish - \u015eia Haberleri","isPartOf":{"@id":"https:\/\/shiawaves.com\/turkish\/#website"},"primaryImageOfPage":{"@id":"https:\/\/shiawaves.com\/turkish\/2024\/12\/31\/almanya-kalkinma-bakani-suriyelilerin-yuzde-90i-yoksulluk-icinde-yasiyor\/#primaryimage"},"image":{"@id":"https:\/\/shiawaves.com\/turkish\/2024\/12\/31\/almanya-kalkinma-bakani-suriyelilerin-yuzde-90i-yoksulluk-icinde-yasiyor\/#primaryimage"},"thumbnailUrl":"https:\/\/shiawaves.com\/turkish\/wp-content\/uploads\/sites\/6\/2024\/12\/image-290.png","datePublished":"2024-12-31T18:30:00+00:00","dateModified":"2024-12-31T17:51:51+00:00","author":{"@id":"https:\/\/shiawaves.com\/turkish\/#\/schema\/person\/9f68d5023e948086b9348fba5aebd954"},"description":"Almanya Kalk\u0131nma Bakan\u0131: Suriyelilerin Y\u00fczde 90'\u0131 Yoksulluk \u0130\u00e7inde Ya\u015f\u0131yor","breadcrumb":{"@id":"https:\/\/shiawaves.com\/turkish\/2024\/12\/31\/almanya-kalkinma-bakani-suriyelilerin-yuzde-90i-yoksulluk-icinde-yasiyor\/#breadcrumb"},"inLanguage":"tr","potentialAction":[{"@type":"ReadAction","target":["https:\/\/shiawaves.com\/turkish\/2024\/12\/31\/almanya-kalkinma-bakani-suriyelilerin-yuzde-90i-yoksulluk-icinde-yasiyor\/"]}]},{"@type":"ImageObject","inLanguage":"tr","@id":"https:\/\/shiawaves.com\/turkish\/2024\/12\/31\/almanya-kalkinma-bakani-suriyelilerin-yuzde-90i-yoksulluk-icinde-yasiyor\/#primaryimage","url":"https:\/\/shiawaves.com\/turkish\/wp-content\/uploads\/sites\/6\/2024\/12\/image-290.png","contentUrl":"https:\/\/shiawaves.com\/turkish\/wp-content\/uploads\/sites\/6\/2024\/12\/image-290.png","width":225,"height":225,"caption":"Almanya Kalk\u0131nma Bakan\u0131: Suriyelilerin Y\u00fczde 90'\u0131 Yoksulluk \u0130\u00e7inde Ya\u015f\u0131yor"},{"@type":"BreadcrumbList","@id":"https:\/\/shiawaves.com\/turkish\/2024\/12\/31\/almanya-kalkinma-bakani-suriyelilerin-yuzde-90i-yoksulluk-icinde-yasiyor\/#breadcrumb","itemListElement":[{"@type":"ListItem","position":1,"name":"Home","item":"https:\/\/shiawaves.com\/turkish\/"},{"@type":"ListItem","position":2,"name":"Almanya Kalk\u0131nma Bakan\u0131: Suriyelilerin Y\u00fczde 90&#8217;\u0131 Yoksulluk \u0130\u00e7inde Ya\u015f\u0131yor"}]},{"@type":"WebSite","@id":"https:\/\/shiawaves.com\/turkish\/#website","url":"https:\/\/shiawaves.com\/turkish\/","name":"ShiaWaves Turkish - \u015eia Haberleri","description":"","potentialAction":[{"@type":"SearchAction","target":{"@type":"EntryPoint","urlTemplate":"https:\/\/shiawaves.com\/turkish\/?s={search_term_string}"},"query-input":{"@type":"PropertyValueSpecification","valueRequired":true,"valueName":"search_term_string"}}],"inLanguage":"tr"},{"@type":"Person","@id":"https:\/\/shiawaves.com\/turkish\/#\/schema\/person\/9f68d5023e948086b9348fba5aebd954","name":"modir","image":{"@type":"ImageObject","inLanguage":"tr","@id":"https:\/\/shiawaves.com\/turkish\/#\/schema\/person\/image\/","url":"https:\/\/secure.gravatar.com\/avatar\/8e76f93cdbdd480bd8918d1e0e1d938664c9cb1516c2a57a2b96fe50b507a6b9?s=96&d=mm&r=g","contentUrl":"https:\/\/secure.gravatar.com\/avatar\/8e76f93cdbdd480bd8918d1e0e1d938664c9cb1516c2a57a2b96fe50b507a6b9?s=96&d=mm&r=g","caption":"modir"},"sameAs":["https:\/\/shiawaves.com"],"url":"https:\/\/shiawaves.com\/turkish\/author\/modir\/"}]}},"_links":{"self":[{"href":"https:\/\/shiawaves.com\/turkish\/wp-json\/wp\/v2\/posts\/110133","targetHints":{"allow":["GET"]}}],"collection":[{"href":"https:\/\/shiawaves.com\/turkish\/wp-json\/wp\/v2\/posts"}],"about":[{"href":"https:\/\/shiawaves.com\/turkish\/wp-json\/wp\/v2\/types\/post"}],"author":[{"embeddable":true,"href":"https:\/\/shiawaves.com\/turkish\/wp-json\/wp\/v2\/users\/1"}],"replies":[{"embeddable":true,"href":"https:\/\/shiawaves.com\/turkish\/wp-json\/wp\/v2\/comments?post=110133"}],"version-history":[{"count":1,"href":"https:\/\/shiawaves.com\/turkish\/wp-json\/wp\/v2\/posts\/110133\/revisions"}],"predecessor-version":[{"id":110135,"href":"https:\/\/shiawaves.com\/turkish\/wp-json\/wp\/v2\/posts\/110133\/revisions\/110135"}],"wp:featuredmedia":[{"embeddable":true,"href":"https:\/\/shiawaves.com\/turkish\/wp-json\/wp\/v2\/media\/110134"}],"wp:attachment":[{"href":"https:\/\/shiawaves.com\/turkish\/wp-json\/wp\/v2\/media?parent=110133"}],"wp:term":[{"taxonomy":"category","embeddable":true,"href":"https:\/\/shiawaves.com\/turkish\/wp-json\/wp\/v2\/categories?post=110133"},{"taxonomy":"post_tag","embeddable":true,"href":"https:\/\/shiawaves.com\/turkish\/wp-json\/wp\/v2\/tags?post=110133"}],"curies":[{"name":"wp","href":"https:\/\/api.w.org\/{rel}","templated":true}]}}