{"id":110011,"date":"2024-12-27T11:00:00","date_gmt":"2024-12-27T08:00:00","guid":{"rendered":"https:\/\/shiawaves.com\/turkish\/?p=110011"},"modified":"2024-12-26T22:39:58","modified_gmt":"2024-12-26T19:39:58","slug":"almanya-turkiyeyi-uyardi-suriyeli-kurtlere-yonelik-saldirilar-yalnizca-isidin-isine-yarayacak","status":"publish","type":"post","link":"https:\/\/shiawaves.com\/turkish\/2024\/12\/27\/almanya-turkiyeyi-uyardi-suriyeli-kurtlere-yonelik-saldirilar-yalnizca-isidin-isine-yarayacak\/","title":{"rendered":"Almanya T\u00fcrkiye&#8217;yi uyard\u0131: Suriyeli K\u00fcrtlere Y\u00f6nelik Sald\u0131r\u0131lar Yaln\u0131zca I\u015e\u0130D\u2019\u0131n \u0130\u015fine Yarayacak"},"content":{"rendered":"\n<p>Almanya, T\u00fcrkiye&#8217;nin Suriyeli K\u00fcrtlere y\u00f6nelik sald\u0131r\u0131s\u0131n\u0131 b\u00f6lgenin g\u00fcvenli\u011fine y\u00f6nelik bir tehdit olarak de\u011ferlendiriyor ve bu \u00e7at\u0131\u015fmadan yaln\u0131zca S\u00fcnni I\u015e\u0130D grubunun \u00e7\u0131kar sa\u011flayaca\u011f\u0131 uyar\u0131s\u0131nda bulunuyor.<\/p>\n\n\n\n<p>Bu arada Erdo\u011fan, ter\u00f6r \u00f6rg\u00fctleriyle m\u00fccadele edilmesinin ve 40 bin PKK&#8217;l\u0131n\u0131n \u00f6ld\u00fcr\u00fclmesinin gereklili\u011fini vurgulad\u0131.<\/p>\n\n\n\n<figure class=\"wp-block-image size-full\"><img loading=\"lazy\" decoding=\"async\" width=\"1024\" height=\"576\" src=\"https:\/\/shiawaves.com\/turkish\/wp-content\/uploads\/sites\/6\/2024\/12\/image-245.png\" alt=\"\" class=\"wp-image-110012\" srcset=\"https:\/\/shiawaves.com\/turkish\/wp-content\/uploads\/sites\/6\/2024\/12\/image-245.png 1024w, https:\/\/shiawaves.com\/turkish\/wp-content\/uploads\/sites\/6\/2024\/12\/image-245-300x169.png 300w, https:\/\/shiawaves.com\/turkish\/wp-content\/uploads\/sites\/6\/2024\/12\/image-245-768x432.png 768w, https:\/\/shiawaves.com\/turkish\/wp-content\/uploads\/sites\/6\/2024\/12\/image-245-390x220.png 390w\" sizes=\"auto, (max-width: 1024px) 100vw, 1024px\" \/><\/figure>\n\n\n\n<p>T\u00fcrkiye&#8217;nin Suriyeli K\u00fcrt g\u00fc\u00e7lere y\u00f6nelik sald\u0131r\u0131lar\u0131n\u0131n artmas\u0131n\u0131n ard\u0131ndan Almanya, bu eylemin sonu\u00e7lar\u0131 konusunda g\u00fc\u00e7l\u00fc bir \u015fekilde uyard\u0131.<\/p>\n\n\n\n<p>Almanya D\u0131\u015fi\u015fleri Bakan\u0131 Analena Baerbock, T\u00fcrkiye&#8217;nin K\u00fcrtlere y\u00f6nelik sald\u0131r\u0131lar\u0131ndan yaln\u0131zca a\u015f\u0131r\u0131 S\u00fcnni grup I\u015e\u0130D&#8217;in yararlanaca\u011f\u0131n\u0131, \u00e7\u00fcnk\u00fc K\u00fcrt g\u00fc\u00e7lerinin I\u015e\u0130D&#8217;in Suriye&#8217;de yenilgiye u\u011frat\u0131lmas\u0131nda \u00f6nemli rol oynad\u0131\u011f\u0131n\u0131 vurgulad\u0131.<\/p>\n\n\n\n<p>Ayr\u0131ca \u015funlar\u0131 ekledi: &#8220;T\u00fcrkiye&#8217;nin Suriyeli K\u00fcrtlere y\u00f6nelik sald\u0131r\u0131s\u0131 Suriye&#8217;nin, T\u00fcrkiye&#8217;nin ve Avrupa&#8217;n\u0131n g\u00fcvenli\u011fine y\u00f6nelik bir tehdittir.&#8221;<\/p>\n\n\n\n<figure class=\"wp-block-image size-full\"><img loading=\"lazy\" decoding=\"async\" width=\"930\" height=\"523\" src=\"https:\/\/shiawaves.com\/turkish\/wp-content\/uploads\/sites\/6\/2024\/12\/image-246.png\" alt=\"\" class=\"wp-image-110013\" srcset=\"https:\/\/shiawaves.com\/turkish\/wp-content\/uploads\/sites\/6\/2024\/12\/image-246.png 930w, https:\/\/shiawaves.com\/turkish\/wp-content\/uploads\/sites\/6\/2024\/12\/image-246-300x169.png 300w, https:\/\/shiawaves.com\/turkish\/wp-content\/uploads\/sites\/6\/2024\/12\/image-246-768x432.png 768w, https:\/\/shiawaves.com\/turkish\/wp-content\/uploads\/sites\/6\/2024\/12\/image-246-390x220.png 390w\" sizes=\"auto, (max-width: 930px) 100vw, 930px\" \/><\/figure>\n\n\n\n<p>Bu a\u00e7\u0131klamalar, T\u00fcrkiye Cumhurba\u015fkan\u0131 Recep Tayyip Erdo\u011fan&#8217;\u0131n, a\u015f\u0131r\u0131 S\u00fcnni grup I\u015e\u0130D ve PKK gibi ter\u00f6r \u00f6rg\u00fctleriyle m\u00fccadele etme zaman\u0131n\u0131n geldi\u011fini vurgulayan s\u00f6zlerinin ard\u0131ndan yap\u0131ld\u0131.<\/p>\n\n\n\n<p>Erdo\u011fan, bu operasyonlarda 40 binden fazla PKK&#8217;l\u0131n\u0131n \u00f6ld\u00fcr\u00fcld\u00fc\u011f\u00fcn\u00fc a\u00e7\u0131klad\u0131.<\/p>\n\n\n\n<p>T\u00fcrkiye, PKK grubunu ulusal g\u00fcvenli\u011fine y\u00f6nelik bir tehdit olarak g\u00f6rmekte ve onu Suriye&#8217;deki K\u00fcrt g\u00fc\u00e7lerinin bir kolu olarak kabul etmektedir.<\/p>\n\n\n\n<p>T\u00fcrkiye, Suriye&#8217;nin toprak b\u00fct\u00fcnl\u00fc\u011f\u00fcne sayg\u0131 duydu\u011funu ve bu \u00fclkenin s\u0131n\u0131rlar\u0131n\u0131 ihlal etme niyetinde olmad\u0131\u011f\u0131n\u0131 da vurguluyor.<\/p>\n\n\n\n<p>Ancak Almanya b\u00f6lgede istikrar\u0131n korunmas\u0131 gerekti\u011fini vurgulayarak bu t\u00fcr \u00f6nlemlerin a\u015f\u0131r\u0131 S\u00fcnni I\u015e\u0130D grubunu g\u00fc\u00e7lendirebilece\u011fine ve b\u00f6lgedeki istikrars\u0131zl\u0131\u011f\u0131 daha da art\u0131rabilece\u011fine inan\u0131yor.<\/p>\n\n\n\n<p>Bu gerilimler iki \u00fclke aras\u0131ndaki diplomatik ili\u015fkilere zarar verdi.<\/p>\n","protected":false},"excerpt":{"rendered":"<p>Almanya, T\u00fcrkiye&#8217;nin Suriyeli K\u00fcrtlere y\u00f6nelik sald\u0131r\u0131s\u0131n\u0131 b\u00f6lgenin g\u00fcvenli\u011fine y\u00f6nelik bir tehdit olarak de\u011ferlendiriyor ve bu \u00e7at\u0131\u015fmadan yaln\u0131zca S\u00fcnni I\u015e\u0130D grubunun \u00e7\u0131kar sa\u011flayaca\u011f\u0131 uyar\u0131s\u0131nda bulunuyor. Bu arada Erdo\u011fan, ter\u00f6r \u00f6rg\u00fctleriyle m\u00fccadele edilmesinin ve 40 bin PKK&#8217;l\u0131n\u0131n \u00f6ld\u00fcr\u00fclmesinin gereklili\u011fini vurgulad\u0131. T\u00fcrkiye&#8217;nin Suriyeli K\u00fcrt g\u00fc\u00e7lere y\u00f6nelik sald\u0131r\u0131lar\u0131n\u0131n artmas\u0131n\u0131n ard\u0131ndan Almanya, bu eylemin sonu\u00e7lar\u0131 konusunda g\u00fc\u00e7l\u00fc bir \u015fekilde uyard\u0131. &hellip;<\/p>\n","protected":false},"author":1,"featured_media":110012,"comment_status":"open","ping_status":"open","sticky":false,"template":"","format":"standard","meta":{"rop_custom_images_group":[],"rop_custom_messages_group":[],"rop_publish_now":"initial","rop_publish_now_accounts":[],"rop_publish_now_history":[],"rop_publish_now_status":"pending","footnotes":""},"categories":[71,357],"tags":[1732],"class_list":["post-110011","post","type-post","status-publish","format-standard","has-post-thumbnail","hentry","category-germany","category-turkiye","tag-almanya-turkiyeyi-uyardi-suriyeli-kurtlere-yonelik-saldirilar-yalnizca-isidin-isine-yarayacak"],"_wp_page_template":null,"_wp_attached_file":null,"_wp_attachment_metadata":null,"_edit_lock":"1735242008:1","yoast_head":"<!-- This site is optimized with the Yoast SEO plugin v24.3 - https:\/\/yoast.com\/wordpress\/plugins\/seo\/ -->\n<title>Almanya T\u00fcrkiye&#039;yi uyard\u0131: Suriyeli K\u00fcrtlere Y\u00f6nelik Sald\u0131r\u0131lar Yaln\u0131zca I\u015e\u0130D\u2019\u0131n \u0130\u015fine Yarayacak - ShiaWaves Turkish - \u015eia Haberleri<\/title>\n<meta name=\"description\" content=\"Almanya T\u00fcrkiye&#039;yi uyard\u0131: Suriyeli K\u00fcrtlere Y\u00f6nelik Sald\u0131r\u0131lar Yaln\u0131zca I\u015e\u0130D\u2019\u0131n \u0130\u015fine Yarayacak\" \/>\n<meta name=\"robots\" content=\"index, follow, max-snippet:-1, max-image-preview:large, max-video-preview:-1\" \/>\n<link rel=\"canonical\" href=\"https:\/\/shiawaves.com\/turkish\/2024\/12\/27\/almanya-turkiyeyi-uyardi-suriyeli-kurtlere-yonelik-saldirilar-yalnizca-isidin-isine-yarayacak\/\" \/>\n<meta property=\"og:locale\" content=\"tr_TR\" \/>\n<meta property=\"og:type\" content=\"article\" \/>\n<meta property=\"og:title\" content=\"Almanya T\u00fcrkiye&#039;yi uyard\u0131: Suriyeli K\u00fcrtlere Y\u00f6nelik Sald\u0131r\u0131lar Yaln\u0131zca I\u015e\u0130D\u2019\u0131n \u0130\u015fine Yarayacak - ShiaWaves Turkish - \u015eia Haberleri\" \/>\n<meta property=\"og:description\" content=\"Almanya T\u00fcrkiye&#039;yi uyard\u0131: Suriyeli K\u00fcrtlere Y\u00f6nelik Sald\u0131r\u0131lar Yaln\u0131zca I\u015e\u0130D\u2019\u0131n \u0130\u015fine Yarayacak\" \/>\n<meta property=\"og:url\" content=\"https:\/\/shiawaves.com\/turkish\/2024\/12\/27\/almanya-turkiyeyi-uyardi-suriyeli-kurtlere-yonelik-saldirilar-yalnizca-isidin-isine-yarayacak\/\" \/>\n<meta property=\"og:site_name\" content=\"ShiaWaves Turkish - \u015eia Haberleri\" \/>\n<meta property=\"article:published_time\" content=\"2024-12-27T08:00:00+00:00\" \/>\n<meta property=\"article:modified_time\" content=\"2024-12-26T19:39:58+00:00\" \/>\n<meta property=\"og:image\" content=\"https:\/\/shiawaves.com\/turkish\/wp-content\/uploads\/sites\/6\/2024\/12\/image-245.png\" \/>\n\t<meta property=\"og:image:width\" content=\"1024\" \/>\n\t<meta property=\"og:image:height\" content=\"576\" \/>\n\t<meta property=\"og:image:type\" content=\"image\/png\" \/>\n<meta name=\"author\" content=\"modir\" \/>\n<meta name=\"twitter:card\" content=\"summary_large_image\" \/>\n<meta name=\"twitter:label1\" content=\"Yazan:\" \/>\n\t<meta name=\"twitter:data1\" content=\"modir\" \/>\n\t<meta name=\"twitter:label2\" content=\"Tahmini okuma s\u00fcresi\" \/>\n\t<meta name=\"twitter:data2\" content=\"2 dakika\" \/>\n<script type=\"application\/ld+json\" class=\"yoast-schema-graph\">{\"@context\":\"https:\/\/schema.org\",\"@graph\":[{\"@type\":\"WebPage\",\"@id\":\"https:\/\/shiawaves.com\/turkish\/2024\/12\/27\/almanya-turkiyeyi-uyardi-suriyeli-kurtlere-yonelik-saldirilar-yalnizca-isidin-isine-yarayacak\/\",\"url\":\"https:\/\/shiawaves.com\/turkish\/2024\/12\/27\/almanya-turkiyeyi-uyardi-suriyeli-kurtlere-yonelik-saldirilar-yalnizca-isidin-isine-yarayacak\/\",\"name\":\"Almanya T\u00fcrkiye'yi uyard\u0131: Suriyeli K\u00fcrtlere Y\u00f6nelik Sald\u0131r\u0131lar Yaln\u0131zca I\u015e\u0130D\u2019\u0131n \u0130\u015fine Yarayacak - ShiaWaves Turkish - \u015eia Haberleri\",\"isPartOf\":{\"@id\":\"https:\/\/shiawaves.com\/turkish\/#website\"},\"primaryImageOfPage\":{\"@id\":\"https:\/\/shiawaves.com\/turkish\/2024\/12\/27\/almanya-turkiyeyi-uyardi-suriyeli-kurtlere-yonelik-saldirilar-yalnizca-isidin-isine-yarayacak\/#primaryimage\"},\"image\":{\"@id\":\"https:\/\/shiawaves.com\/turkish\/2024\/12\/27\/almanya-turkiyeyi-uyardi-suriyeli-kurtlere-yonelik-saldirilar-yalnizca-isidin-isine-yarayacak\/#primaryimage\"},\"thumbnailUrl\":\"https:\/\/shiawaves.com\/turkish\/wp-content\/uploads\/sites\/6\/2024\/12\/image-245.png\",\"datePublished\":\"2024-12-27T08:00:00+00:00\",\"dateModified\":\"2024-12-26T19:39:58+00:00\",\"author\":{\"@id\":\"https:\/\/shiawaves.com\/turkish\/#\/schema\/person\/9f68d5023e948086b9348fba5aebd954\"},\"description\":\"Almanya T\u00fcrkiye'yi uyard\u0131: Suriyeli K\u00fcrtlere Y\u00f6nelik Sald\u0131r\u0131lar Yaln\u0131zca I\u015e\u0130D\u2019\u0131n \u0130\u015fine Yarayacak\",\"breadcrumb\":{\"@id\":\"https:\/\/shiawaves.com\/turkish\/2024\/12\/27\/almanya-turkiyeyi-uyardi-suriyeli-kurtlere-yonelik-saldirilar-yalnizca-isidin-isine-yarayacak\/#breadcrumb\"},\"inLanguage\":\"tr\",\"potentialAction\":[{\"@type\":\"ReadAction\",\"target\":[\"https:\/\/shiawaves.com\/turkish\/2024\/12\/27\/almanya-turkiyeyi-uyardi-suriyeli-kurtlere-yonelik-saldirilar-yalnizca-isidin-isine-yarayacak\/\"]}]},{\"@type\":\"ImageObject\",\"inLanguage\":\"tr\",\"@id\":\"https:\/\/shiawaves.com\/turkish\/2024\/12\/27\/almanya-turkiyeyi-uyardi-suriyeli-kurtlere-yonelik-saldirilar-yalnizca-isidin-isine-yarayacak\/#primaryimage\",\"url\":\"https:\/\/shiawaves.com\/turkish\/wp-content\/uploads\/sites\/6\/2024\/12\/image-245.png\",\"contentUrl\":\"https:\/\/shiawaves.com\/turkish\/wp-content\/uploads\/sites\/6\/2024\/12\/image-245.png\",\"width\":1024,\"height\":576,\"caption\":\"Almanya T\u00fcrkiye'yi uyard\u0131: Suriyeli K\u00fcrtlere Y\u00f6nelik Sald\u0131r\u0131lar Yaln\u0131zca I\u015e\u0130D\u2019\u0131n \u0130\u015fine Yarayacak\"},{\"@type\":\"BreadcrumbList\",\"@id\":\"https:\/\/shiawaves.com\/turkish\/2024\/12\/27\/almanya-turkiyeyi-uyardi-suriyeli-kurtlere-yonelik-saldirilar-yalnizca-isidin-isine-yarayacak\/#breadcrumb\",\"itemListElement\":[{\"@type\":\"ListItem\",\"position\":1,\"name\":\"Home\",\"item\":\"https:\/\/shiawaves.com\/turkish\/\"},{\"@type\":\"ListItem\",\"position\":2,\"name\":\"Almanya T\u00fcrkiye&#8217;yi uyard\u0131: Suriyeli K\u00fcrtlere Y\u00f6nelik Sald\u0131r\u0131lar Yaln\u0131zca I\u015e\u0130D\u2019\u0131n \u0130\u015fine Yarayacak\"}]},{\"@type\":\"WebSite\",\"@id\":\"https:\/\/shiawaves.com\/turkish\/#website\",\"url\":\"https:\/\/shiawaves.com\/turkish\/\",\"name\":\"ShiaWaves Turkish - \u015eia Haberleri\",\"description\":\"\",\"potentialAction\":[{\"@type\":\"SearchAction\",\"target\":{\"@type\":\"EntryPoint\",\"urlTemplate\":\"https:\/\/shiawaves.com\/turkish\/?s={search_term_string}\"},\"query-input\":{\"@type\":\"PropertyValueSpecification\",\"valueRequired\":true,\"valueName\":\"search_term_string\"}}],\"inLanguage\":\"tr\"},{\"@type\":\"Person\",\"@id\":\"https:\/\/shiawaves.com\/turkish\/#\/schema\/person\/9f68d5023e948086b9348fba5aebd954\",\"name\":\"modir\",\"image\":{\"@type\":\"ImageObject\",\"inLanguage\":\"tr\",\"@id\":\"https:\/\/shiawaves.com\/turkish\/#\/schema\/person\/image\/\",\"url\":\"https:\/\/secure.gravatar.com\/avatar\/8e76f93cdbdd480bd8918d1e0e1d938664c9cb1516c2a57a2b96fe50b507a6b9?s=96&d=mm&r=g\",\"contentUrl\":\"https:\/\/secure.gravatar.com\/avatar\/8e76f93cdbdd480bd8918d1e0e1d938664c9cb1516c2a57a2b96fe50b507a6b9?s=96&d=mm&r=g\",\"caption\":\"modir\"},\"sameAs\":[\"https:\/\/shiawaves.com\"],\"url\":\"https:\/\/shiawaves.com\/turkish\/author\/modir\/\"}]}<\/script>\n<!-- \/ Yoast SEO plugin. -->","yoast_head_json":{"title":"Almanya T\u00fcrkiye'yi uyard\u0131: Suriyeli K\u00fcrtlere Y\u00f6nelik Sald\u0131r\u0131lar Yaln\u0131zca I\u015e\u0130D\u2019\u0131n \u0130\u015fine Yarayacak - ShiaWaves Turkish - \u015eia Haberleri","description":"Almanya T\u00fcrkiye'yi uyard\u0131: Suriyeli K\u00fcrtlere Y\u00f6nelik Sald\u0131r\u0131lar Yaln\u0131zca I\u015e\u0130D\u2019\u0131n \u0130\u015fine Yarayacak","robots":{"index":"index","follow":"follow","max-snippet":"max-snippet:-1","max-image-preview":"max-image-preview:large","max-video-preview":"max-video-preview:-1"},"canonical":"https:\/\/shiawaves.com\/turkish\/2024\/12\/27\/almanya-turkiyeyi-uyardi-suriyeli-kurtlere-yonelik-saldirilar-yalnizca-isidin-isine-yarayacak\/","og_locale":"tr_TR","og_type":"article","og_title":"Almanya T\u00fcrkiye'yi uyard\u0131: Suriyeli K\u00fcrtlere Y\u00f6nelik Sald\u0131r\u0131lar Yaln\u0131zca I\u015e\u0130D\u2019\u0131n \u0130\u015fine Yarayacak - ShiaWaves Turkish - \u015eia Haberleri","og_description":"Almanya T\u00fcrkiye'yi uyard\u0131: Suriyeli K\u00fcrtlere Y\u00f6nelik Sald\u0131r\u0131lar Yaln\u0131zca I\u015e\u0130D\u2019\u0131n \u0130\u015fine Yarayacak","og_url":"https:\/\/shiawaves.com\/turkish\/2024\/12\/27\/almanya-turkiyeyi-uyardi-suriyeli-kurtlere-yonelik-saldirilar-yalnizca-isidin-isine-yarayacak\/","og_site_name":"ShiaWaves Turkish - \u015eia Haberleri","article_published_time":"2024-12-27T08:00:00+00:00","article_modified_time":"2024-12-26T19:39:58+00:00","og_image":[{"width":1024,"height":576,"url":"https:\/\/shiawaves.com\/turkish\/wp-content\/uploads\/sites\/6\/2024\/12\/image-245.png","type":"image\/png"}],"author":"modir","twitter_card":"summary_large_image","twitter_misc":{"Yazan:":"modir","Tahmini okuma s\u00fcresi":"2 dakika"},"schema":{"@context":"https:\/\/schema.org","@graph":[{"@type":"WebPage","@id":"https:\/\/shiawaves.com\/turkish\/2024\/12\/27\/almanya-turkiyeyi-uyardi-suriyeli-kurtlere-yonelik-saldirilar-yalnizca-isidin-isine-yarayacak\/","url":"https:\/\/shiawaves.com\/turkish\/2024\/12\/27\/almanya-turkiyeyi-uyardi-suriyeli-kurtlere-yonelik-saldirilar-yalnizca-isidin-isine-yarayacak\/","name":"Almanya T\u00fcrkiye'yi uyard\u0131: Suriyeli K\u00fcrtlere Y\u00f6nelik Sald\u0131r\u0131lar Yaln\u0131zca I\u015e\u0130D\u2019\u0131n \u0130\u015fine Yarayacak - ShiaWaves Turkish - \u015eia Haberleri","isPartOf":{"@id":"https:\/\/shiawaves.com\/turkish\/#website"},"primaryImageOfPage":{"@id":"https:\/\/shiawaves.com\/turkish\/2024\/12\/27\/almanya-turkiyeyi-uyardi-suriyeli-kurtlere-yonelik-saldirilar-yalnizca-isidin-isine-yarayacak\/#primaryimage"},"image":{"@id":"https:\/\/shiawaves.com\/turkish\/2024\/12\/27\/almanya-turkiyeyi-uyardi-suriyeli-kurtlere-yonelik-saldirilar-yalnizca-isidin-isine-yarayacak\/#primaryimage"},"thumbnailUrl":"https:\/\/shiawaves.com\/turkish\/wp-content\/uploads\/sites\/6\/2024\/12\/image-245.png","datePublished":"2024-12-27T08:00:00+00:00","dateModified":"2024-12-26T19:39:58+00:00","author":{"@id":"https:\/\/shiawaves.com\/turkish\/#\/schema\/person\/9f68d5023e948086b9348fba5aebd954"},"description":"Almanya T\u00fcrkiye'yi uyard\u0131: Suriyeli K\u00fcrtlere Y\u00f6nelik Sald\u0131r\u0131lar Yaln\u0131zca I\u015e\u0130D\u2019\u0131n \u0130\u015fine Yarayacak","breadcrumb":{"@id":"https:\/\/shiawaves.com\/turkish\/2024\/12\/27\/almanya-turkiyeyi-uyardi-suriyeli-kurtlere-yonelik-saldirilar-yalnizca-isidin-isine-yarayacak\/#breadcrumb"},"inLanguage":"tr","potentialAction":[{"@type":"ReadAction","target":["https:\/\/shiawaves.com\/turkish\/2024\/12\/27\/almanya-turkiyeyi-uyardi-suriyeli-kurtlere-yonelik-saldirilar-yalnizca-isidin-isine-yarayacak\/"]}]},{"@type":"ImageObject","inLanguage":"tr","@id":"https:\/\/shiawaves.com\/turkish\/2024\/12\/27\/almanya-turkiyeyi-uyardi-suriyeli-kurtlere-yonelik-saldirilar-yalnizca-isidin-isine-yarayacak\/#primaryimage","url":"https:\/\/shiawaves.com\/turkish\/wp-content\/uploads\/sites\/6\/2024\/12\/image-245.png","contentUrl":"https:\/\/shiawaves.com\/turkish\/wp-content\/uploads\/sites\/6\/2024\/12\/image-245.png","width":1024,"height":576,"caption":"Almanya T\u00fcrkiye'yi uyard\u0131: Suriyeli K\u00fcrtlere Y\u00f6nelik Sald\u0131r\u0131lar Yaln\u0131zca I\u015e\u0130D\u2019\u0131n \u0130\u015fine Yarayacak"},{"@type":"BreadcrumbList","@id":"https:\/\/shiawaves.com\/turkish\/2024\/12\/27\/almanya-turkiyeyi-uyardi-suriyeli-kurtlere-yonelik-saldirilar-yalnizca-isidin-isine-yarayacak\/#breadcrumb","itemListElement":[{"@type":"ListItem","position":1,"name":"Home","item":"https:\/\/shiawaves.com\/turkish\/"},{"@type":"ListItem","position":2,"name":"Almanya T\u00fcrkiye&#8217;yi uyard\u0131: Suriyeli K\u00fcrtlere Y\u00f6nelik Sald\u0131r\u0131lar Yaln\u0131zca I\u015e\u0130D\u2019\u0131n \u0130\u015fine Yarayacak"}]},{"@type":"WebSite","@id":"https:\/\/shiawaves.com\/turkish\/#website","url":"https:\/\/shiawaves.com\/turkish\/","name":"ShiaWaves Turkish - \u015eia Haberleri","description":"","potentialAction":[{"@type":"SearchAction","target":{"@type":"EntryPoint","urlTemplate":"https:\/\/shiawaves.com\/turkish\/?s={search_term_string}"},"query-input":{"@type":"PropertyValueSpecification","valueRequired":true,"valueName":"search_term_string"}}],"inLanguage":"tr"},{"@type":"Person","@id":"https:\/\/shiawaves.com\/turkish\/#\/schema\/person\/9f68d5023e948086b9348fba5aebd954","name":"modir","image":{"@type":"ImageObject","inLanguage":"tr","@id":"https:\/\/shiawaves.com\/turkish\/#\/schema\/person\/image\/","url":"https:\/\/secure.gravatar.com\/avatar\/8e76f93cdbdd480bd8918d1e0e1d938664c9cb1516c2a57a2b96fe50b507a6b9?s=96&d=mm&r=g","contentUrl":"https:\/\/secure.gravatar.com\/avatar\/8e76f93cdbdd480bd8918d1e0e1d938664c9cb1516c2a57a2b96fe50b507a6b9?s=96&d=mm&r=g","caption":"modir"},"sameAs":["https:\/\/shiawaves.com"],"url":"https:\/\/shiawaves.com\/turkish\/author\/modir\/"}]}},"_links":{"self":[{"href":"https:\/\/shiawaves.com\/turkish\/wp-json\/wp\/v2\/posts\/110011","targetHints":{"allow":["GET"]}}],"collection":[{"href":"https:\/\/shiawaves.com\/turkish\/wp-json\/wp\/v2\/posts"}],"about":[{"href":"https:\/\/shiawaves.com\/turkish\/wp-json\/wp\/v2\/types\/post"}],"author":[{"embeddable":true,"href":"https:\/\/shiawaves.com\/turkish\/wp-json\/wp\/v2\/users\/1"}],"replies":[{"embeddable":true,"href":"https:\/\/shiawaves.com\/turkish\/wp-json\/wp\/v2\/comments?post=110011"}],"version-history":[{"count":1,"href":"https:\/\/shiawaves.com\/turkish\/wp-json\/wp\/v2\/posts\/110011\/revisions"}],"predecessor-version":[{"id":110014,"href":"https:\/\/shiawaves.com\/turkish\/wp-json\/wp\/v2\/posts\/110011\/revisions\/110014"}],"wp:featuredmedia":[{"embeddable":true,"href":"https:\/\/shiawaves.com\/turkish\/wp-json\/wp\/v2\/media\/110012"}],"wp:attachment":[{"href":"https:\/\/shiawaves.com\/turkish\/wp-json\/wp\/v2\/media?parent=110011"}],"wp:term":[{"taxonomy":"category","embeddable":true,"href":"https:\/\/shiawaves.com\/turkish\/wp-json\/wp\/v2\/categories?post=110011"},{"taxonomy":"post_tag","embeddable":true,"href":"https:\/\/shiawaves.com\/turkish\/wp-json\/wp\/v2\/tags?post=110011"}],"curies":[{"name":"wp","href":"https:\/\/api.w.org\/{rel}","templated":true}]}}