{"id":109901,"date":"2024-12-24T16:05:41","date_gmt":"2024-12-24T13:05:41","guid":{"rendered":"https:\/\/shiawaves.com\/turkish\/?p=109901"},"modified":"2024-12-24T16:05:42","modified_gmt":"2024-12-24T13:05:42","slug":"magdeburg-teror-saldirisinin-ardindan-alman-asiri-sag-partilerinin-secimleri-istismar-etme-cabasi","status":"publish","type":"post","link":"https:\/\/shiawaves.com\/turkish\/2024\/12\/24\/magdeburg-teror-saldirisinin-ardindan-alman-asiri-sag-partilerinin-secimleri-istismar-etme-cabasi\/","title":{"rendered":"Magdeburg Ter\u00f6r Sald\u0131r\u0131s\u0131n\u0131n Ard\u0131ndan Alman A\u015f\u0131r\u0131 Sa\u011f Partilerinin Se\u00e7imleri \u0130stismar Etme \u00c7abas\u0131"},"content":{"rendered":"\n<p>Almanya&#8217;n\u0131n Magdeburg kentinde son d\u00f6nemde ya\u015fanan ve 34 ki\u015finin hayat\u0131n\u0131 kaybetti\u011fi ter\u00f6r sald\u0131r\u0131s\u0131 siyasi g\u00fcndem konusu haline gelirken, a\u015f\u0131r\u0131 sa\u011f partiler de bunu g\u00f6\u00e7menlere ve M\u00fcsl\u00fcmanlara y\u00f6nelik antipatiyi g\u00fc\u00e7lendirmek i\u00e7in kullan\u0131yor.<\/p>\n\n\n\n<figure class=\"wp-block-image size-full is-resized\"><img loading=\"lazy\" decoding=\"async\" width=\"768\" height=\"432\" src=\"https:\/\/shiawaves.com\/turkish\/wp-content\/uploads\/sites\/6\/2024\/12\/image-206.png\" alt=\"\" class=\"wp-image-109902\" style=\"width:840px;height:auto\" srcset=\"https:\/\/shiawaves.com\/turkish\/wp-content\/uploads\/sites\/6\/2024\/12\/image-206.png 768w, https:\/\/shiawaves.com\/turkish\/wp-content\/uploads\/sites\/6\/2024\/12\/image-206-300x169.png 300w, https:\/\/shiawaves.com\/turkish\/wp-content\/uploads\/sites\/6\/2024\/12\/image-206-390x220.png 390w\" sizes=\"auto, (max-width: 768px) 100vw, 768px\" \/><\/figure>\n\n\n\n<p>Almanya&#8217;n\u0131n Magdeburg kentindeki son ter\u00f6r sald\u0131r\u0131s\u0131, bu \u00fclkenin siyasi atmosferinde h\u0131zla tart\u0131\u015fmal\u0131 bir konu haline geldi.<\/p>\n\n\n\n<p>En az 34 ki\u015finin \u00f6l\u00fcm\u00fcne yol a\u00e7an sald\u0131r\u0131, bir anda a\u015f\u0131r\u0131 sa\u011fc\u0131 gruplar\u0131n g\u00f6\u00e7menlere ve M\u00fcsl\u00fcmanlara kar\u015f\u0131 bir ortam yaratmas\u0131na ara\u00e7 oldu.<\/p>\n\n\n\n<p>Bu gruplardan baz\u0131lar\u0131 bu sald\u0131r\u0131y\u0131 gerek\u00e7e g\u00f6stererek g\u00f6\u00e7 kap\u0131lar\u0131n\u0131n kapat\u0131lmas\u0131n\u0131 ve g\u00f6\u00e7menlerin \u00fclkelerine geri d\u00f6nmesini talep etti.<\/p>\n\n\n\n<p>G\u00f6\u00e7 ve \u0130slam kar\u015f\u0131t\u0131 pozisyonlara sahip sa\u011f g\u00f6r\u00fc\u015fl\u00fc &#8220;Almanya \u0130\u00e7in Alternatif&#8221; partisi, bu olay\u0131n ard\u0131ndan g\u00fcvenlik \u00f6nlemlerinin ve g\u00f6\u00e7 k\u0131s\u0131tlamalar\u0131n\u0131n artt\u0131\u011f\u0131n\u0131 vurgulayarak, bunu Alman h\u00fck\u00fcmetinin a\u00e7\u0131k g\u00f6\u00e7 politikalar\u0131n\u0131n sonucu olarak de\u011ferlendirdi.<\/p>\n\n\n\n<p>Dominik K\u00f6fner gibi bu partinin \u00fcyeleri, milyonlarca ki\u015finin Almanya&#8217;ya g\u00f6\u00e7\u00fcn\u00fcn \u00fclkenin g\u00fcvenli\u011fine tehdit oldu\u011funu, \u00e7\u00f6z\u00fcm\u00fcn g\u00f6\u00e7menlerin geri g\u00f6nderilmesi oldu\u011funu iddia etti.<\/p>\n\n\n\n<figure class=\"wp-block-image size-full is-resized\"><img loading=\"lazy\" decoding=\"async\" width=\"768\" height=\"535\" src=\"https:\/\/shiawaves.com\/turkish\/wp-content\/uploads\/sites\/6\/2024\/12\/image-207.png\" alt=\"\" class=\"wp-image-109903\" style=\"width:840px;height:auto\" srcset=\"https:\/\/shiawaves.com\/turkish\/wp-content\/uploads\/sites\/6\/2024\/12\/image-207.png 768w, https:\/\/shiawaves.com\/turkish\/wp-content\/uploads\/sites\/6\/2024\/12\/image-207-300x209.png 300w\" sizes=\"auto, (max-width: 768px) 100vw, 768px\" \/><\/figure>\n\n\n\n<p>Bu a\u00e7\u0131klamalar, ba\u015fta M\u00fcsl\u00fcmanlar olmak \u00fczere pek \u00e7ok g\u00f6\u00e7menin ekonomik ve sosyal sorunlar nedeniyle Almanya&#8217;ya geldi\u011fi ve art\u0131k a\u015f\u0131r\u0131 gruplar\u0131n siyasi sald\u0131r\u0131lar\u0131n\u0131n hedefi haline geldi\u011fi bir d\u00f6nemde yap\u0131l\u0131yor.<\/p>\n\n\n\n<p>Siyasi analistler bu s\u00fcrecin a\u015f\u0131r\u0131 sa\u011f partilerin lehine olaca\u011f\u0131na ve yakla\u015fan Almanya se\u00e7imlerinde g\u00fcvenlik ve g\u00f6\u00e7menlik konular\u0131n\u0131n se\u00e7im kampanyalar\u0131n\u0131n ana oda\u011f\u0131 haline gelebilece\u011fine inan\u0131yor.<\/p>\n\n\n\n<p>Bu geli\u015fmeler, ter\u00f6r sald\u0131r\u0131lar\u0131n\u0131n yaln\u0131zca g\u00fcvenlik ortam\u0131n\u0131 yo\u011funla\u015ft\u0131rmakla kalmay\u0131p, Almanya&#8217;da g\u00f6\u00e7 ve \u0130slam kar\u015f\u0131t\u0131 propagandan\u0131n da art\u0131\u015f\u0131n\u0131 k\u00f6r\u00fckledi\u011fini g\u00f6steriyor.<\/p>\n\n\n\n<p><\/p>\n\n\n\n<p><\/p>\n\n\n\n<p><\/p>\n","protected":false},"excerpt":{"rendered":"<p>Almanya&#8217;n\u0131n Magdeburg kentinde son d\u00f6nemde ya\u015fanan ve 34 ki\u015finin hayat\u0131n\u0131 kaybetti\u011fi ter\u00f6r sald\u0131r\u0131s\u0131 siyasi g\u00fcndem konusu haline gelirken, a\u015f\u0131r\u0131 sa\u011f partiler de bunu g\u00f6\u00e7menlere ve M\u00fcsl\u00fcmanlara y\u00f6nelik antipatiyi g\u00fc\u00e7lendirmek i\u00e7in kullan\u0131yor. Almanya&#8217;n\u0131n Magdeburg kentindeki son ter\u00f6r sald\u0131r\u0131s\u0131, bu \u00fclkenin siyasi atmosferinde h\u0131zla tart\u0131\u015fmal\u0131 bir konu haline geldi. En az 34 ki\u015finin \u00f6l\u00fcm\u00fcne yol a\u00e7an sald\u0131r\u0131, &hellip;<\/p>\n","protected":false},"author":1,"featured_media":109903,"comment_status":"open","ping_status":"open","sticky":false,"template":"","format":"standard","meta":{"rop_custom_images_group":[],"rop_custom_messages_group":[],"rop_publish_now":"initial","rop_publish_now_accounts":[],"rop_publish_now_history":[],"rop_publish_now_status":"pending","footnotes":""},"categories":[71,6],"tags":[1699],"class_list":["post-109901","post","type-post","status-publish","format-standard","has-post-thumbnail","hentry","category-germany","category-islam","tag-magdeburg-teror-saldirisinin-ardindan-alman-asiri-sag-partilerinin-secimleri-istismar-etme-cabasi"],"_wp_page_template":null,"_wp_attached_file":null,"_wp_attachment_metadata":null,"_edit_lock":"1735045539:1","yoast_head":"<!-- This site is optimized with the Yoast SEO plugin v24.3 - https:\/\/yoast.com\/wordpress\/plugins\/seo\/ -->\n<title>Magdeburg Ter\u00f6r Sald\u0131r\u0131s\u0131n\u0131n Ard\u0131ndan Alman A\u015f\u0131r\u0131 Sa\u011f Partilerinin Se\u00e7imleri \u0130stismar Etme \u00c7abas\u0131 - ShiaWaves Turkish - \u015eia Haberleri<\/title>\n<meta name=\"robots\" content=\"index, follow, max-snippet:-1, max-image-preview:large, max-video-preview:-1\" \/>\n<link rel=\"canonical\" href=\"https:\/\/shiawaves.com\/turkish\/2024\/12\/24\/magdeburg-teror-saldirisinin-ardindan-alman-asiri-sag-partilerinin-secimleri-istismar-etme-cabasi\/\" \/>\n<meta property=\"og:locale\" content=\"tr_TR\" \/>\n<meta property=\"og:type\" content=\"article\" \/>\n<meta property=\"og:title\" content=\"Magdeburg Ter\u00f6r Sald\u0131r\u0131s\u0131n\u0131n Ard\u0131ndan Alman A\u015f\u0131r\u0131 Sa\u011f Partilerinin Se\u00e7imleri \u0130stismar Etme \u00c7abas\u0131 - ShiaWaves Turkish - \u015eia Haberleri\" \/>\n<meta property=\"og:description\" content=\"Almanya&#8217;n\u0131n Magdeburg kentinde son d\u00f6nemde ya\u015fanan ve 34 ki\u015finin hayat\u0131n\u0131 kaybetti\u011fi ter\u00f6r sald\u0131r\u0131s\u0131 siyasi g\u00fcndem konusu haline gelirken, a\u015f\u0131r\u0131 sa\u011f partiler de bunu g\u00f6\u00e7menlere ve M\u00fcsl\u00fcmanlara y\u00f6nelik antipatiyi g\u00fc\u00e7lendirmek i\u00e7in kullan\u0131yor. Almanya&#8217;n\u0131n Magdeburg kentindeki son ter\u00f6r sald\u0131r\u0131s\u0131, bu \u00fclkenin siyasi atmosferinde h\u0131zla tart\u0131\u015fmal\u0131 bir konu haline geldi. En az 34 ki\u015finin \u00f6l\u00fcm\u00fcne yol a\u00e7an sald\u0131r\u0131, &hellip;\" \/>\n<meta property=\"og:url\" content=\"https:\/\/shiawaves.com\/turkish\/2024\/12\/24\/magdeburg-teror-saldirisinin-ardindan-alman-asiri-sag-partilerinin-secimleri-istismar-etme-cabasi\/\" \/>\n<meta property=\"og:site_name\" content=\"ShiaWaves Turkish - \u015eia Haberleri\" \/>\n<meta property=\"article:published_time\" content=\"2024-12-24T13:05:41+00:00\" \/>\n<meta property=\"article:modified_time\" content=\"2024-12-24T13:05:42+00:00\" \/>\n<meta property=\"og:image\" content=\"https:\/\/shiawaves.com\/turkish\/wp-content\/uploads\/sites\/6\/2024\/12\/image-206.png\" \/>\n<meta name=\"author\" content=\"modir\" \/>\n<meta name=\"twitter:card\" content=\"summary_large_image\" \/>\n<meta name=\"twitter:label1\" content=\"Yazan:\" \/>\n\t<meta name=\"twitter:data1\" content=\"modir\" \/>\n\t<meta name=\"twitter:label2\" content=\"Tahmini okuma s\u00fcresi\" \/>\n\t<meta name=\"twitter:data2\" content=\"2 dakika\" \/>\n<script type=\"application\/ld+json\" class=\"yoast-schema-graph\">{\"@context\":\"https:\/\/schema.org\",\"@graph\":[{\"@type\":\"WebPage\",\"@id\":\"https:\/\/shiawaves.com\/turkish\/2024\/12\/24\/magdeburg-teror-saldirisinin-ardindan-alman-asiri-sag-partilerinin-secimleri-istismar-etme-cabasi\/\",\"url\":\"https:\/\/shiawaves.com\/turkish\/2024\/12\/24\/magdeburg-teror-saldirisinin-ardindan-alman-asiri-sag-partilerinin-secimleri-istismar-etme-cabasi\/\",\"name\":\"Magdeburg Ter\u00f6r Sald\u0131r\u0131s\u0131n\u0131n Ard\u0131ndan Alman A\u015f\u0131r\u0131 Sa\u011f Partilerinin Se\u00e7imleri \u0130stismar Etme \u00c7abas\u0131 - ShiaWaves Turkish - \u015eia Haberleri\",\"isPartOf\":{\"@id\":\"https:\/\/shiawaves.com\/turkish\/#website\"},\"primaryImageOfPage\":{\"@id\":\"https:\/\/shiawaves.com\/turkish\/2024\/12\/24\/magdeburg-teror-saldirisinin-ardindan-alman-asiri-sag-partilerinin-secimleri-istismar-etme-cabasi\/#primaryimage\"},\"image\":{\"@id\":\"https:\/\/shiawaves.com\/turkish\/2024\/12\/24\/magdeburg-teror-saldirisinin-ardindan-alman-asiri-sag-partilerinin-secimleri-istismar-etme-cabasi\/#primaryimage\"},\"thumbnailUrl\":\"https:\/\/shiawaves.com\/turkish\/wp-content\/uploads\/sites\/6\/2024\/12\/image-207.png\",\"datePublished\":\"2024-12-24T13:05:41+00:00\",\"dateModified\":\"2024-12-24T13:05:42+00:00\",\"author\":{\"@id\":\"https:\/\/shiawaves.com\/turkish\/#\/schema\/person\/9f68d5023e948086b9348fba5aebd954\"},\"breadcrumb\":{\"@id\":\"https:\/\/shiawaves.com\/turkish\/2024\/12\/24\/magdeburg-teror-saldirisinin-ardindan-alman-asiri-sag-partilerinin-secimleri-istismar-etme-cabasi\/#breadcrumb\"},\"inLanguage\":\"tr\",\"potentialAction\":[{\"@type\":\"ReadAction\",\"target\":[\"https:\/\/shiawaves.com\/turkish\/2024\/12\/24\/magdeburg-teror-saldirisinin-ardindan-alman-asiri-sag-partilerinin-secimleri-istismar-etme-cabasi\/\"]}]},{\"@type\":\"ImageObject\",\"inLanguage\":\"tr\",\"@id\":\"https:\/\/shiawaves.com\/turkish\/2024\/12\/24\/magdeburg-teror-saldirisinin-ardindan-alman-asiri-sag-partilerinin-secimleri-istismar-etme-cabasi\/#primaryimage\",\"url\":\"https:\/\/shiawaves.com\/turkish\/wp-content\/uploads\/sites\/6\/2024\/12\/image-207.png\",\"contentUrl\":\"https:\/\/shiawaves.com\/turkish\/wp-content\/uploads\/sites\/6\/2024\/12\/image-207.png\",\"width\":768,\"height\":535,\"caption\":\"Magdeburg Ter\u00f6r Sald\u0131r\u0131s\u0131n\u0131n Ard\u0131ndan Alman A\u015f\u0131r\u0131 Sa\u011f Partilerinin Se\u00e7imleri \u0130stismar Etme \u00c7abas\u0131\"},{\"@type\":\"BreadcrumbList\",\"@id\":\"https:\/\/shiawaves.com\/turkish\/2024\/12\/24\/magdeburg-teror-saldirisinin-ardindan-alman-asiri-sag-partilerinin-secimleri-istismar-etme-cabasi\/#breadcrumb\",\"itemListElement\":[{\"@type\":\"ListItem\",\"position\":1,\"name\":\"Home\",\"item\":\"https:\/\/shiawaves.com\/turkish\/\"},{\"@type\":\"ListItem\",\"position\":2,\"name\":\"Magdeburg Ter\u00f6r Sald\u0131r\u0131s\u0131n\u0131n Ard\u0131ndan Alman A\u015f\u0131r\u0131 Sa\u011f Partilerinin Se\u00e7imleri \u0130stismar Etme \u00c7abas\u0131\"}]},{\"@type\":\"WebSite\",\"@id\":\"https:\/\/shiawaves.com\/turkish\/#website\",\"url\":\"https:\/\/shiawaves.com\/turkish\/\",\"name\":\"ShiaWaves Turkish - \u015eia Haberleri\",\"description\":\"\",\"potentialAction\":[{\"@type\":\"SearchAction\",\"target\":{\"@type\":\"EntryPoint\",\"urlTemplate\":\"https:\/\/shiawaves.com\/turkish\/?s={search_term_string}\"},\"query-input\":{\"@type\":\"PropertyValueSpecification\",\"valueRequired\":true,\"valueName\":\"search_term_string\"}}],\"inLanguage\":\"tr\"},{\"@type\":\"Person\",\"@id\":\"https:\/\/shiawaves.com\/turkish\/#\/schema\/person\/9f68d5023e948086b9348fba5aebd954\",\"name\":\"modir\",\"image\":{\"@type\":\"ImageObject\",\"inLanguage\":\"tr\",\"@id\":\"https:\/\/shiawaves.com\/turkish\/#\/schema\/person\/image\/\",\"url\":\"https:\/\/secure.gravatar.com\/avatar\/8e76f93cdbdd480bd8918d1e0e1d938664c9cb1516c2a57a2b96fe50b507a6b9?s=96&d=mm&r=g\",\"contentUrl\":\"https:\/\/secure.gravatar.com\/avatar\/8e76f93cdbdd480bd8918d1e0e1d938664c9cb1516c2a57a2b96fe50b507a6b9?s=96&d=mm&r=g\",\"caption\":\"modir\"},\"sameAs\":[\"https:\/\/shiawaves.com\"],\"url\":\"https:\/\/shiawaves.com\/turkish\/author\/modir\/\"}]}<\/script>\n<!-- \/ Yoast SEO plugin. -->","yoast_head_json":{"title":"Magdeburg Ter\u00f6r Sald\u0131r\u0131s\u0131n\u0131n Ard\u0131ndan Alman A\u015f\u0131r\u0131 Sa\u011f Partilerinin Se\u00e7imleri \u0130stismar Etme \u00c7abas\u0131 - ShiaWaves Turkish - \u015eia Haberleri","robots":{"index":"index","follow":"follow","max-snippet":"max-snippet:-1","max-image-preview":"max-image-preview:large","max-video-preview":"max-video-preview:-1"},"canonical":"https:\/\/shiawaves.com\/turkish\/2024\/12\/24\/magdeburg-teror-saldirisinin-ardindan-alman-asiri-sag-partilerinin-secimleri-istismar-etme-cabasi\/","og_locale":"tr_TR","og_type":"article","og_title":"Magdeburg Ter\u00f6r Sald\u0131r\u0131s\u0131n\u0131n Ard\u0131ndan Alman A\u015f\u0131r\u0131 Sa\u011f Partilerinin Se\u00e7imleri \u0130stismar Etme \u00c7abas\u0131 - ShiaWaves Turkish - \u015eia Haberleri","og_description":"Almanya&#8217;n\u0131n Magdeburg kentinde son d\u00f6nemde ya\u015fanan ve 34 ki\u015finin hayat\u0131n\u0131 kaybetti\u011fi ter\u00f6r sald\u0131r\u0131s\u0131 siyasi g\u00fcndem konusu haline gelirken, a\u015f\u0131r\u0131 sa\u011f partiler de bunu g\u00f6\u00e7menlere ve M\u00fcsl\u00fcmanlara y\u00f6nelik antipatiyi g\u00fc\u00e7lendirmek i\u00e7in kullan\u0131yor. Almanya&#8217;n\u0131n Magdeburg kentindeki son ter\u00f6r sald\u0131r\u0131s\u0131, bu \u00fclkenin siyasi atmosferinde h\u0131zla tart\u0131\u015fmal\u0131 bir konu haline geldi. En az 34 ki\u015finin \u00f6l\u00fcm\u00fcne yol a\u00e7an sald\u0131r\u0131, &hellip;","og_url":"https:\/\/shiawaves.com\/turkish\/2024\/12\/24\/magdeburg-teror-saldirisinin-ardindan-alman-asiri-sag-partilerinin-secimleri-istismar-etme-cabasi\/","og_site_name":"ShiaWaves Turkish - \u015eia Haberleri","article_published_time":"2024-12-24T13:05:41+00:00","article_modified_time":"2024-12-24T13:05:42+00:00","og_image":[{"url":"https:\/\/shiawaves.com\/turkish\/wp-content\/uploads\/sites\/6\/2024\/12\/image-206.png","type":"","width":"","height":""}],"author":"modir","twitter_card":"summary_large_image","twitter_misc":{"Yazan:":"modir","Tahmini okuma s\u00fcresi":"2 dakika"},"schema":{"@context":"https:\/\/schema.org","@graph":[{"@type":"WebPage","@id":"https:\/\/shiawaves.com\/turkish\/2024\/12\/24\/magdeburg-teror-saldirisinin-ardindan-alman-asiri-sag-partilerinin-secimleri-istismar-etme-cabasi\/","url":"https:\/\/shiawaves.com\/turkish\/2024\/12\/24\/magdeburg-teror-saldirisinin-ardindan-alman-asiri-sag-partilerinin-secimleri-istismar-etme-cabasi\/","name":"Magdeburg Ter\u00f6r Sald\u0131r\u0131s\u0131n\u0131n Ard\u0131ndan Alman A\u015f\u0131r\u0131 Sa\u011f Partilerinin Se\u00e7imleri \u0130stismar Etme \u00c7abas\u0131 - ShiaWaves Turkish - \u015eia Haberleri","isPartOf":{"@id":"https:\/\/shiawaves.com\/turkish\/#website"},"primaryImageOfPage":{"@id":"https:\/\/shiawaves.com\/turkish\/2024\/12\/24\/magdeburg-teror-saldirisinin-ardindan-alman-asiri-sag-partilerinin-secimleri-istismar-etme-cabasi\/#primaryimage"},"image":{"@id":"https:\/\/shiawaves.com\/turkish\/2024\/12\/24\/magdeburg-teror-saldirisinin-ardindan-alman-asiri-sag-partilerinin-secimleri-istismar-etme-cabasi\/#primaryimage"},"thumbnailUrl":"https:\/\/shiawaves.com\/turkish\/wp-content\/uploads\/sites\/6\/2024\/12\/image-207.png","datePublished":"2024-12-24T13:05:41+00:00","dateModified":"2024-12-24T13:05:42+00:00","author":{"@id":"https:\/\/shiawaves.com\/turkish\/#\/schema\/person\/9f68d5023e948086b9348fba5aebd954"},"breadcrumb":{"@id":"https:\/\/shiawaves.com\/turkish\/2024\/12\/24\/magdeburg-teror-saldirisinin-ardindan-alman-asiri-sag-partilerinin-secimleri-istismar-etme-cabasi\/#breadcrumb"},"inLanguage":"tr","potentialAction":[{"@type":"ReadAction","target":["https:\/\/shiawaves.com\/turkish\/2024\/12\/24\/magdeburg-teror-saldirisinin-ardindan-alman-asiri-sag-partilerinin-secimleri-istismar-etme-cabasi\/"]}]},{"@type":"ImageObject","inLanguage":"tr","@id":"https:\/\/shiawaves.com\/turkish\/2024\/12\/24\/magdeburg-teror-saldirisinin-ardindan-alman-asiri-sag-partilerinin-secimleri-istismar-etme-cabasi\/#primaryimage","url":"https:\/\/shiawaves.com\/turkish\/wp-content\/uploads\/sites\/6\/2024\/12\/image-207.png","contentUrl":"https:\/\/shiawaves.com\/turkish\/wp-content\/uploads\/sites\/6\/2024\/12\/image-207.png","width":768,"height":535,"caption":"Magdeburg Ter\u00f6r Sald\u0131r\u0131s\u0131n\u0131n Ard\u0131ndan Alman A\u015f\u0131r\u0131 Sa\u011f Partilerinin Se\u00e7imleri \u0130stismar Etme \u00c7abas\u0131"},{"@type":"BreadcrumbList","@id":"https:\/\/shiawaves.com\/turkish\/2024\/12\/24\/magdeburg-teror-saldirisinin-ardindan-alman-asiri-sag-partilerinin-secimleri-istismar-etme-cabasi\/#breadcrumb","itemListElement":[{"@type":"ListItem","position":1,"name":"Home","item":"https:\/\/shiawaves.com\/turkish\/"},{"@type":"ListItem","position":2,"name":"Magdeburg Ter\u00f6r Sald\u0131r\u0131s\u0131n\u0131n Ard\u0131ndan Alman A\u015f\u0131r\u0131 Sa\u011f Partilerinin Se\u00e7imleri \u0130stismar Etme \u00c7abas\u0131"}]},{"@type":"WebSite","@id":"https:\/\/shiawaves.com\/turkish\/#website","url":"https:\/\/shiawaves.com\/turkish\/","name":"ShiaWaves Turkish - \u015eia Haberleri","description":"","potentialAction":[{"@type":"SearchAction","target":{"@type":"EntryPoint","urlTemplate":"https:\/\/shiawaves.com\/turkish\/?s={search_term_string}"},"query-input":{"@type":"PropertyValueSpecification","valueRequired":true,"valueName":"search_term_string"}}],"inLanguage":"tr"},{"@type":"Person","@id":"https:\/\/shiawaves.com\/turkish\/#\/schema\/person\/9f68d5023e948086b9348fba5aebd954","name":"modir","image":{"@type":"ImageObject","inLanguage":"tr","@id":"https:\/\/shiawaves.com\/turkish\/#\/schema\/person\/image\/","url":"https:\/\/secure.gravatar.com\/avatar\/8e76f93cdbdd480bd8918d1e0e1d938664c9cb1516c2a57a2b96fe50b507a6b9?s=96&d=mm&r=g","contentUrl":"https:\/\/secure.gravatar.com\/avatar\/8e76f93cdbdd480bd8918d1e0e1d938664c9cb1516c2a57a2b96fe50b507a6b9?s=96&d=mm&r=g","caption":"modir"},"sameAs":["https:\/\/shiawaves.com"],"url":"https:\/\/shiawaves.com\/turkish\/author\/modir\/"}]}},"_links":{"self":[{"href":"https:\/\/shiawaves.com\/turkish\/wp-json\/wp\/v2\/posts\/109901","targetHints":{"allow":["GET"]}}],"collection":[{"href":"https:\/\/shiawaves.com\/turkish\/wp-json\/wp\/v2\/posts"}],"about":[{"href":"https:\/\/shiawaves.com\/turkish\/wp-json\/wp\/v2\/types\/post"}],"author":[{"embeddable":true,"href":"https:\/\/shiawaves.com\/turkish\/wp-json\/wp\/v2\/users\/1"}],"replies":[{"embeddable":true,"href":"https:\/\/shiawaves.com\/turkish\/wp-json\/wp\/v2\/comments?post=109901"}],"version-history":[{"count":1,"href":"https:\/\/shiawaves.com\/turkish\/wp-json\/wp\/v2\/posts\/109901\/revisions"}],"predecessor-version":[{"id":109904,"href":"https:\/\/shiawaves.com\/turkish\/wp-json\/wp\/v2\/posts\/109901\/revisions\/109904"}],"wp:featuredmedia":[{"embeddable":true,"href":"https:\/\/shiawaves.com\/turkish\/wp-json\/wp\/v2\/media\/109903"}],"wp:attachment":[{"href":"https:\/\/shiawaves.com\/turkish\/wp-json\/wp\/v2\/media?parent=109901"}],"wp:term":[{"taxonomy":"category","embeddable":true,"href":"https:\/\/shiawaves.com\/turkish\/wp-json\/wp\/v2\/categories?post=109901"},{"taxonomy":"post_tag","embeddable":true,"href":"https:\/\/shiawaves.com\/turkish\/wp-json\/wp\/v2\/tags?post=109901"}],"curies":[{"name":"wp","href":"https:\/\/api.w.org\/{rel}","templated":true}]}}