{"id":109580,"date":"2024-12-14T08:50:31","date_gmt":"2024-12-14T05:50:31","guid":{"rendered":"https:\/\/shiawaves.com\/turkish\/?p=109580"},"modified":"2024-12-14T08:50:32","modified_gmt":"2024-12-14T05:50:32","slug":"bm-suriyedeki-gida-krizinden-ve-sivil-kayiplarin-artmasindan-endiseli","status":"publish","type":"post","link":"https:\/\/shiawaves.com\/turkish\/2024\/12\/14\/bm-suriyedeki-gida-krizinden-ve-sivil-kayiplarin-artmasindan-endiseli\/","title":{"rendered":"BM, Suriye&#8217;deki G\u0131da Krizinden ve Sivil Kay\u0131plar\u0131n Artmas\u0131ndan Endi\u015feli"},"content":{"rendered":"\n<p>Birle\u015fmi\u015f Milletler, Suriye&#8217;de durumun kritik oldu\u011funu ve \u015eam, Hama ve Deyrizor kentlerinde ciddi g\u0131da s\u0131k\u0131nt\u0131s\u0131 ya\u015fand\u0131\u011f\u0131n\u0131 bildirdi.<\/p>\n\n\n\n<p>Ayr\u0131ca son iki haftad\u0131r ya\u015fanan \u00e7at\u0131\u015fmalarda \u00e7o\u011fu kad\u0131n ve \u00e7ocuk olmak \u00fczere y\u00fczlerce sivil hayat\u0131n\u0131 kaybetti ve yaraland\u0131.<\/p>\n\n\n\n<figure class=\"wp-block-image size-full\"><img loading=\"lazy\" decoding=\"async\" width=\"855\" height=\"495\" src=\"https:\/\/shiawaves.com\/turkish\/wp-content\/uploads\/sites\/6\/2024\/12\/image-100.png\" alt=\"\" class=\"wp-image-109581\" srcset=\"https:\/\/shiawaves.com\/turkish\/wp-content\/uploads\/sites\/6\/2024\/12\/image-100.png 855w, https:\/\/shiawaves.com\/turkish\/wp-content\/uploads\/sites\/6\/2024\/12\/image-100-300x174.png 300w, https:\/\/shiawaves.com\/turkish\/wp-content\/uploads\/sites\/6\/2024\/12\/image-100-768x445.png 768w\" sizes=\"auto, (max-width: 855px) 100vw, 855px\" \/><\/figure>\n\n\n\n<p>Birle\u015fmi\u015f Milletler, \u0130nsani \u0130\u015fler Koordinasyon Ofisi (OCHA) arac\u0131l\u0131\u011f\u0131yla, Suriye&#8217;deki insani durumun son derece kritik oldu\u011funu bildirdi.<\/p>\n\n\n\n<p>Bu rapora g\u00f6re \u015eam, Hama ve Deyrizor kentlerinde ciddi bir g\u0131da s\u0131k\u0131nt\u0131s\u0131 ya\u015fan\u0131yor.<\/p>\n\n\n\n<p>\u00d6zellikle Halep ve \u0130dlib&#8217;de son iki haftada ekmek fiyatlar\u0131nda y\u00fczde 900&#8217;e varan oranlarda art\u0131\u015f ya\u015fand\u0131.<\/p>\n\n\n\n<p>Bu durum, devam eden \u00e7at\u0131\u015fmalar ve etkilenen b\u00f6lgelere insani yard\u0131m g\u00f6nderilmesindeki engeller nedeniyle daha da k\u00f6t\u00fcle\u015fiyor.<\/p>\n\n\n\n<p>Birle\u015fmi\u015f Milletler de bu \u00e7at\u0131\u015fmalarda a\u011f\u0131r sivil kay\u0131plar\u0131n ya\u015fand\u0131\u011f\u0131n\u0131 bildirdi.<\/p>\n\n\n\n<p>Sadece Suriye\u2019nin kuzeybat\u0131s\u0131nda 26 Kas\u0131m ile 8 Aral\u0131k tarihleri \u200b\u200baras\u0131nda 28&#8217;i \u00e7ocuk, 11&#8217;i kad\u0131n en az 75 sivil \u00f6ld\u00fcr\u00fcld\u00fc.<\/p>\n\n\n\n<p>Ayr\u0131ca 106&#8217;s\u0131 \u00e7ocuk, 65&#8217;i kad\u0131n olmak \u00fczere 282 ki\u015fi de yaraland\u0131.<\/p>\n\n\n\n<p>Bu istatistik, bu \u00fclkedeki insani krizin b\u00fcy\u00fck boyutlar\u0131n\u0131 g\u00f6steriyor.<\/p>\n\n\n\n<p>Birle\u015fmi\u015f Milletler, g\u00fcvenlik ko\u015fullar\u0131n\u0131n sa\u011flanmas\u0131 halinde Suriye&#8217;deki insani faaliyetlerini s\u00fcrd\u00fcrece\u011fini vurgulad\u0131 ancak baz\u0131 b\u00f6lgelerde uygulanan k\u0131s\u0131tlamalar yard\u0131mlar\u0131n g\u00f6nderilmesini zorla\u015ft\u0131r\u0131yor.<\/p>\n\n\n\n<p>Bu rapor, Suriye&#8217;deki duruma uluslararas\u0131 toplumun acil ilgi g\u00f6stermesini ve insanlar\u0131n ac\u0131lar\u0131n\u0131 azaltacak etkili \u00f6nlemler al\u0131nmas\u0131n\u0131 gerektirdi\u011fini vurguluyor.<\/p>\n","protected":false},"excerpt":{"rendered":"<p>Birle\u015fmi\u015f Milletler, Suriye&#8217;de durumun kritik oldu\u011funu ve \u015eam, Hama ve Deyrizor kentlerinde ciddi g\u0131da s\u0131k\u0131nt\u0131s\u0131 ya\u015fand\u0131\u011f\u0131n\u0131 bildirdi. Ayr\u0131ca son iki haftad\u0131r ya\u015fanan \u00e7at\u0131\u015fmalarda \u00e7o\u011fu kad\u0131n ve \u00e7ocuk olmak \u00fczere y\u00fczlerce sivil hayat\u0131n\u0131 kaybetti ve yaraland\u0131. Birle\u015fmi\u015f Milletler, \u0130nsani \u0130\u015fler Koordinasyon Ofisi (OCHA) arac\u0131l\u0131\u011f\u0131yla, Suriye&#8217;deki insani durumun son derece kritik oldu\u011funu bildirdi. Bu rapora g\u00f6re \u015eam, &hellip;<\/p>\n","protected":false},"author":1,"featured_media":109581,"comment_status":"open","ping_status":"open","sticky":false,"template":"","format":"standard","meta":{"rop_custom_images_group":[],"rop_custom_messages_group":[],"rop_publish_now":"initial","rop_publish_now_accounts":[],"rop_publish_now_history":[],"rop_publish_now_status":"pending","footnotes":""},"categories":[6,13],"tags":[1536,1586],"class_list":["post-109580","post","type-post","status-publish","format-standard","has-post-thumbnail","hentry","category-islam","category-syria","tag-bm","tag-suriyedeki-gida-krizinden-ve-sivil-kayiplarin-artmasindan-endiseli"],"_wp_page_template":null,"_wp_attached_file":null,"_wp_attachment_metadata":null,"_edit_lock":"1734155434:1","yoast_head":"<!-- This site is optimized with the Yoast SEO plugin v24.3 - https:\/\/yoast.com\/wordpress\/plugins\/seo\/ -->\n<title>BM, Suriye&#039;deki G\u0131da Krizinden ve Sivil Kay\u0131plar\u0131n Artmas\u0131ndan Endi\u015feli - ShiaWaves Turkish - \u015eia Haberleri<\/title>\n<meta name=\"description\" content=\"BM, Suriye&#039;deki G\u0131da Krizinden ve Sivil Kay\u0131plar\u0131n Artmas\u0131ndan Endi\u015feli\" \/>\n<meta name=\"robots\" content=\"index, follow, max-snippet:-1, max-image-preview:large, max-video-preview:-1\" \/>\n<link rel=\"canonical\" href=\"https:\/\/shiawaves.com\/turkish\/2024\/12\/14\/bm-suriyedeki-gida-krizinden-ve-sivil-kayiplarin-artmasindan-endiseli\/\" \/>\n<meta property=\"og:locale\" content=\"tr_TR\" \/>\n<meta property=\"og:type\" content=\"article\" \/>\n<meta property=\"og:title\" content=\"BM, Suriye&#039;deki G\u0131da Krizinden ve Sivil Kay\u0131plar\u0131n Artmas\u0131ndan Endi\u015feli - ShiaWaves Turkish - \u015eia Haberleri\" \/>\n<meta property=\"og:description\" content=\"BM, Suriye&#039;deki G\u0131da Krizinden ve Sivil Kay\u0131plar\u0131n Artmas\u0131ndan Endi\u015feli\" \/>\n<meta property=\"og:url\" content=\"https:\/\/shiawaves.com\/turkish\/2024\/12\/14\/bm-suriyedeki-gida-krizinden-ve-sivil-kayiplarin-artmasindan-endiseli\/\" \/>\n<meta property=\"og:site_name\" content=\"ShiaWaves Turkish - \u015eia Haberleri\" \/>\n<meta property=\"article:published_time\" content=\"2024-12-14T05:50:31+00:00\" \/>\n<meta property=\"article:modified_time\" content=\"2024-12-14T05:50:32+00:00\" \/>\n<meta property=\"og:image\" content=\"https:\/\/shiawaves.com\/turkish\/wp-content\/uploads\/sites\/6\/2024\/12\/image-100.png\" \/>\n\t<meta property=\"og:image:width\" content=\"855\" \/>\n\t<meta property=\"og:image:height\" content=\"495\" \/>\n\t<meta property=\"og:image:type\" content=\"image\/png\" \/>\n<meta name=\"author\" content=\"modir\" \/>\n<meta name=\"twitter:card\" content=\"summary_large_image\" \/>\n<meta name=\"twitter:label1\" content=\"Yazan:\" \/>\n\t<meta name=\"twitter:data1\" content=\"modir\" \/>\n\t<meta name=\"twitter:label2\" content=\"Tahmini okuma s\u00fcresi\" \/>\n\t<meta name=\"twitter:data2\" content=\"2 dakika\" \/>\n<script type=\"application\/ld+json\" class=\"yoast-schema-graph\">{\"@context\":\"https:\/\/schema.org\",\"@graph\":[{\"@type\":\"WebPage\",\"@id\":\"https:\/\/shiawaves.com\/turkish\/2024\/12\/14\/bm-suriyedeki-gida-krizinden-ve-sivil-kayiplarin-artmasindan-endiseli\/\",\"url\":\"https:\/\/shiawaves.com\/turkish\/2024\/12\/14\/bm-suriyedeki-gida-krizinden-ve-sivil-kayiplarin-artmasindan-endiseli\/\",\"name\":\"BM, Suriye'deki G\u0131da Krizinden ve Sivil Kay\u0131plar\u0131n Artmas\u0131ndan Endi\u015feli - ShiaWaves Turkish - \u015eia Haberleri\",\"isPartOf\":{\"@id\":\"https:\/\/shiawaves.com\/turkish\/#website\"},\"primaryImageOfPage\":{\"@id\":\"https:\/\/shiawaves.com\/turkish\/2024\/12\/14\/bm-suriyedeki-gida-krizinden-ve-sivil-kayiplarin-artmasindan-endiseli\/#primaryimage\"},\"image\":{\"@id\":\"https:\/\/shiawaves.com\/turkish\/2024\/12\/14\/bm-suriyedeki-gida-krizinden-ve-sivil-kayiplarin-artmasindan-endiseli\/#primaryimage\"},\"thumbnailUrl\":\"https:\/\/shiawaves.com\/turkish\/wp-content\/uploads\/sites\/6\/2024\/12\/image-100.png\",\"datePublished\":\"2024-12-14T05:50:31+00:00\",\"dateModified\":\"2024-12-14T05:50:32+00:00\",\"author\":{\"@id\":\"https:\/\/shiawaves.com\/turkish\/#\/schema\/person\/9f68d5023e948086b9348fba5aebd954\"},\"description\":\"BM, Suriye'deki G\u0131da Krizinden ve Sivil Kay\u0131plar\u0131n Artmas\u0131ndan Endi\u015feli\",\"breadcrumb\":{\"@id\":\"https:\/\/shiawaves.com\/turkish\/2024\/12\/14\/bm-suriyedeki-gida-krizinden-ve-sivil-kayiplarin-artmasindan-endiseli\/#breadcrumb\"},\"inLanguage\":\"tr\",\"potentialAction\":[{\"@type\":\"ReadAction\",\"target\":[\"https:\/\/shiawaves.com\/turkish\/2024\/12\/14\/bm-suriyedeki-gida-krizinden-ve-sivil-kayiplarin-artmasindan-endiseli\/\"]}]},{\"@type\":\"ImageObject\",\"inLanguage\":\"tr\",\"@id\":\"https:\/\/shiawaves.com\/turkish\/2024\/12\/14\/bm-suriyedeki-gida-krizinden-ve-sivil-kayiplarin-artmasindan-endiseli\/#primaryimage\",\"url\":\"https:\/\/shiawaves.com\/turkish\/wp-content\/uploads\/sites\/6\/2024\/12\/image-100.png\",\"contentUrl\":\"https:\/\/shiawaves.com\/turkish\/wp-content\/uploads\/sites\/6\/2024\/12\/image-100.png\",\"width\":855,\"height\":495,\"caption\":\"BM, Suriye'deki G\u0131da Krizinden ve Sivil Kay\u0131plar\u0131n Artmas\u0131ndan Endi\u015feli\"},{\"@type\":\"BreadcrumbList\",\"@id\":\"https:\/\/shiawaves.com\/turkish\/2024\/12\/14\/bm-suriyedeki-gida-krizinden-ve-sivil-kayiplarin-artmasindan-endiseli\/#breadcrumb\",\"itemListElement\":[{\"@type\":\"ListItem\",\"position\":1,\"name\":\"Home\",\"item\":\"https:\/\/shiawaves.com\/turkish\/\"},{\"@type\":\"ListItem\",\"position\":2,\"name\":\"BM, Suriye&#8217;deki G\u0131da Krizinden ve Sivil Kay\u0131plar\u0131n Artmas\u0131ndan Endi\u015feli\"}]},{\"@type\":\"WebSite\",\"@id\":\"https:\/\/shiawaves.com\/turkish\/#website\",\"url\":\"https:\/\/shiawaves.com\/turkish\/\",\"name\":\"ShiaWaves Turkish - \u015eia Haberleri\",\"description\":\"\",\"potentialAction\":[{\"@type\":\"SearchAction\",\"target\":{\"@type\":\"EntryPoint\",\"urlTemplate\":\"https:\/\/shiawaves.com\/turkish\/?s={search_term_string}\"},\"query-input\":{\"@type\":\"PropertyValueSpecification\",\"valueRequired\":true,\"valueName\":\"search_term_string\"}}],\"inLanguage\":\"tr\"},{\"@type\":\"Person\",\"@id\":\"https:\/\/shiawaves.com\/turkish\/#\/schema\/person\/9f68d5023e948086b9348fba5aebd954\",\"name\":\"modir\",\"image\":{\"@type\":\"ImageObject\",\"inLanguage\":\"tr\",\"@id\":\"https:\/\/shiawaves.com\/turkish\/#\/schema\/person\/image\/\",\"url\":\"https:\/\/secure.gravatar.com\/avatar\/8e76f93cdbdd480bd8918d1e0e1d938664c9cb1516c2a57a2b96fe50b507a6b9?s=96&d=mm&r=g\",\"contentUrl\":\"https:\/\/secure.gravatar.com\/avatar\/8e76f93cdbdd480bd8918d1e0e1d938664c9cb1516c2a57a2b96fe50b507a6b9?s=96&d=mm&r=g\",\"caption\":\"modir\"},\"sameAs\":[\"https:\/\/shiawaves.com\"],\"url\":\"https:\/\/shiawaves.com\/turkish\/author\/modir\/\"}]}<\/script>\n<!-- \/ Yoast SEO plugin. -->","yoast_head_json":{"title":"BM, Suriye'deki G\u0131da Krizinden ve Sivil Kay\u0131plar\u0131n Artmas\u0131ndan Endi\u015feli - ShiaWaves Turkish - \u015eia Haberleri","description":"BM, Suriye'deki G\u0131da Krizinden ve Sivil Kay\u0131plar\u0131n Artmas\u0131ndan Endi\u015feli","robots":{"index":"index","follow":"follow","max-snippet":"max-snippet:-1","max-image-preview":"max-image-preview:large","max-video-preview":"max-video-preview:-1"},"canonical":"https:\/\/shiawaves.com\/turkish\/2024\/12\/14\/bm-suriyedeki-gida-krizinden-ve-sivil-kayiplarin-artmasindan-endiseli\/","og_locale":"tr_TR","og_type":"article","og_title":"BM, Suriye'deki G\u0131da Krizinden ve Sivil Kay\u0131plar\u0131n Artmas\u0131ndan Endi\u015feli - ShiaWaves Turkish - \u015eia Haberleri","og_description":"BM, Suriye'deki G\u0131da Krizinden ve Sivil Kay\u0131plar\u0131n Artmas\u0131ndan Endi\u015feli","og_url":"https:\/\/shiawaves.com\/turkish\/2024\/12\/14\/bm-suriyedeki-gida-krizinden-ve-sivil-kayiplarin-artmasindan-endiseli\/","og_site_name":"ShiaWaves Turkish - \u015eia Haberleri","article_published_time":"2024-12-14T05:50:31+00:00","article_modified_time":"2024-12-14T05:50:32+00:00","og_image":[{"width":855,"height":495,"url":"https:\/\/shiawaves.com\/turkish\/wp-content\/uploads\/sites\/6\/2024\/12\/image-100.png","type":"image\/png"}],"author":"modir","twitter_card":"summary_large_image","twitter_misc":{"Yazan:":"modir","Tahmini okuma s\u00fcresi":"2 dakika"},"schema":{"@context":"https:\/\/schema.org","@graph":[{"@type":"WebPage","@id":"https:\/\/shiawaves.com\/turkish\/2024\/12\/14\/bm-suriyedeki-gida-krizinden-ve-sivil-kayiplarin-artmasindan-endiseli\/","url":"https:\/\/shiawaves.com\/turkish\/2024\/12\/14\/bm-suriyedeki-gida-krizinden-ve-sivil-kayiplarin-artmasindan-endiseli\/","name":"BM, Suriye'deki G\u0131da Krizinden ve Sivil Kay\u0131plar\u0131n Artmas\u0131ndan Endi\u015feli - ShiaWaves Turkish - \u015eia Haberleri","isPartOf":{"@id":"https:\/\/shiawaves.com\/turkish\/#website"},"primaryImageOfPage":{"@id":"https:\/\/shiawaves.com\/turkish\/2024\/12\/14\/bm-suriyedeki-gida-krizinden-ve-sivil-kayiplarin-artmasindan-endiseli\/#primaryimage"},"image":{"@id":"https:\/\/shiawaves.com\/turkish\/2024\/12\/14\/bm-suriyedeki-gida-krizinden-ve-sivil-kayiplarin-artmasindan-endiseli\/#primaryimage"},"thumbnailUrl":"https:\/\/shiawaves.com\/turkish\/wp-content\/uploads\/sites\/6\/2024\/12\/image-100.png","datePublished":"2024-12-14T05:50:31+00:00","dateModified":"2024-12-14T05:50:32+00:00","author":{"@id":"https:\/\/shiawaves.com\/turkish\/#\/schema\/person\/9f68d5023e948086b9348fba5aebd954"},"description":"BM, Suriye'deki G\u0131da Krizinden ve Sivil Kay\u0131plar\u0131n Artmas\u0131ndan Endi\u015feli","breadcrumb":{"@id":"https:\/\/shiawaves.com\/turkish\/2024\/12\/14\/bm-suriyedeki-gida-krizinden-ve-sivil-kayiplarin-artmasindan-endiseli\/#breadcrumb"},"inLanguage":"tr","potentialAction":[{"@type":"ReadAction","target":["https:\/\/shiawaves.com\/turkish\/2024\/12\/14\/bm-suriyedeki-gida-krizinden-ve-sivil-kayiplarin-artmasindan-endiseli\/"]}]},{"@type":"ImageObject","inLanguage":"tr","@id":"https:\/\/shiawaves.com\/turkish\/2024\/12\/14\/bm-suriyedeki-gida-krizinden-ve-sivil-kayiplarin-artmasindan-endiseli\/#primaryimage","url":"https:\/\/shiawaves.com\/turkish\/wp-content\/uploads\/sites\/6\/2024\/12\/image-100.png","contentUrl":"https:\/\/shiawaves.com\/turkish\/wp-content\/uploads\/sites\/6\/2024\/12\/image-100.png","width":855,"height":495,"caption":"BM, Suriye'deki G\u0131da Krizinden ve Sivil Kay\u0131plar\u0131n Artmas\u0131ndan Endi\u015feli"},{"@type":"BreadcrumbList","@id":"https:\/\/shiawaves.com\/turkish\/2024\/12\/14\/bm-suriyedeki-gida-krizinden-ve-sivil-kayiplarin-artmasindan-endiseli\/#breadcrumb","itemListElement":[{"@type":"ListItem","position":1,"name":"Home","item":"https:\/\/shiawaves.com\/turkish\/"},{"@type":"ListItem","position":2,"name":"BM, Suriye&#8217;deki G\u0131da Krizinden ve Sivil Kay\u0131plar\u0131n Artmas\u0131ndan Endi\u015feli"}]},{"@type":"WebSite","@id":"https:\/\/shiawaves.com\/turkish\/#website","url":"https:\/\/shiawaves.com\/turkish\/","name":"ShiaWaves Turkish - \u015eia Haberleri","description":"","potentialAction":[{"@type":"SearchAction","target":{"@type":"EntryPoint","urlTemplate":"https:\/\/shiawaves.com\/turkish\/?s={search_term_string}"},"query-input":{"@type":"PropertyValueSpecification","valueRequired":true,"valueName":"search_term_string"}}],"inLanguage":"tr"},{"@type":"Person","@id":"https:\/\/shiawaves.com\/turkish\/#\/schema\/person\/9f68d5023e948086b9348fba5aebd954","name":"modir","image":{"@type":"ImageObject","inLanguage":"tr","@id":"https:\/\/shiawaves.com\/turkish\/#\/schema\/person\/image\/","url":"https:\/\/secure.gravatar.com\/avatar\/8e76f93cdbdd480bd8918d1e0e1d938664c9cb1516c2a57a2b96fe50b507a6b9?s=96&d=mm&r=g","contentUrl":"https:\/\/secure.gravatar.com\/avatar\/8e76f93cdbdd480bd8918d1e0e1d938664c9cb1516c2a57a2b96fe50b507a6b9?s=96&d=mm&r=g","caption":"modir"},"sameAs":["https:\/\/shiawaves.com"],"url":"https:\/\/shiawaves.com\/turkish\/author\/modir\/"}]}},"_links":{"self":[{"href":"https:\/\/shiawaves.com\/turkish\/wp-json\/wp\/v2\/posts\/109580","targetHints":{"allow":["GET"]}}],"collection":[{"href":"https:\/\/shiawaves.com\/turkish\/wp-json\/wp\/v2\/posts"}],"about":[{"href":"https:\/\/shiawaves.com\/turkish\/wp-json\/wp\/v2\/types\/post"}],"author":[{"embeddable":true,"href":"https:\/\/shiawaves.com\/turkish\/wp-json\/wp\/v2\/users\/1"}],"replies":[{"embeddable":true,"href":"https:\/\/shiawaves.com\/turkish\/wp-json\/wp\/v2\/comments?post=109580"}],"version-history":[{"count":1,"href":"https:\/\/shiawaves.com\/turkish\/wp-json\/wp\/v2\/posts\/109580\/revisions"}],"predecessor-version":[{"id":109582,"href":"https:\/\/shiawaves.com\/turkish\/wp-json\/wp\/v2\/posts\/109580\/revisions\/109582"}],"wp:featuredmedia":[{"embeddable":true,"href":"https:\/\/shiawaves.com\/turkish\/wp-json\/wp\/v2\/media\/109581"}],"wp:attachment":[{"href":"https:\/\/shiawaves.com\/turkish\/wp-json\/wp\/v2\/media?parent=109580"}],"wp:term":[{"taxonomy":"category","embeddable":true,"href":"https:\/\/shiawaves.com\/turkish\/wp-json\/wp\/v2\/categories?post=109580"},{"taxonomy":"post_tag","embeddable":true,"href":"https:\/\/shiawaves.com\/turkish\/wp-json\/wp\/v2\/tags?post=109580"}],"curies":[{"name":"wp","href":"https:\/\/api.w.org\/{rel}","templated":true}]}}