{"id":109529,"date":"2024-12-12T10:57:49","date_gmt":"2024-12-12T07:57:49","guid":{"rendered":"https:\/\/shiawaves.com\/turkish\/?p=109529"},"modified":"2024-12-12T10:57:50","modified_gmt":"2024-12-12T07:57:50","slug":"silahli-gruplarin-hz-zeyneb-s-anin-hareminden-cekilmesi-ve-haremin-yeniden-acilmasi","status":"publish","type":"post","link":"https:\/\/shiawaves.com\/turkish\/2024\/12\/12\/silahli-gruplarin-hz-zeyneb-s-anin-hareminden-cekilmesi-ve-haremin-yeniden-acilmasi\/","title":{"rendered":"Silahl\u0131 Gruplar\u0131n Hz. Zeyneb (s.a)\u2019n\u0131n Hareminden \u00e7ekilmesi ve Haremin Yeniden A\u00e7\u0131lmas\u0131"},"content":{"rendered":"\n<p>Silahl\u0131 gruplar, \u015eam&#8217;\u0131n Seyyide Zeynep b\u00f6lgesindeki Hazreti Zeyneb (s.a)&#8217;n\u0131n mukaddes t\u00fcrbesini terk etti.<\/p>\n\n\n\n<p>T\u00fcrbe yetkilileri ayr\u0131ca haremin avlusunun yeniden a\u00e7\u0131ld\u0131\u011f\u0131n\u0131, altyap\u0131n\u0131n yeniden in\u015fas\u0131 ve b\u00f6lgedeki durumun iyile\u015ftirilmesi i\u00e7in gerekli \u00f6nlemlerin al\u0131nd\u0131\u011f\u0131n\u0131 duyurdu.<\/p>\n\n\n\n<figure class=\"wp-block-image size-full is-resized\"><img loading=\"lazy\" decoding=\"async\" width=\"241\" height=\"284\" src=\"https:\/\/shiawaves.com\/turkish\/wp-content\/uploads\/sites\/6\/2024\/12\/image-82.png\" alt=\"\" class=\"wp-image-109531\" style=\"width:840px;height:auto\"\/><\/figure>\n\n\n\n<p>B\u00f6lgede ya\u015fanan son geli\u015fmelerin ard\u0131ndan silahl\u0131 gruplar \u015eam&#8217;\u0131n Seyyide Zeyneb b\u00f6lgesindeki Hz. Zeynep (s.a)&#8217;n\u0131n t\u00fcrbesini terk etti ve t\u00fcrbenin durumu normale d\u00f6nd\u00fc.<\/p>\n\n\n\n<p>Yetkililer, mukaddes haremin yeniden a\u00e7\u0131ld\u0131\u011f\u0131n\u0131, t\u00fcm y\u00f6netici temsilcilerin ve \u00e7al\u0131\u015fanlar\u0131n b\u00f6lgede bulundu\u011funu duyurdu.<\/p>\n\n\n\n<p>Bu eylem, b\u00f6lgede ya\u015fanan g\u00fcvenlik geli\u015fmelerinin, halk\u0131 ve haremi ziyaret edenleri endi\u015felendirmesi \u00fczerine ger\u00e7ekle\u015ftirildi.<\/p>\n\n\n\n<p>\u015eiilerin en kutsal mekanlar\u0131ndan biri olan Hazreti Zeyneb&#8217;in (s.a)\u2019n\u0131n t\u00fcrbesi art\u0131k ziyaret\u00e7ilerin kullan\u0131m\u0131na a\u00e7\u0131ld\u0131 ve yetkililer, y\u0131k\u0131lan altyap\u0131y\u0131 onar\u0131p yeniden in\u015fa ediyor.<\/p>\n\n\n\n<p>Suriye&#8217;deki \u015eii Ulema Heyeti Ba\u015fkan\u0131 Seyyid Abdullah Nizam, ya\u015fananlarla ilgili a\u00e7\u0131klamalarda bulundu.<\/p>\n\n\n\n<p>Kendi deyimiyle, krizin ard\u0131ndan yeni Suriye h\u00fck\u00fcmetiyle olumlu g\u00f6r\u00fc\u015fmeler yap\u0131ld\u0131\u011f\u0131n\u0131 vurgulad\u0131.<\/p>\n\n\n\n<p>Seyyid Abdullah Nizam, bu toplant\u0131lar\u0131n mevcut sorunlar\u0131n \u00e7\u00f6z\u00fcm\u00fcne yard\u0131mc\u0131 oldu\u011funu ve b\u00f6lgedeki durumun iyile\u015fmesi y\u00f6n\u00fcnde umutlar yaratt\u0131\u011f\u0131n\u0131 ifade etti.<\/p>\n\n\n\n<figure class=\"wp-block-image size-full is-resized\"><img loading=\"lazy\" decoding=\"async\" width=\"420\" height=\"352\" src=\"https:\/\/shiawaves.com\/turkish\/wp-content\/uploads\/sites\/6\/2024\/12\/image-81.png\" alt=\"\" class=\"wp-image-109530\" style=\"width:840px;height:auto\" srcset=\"https:\/\/shiawaves.com\/turkish\/wp-content\/uploads\/sites\/6\/2024\/12\/image-81.png 420w, https:\/\/shiawaves.com\/turkish\/wp-content\/uploads\/sites\/6\/2024\/12\/image-81-300x251.png 300w\" sizes=\"auto, (max-width: 420px) 100vw, 420px\" \/><\/figure>\n\n\n\n<p>Ona g\u00f6re b\u00f6lgedeki g\u00fcvenlik durumu iyile\u015ferek h\u00fck\u00fcmet ve halk\u0131n i\u015fbirli\u011fiyle durum yak\u0131nda normale d\u00f6necek.<\/p>\n\n\n\n<p>Baz\u0131 yerel kaynaklara g\u00f6re altyap\u0131y\u0131 yeniden in\u015fa etme ve hasar\u0131 onarma \u00e7abalar\u0131 devam ederken, haremin \u015eii liderleri gelece\u011fe dair iyimser.<\/p>\n\n\n\n<p>Seyyide Zeyneb b\u00f6lgesindeki bu geli\u015fmeler, Suriye&#8217;deki dini merkezlerin g\u00fcvenli\u011fini ve huzurunu yeniden tesis etme \u00e7abas\u0131na i\u015faret ediyor.<\/p>\n\n\n\n<p>Yak\u0131n gelecekte durumun d\u00fczelece\u011fi, bu haremin ve Hz. Rugeyye (s.a)&#8217;n\u0131n t\u00fcrbesi de dahil olmak \u00fczere di\u011fer mukaddes yerlerin ziyaret\u00e7iler i\u00e7in yeniden g\u00fcvenli ve huzurlu bir yer haline gelece\u011fi \u00fcmit ediliyor.<\/p>\n\n\n\n<p><\/p>\n","protected":false},"excerpt":{"rendered":"<p>Silahl\u0131 gruplar, \u015eam&#8217;\u0131n Seyyide Zeynep b\u00f6lgesindeki Hazreti Zeyneb (s.a)&#8217;n\u0131n mukaddes t\u00fcrbesini terk etti. T\u00fcrbe yetkilileri ayr\u0131ca haremin avlusunun yeniden a\u00e7\u0131ld\u0131\u011f\u0131n\u0131, altyap\u0131n\u0131n yeniden in\u015fas\u0131 ve b\u00f6lgedeki durumun iyile\u015ftirilmesi i\u00e7in gerekli \u00f6nlemlerin al\u0131nd\u0131\u011f\u0131n\u0131 duyurdu. B\u00f6lgede ya\u015fanan son geli\u015fmelerin ard\u0131ndan silahl\u0131 gruplar \u015eam&#8217;\u0131n Seyyide Zeyneb b\u00f6lgesindeki Hz. Zeynep (s.a)&#8217;n\u0131n t\u00fcrbesini terk etti ve t\u00fcrbenin durumu normale d\u00f6nd\u00fc. Yetkililer, &hellip;<\/p>\n","protected":false},"author":1,"featured_media":109531,"comment_status":"open","ping_status":"open","sticky":false,"template":"","format":"standard","meta":{"rop_custom_images_group":[],"rop_custom_messages_group":[],"rop_publish_now":"initial","rop_publish_now_accounts":[],"rop_publish_now_history":[],"rop_publish_now_status":"pending","footnotes":""},"categories":[13],"tags":[1567],"class_list":["post-109529","post","type-post","status-publish","format-standard","has-post-thumbnail","hentry","category-syria","tag-silahli-gruplarin-hz-zeyneb-s-anin-hareminden-cekilmesi-ve-haremin-yeniden-acilmasi"],"_wp_page_template":null,"_wp_attached_file":null,"_wp_attachment_metadata":null,"_edit_lock":"1733990270:1","yoast_head":"<!-- This site is optimized with the Yoast SEO plugin v24.3 - https:\/\/yoast.com\/wordpress\/plugins\/seo\/ -->\n<title>Silahl\u0131 Gruplar\u0131n Hz. Zeyneb (s.a)\u2019n\u0131n Hareminden \u00e7ekilmesi ve Haremin Yeniden A\u00e7\u0131lmas\u0131 - ShiaWaves Turkish - \u015eia Haberleri<\/title>\n<meta name=\"description\" content=\"Silahl\u0131 Gruplar\u0131n Hz. Zeyneb (s.a)\u2019n\u0131n Hareminden \u00e7ekilmesi ve Haremin Yeniden A\u00e7\u0131lmas\u0131\" \/>\n<meta name=\"robots\" content=\"index, follow, max-snippet:-1, max-image-preview:large, max-video-preview:-1\" \/>\n<link rel=\"canonical\" href=\"https:\/\/shiawaves.com\/turkish\/2024\/12\/12\/silahli-gruplarin-hz-zeyneb-s-anin-hareminden-cekilmesi-ve-haremin-yeniden-acilmasi\/\" \/>\n<meta property=\"og:locale\" content=\"tr_TR\" \/>\n<meta property=\"og:type\" content=\"article\" \/>\n<meta property=\"og:title\" content=\"Silahl\u0131 Gruplar\u0131n Hz. Zeyneb (s.a)\u2019n\u0131n Hareminden \u00e7ekilmesi ve Haremin Yeniden A\u00e7\u0131lmas\u0131 - ShiaWaves Turkish - \u015eia Haberleri\" \/>\n<meta property=\"og:description\" content=\"Silahl\u0131 Gruplar\u0131n Hz. Zeyneb (s.a)\u2019n\u0131n Hareminden \u00e7ekilmesi ve Haremin Yeniden A\u00e7\u0131lmas\u0131\" \/>\n<meta property=\"og:url\" content=\"https:\/\/shiawaves.com\/turkish\/2024\/12\/12\/silahli-gruplarin-hz-zeyneb-s-anin-hareminden-cekilmesi-ve-haremin-yeniden-acilmasi\/\" \/>\n<meta property=\"og:site_name\" content=\"ShiaWaves Turkish - \u015eia Haberleri\" \/>\n<meta property=\"article:published_time\" content=\"2024-12-12T07:57:49+00:00\" \/>\n<meta property=\"article:modified_time\" content=\"2024-12-12T07:57:50+00:00\" \/>\n<meta property=\"og:image\" content=\"https:\/\/shiawaves.com\/turkish\/wp-content\/uploads\/sites\/6\/2024\/12\/image-82.png\" \/>\n\t<meta property=\"og:image:width\" content=\"241\" \/>\n\t<meta property=\"og:image:height\" content=\"284\" \/>\n\t<meta property=\"og:image:type\" content=\"image\/png\" \/>\n<meta name=\"author\" content=\"modir\" \/>\n<meta name=\"twitter:card\" content=\"summary_large_image\" \/>\n<meta name=\"twitter:label1\" content=\"Yazan:\" \/>\n\t<meta name=\"twitter:data1\" content=\"modir\" \/>\n\t<meta name=\"twitter:label2\" content=\"Tahmini okuma s\u00fcresi\" \/>\n\t<meta name=\"twitter:data2\" content=\"2 dakika\" \/>\n<script type=\"application\/ld+json\" class=\"yoast-schema-graph\">{\"@context\":\"https:\/\/schema.org\",\"@graph\":[{\"@type\":\"WebPage\",\"@id\":\"https:\/\/shiawaves.com\/turkish\/2024\/12\/12\/silahli-gruplarin-hz-zeyneb-s-anin-hareminden-cekilmesi-ve-haremin-yeniden-acilmasi\/\",\"url\":\"https:\/\/shiawaves.com\/turkish\/2024\/12\/12\/silahli-gruplarin-hz-zeyneb-s-anin-hareminden-cekilmesi-ve-haremin-yeniden-acilmasi\/\",\"name\":\"Silahl\u0131 Gruplar\u0131n Hz. Zeyneb (s.a)\u2019n\u0131n Hareminden \u00e7ekilmesi ve Haremin Yeniden A\u00e7\u0131lmas\u0131 - ShiaWaves Turkish - \u015eia Haberleri\",\"isPartOf\":{\"@id\":\"https:\/\/shiawaves.com\/turkish\/#website\"},\"primaryImageOfPage\":{\"@id\":\"https:\/\/shiawaves.com\/turkish\/2024\/12\/12\/silahli-gruplarin-hz-zeyneb-s-anin-hareminden-cekilmesi-ve-haremin-yeniden-acilmasi\/#primaryimage\"},\"image\":{\"@id\":\"https:\/\/shiawaves.com\/turkish\/2024\/12\/12\/silahli-gruplarin-hz-zeyneb-s-anin-hareminden-cekilmesi-ve-haremin-yeniden-acilmasi\/#primaryimage\"},\"thumbnailUrl\":\"https:\/\/shiawaves.com\/turkish\/wp-content\/uploads\/sites\/6\/2024\/12\/image-82.png\",\"datePublished\":\"2024-12-12T07:57:49+00:00\",\"dateModified\":\"2024-12-12T07:57:50+00:00\",\"author\":{\"@id\":\"https:\/\/shiawaves.com\/turkish\/#\/schema\/person\/9f68d5023e948086b9348fba5aebd954\"},\"description\":\"Silahl\u0131 Gruplar\u0131n Hz. Zeyneb (s.a)\u2019n\u0131n Hareminden \u00e7ekilmesi ve Haremin Yeniden A\u00e7\u0131lmas\u0131\",\"breadcrumb\":{\"@id\":\"https:\/\/shiawaves.com\/turkish\/2024\/12\/12\/silahli-gruplarin-hz-zeyneb-s-anin-hareminden-cekilmesi-ve-haremin-yeniden-acilmasi\/#breadcrumb\"},\"inLanguage\":\"tr\",\"potentialAction\":[{\"@type\":\"ReadAction\",\"target\":[\"https:\/\/shiawaves.com\/turkish\/2024\/12\/12\/silahli-gruplarin-hz-zeyneb-s-anin-hareminden-cekilmesi-ve-haremin-yeniden-acilmasi\/\"]}]},{\"@type\":\"ImageObject\",\"inLanguage\":\"tr\",\"@id\":\"https:\/\/shiawaves.com\/turkish\/2024\/12\/12\/silahli-gruplarin-hz-zeyneb-s-anin-hareminden-cekilmesi-ve-haremin-yeniden-acilmasi\/#primaryimage\",\"url\":\"https:\/\/shiawaves.com\/turkish\/wp-content\/uploads\/sites\/6\/2024\/12\/image-82.png\",\"contentUrl\":\"https:\/\/shiawaves.com\/turkish\/wp-content\/uploads\/sites\/6\/2024\/12\/image-82.png\",\"width\":241,\"height\":284,\"caption\":\"Silahl\u0131 Gruplar\u0131n Hz. Zeyneb (s.a)\u2019n\u0131n Hareminden \u00e7ekilmesi ve Haremin Yeniden A\u00e7\u0131lmas\u0131\"},{\"@type\":\"BreadcrumbList\",\"@id\":\"https:\/\/shiawaves.com\/turkish\/2024\/12\/12\/silahli-gruplarin-hz-zeyneb-s-anin-hareminden-cekilmesi-ve-haremin-yeniden-acilmasi\/#breadcrumb\",\"itemListElement\":[{\"@type\":\"ListItem\",\"position\":1,\"name\":\"Home\",\"item\":\"https:\/\/shiawaves.com\/turkish\/\"},{\"@type\":\"ListItem\",\"position\":2,\"name\":\"Silahl\u0131 Gruplar\u0131n Hz. Zeyneb (s.a)\u2019n\u0131n Hareminden \u00e7ekilmesi ve Haremin Yeniden A\u00e7\u0131lmas\u0131\"}]},{\"@type\":\"WebSite\",\"@id\":\"https:\/\/shiawaves.com\/turkish\/#website\",\"url\":\"https:\/\/shiawaves.com\/turkish\/\",\"name\":\"ShiaWaves Turkish - \u015eia Haberleri\",\"description\":\"\",\"potentialAction\":[{\"@type\":\"SearchAction\",\"target\":{\"@type\":\"EntryPoint\",\"urlTemplate\":\"https:\/\/shiawaves.com\/turkish\/?s={search_term_string}\"},\"query-input\":{\"@type\":\"PropertyValueSpecification\",\"valueRequired\":true,\"valueName\":\"search_term_string\"}}],\"inLanguage\":\"tr\"},{\"@type\":\"Person\",\"@id\":\"https:\/\/shiawaves.com\/turkish\/#\/schema\/person\/9f68d5023e948086b9348fba5aebd954\",\"name\":\"modir\",\"image\":{\"@type\":\"ImageObject\",\"inLanguage\":\"tr\",\"@id\":\"https:\/\/shiawaves.com\/turkish\/#\/schema\/person\/image\/\",\"url\":\"https:\/\/secure.gravatar.com\/avatar\/8e76f93cdbdd480bd8918d1e0e1d938664c9cb1516c2a57a2b96fe50b507a6b9?s=96&d=mm&r=g\",\"contentUrl\":\"https:\/\/secure.gravatar.com\/avatar\/8e76f93cdbdd480bd8918d1e0e1d938664c9cb1516c2a57a2b96fe50b507a6b9?s=96&d=mm&r=g\",\"caption\":\"modir\"},\"sameAs\":[\"https:\/\/shiawaves.com\"],\"url\":\"https:\/\/shiawaves.com\/turkish\/author\/modir\/\"}]}<\/script>\n<!-- \/ Yoast SEO plugin. -->","yoast_head_json":{"title":"Silahl\u0131 Gruplar\u0131n Hz. Zeyneb (s.a)\u2019n\u0131n Hareminden \u00e7ekilmesi ve Haremin Yeniden A\u00e7\u0131lmas\u0131 - ShiaWaves Turkish - \u015eia Haberleri","description":"Silahl\u0131 Gruplar\u0131n Hz. Zeyneb (s.a)\u2019n\u0131n Hareminden \u00e7ekilmesi ve Haremin Yeniden A\u00e7\u0131lmas\u0131","robots":{"index":"index","follow":"follow","max-snippet":"max-snippet:-1","max-image-preview":"max-image-preview:large","max-video-preview":"max-video-preview:-1"},"canonical":"https:\/\/shiawaves.com\/turkish\/2024\/12\/12\/silahli-gruplarin-hz-zeyneb-s-anin-hareminden-cekilmesi-ve-haremin-yeniden-acilmasi\/","og_locale":"tr_TR","og_type":"article","og_title":"Silahl\u0131 Gruplar\u0131n Hz. Zeyneb (s.a)\u2019n\u0131n Hareminden \u00e7ekilmesi ve Haremin Yeniden A\u00e7\u0131lmas\u0131 - ShiaWaves Turkish - \u015eia Haberleri","og_description":"Silahl\u0131 Gruplar\u0131n Hz. Zeyneb (s.a)\u2019n\u0131n Hareminden \u00e7ekilmesi ve Haremin Yeniden A\u00e7\u0131lmas\u0131","og_url":"https:\/\/shiawaves.com\/turkish\/2024\/12\/12\/silahli-gruplarin-hz-zeyneb-s-anin-hareminden-cekilmesi-ve-haremin-yeniden-acilmasi\/","og_site_name":"ShiaWaves Turkish - \u015eia Haberleri","article_published_time":"2024-12-12T07:57:49+00:00","article_modified_time":"2024-12-12T07:57:50+00:00","og_image":[{"width":241,"height":284,"url":"https:\/\/shiawaves.com\/turkish\/wp-content\/uploads\/sites\/6\/2024\/12\/image-82.png","type":"image\/png"}],"author":"modir","twitter_card":"summary_large_image","twitter_misc":{"Yazan:":"modir","Tahmini okuma s\u00fcresi":"2 dakika"},"schema":{"@context":"https:\/\/schema.org","@graph":[{"@type":"WebPage","@id":"https:\/\/shiawaves.com\/turkish\/2024\/12\/12\/silahli-gruplarin-hz-zeyneb-s-anin-hareminden-cekilmesi-ve-haremin-yeniden-acilmasi\/","url":"https:\/\/shiawaves.com\/turkish\/2024\/12\/12\/silahli-gruplarin-hz-zeyneb-s-anin-hareminden-cekilmesi-ve-haremin-yeniden-acilmasi\/","name":"Silahl\u0131 Gruplar\u0131n Hz. Zeyneb (s.a)\u2019n\u0131n Hareminden \u00e7ekilmesi ve Haremin Yeniden A\u00e7\u0131lmas\u0131 - ShiaWaves Turkish - \u015eia Haberleri","isPartOf":{"@id":"https:\/\/shiawaves.com\/turkish\/#website"},"primaryImageOfPage":{"@id":"https:\/\/shiawaves.com\/turkish\/2024\/12\/12\/silahli-gruplarin-hz-zeyneb-s-anin-hareminden-cekilmesi-ve-haremin-yeniden-acilmasi\/#primaryimage"},"image":{"@id":"https:\/\/shiawaves.com\/turkish\/2024\/12\/12\/silahli-gruplarin-hz-zeyneb-s-anin-hareminden-cekilmesi-ve-haremin-yeniden-acilmasi\/#primaryimage"},"thumbnailUrl":"https:\/\/shiawaves.com\/turkish\/wp-content\/uploads\/sites\/6\/2024\/12\/image-82.png","datePublished":"2024-12-12T07:57:49+00:00","dateModified":"2024-12-12T07:57:50+00:00","author":{"@id":"https:\/\/shiawaves.com\/turkish\/#\/schema\/person\/9f68d5023e948086b9348fba5aebd954"},"description":"Silahl\u0131 Gruplar\u0131n Hz. Zeyneb (s.a)\u2019n\u0131n Hareminden \u00e7ekilmesi ve Haremin Yeniden A\u00e7\u0131lmas\u0131","breadcrumb":{"@id":"https:\/\/shiawaves.com\/turkish\/2024\/12\/12\/silahli-gruplarin-hz-zeyneb-s-anin-hareminden-cekilmesi-ve-haremin-yeniden-acilmasi\/#breadcrumb"},"inLanguage":"tr","potentialAction":[{"@type":"ReadAction","target":["https:\/\/shiawaves.com\/turkish\/2024\/12\/12\/silahli-gruplarin-hz-zeyneb-s-anin-hareminden-cekilmesi-ve-haremin-yeniden-acilmasi\/"]}]},{"@type":"ImageObject","inLanguage":"tr","@id":"https:\/\/shiawaves.com\/turkish\/2024\/12\/12\/silahli-gruplarin-hz-zeyneb-s-anin-hareminden-cekilmesi-ve-haremin-yeniden-acilmasi\/#primaryimage","url":"https:\/\/shiawaves.com\/turkish\/wp-content\/uploads\/sites\/6\/2024\/12\/image-82.png","contentUrl":"https:\/\/shiawaves.com\/turkish\/wp-content\/uploads\/sites\/6\/2024\/12\/image-82.png","width":241,"height":284,"caption":"Silahl\u0131 Gruplar\u0131n Hz. Zeyneb (s.a)\u2019n\u0131n Hareminden \u00e7ekilmesi ve Haremin Yeniden A\u00e7\u0131lmas\u0131"},{"@type":"BreadcrumbList","@id":"https:\/\/shiawaves.com\/turkish\/2024\/12\/12\/silahli-gruplarin-hz-zeyneb-s-anin-hareminden-cekilmesi-ve-haremin-yeniden-acilmasi\/#breadcrumb","itemListElement":[{"@type":"ListItem","position":1,"name":"Home","item":"https:\/\/shiawaves.com\/turkish\/"},{"@type":"ListItem","position":2,"name":"Silahl\u0131 Gruplar\u0131n Hz. Zeyneb (s.a)\u2019n\u0131n Hareminden \u00e7ekilmesi ve Haremin Yeniden A\u00e7\u0131lmas\u0131"}]},{"@type":"WebSite","@id":"https:\/\/shiawaves.com\/turkish\/#website","url":"https:\/\/shiawaves.com\/turkish\/","name":"ShiaWaves Turkish - \u015eia Haberleri","description":"","potentialAction":[{"@type":"SearchAction","target":{"@type":"EntryPoint","urlTemplate":"https:\/\/shiawaves.com\/turkish\/?s={search_term_string}"},"query-input":{"@type":"PropertyValueSpecification","valueRequired":true,"valueName":"search_term_string"}}],"inLanguage":"tr"},{"@type":"Person","@id":"https:\/\/shiawaves.com\/turkish\/#\/schema\/person\/9f68d5023e948086b9348fba5aebd954","name":"modir","image":{"@type":"ImageObject","inLanguage":"tr","@id":"https:\/\/shiawaves.com\/turkish\/#\/schema\/person\/image\/","url":"https:\/\/secure.gravatar.com\/avatar\/8e76f93cdbdd480bd8918d1e0e1d938664c9cb1516c2a57a2b96fe50b507a6b9?s=96&d=mm&r=g","contentUrl":"https:\/\/secure.gravatar.com\/avatar\/8e76f93cdbdd480bd8918d1e0e1d938664c9cb1516c2a57a2b96fe50b507a6b9?s=96&d=mm&r=g","caption":"modir"},"sameAs":["https:\/\/shiawaves.com"],"url":"https:\/\/shiawaves.com\/turkish\/author\/modir\/"}]}},"_links":{"self":[{"href":"https:\/\/shiawaves.com\/turkish\/wp-json\/wp\/v2\/posts\/109529","targetHints":{"allow":["GET"]}}],"collection":[{"href":"https:\/\/shiawaves.com\/turkish\/wp-json\/wp\/v2\/posts"}],"about":[{"href":"https:\/\/shiawaves.com\/turkish\/wp-json\/wp\/v2\/types\/post"}],"author":[{"embeddable":true,"href":"https:\/\/shiawaves.com\/turkish\/wp-json\/wp\/v2\/users\/1"}],"replies":[{"embeddable":true,"href":"https:\/\/shiawaves.com\/turkish\/wp-json\/wp\/v2\/comments?post=109529"}],"version-history":[{"count":1,"href":"https:\/\/shiawaves.com\/turkish\/wp-json\/wp\/v2\/posts\/109529\/revisions"}],"predecessor-version":[{"id":109532,"href":"https:\/\/shiawaves.com\/turkish\/wp-json\/wp\/v2\/posts\/109529\/revisions\/109532"}],"wp:featuredmedia":[{"embeddable":true,"href":"https:\/\/shiawaves.com\/turkish\/wp-json\/wp\/v2\/media\/109531"}],"wp:attachment":[{"href":"https:\/\/shiawaves.com\/turkish\/wp-json\/wp\/v2\/media?parent=109529"}],"wp:term":[{"taxonomy":"category","embeddable":true,"href":"https:\/\/shiawaves.com\/turkish\/wp-json\/wp\/v2\/categories?post=109529"},{"taxonomy":"post_tag","embeddable":true,"href":"https:\/\/shiawaves.com\/turkish\/wp-json\/wp\/v2\/tags?post=109529"}],"curies":[{"name":"wp","href":"https:\/\/api.w.org\/{rel}","templated":true}]}}