{"id":109474,"date":"2024-12-05T18:00:00","date_gmt":"2024-12-05T15:00:00","guid":{"rendered":"https:\/\/shiawaves.com\/turkish\/?p=109474"},"modified":"2024-12-05T16:46:53","modified_gmt":"2024-12-05T13:46:53","slug":"afgan-gazeteciler-merkezi-taliban-kabilde-arzoo-tvyi-engelledi","status":"publish","type":"post","link":"https:\/\/shiawaves.com\/turkish\/2024\/12\/05\/afgan-gazeteciler-merkezi-taliban-kabilde-arzoo-tvyi-engelledi\/","title":{"rendered":"Afgan Gazeteciler Merkezi: Taliban, Kabil&#8217;de Arzoo TV&#8217;yi Engelledi"},"content":{"rendered":"\n<p>Afgan Gazeteciler Merkezi, Taliban grubunun Arzoo TV&#8217;nin Kabil&#8217;deki ofisini kapatt\u0131\u011f\u0131n\u0131 ve yedi \u00e7al\u0131\u015fan\u0131n\u0131 tutuklad\u0131\u011f\u0131n\u0131 s\u00f6yledi.<\/p>\n\n\n\n<p>Afgan Gazeteciler Merkezi, s\u00fcrg\u00fcndeki Afgan medyas\u0131yla i\u015fbirli\u011fi nedeniyle bu televizyonun kapat\u0131ld\u0131\u011f\u0131n\u0131 s\u00f6yledi.<\/p>\n\n\n\n<figure class=\"wp-block-image size-full is-resized\"><img loading=\"lazy\" decoding=\"async\" width=\"768\" height=\"432\" src=\"https:\/\/shiawaves.com\/turkish\/wp-content\/uploads\/sites\/6\/2024\/12\/image-62.png\" alt=\"\" class=\"wp-image-109475\" style=\"width:840px;height:auto\" srcset=\"https:\/\/shiawaves.com\/turkish\/wp-content\/uploads\/sites\/6\/2024\/12\/image-62.png 768w, https:\/\/shiawaves.com\/turkish\/wp-content\/uploads\/sites\/6\/2024\/12\/image-62-300x169.png 300w, https:\/\/shiawaves.com\/turkish\/wp-content\/uploads\/sites\/6\/2024\/12\/image-62-390x220.png 390w\" sizes=\"auto, (max-width: 768px) 100vw, 768px\" \/><\/figure>\n\n\n\n<p>Ge\u00e7ti\u011fimiz \u00fc\u00e7 y\u0131l boyunca Taliban grubu, Afgan medyas\u0131na ve gazetecilerine kar\u015f\u0131 kapsaml\u0131 k\u0131s\u0131tlamalar ve a\u011f\u0131r yapt\u0131r\u0131mlar uygulad\u0131.<\/p>\n\n\n\n<p>UNAMA son raporunda y\u0131l i\u00e7inde gazetecilere y\u00f6nelik 336 insan haklar\u0131 ihlali vakas\u0131n\u0131 belgeledi\u011fini s\u00f6yledi.<\/p>\n","protected":false},"excerpt":{"rendered":"<p>Afgan Gazeteciler Merkezi, Taliban grubunun Arzoo TV&#8217;nin Kabil&#8217;deki ofisini kapatt\u0131\u011f\u0131n\u0131 ve yedi \u00e7al\u0131\u015fan\u0131n\u0131 tutuklad\u0131\u011f\u0131n\u0131 s\u00f6yledi. Afgan Gazeteciler Merkezi, s\u00fcrg\u00fcndeki Afgan medyas\u0131yla i\u015fbirli\u011fi nedeniyle bu televizyonun kapat\u0131ld\u0131\u011f\u0131n\u0131 s\u00f6yledi. Ge\u00e7ti\u011fimiz \u00fc\u00e7 y\u0131l boyunca Taliban grubu, Afgan medyas\u0131na ve gazetecilerine kar\u015f\u0131 kapsaml\u0131 k\u0131s\u0131tlamalar ve a\u011f\u0131r yapt\u0131r\u0131mlar uygulad\u0131. UNAMA son raporunda y\u0131l i\u00e7inde gazetecilere y\u00f6nelik 336 insan haklar\u0131 ihlali &hellip;<\/p>\n","protected":false},"author":1,"featured_media":109475,"comment_status":"open","ping_status":"open","sticky":false,"template":"","format":"standard","meta":{"rop_custom_images_group":[],"rop_custom_messages_group":[],"rop_publish_now":"initial","rop_publish_now_accounts":[],"rop_publish_now_history":[],"rop_publish_now_status":"pending","footnotes":""},"categories":[8],"tags":[1550,1551],"class_list":["post-109474","post","type-post","status-publish","format-standard","has-post-thumbnail","hentry","category-afghanistan","tag-afgan-gazeteciler-merkezi-taliban","tag-kabilde-arzoo-tvyi-engelledi"],"_wp_page_template":null,"_wp_attached_file":null,"_wp_attachment_metadata":null,"_edit_lock":"1733406415:1","yoast_head":"<!-- This site is optimized with the Yoast SEO plugin v24.3 - https:\/\/yoast.com\/wordpress\/plugins\/seo\/ -->\n<title>Afgan Gazeteciler Merkezi: Taliban, Kabil&#039;de Arzoo TV&#039;yi Engelledi - ShiaWaves Turkish - \u015eia Haberleri<\/title>\n<meta name=\"description\" content=\"Afgan Gazeteciler Merkezi: Taliban, Kabil&#039;de Arzoo TV&#039;yi Engelledi\" \/>\n<meta name=\"robots\" content=\"index, follow, max-snippet:-1, max-image-preview:large, max-video-preview:-1\" \/>\n<link rel=\"canonical\" href=\"https:\/\/shiawaves.com\/turkish\/2024\/12\/05\/afgan-gazeteciler-merkezi-taliban-kabilde-arzoo-tvyi-engelledi\/\" \/>\n<meta property=\"og:locale\" content=\"tr_TR\" \/>\n<meta property=\"og:type\" content=\"article\" \/>\n<meta property=\"og:title\" content=\"Afgan Gazeteciler Merkezi: Taliban, Kabil&#039;de Arzoo TV&#039;yi Engelledi - ShiaWaves Turkish - \u015eia Haberleri\" \/>\n<meta property=\"og:description\" content=\"Afgan Gazeteciler Merkezi: Taliban, Kabil&#039;de Arzoo TV&#039;yi Engelledi\" \/>\n<meta property=\"og:url\" content=\"https:\/\/shiawaves.com\/turkish\/2024\/12\/05\/afgan-gazeteciler-merkezi-taliban-kabilde-arzoo-tvyi-engelledi\/\" \/>\n<meta property=\"og:site_name\" content=\"ShiaWaves Turkish - \u015eia Haberleri\" \/>\n<meta property=\"article:published_time\" content=\"2024-12-05T15:00:00+00:00\" \/>\n<meta property=\"article:modified_time\" content=\"2024-12-05T13:46:53+00:00\" \/>\n<meta property=\"og:image\" content=\"https:\/\/shiawaves.com\/turkish\/wp-content\/uploads\/sites\/6\/2024\/12\/image-62.png\" \/>\n\t<meta property=\"og:image:width\" content=\"768\" \/>\n\t<meta property=\"og:image:height\" content=\"432\" \/>\n\t<meta property=\"og:image:type\" content=\"image\/png\" \/>\n<meta name=\"author\" content=\"modir\" \/>\n<meta name=\"twitter:card\" content=\"summary_large_image\" \/>\n<meta name=\"twitter:label1\" content=\"Yazan:\" \/>\n\t<meta name=\"twitter:data1\" content=\"modir\" \/>\n\t<meta name=\"twitter:label2\" content=\"Tahmini okuma s\u00fcresi\" \/>\n\t<meta name=\"twitter:data2\" content=\"1 dakika\" \/>\n<script type=\"application\/ld+json\" class=\"yoast-schema-graph\">{\"@context\":\"https:\/\/schema.org\",\"@graph\":[{\"@type\":\"WebPage\",\"@id\":\"https:\/\/shiawaves.com\/turkish\/2024\/12\/05\/afgan-gazeteciler-merkezi-taliban-kabilde-arzoo-tvyi-engelledi\/\",\"url\":\"https:\/\/shiawaves.com\/turkish\/2024\/12\/05\/afgan-gazeteciler-merkezi-taliban-kabilde-arzoo-tvyi-engelledi\/\",\"name\":\"Afgan Gazeteciler Merkezi: Taliban, Kabil'de Arzoo TV'yi Engelledi - ShiaWaves Turkish - \u015eia Haberleri\",\"isPartOf\":{\"@id\":\"https:\/\/shiawaves.com\/turkish\/#website\"},\"primaryImageOfPage\":{\"@id\":\"https:\/\/shiawaves.com\/turkish\/2024\/12\/05\/afgan-gazeteciler-merkezi-taliban-kabilde-arzoo-tvyi-engelledi\/#primaryimage\"},\"image\":{\"@id\":\"https:\/\/shiawaves.com\/turkish\/2024\/12\/05\/afgan-gazeteciler-merkezi-taliban-kabilde-arzoo-tvyi-engelledi\/#primaryimage\"},\"thumbnailUrl\":\"https:\/\/shiawaves.com\/turkish\/wp-content\/uploads\/sites\/6\/2024\/12\/image-62.png\",\"datePublished\":\"2024-12-05T15:00:00+00:00\",\"dateModified\":\"2024-12-05T13:46:53+00:00\",\"author\":{\"@id\":\"https:\/\/shiawaves.com\/turkish\/#\/schema\/person\/9f68d5023e948086b9348fba5aebd954\"},\"description\":\"Afgan Gazeteciler Merkezi: Taliban, Kabil'de Arzoo TV'yi Engelledi\",\"breadcrumb\":{\"@id\":\"https:\/\/shiawaves.com\/turkish\/2024\/12\/05\/afgan-gazeteciler-merkezi-taliban-kabilde-arzoo-tvyi-engelledi\/#breadcrumb\"},\"inLanguage\":\"tr\",\"potentialAction\":[{\"@type\":\"ReadAction\",\"target\":[\"https:\/\/shiawaves.com\/turkish\/2024\/12\/05\/afgan-gazeteciler-merkezi-taliban-kabilde-arzoo-tvyi-engelledi\/\"]}]},{\"@type\":\"ImageObject\",\"inLanguage\":\"tr\",\"@id\":\"https:\/\/shiawaves.com\/turkish\/2024\/12\/05\/afgan-gazeteciler-merkezi-taliban-kabilde-arzoo-tvyi-engelledi\/#primaryimage\",\"url\":\"https:\/\/shiawaves.com\/turkish\/wp-content\/uploads\/sites\/6\/2024\/12\/image-62.png\",\"contentUrl\":\"https:\/\/shiawaves.com\/turkish\/wp-content\/uploads\/sites\/6\/2024\/12\/image-62.png\",\"width\":768,\"height\":432,\"caption\":\"Afgan Gazeteciler Merkezi: Taliban, Kabil'de Arzoo TV'yi Engelledi\"},{\"@type\":\"BreadcrumbList\",\"@id\":\"https:\/\/shiawaves.com\/turkish\/2024\/12\/05\/afgan-gazeteciler-merkezi-taliban-kabilde-arzoo-tvyi-engelledi\/#breadcrumb\",\"itemListElement\":[{\"@type\":\"ListItem\",\"position\":1,\"name\":\"Home\",\"item\":\"https:\/\/shiawaves.com\/turkish\/\"},{\"@type\":\"ListItem\",\"position\":2,\"name\":\"Afgan Gazeteciler Merkezi: Taliban, Kabil&#8217;de Arzoo TV&#8217;yi Engelledi\"}]},{\"@type\":\"WebSite\",\"@id\":\"https:\/\/shiawaves.com\/turkish\/#website\",\"url\":\"https:\/\/shiawaves.com\/turkish\/\",\"name\":\"ShiaWaves Turkish - \u015eia Haberleri\",\"description\":\"\",\"potentialAction\":[{\"@type\":\"SearchAction\",\"target\":{\"@type\":\"EntryPoint\",\"urlTemplate\":\"https:\/\/shiawaves.com\/turkish\/?s={search_term_string}\"},\"query-input\":{\"@type\":\"PropertyValueSpecification\",\"valueRequired\":true,\"valueName\":\"search_term_string\"}}],\"inLanguage\":\"tr\"},{\"@type\":\"Person\",\"@id\":\"https:\/\/shiawaves.com\/turkish\/#\/schema\/person\/9f68d5023e948086b9348fba5aebd954\",\"name\":\"modir\",\"image\":{\"@type\":\"ImageObject\",\"inLanguage\":\"tr\",\"@id\":\"https:\/\/shiawaves.com\/turkish\/#\/schema\/person\/image\/\",\"url\":\"https:\/\/secure.gravatar.com\/avatar\/8e76f93cdbdd480bd8918d1e0e1d938664c9cb1516c2a57a2b96fe50b507a6b9?s=96&d=mm&r=g\",\"contentUrl\":\"https:\/\/secure.gravatar.com\/avatar\/8e76f93cdbdd480bd8918d1e0e1d938664c9cb1516c2a57a2b96fe50b507a6b9?s=96&d=mm&r=g\",\"caption\":\"modir\"},\"sameAs\":[\"https:\/\/shiawaves.com\"],\"url\":\"https:\/\/shiawaves.com\/turkish\/author\/modir\/\"}]}<\/script>\n<!-- \/ Yoast SEO plugin. -->","yoast_head_json":{"title":"Afgan Gazeteciler Merkezi: Taliban, Kabil'de Arzoo TV'yi Engelledi - ShiaWaves Turkish - \u015eia Haberleri","description":"Afgan Gazeteciler Merkezi: Taliban, Kabil'de Arzoo TV'yi Engelledi","robots":{"index":"index","follow":"follow","max-snippet":"max-snippet:-1","max-image-preview":"max-image-preview:large","max-video-preview":"max-video-preview:-1"},"canonical":"https:\/\/shiawaves.com\/turkish\/2024\/12\/05\/afgan-gazeteciler-merkezi-taliban-kabilde-arzoo-tvyi-engelledi\/","og_locale":"tr_TR","og_type":"article","og_title":"Afgan Gazeteciler Merkezi: Taliban, Kabil'de Arzoo TV'yi Engelledi - ShiaWaves Turkish - \u015eia Haberleri","og_description":"Afgan Gazeteciler Merkezi: Taliban, Kabil'de Arzoo TV'yi Engelledi","og_url":"https:\/\/shiawaves.com\/turkish\/2024\/12\/05\/afgan-gazeteciler-merkezi-taliban-kabilde-arzoo-tvyi-engelledi\/","og_site_name":"ShiaWaves Turkish - \u015eia Haberleri","article_published_time":"2024-12-05T15:00:00+00:00","article_modified_time":"2024-12-05T13:46:53+00:00","og_image":[{"width":768,"height":432,"url":"https:\/\/shiawaves.com\/turkish\/wp-content\/uploads\/sites\/6\/2024\/12\/image-62.png","type":"image\/png"}],"author":"modir","twitter_card":"summary_large_image","twitter_misc":{"Yazan:":"modir","Tahmini okuma s\u00fcresi":"1 dakika"},"schema":{"@context":"https:\/\/schema.org","@graph":[{"@type":"WebPage","@id":"https:\/\/shiawaves.com\/turkish\/2024\/12\/05\/afgan-gazeteciler-merkezi-taliban-kabilde-arzoo-tvyi-engelledi\/","url":"https:\/\/shiawaves.com\/turkish\/2024\/12\/05\/afgan-gazeteciler-merkezi-taliban-kabilde-arzoo-tvyi-engelledi\/","name":"Afgan Gazeteciler Merkezi: Taliban, Kabil'de Arzoo TV'yi Engelledi - ShiaWaves Turkish - \u015eia Haberleri","isPartOf":{"@id":"https:\/\/shiawaves.com\/turkish\/#website"},"primaryImageOfPage":{"@id":"https:\/\/shiawaves.com\/turkish\/2024\/12\/05\/afgan-gazeteciler-merkezi-taliban-kabilde-arzoo-tvyi-engelledi\/#primaryimage"},"image":{"@id":"https:\/\/shiawaves.com\/turkish\/2024\/12\/05\/afgan-gazeteciler-merkezi-taliban-kabilde-arzoo-tvyi-engelledi\/#primaryimage"},"thumbnailUrl":"https:\/\/shiawaves.com\/turkish\/wp-content\/uploads\/sites\/6\/2024\/12\/image-62.png","datePublished":"2024-12-05T15:00:00+00:00","dateModified":"2024-12-05T13:46:53+00:00","author":{"@id":"https:\/\/shiawaves.com\/turkish\/#\/schema\/person\/9f68d5023e948086b9348fba5aebd954"},"description":"Afgan Gazeteciler Merkezi: Taliban, Kabil'de Arzoo TV'yi Engelledi","breadcrumb":{"@id":"https:\/\/shiawaves.com\/turkish\/2024\/12\/05\/afgan-gazeteciler-merkezi-taliban-kabilde-arzoo-tvyi-engelledi\/#breadcrumb"},"inLanguage":"tr","potentialAction":[{"@type":"ReadAction","target":["https:\/\/shiawaves.com\/turkish\/2024\/12\/05\/afgan-gazeteciler-merkezi-taliban-kabilde-arzoo-tvyi-engelledi\/"]}]},{"@type":"ImageObject","inLanguage":"tr","@id":"https:\/\/shiawaves.com\/turkish\/2024\/12\/05\/afgan-gazeteciler-merkezi-taliban-kabilde-arzoo-tvyi-engelledi\/#primaryimage","url":"https:\/\/shiawaves.com\/turkish\/wp-content\/uploads\/sites\/6\/2024\/12\/image-62.png","contentUrl":"https:\/\/shiawaves.com\/turkish\/wp-content\/uploads\/sites\/6\/2024\/12\/image-62.png","width":768,"height":432,"caption":"Afgan Gazeteciler Merkezi: Taliban, Kabil'de Arzoo TV'yi Engelledi"},{"@type":"BreadcrumbList","@id":"https:\/\/shiawaves.com\/turkish\/2024\/12\/05\/afgan-gazeteciler-merkezi-taliban-kabilde-arzoo-tvyi-engelledi\/#breadcrumb","itemListElement":[{"@type":"ListItem","position":1,"name":"Home","item":"https:\/\/shiawaves.com\/turkish\/"},{"@type":"ListItem","position":2,"name":"Afgan Gazeteciler Merkezi: Taliban, Kabil&#8217;de Arzoo TV&#8217;yi Engelledi"}]},{"@type":"WebSite","@id":"https:\/\/shiawaves.com\/turkish\/#website","url":"https:\/\/shiawaves.com\/turkish\/","name":"ShiaWaves Turkish - \u015eia Haberleri","description":"","potentialAction":[{"@type":"SearchAction","target":{"@type":"EntryPoint","urlTemplate":"https:\/\/shiawaves.com\/turkish\/?s={search_term_string}"},"query-input":{"@type":"PropertyValueSpecification","valueRequired":true,"valueName":"search_term_string"}}],"inLanguage":"tr"},{"@type":"Person","@id":"https:\/\/shiawaves.com\/turkish\/#\/schema\/person\/9f68d5023e948086b9348fba5aebd954","name":"modir","image":{"@type":"ImageObject","inLanguage":"tr","@id":"https:\/\/shiawaves.com\/turkish\/#\/schema\/person\/image\/","url":"https:\/\/secure.gravatar.com\/avatar\/8e76f93cdbdd480bd8918d1e0e1d938664c9cb1516c2a57a2b96fe50b507a6b9?s=96&d=mm&r=g","contentUrl":"https:\/\/secure.gravatar.com\/avatar\/8e76f93cdbdd480bd8918d1e0e1d938664c9cb1516c2a57a2b96fe50b507a6b9?s=96&d=mm&r=g","caption":"modir"},"sameAs":["https:\/\/shiawaves.com"],"url":"https:\/\/shiawaves.com\/turkish\/author\/modir\/"}]}},"_links":{"self":[{"href":"https:\/\/shiawaves.com\/turkish\/wp-json\/wp\/v2\/posts\/109474","targetHints":{"allow":["GET"]}}],"collection":[{"href":"https:\/\/shiawaves.com\/turkish\/wp-json\/wp\/v2\/posts"}],"about":[{"href":"https:\/\/shiawaves.com\/turkish\/wp-json\/wp\/v2\/types\/post"}],"author":[{"embeddable":true,"href":"https:\/\/shiawaves.com\/turkish\/wp-json\/wp\/v2\/users\/1"}],"replies":[{"embeddable":true,"href":"https:\/\/shiawaves.com\/turkish\/wp-json\/wp\/v2\/comments?post=109474"}],"version-history":[{"count":1,"href":"https:\/\/shiawaves.com\/turkish\/wp-json\/wp\/v2\/posts\/109474\/revisions"}],"predecessor-version":[{"id":109476,"href":"https:\/\/shiawaves.com\/turkish\/wp-json\/wp\/v2\/posts\/109474\/revisions\/109476"}],"wp:featuredmedia":[{"embeddable":true,"href":"https:\/\/shiawaves.com\/turkish\/wp-json\/wp\/v2\/media\/109475"}],"wp:attachment":[{"href":"https:\/\/shiawaves.com\/turkish\/wp-json\/wp\/v2\/media?parent=109474"}],"wp:term":[{"taxonomy":"category","embeddable":true,"href":"https:\/\/shiawaves.com\/turkish\/wp-json\/wp\/v2\/categories?post=109474"},{"taxonomy":"post_tag","embeddable":true,"href":"https:\/\/shiawaves.com\/turkish\/wp-json\/wp\/v2\/tags?post=109474"}],"curies":[{"name":"wp","href":"https:\/\/api.w.org\/{rel}","templated":true}]}}