{"id":109248,"date":"2024-11-28T20:05:00","date_gmt":"2024-11-28T17:05:00","guid":{"rendered":"https:\/\/shiawaves.com\/turkish\/?p=109248"},"modified":"2024-11-28T18:47:05","modified_gmt":"2024-11-28T15:47:05","slug":"imran-han-destekcilerinin-protestolarinin-bastirilmasinin-ardindan-islamabadda-nisbeten-sakinlik-havasi","status":"publish","type":"post","link":"https:\/\/shiawaves.com\/turkish\/2024\/11\/28\/imran-han-destekcilerinin-protestolarinin-bastirilmasinin-ardindan-islamabadda-nisbeten-sakinlik-havasi\/","title":{"rendered":"\u0130mran Han Destek\u00e7ilerinin Protestolar\u0131n\u0131n Bast\u0131r\u0131lmas\u0131n\u0131n Ard\u0131ndan \u0130slamabad&#8217;da Nisbeten Sakinlik Havas\u0131"},"content":{"rendered":"\n<p>\u0130slamabad, eski Pakistan Ba\u015fbakan\u0131 \u0130mran Han&#8217;\u0131n destek\u00e7ilerinin iki g\u00fcn s\u00fcren ve g\u00fcvenlik g\u00fc\u00e7leriyle \u015fiddetli \u00e7at\u0131\u015fmalara yol a\u00e7an protestolar\u0131n\u0131n ard\u0131ndan \u00c7ar\u015famba g\u00fcn\u00fc normale d\u00f6nd\u00fc.<\/p>\n\n\n\n<p>Ordu g\u00fc\u00e7leri, protestocular\u0131 da\u011f\u0131t\u0131p yakla\u015f\u0131k bin ki\u015fiyi g\u00f6zalt\u0131na alarak g\u00f6steriyi sonland\u0131rd\u0131.<\/p>\n\n\n\n<figure class=\"wp-block-image size-large\"><img loading=\"lazy\" decoding=\"async\" width=\"1024\" height=\"538\" src=\"https:\/\/shiawaves.com\/turkish\/wp-content\/uploads\/sites\/6\/2024\/11\/image-271-1024x538.png\" alt=\"\" class=\"wp-image-109249\" srcset=\"https:\/\/shiawaves.com\/turkish\/wp-content\/uploads\/sites\/6\/2024\/11\/image-271-1024x538.png 1024w, https:\/\/shiawaves.com\/turkish\/wp-content\/uploads\/sites\/6\/2024\/11\/image-271-300x158.png 300w, https:\/\/shiawaves.com\/turkish\/wp-content\/uploads\/sites\/6\/2024\/11\/image-271-768x403.png 768w, https:\/\/shiawaves.com\/turkish\/wp-content\/uploads\/sites\/6\/2024\/11\/image-271.png 1200w\" sizes=\"auto, (max-width: 1024px) 100vw, 1024px\" \/><\/figure>\n\n\n\n<p>\u0130mran Han&#8217;\u0131n hapishaneden serbest b\u0131rak\u0131lmas\u0131 amac\u0131yla d\u00fczenlenen protestolara \u00e7ok say\u0131da protestocu ve g\u00fcvenlik g\u00fcc\u00fcn\u00fcn \u00f6l\u00fcm\u00fc ve yaralanmas\u0131 da e\u015flik etti.<\/p>\n\n\n\n<p>Pakistan h\u00fck\u00fcmeti, ba\u015fkente giden yollar\u0131 kapat\u0131rken, gerilimin t\u0131rmanmas\u0131n\u0131 \u00f6nlemek i\u00e7in g\u00fcvenlik \u00f6nlemlerini art\u0131rd\u0131\u011f\u0131n\u0131 duyurdu.<\/p>\n","protected":false},"excerpt":{"rendered":"<p>\u0130slamabad, eski Pakistan Ba\u015fbakan\u0131 \u0130mran Han&#8217;\u0131n destek\u00e7ilerinin iki g\u00fcn s\u00fcren ve g\u00fcvenlik g\u00fc\u00e7leriyle \u015fiddetli \u00e7at\u0131\u015fmalara yol a\u00e7an protestolar\u0131n\u0131n ard\u0131ndan \u00c7ar\u015famba g\u00fcn\u00fc normale d\u00f6nd\u00fc. Ordu g\u00fc\u00e7leri, protestocular\u0131 da\u011f\u0131t\u0131p yakla\u015f\u0131k bin ki\u015fiyi g\u00f6zalt\u0131na alarak g\u00f6steriyi sonland\u0131rd\u0131. \u0130mran Han&#8217;\u0131n hapishaneden serbest b\u0131rak\u0131lmas\u0131 amac\u0131yla d\u00fczenlenen protestolara \u00e7ok say\u0131da protestocu ve g\u00fcvenlik g\u00fcc\u00fcn\u00fcn \u00f6l\u00fcm\u00fc ve yaralanmas\u0131 da e\u015flik etti. Pakistan &hellip;<\/p>\n","protected":false},"author":1,"featured_media":109249,"comment_status":"open","ping_status":"open","sticky":false,"template":"","format":"standard","meta":{"rop_custom_images_group":[],"rop_custom_messages_group":[],"rop_publish_now":"initial","rop_publish_now_accounts":[],"rop_publish_now_history":[],"rop_publish_now_status":"pending","footnotes":""},"categories":[11],"tags":[1482],"class_list":["post-109248","post","type-post","status-publish","format-standard","has-post-thumbnail","hentry","category-pakistan","tag-imran-han-destekcilerinin-protestolarinin-bastirilmasinin-ardindan-islamabadda-nisbeten-sakinlik-havasi"],"_wp_page_template":null,"_wp_attached_file":null,"_wp_attachment_metadata":null,"_edit_lock":"1732808826:1","yoast_head":"<!-- This site is optimized with the Yoast SEO plugin v24.3 - https:\/\/yoast.com\/wordpress\/plugins\/seo\/ -->\n<title>\u0130mran Han Destek\u00e7ilerinin Protestolar\u0131n\u0131n Bast\u0131r\u0131lmas\u0131n\u0131n Ard\u0131ndan \u0130slamabad&#039;da Nisbeten Sakinlik Havas\u0131 - ShiaWaves Turkish - \u015eia Haberleri<\/title>\n<meta name=\"description\" content=\"\u0130mran Han Destek\u00e7ilerinin Protestolar\u0131n\u0131n Bast\u0131r\u0131lmas\u0131n\u0131n Ard\u0131ndan \u0130slamabad&#039;da Nisbeten Sakinlik Havas\u0131\" \/>\n<meta name=\"robots\" content=\"index, follow, max-snippet:-1, max-image-preview:large, max-video-preview:-1\" \/>\n<link rel=\"canonical\" href=\"https:\/\/shiawaves.com\/turkish\/2024\/11\/28\/imran-han-destekcilerinin-protestolarinin-bastirilmasinin-ardindan-islamabadda-nisbeten-sakinlik-havasi\/\" \/>\n<meta property=\"og:locale\" content=\"tr_TR\" \/>\n<meta property=\"og:type\" content=\"article\" \/>\n<meta property=\"og:title\" content=\"\u0130mran Han Destek\u00e7ilerinin Protestolar\u0131n\u0131n Bast\u0131r\u0131lmas\u0131n\u0131n Ard\u0131ndan \u0130slamabad&#039;da Nisbeten Sakinlik Havas\u0131 - ShiaWaves Turkish - \u015eia Haberleri\" \/>\n<meta property=\"og:description\" content=\"\u0130mran Han Destek\u00e7ilerinin Protestolar\u0131n\u0131n Bast\u0131r\u0131lmas\u0131n\u0131n Ard\u0131ndan \u0130slamabad&#039;da Nisbeten Sakinlik Havas\u0131\" \/>\n<meta property=\"og:url\" content=\"https:\/\/shiawaves.com\/turkish\/2024\/11\/28\/imran-han-destekcilerinin-protestolarinin-bastirilmasinin-ardindan-islamabadda-nisbeten-sakinlik-havasi\/\" \/>\n<meta property=\"og:site_name\" content=\"ShiaWaves Turkish - \u015eia Haberleri\" \/>\n<meta property=\"article:published_time\" content=\"2024-11-28T17:05:00+00:00\" \/>\n<meta property=\"article:modified_time\" content=\"2024-11-28T15:47:05+00:00\" \/>\n<meta property=\"og:image\" content=\"https:\/\/shiawaves.com\/turkish\/wp-content\/uploads\/sites\/6\/2024\/11\/image-271.png\" \/>\n\t<meta property=\"og:image:width\" content=\"1200\" \/>\n\t<meta property=\"og:image:height\" content=\"630\" \/>\n\t<meta property=\"og:image:type\" content=\"image\/png\" \/>\n<meta name=\"author\" content=\"modir\" \/>\n<meta name=\"twitter:card\" content=\"summary_large_image\" \/>\n<meta name=\"twitter:label1\" content=\"Yazan:\" \/>\n\t<meta name=\"twitter:data1\" content=\"modir\" \/>\n\t<meta name=\"twitter:label2\" content=\"Tahmini okuma s\u00fcresi\" \/>\n\t<meta name=\"twitter:data2\" content=\"1 dakika\" \/>\n<script type=\"application\/ld+json\" class=\"yoast-schema-graph\">{\"@context\":\"https:\/\/schema.org\",\"@graph\":[{\"@type\":\"WebPage\",\"@id\":\"https:\/\/shiawaves.com\/turkish\/2024\/11\/28\/imran-han-destekcilerinin-protestolarinin-bastirilmasinin-ardindan-islamabadda-nisbeten-sakinlik-havasi\/\",\"url\":\"https:\/\/shiawaves.com\/turkish\/2024\/11\/28\/imran-han-destekcilerinin-protestolarinin-bastirilmasinin-ardindan-islamabadda-nisbeten-sakinlik-havasi\/\",\"name\":\"\u0130mran Han Destek\u00e7ilerinin Protestolar\u0131n\u0131n Bast\u0131r\u0131lmas\u0131n\u0131n Ard\u0131ndan \u0130slamabad'da Nisbeten Sakinlik Havas\u0131 - ShiaWaves Turkish - \u015eia Haberleri\",\"isPartOf\":{\"@id\":\"https:\/\/shiawaves.com\/turkish\/#website\"},\"primaryImageOfPage\":{\"@id\":\"https:\/\/shiawaves.com\/turkish\/2024\/11\/28\/imran-han-destekcilerinin-protestolarinin-bastirilmasinin-ardindan-islamabadda-nisbeten-sakinlik-havasi\/#primaryimage\"},\"image\":{\"@id\":\"https:\/\/shiawaves.com\/turkish\/2024\/11\/28\/imran-han-destekcilerinin-protestolarinin-bastirilmasinin-ardindan-islamabadda-nisbeten-sakinlik-havasi\/#primaryimage\"},\"thumbnailUrl\":\"https:\/\/shiawaves.com\/turkish\/wp-content\/uploads\/sites\/6\/2024\/11\/image-271.png\",\"datePublished\":\"2024-11-28T17:05:00+00:00\",\"dateModified\":\"2024-11-28T15:47:05+00:00\",\"author\":{\"@id\":\"https:\/\/shiawaves.com\/turkish\/#\/schema\/person\/9f68d5023e948086b9348fba5aebd954\"},\"description\":\"\u0130mran Han Destek\u00e7ilerinin Protestolar\u0131n\u0131n Bast\u0131r\u0131lmas\u0131n\u0131n Ard\u0131ndan \u0130slamabad'da Nisbeten Sakinlik Havas\u0131\",\"breadcrumb\":{\"@id\":\"https:\/\/shiawaves.com\/turkish\/2024\/11\/28\/imran-han-destekcilerinin-protestolarinin-bastirilmasinin-ardindan-islamabadda-nisbeten-sakinlik-havasi\/#breadcrumb\"},\"inLanguage\":\"tr\",\"potentialAction\":[{\"@type\":\"ReadAction\",\"target\":[\"https:\/\/shiawaves.com\/turkish\/2024\/11\/28\/imran-han-destekcilerinin-protestolarinin-bastirilmasinin-ardindan-islamabadda-nisbeten-sakinlik-havasi\/\"]}]},{\"@type\":\"ImageObject\",\"inLanguage\":\"tr\",\"@id\":\"https:\/\/shiawaves.com\/turkish\/2024\/11\/28\/imran-han-destekcilerinin-protestolarinin-bastirilmasinin-ardindan-islamabadda-nisbeten-sakinlik-havasi\/#primaryimage\",\"url\":\"https:\/\/shiawaves.com\/turkish\/wp-content\/uploads\/sites\/6\/2024\/11\/image-271.png\",\"contentUrl\":\"https:\/\/shiawaves.com\/turkish\/wp-content\/uploads\/sites\/6\/2024\/11\/image-271.png\",\"width\":1200,\"height\":630,\"caption\":\"\u0130mran Han Destek\u00e7ilerinin Protestolar\u0131n\u0131n Bast\u0131r\u0131lmas\u0131n\u0131n Ard\u0131ndan \u0130slamabad'da Nisbeten Sakinlik Havas\u0131\"},{\"@type\":\"BreadcrumbList\",\"@id\":\"https:\/\/shiawaves.com\/turkish\/2024\/11\/28\/imran-han-destekcilerinin-protestolarinin-bastirilmasinin-ardindan-islamabadda-nisbeten-sakinlik-havasi\/#breadcrumb\",\"itemListElement\":[{\"@type\":\"ListItem\",\"position\":1,\"name\":\"Home\",\"item\":\"https:\/\/shiawaves.com\/turkish\/\"},{\"@type\":\"ListItem\",\"position\":2,\"name\":\"\u0130mran Han Destek\u00e7ilerinin Protestolar\u0131n\u0131n Bast\u0131r\u0131lmas\u0131n\u0131n Ard\u0131ndan \u0130slamabad&#8217;da Nisbeten Sakinlik Havas\u0131\"}]},{\"@type\":\"WebSite\",\"@id\":\"https:\/\/shiawaves.com\/turkish\/#website\",\"url\":\"https:\/\/shiawaves.com\/turkish\/\",\"name\":\"ShiaWaves Turkish - \u015eia Haberleri\",\"description\":\"\",\"potentialAction\":[{\"@type\":\"SearchAction\",\"target\":{\"@type\":\"EntryPoint\",\"urlTemplate\":\"https:\/\/shiawaves.com\/turkish\/?s={search_term_string}\"},\"query-input\":{\"@type\":\"PropertyValueSpecification\",\"valueRequired\":true,\"valueName\":\"search_term_string\"}}],\"inLanguage\":\"tr\"},{\"@type\":\"Person\",\"@id\":\"https:\/\/shiawaves.com\/turkish\/#\/schema\/person\/9f68d5023e948086b9348fba5aebd954\",\"name\":\"modir\",\"image\":{\"@type\":\"ImageObject\",\"inLanguage\":\"tr\",\"@id\":\"https:\/\/shiawaves.com\/turkish\/#\/schema\/person\/image\/\",\"url\":\"https:\/\/secure.gravatar.com\/avatar\/8e76f93cdbdd480bd8918d1e0e1d938664c9cb1516c2a57a2b96fe50b507a6b9?s=96&d=mm&r=g\",\"contentUrl\":\"https:\/\/secure.gravatar.com\/avatar\/8e76f93cdbdd480bd8918d1e0e1d938664c9cb1516c2a57a2b96fe50b507a6b9?s=96&d=mm&r=g\",\"caption\":\"modir\"},\"sameAs\":[\"https:\/\/shiawaves.com\"],\"url\":\"https:\/\/shiawaves.com\/turkish\/author\/modir\/\"}]}<\/script>\n<!-- \/ Yoast SEO plugin. -->","yoast_head_json":{"title":"\u0130mran Han Destek\u00e7ilerinin Protestolar\u0131n\u0131n Bast\u0131r\u0131lmas\u0131n\u0131n Ard\u0131ndan \u0130slamabad'da Nisbeten Sakinlik Havas\u0131 - ShiaWaves Turkish - \u015eia Haberleri","description":"\u0130mran Han Destek\u00e7ilerinin Protestolar\u0131n\u0131n Bast\u0131r\u0131lmas\u0131n\u0131n Ard\u0131ndan \u0130slamabad'da Nisbeten Sakinlik Havas\u0131","robots":{"index":"index","follow":"follow","max-snippet":"max-snippet:-1","max-image-preview":"max-image-preview:large","max-video-preview":"max-video-preview:-1"},"canonical":"https:\/\/shiawaves.com\/turkish\/2024\/11\/28\/imran-han-destekcilerinin-protestolarinin-bastirilmasinin-ardindan-islamabadda-nisbeten-sakinlik-havasi\/","og_locale":"tr_TR","og_type":"article","og_title":"\u0130mran Han Destek\u00e7ilerinin Protestolar\u0131n\u0131n Bast\u0131r\u0131lmas\u0131n\u0131n Ard\u0131ndan \u0130slamabad'da Nisbeten Sakinlik Havas\u0131 - ShiaWaves Turkish - \u015eia Haberleri","og_description":"\u0130mran Han Destek\u00e7ilerinin Protestolar\u0131n\u0131n Bast\u0131r\u0131lmas\u0131n\u0131n Ard\u0131ndan \u0130slamabad'da Nisbeten Sakinlik Havas\u0131","og_url":"https:\/\/shiawaves.com\/turkish\/2024\/11\/28\/imran-han-destekcilerinin-protestolarinin-bastirilmasinin-ardindan-islamabadda-nisbeten-sakinlik-havasi\/","og_site_name":"ShiaWaves Turkish - \u015eia Haberleri","article_published_time":"2024-11-28T17:05:00+00:00","article_modified_time":"2024-11-28T15:47:05+00:00","og_image":[{"width":1200,"height":630,"url":"https:\/\/shiawaves.com\/turkish\/wp-content\/uploads\/sites\/6\/2024\/11\/image-271.png","type":"image\/png"}],"author":"modir","twitter_card":"summary_large_image","twitter_misc":{"Yazan:":"modir","Tahmini okuma s\u00fcresi":"1 dakika"},"schema":{"@context":"https:\/\/schema.org","@graph":[{"@type":"WebPage","@id":"https:\/\/shiawaves.com\/turkish\/2024\/11\/28\/imran-han-destekcilerinin-protestolarinin-bastirilmasinin-ardindan-islamabadda-nisbeten-sakinlik-havasi\/","url":"https:\/\/shiawaves.com\/turkish\/2024\/11\/28\/imran-han-destekcilerinin-protestolarinin-bastirilmasinin-ardindan-islamabadda-nisbeten-sakinlik-havasi\/","name":"\u0130mran Han Destek\u00e7ilerinin Protestolar\u0131n\u0131n Bast\u0131r\u0131lmas\u0131n\u0131n Ard\u0131ndan \u0130slamabad'da Nisbeten Sakinlik Havas\u0131 - ShiaWaves Turkish - \u015eia Haberleri","isPartOf":{"@id":"https:\/\/shiawaves.com\/turkish\/#website"},"primaryImageOfPage":{"@id":"https:\/\/shiawaves.com\/turkish\/2024\/11\/28\/imran-han-destekcilerinin-protestolarinin-bastirilmasinin-ardindan-islamabadda-nisbeten-sakinlik-havasi\/#primaryimage"},"image":{"@id":"https:\/\/shiawaves.com\/turkish\/2024\/11\/28\/imran-han-destekcilerinin-protestolarinin-bastirilmasinin-ardindan-islamabadda-nisbeten-sakinlik-havasi\/#primaryimage"},"thumbnailUrl":"https:\/\/shiawaves.com\/turkish\/wp-content\/uploads\/sites\/6\/2024\/11\/image-271.png","datePublished":"2024-11-28T17:05:00+00:00","dateModified":"2024-11-28T15:47:05+00:00","author":{"@id":"https:\/\/shiawaves.com\/turkish\/#\/schema\/person\/9f68d5023e948086b9348fba5aebd954"},"description":"\u0130mran Han Destek\u00e7ilerinin Protestolar\u0131n\u0131n Bast\u0131r\u0131lmas\u0131n\u0131n Ard\u0131ndan \u0130slamabad'da Nisbeten Sakinlik Havas\u0131","breadcrumb":{"@id":"https:\/\/shiawaves.com\/turkish\/2024\/11\/28\/imran-han-destekcilerinin-protestolarinin-bastirilmasinin-ardindan-islamabadda-nisbeten-sakinlik-havasi\/#breadcrumb"},"inLanguage":"tr","potentialAction":[{"@type":"ReadAction","target":["https:\/\/shiawaves.com\/turkish\/2024\/11\/28\/imran-han-destekcilerinin-protestolarinin-bastirilmasinin-ardindan-islamabadda-nisbeten-sakinlik-havasi\/"]}]},{"@type":"ImageObject","inLanguage":"tr","@id":"https:\/\/shiawaves.com\/turkish\/2024\/11\/28\/imran-han-destekcilerinin-protestolarinin-bastirilmasinin-ardindan-islamabadda-nisbeten-sakinlik-havasi\/#primaryimage","url":"https:\/\/shiawaves.com\/turkish\/wp-content\/uploads\/sites\/6\/2024\/11\/image-271.png","contentUrl":"https:\/\/shiawaves.com\/turkish\/wp-content\/uploads\/sites\/6\/2024\/11\/image-271.png","width":1200,"height":630,"caption":"\u0130mran Han Destek\u00e7ilerinin Protestolar\u0131n\u0131n Bast\u0131r\u0131lmas\u0131n\u0131n Ard\u0131ndan \u0130slamabad'da Nisbeten Sakinlik Havas\u0131"},{"@type":"BreadcrumbList","@id":"https:\/\/shiawaves.com\/turkish\/2024\/11\/28\/imran-han-destekcilerinin-protestolarinin-bastirilmasinin-ardindan-islamabadda-nisbeten-sakinlik-havasi\/#breadcrumb","itemListElement":[{"@type":"ListItem","position":1,"name":"Home","item":"https:\/\/shiawaves.com\/turkish\/"},{"@type":"ListItem","position":2,"name":"\u0130mran Han Destek\u00e7ilerinin Protestolar\u0131n\u0131n Bast\u0131r\u0131lmas\u0131n\u0131n Ard\u0131ndan \u0130slamabad&#8217;da Nisbeten Sakinlik Havas\u0131"}]},{"@type":"WebSite","@id":"https:\/\/shiawaves.com\/turkish\/#website","url":"https:\/\/shiawaves.com\/turkish\/","name":"ShiaWaves Turkish - \u015eia Haberleri","description":"","potentialAction":[{"@type":"SearchAction","target":{"@type":"EntryPoint","urlTemplate":"https:\/\/shiawaves.com\/turkish\/?s={search_term_string}"},"query-input":{"@type":"PropertyValueSpecification","valueRequired":true,"valueName":"search_term_string"}}],"inLanguage":"tr"},{"@type":"Person","@id":"https:\/\/shiawaves.com\/turkish\/#\/schema\/person\/9f68d5023e948086b9348fba5aebd954","name":"modir","image":{"@type":"ImageObject","inLanguage":"tr","@id":"https:\/\/shiawaves.com\/turkish\/#\/schema\/person\/image\/","url":"https:\/\/secure.gravatar.com\/avatar\/8e76f93cdbdd480bd8918d1e0e1d938664c9cb1516c2a57a2b96fe50b507a6b9?s=96&d=mm&r=g","contentUrl":"https:\/\/secure.gravatar.com\/avatar\/8e76f93cdbdd480bd8918d1e0e1d938664c9cb1516c2a57a2b96fe50b507a6b9?s=96&d=mm&r=g","caption":"modir"},"sameAs":["https:\/\/shiawaves.com"],"url":"https:\/\/shiawaves.com\/turkish\/author\/modir\/"}]}},"_links":{"self":[{"href":"https:\/\/shiawaves.com\/turkish\/wp-json\/wp\/v2\/posts\/109248","targetHints":{"allow":["GET"]}}],"collection":[{"href":"https:\/\/shiawaves.com\/turkish\/wp-json\/wp\/v2\/posts"}],"about":[{"href":"https:\/\/shiawaves.com\/turkish\/wp-json\/wp\/v2\/types\/post"}],"author":[{"embeddable":true,"href":"https:\/\/shiawaves.com\/turkish\/wp-json\/wp\/v2\/users\/1"}],"replies":[{"embeddable":true,"href":"https:\/\/shiawaves.com\/turkish\/wp-json\/wp\/v2\/comments?post=109248"}],"version-history":[{"count":1,"href":"https:\/\/shiawaves.com\/turkish\/wp-json\/wp\/v2\/posts\/109248\/revisions"}],"predecessor-version":[{"id":109250,"href":"https:\/\/shiawaves.com\/turkish\/wp-json\/wp\/v2\/posts\/109248\/revisions\/109250"}],"wp:featuredmedia":[{"embeddable":true,"href":"https:\/\/shiawaves.com\/turkish\/wp-json\/wp\/v2\/media\/109249"}],"wp:attachment":[{"href":"https:\/\/shiawaves.com\/turkish\/wp-json\/wp\/v2\/media?parent=109248"}],"wp:term":[{"taxonomy":"category","embeddable":true,"href":"https:\/\/shiawaves.com\/turkish\/wp-json\/wp\/v2\/categories?post=109248"},{"taxonomy":"post_tag","embeddable":true,"href":"https:\/\/shiawaves.com\/turkish\/wp-json\/wp\/v2\/tags?post=109248"}],"curies":[{"name":"wp","href":"https:\/\/api.w.org\/{rel}","templated":true}]}}