{"id":108813,"date":"2024-11-16T11:30:00","date_gmt":"2024-11-16T08:30:00","guid":{"rendered":"https:\/\/shiawaves.com\/turkish\/?p=108813"},"modified":"2024-11-16T10:55:06","modified_gmt":"2024-11-16T07:55:06","slug":"hazreti-fatima-zehra-s-anin-sehadeti-munasebetiyle-ayetullah-uzma-sirazinin-evinde-matem-merasimi","status":"publish","type":"post","link":"https:\/\/shiawaves.com\/turkish\/2024\/11\/16\/hazreti-fatima-zehra-s-anin-sehadeti-munasebetiyle-ayetullah-uzma-sirazinin-evinde-matem-merasimi\/","title":{"rendered":"Hazreti Fat\u0131ma Zehra (s.a)&#8217;n\u0131n \u015eehadeti M\u00fcnasebetiyle Ayetullah Uzma \u015eirazi&#8217;nin Evinde Matem Merasimi"},"content":{"rendered":"\n<p>Hazreti Fat\u0131ma Zehra (s.a)&#8217;n\u0131n \u015fehadetinin y\u0131ld\u00f6n\u00fcm\u00fc m\u00fcnasebetiyle Ayetullah Seyyid Sad\u0131k H\u00fcseyni \u015eirazi&#8217;nin Kum&#8217;daki evinde matem t\u00f6reni d\u00fczenlendi.<\/p>\n\n\n\n<figure class=\"wp-block-image size-full\"><img loading=\"lazy\" decoding=\"async\" width=\"1000\" height=\"569\" src=\"https:\/\/shiawaves.com\/turkish\/wp-content\/uploads\/sites\/6\/2024\/11\/image-119.png\" alt=\"\" class=\"wp-image-108814\" srcset=\"https:\/\/shiawaves.com\/turkish\/wp-content\/uploads\/sites\/6\/2024\/11\/image-119.png 1000w, https:\/\/shiawaves.com\/turkish\/wp-content\/uploads\/sites\/6\/2024\/11\/image-119-300x171.png 300w, https:\/\/shiawaves.com\/turkish\/wp-content\/uploads\/sites\/6\/2024\/11\/image-119-768x437.png 768w\" sizes=\"auto, (max-width: 1000px) 100vw, 1000px\" \/><\/figure>\n\n\n\n<p>15 Kas\u0131m Cuma g\u00fcn\u00fc yap\u0131lan bu t\u00f6rende bir grup \u015eii ve Kum ilim havzas\u0131ndan din adamlar\u0131 haz\u0131r bulundu.<\/p>\n\n\n\n<p>Hac\u0131 Islam Fatahi, Jawanmard ve Baghi konu\u015fmalar\u0131nda Hz. Fat\u0131ma Zehra (s.a)&#8217;n\u0131n musibetlerini anlatarak, \u0130mam Zaman (a.f)&#8217;in annesinin mateminde yas tuttular.<\/p>\n\n\n\n<p>Bu merasim Eyyam-\u0131 Fatimiye g\u00fcnlerinde azametli bir \u015fekilde ger\u00e7ekle\u015ftirildi.<\/p>\n","protected":false},"excerpt":{"rendered":"<p>Hazreti Fat\u0131ma Zehra (s.a)&#8217;n\u0131n \u015fehadetinin y\u0131ld\u00f6n\u00fcm\u00fc m\u00fcnasebetiyle Ayetullah Seyyid Sad\u0131k H\u00fcseyni \u015eirazi&#8217;nin Kum&#8217;daki evinde matem t\u00f6reni d\u00fczenlendi. 15 Kas\u0131m Cuma g\u00fcn\u00fc yap\u0131lan bu t\u00f6rende bir grup \u015eii ve Kum ilim havzas\u0131ndan din adamlar\u0131 haz\u0131r bulundu. Hac\u0131 Islam Fatahi, Jawanmard ve Baghi konu\u015fmalar\u0131nda Hz. Fat\u0131ma Zehra (s.a)&#8217;n\u0131n musibetlerini anlatarak, \u0130mam Zaman (a.f)&#8217;in annesinin mateminde yas tuttular. &hellip;<\/p>\n","protected":false},"author":1,"featured_media":108814,"comment_status":"open","ping_status":"open","sticky":false,"template":"","format":"standard","meta":{"rop_custom_images_group":[],"rop_custom_messages_group":[],"rop_publish_now":"initial","rop_publish_now_accounts":[],"rop_publish_now_history":[],"rop_publish_now_status":"pending","footnotes":""},"categories":[6,26],"tags":[1339],"class_list":["post-108813","post","type-post","status-publish","format-standard","has-post-thumbnail","hentry","category-islam","category-marjaeyat","tag-hazreti-fatima-zehra-s-anin-sehadeti-munasebetiyle-ayetullah-uzma-sirazinin-evinde-matem-merasimi"],"_wp_page_template":null,"_wp_attached_file":null,"_wp_attachment_metadata":null,"_edit_lock":"1731743707:1","yoast_head":"<!-- This site is optimized with the Yoast SEO plugin v24.3 - https:\/\/yoast.com\/wordpress\/plugins\/seo\/ -->\n<title>Hazreti Fat\u0131ma Zehra (s.a)&#039;n\u0131n \u015eehadeti M\u00fcnasebetiyle Ayetullah Uzma \u015eirazi&#039;nin Evinde Matem Merasimi - ShiaWaves Turkish - \u015eia Haberleri<\/title>\n<meta name=\"description\" content=\"Hazreti Fat\u0131ma Zehra (s.a)&#039;n\u0131n \u015eehadeti M\u00fcnasebetiyle Ayetullah Uzma \u015eirazi&#039;nin Evinde Matem Merasimi\" \/>\n<meta name=\"robots\" content=\"index, follow, max-snippet:-1, max-image-preview:large, max-video-preview:-1\" \/>\n<link rel=\"canonical\" href=\"https:\/\/shiawaves.com\/turkish\/2024\/11\/16\/hazreti-fatima-zehra-s-anin-sehadeti-munasebetiyle-ayetullah-uzma-sirazinin-evinde-matem-merasimi\/\" \/>\n<meta property=\"og:locale\" content=\"tr_TR\" \/>\n<meta property=\"og:type\" content=\"article\" \/>\n<meta property=\"og:title\" content=\"Hazreti Fat\u0131ma Zehra (s.a)&#039;n\u0131n \u015eehadeti M\u00fcnasebetiyle Ayetullah Uzma \u015eirazi&#039;nin Evinde Matem Merasimi - ShiaWaves Turkish - \u015eia Haberleri\" \/>\n<meta property=\"og:description\" content=\"Hazreti Fat\u0131ma Zehra (s.a)&#039;n\u0131n \u015eehadeti M\u00fcnasebetiyle Ayetullah Uzma \u015eirazi&#039;nin Evinde Matem Merasimi\" \/>\n<meta property=\"og:url\" content=\"https:\/\/shiawaves.com\/turkish\/2024\/11\/16\/hazreti-fatima-zehra-s-anin-sehadeti-munasebetiyle-ayetullah-uzma-sirazinin-evinde-matem-merasimi\/\" \/>\n<meta property=\"og:site_name\" content=\"ShiaWaves Turkish - \u015eia Haberleri\" \/>\n<meta property=\"article:published_time\" content=\"2024-11-16T08:30:00+00:00\" \/>\n<meta property=\"article:modified_time\" content=\"2024-11-16T07:55:06+00:00\" \/>\n<meta property=\"og:image\" content=\"https:\/\/shiawaves.com\/turkish\/wp-content\/uploads\/sites\/6\/2024\/11\/image-119.png\" \/>\n\t<meta property=\"og:image:width\" content=\"1000\" \/>\n\t<meta property=\"og:image:height\" content=\"569\" \/>\n\t<meta property=\"og:image:type\" content=\"image\/png\" \/>\n<meta name=\"author\" content=\"modir\" \/>\n<meta name=\"twitter:card\" content=\"summary_large_image\" \/>\n<meta name=\"twitter:label1\" content=\"Yazan:\" \/>\n\t<meta name=\"twitter:data1\" content=\"modir\" \/>\n\t<meta name=\"twitter:label2\" content=\"Tahmini okuma s\u00fcresi\" \/>\n\t<meta name=\"twitter:data2\" content=\"1 dakika\" \/>\n<script type=\"application\/ld+json\" class=\"yoast-schema-graph\">{\"@context\":\"https:\/\/schema.org\",\"@graph\":[{\"@type\":\"WebPage\",\"@id\":\"https:\/\/shiawaves.com\/turkish\/2024\/11\/16\/hazreti-fatima-zehra-s-anin-sehadeti-munasebetiyle-ayetullah-uzma-sirazinin-evinde-matem-merasimi\/\",\"url\":\"https:\/\/shiawaves.com\/turkish\/2024\/11\/16\/hazreti-fatima-zehra-s-anin-sehadeti-munasebetiyle-ayetullah-uzma-sirazinin-evinde-matem-merasimi\/\",\"name\":\"Hazreti Fat\u0131ma Zehra (s.a)'n\u0131n \u015eehadeti M\u00fcnasebetiyle Ayetullah Uzma \u015eirazi'nin Evinde Matem Merasimi - ShiaWaves Turkish - \u015eia Haberleri\",\"isPartOf\":{\"@id\":\"https:\/\/shiawaves.com\/turkish\/#website\"},\"primaryImageOfPage\":{\"@id\":\"https:\/\/shiawaves.com\/turkish\/2024\/11\/16\/hazreti-fatima-zehra-s-anin-sehadeti-munasebetiyle-ayetullah-uzma-sirazinin-evinde-matem-merasimi\/#primaryimage\"},\"image\":{\"@id\":\"https:\/\/shiawaves.com\/turkish\/2024\/11\/16\/hazreti-fatima-zehra-s-anin-sehadeti-munasebetiyle-ayetullah-uzma-sirazinin-evinde-matem-merasimi\/#primaryimage\"},\"thumbnailUrl\":\"https:\/\/shiawaves.com\/turkish\/wp-content\/uploads\/sites\/6\/2024\/11\/image-119.png\",\"datePublished\":\"2024-11-16T08:30:00+00:00\",\"dateModified\":\"2024-11-16T07:55:06+00:00\",\"author\":{\"@id\":\"https:\/\/shiawaves.com\/turkish\/#\/schema\/person\/9f68d5023e948086b9348fba5aebd954\"},\"description\":\"Hazreti Fat\u0131ma Zehra (s.a)'n\u0131n \u015eehadeti M\u00fcnasebetiyle Ayetullah Uzma \u015eirazi'nin Evinde Matem Merasimi\",\"breadcrumb\":{\"@id\":\"https:\/\/shiawaves.com\/turkish\/2024\/11\/16\/hazreti-fatima-zehra-s-anin-sehadeti-munasebetiyle-ayetullah-uzma-sirazinin-evinde-matem-merasimi\/#breadcrumb\"},\"inLanguage\":\"tr\",\"potentialAction\":[{\"@type\":\"ReadAction\",\"target\":[\"https:\/\/shiawaves.com\/turkish\/2024\/11\/16\/hazreti-fatima-zehra-s-anin-sehadeti-munasebetiyle-ayetullah-uzma-sirazinin-evinde-matem-merasimi\/\"]}]},{\"@type\":\"ImageObject\",\"inLanguage\":\"tr\",\"@id\":\"https:\/\/shiawaves.com\/turkish\/2024\/11\/16\/hazreti-fatima-zehra-s-anin-sehadeti-munasebetiyle-ayetullah-uzma-sirazinin-evinde-matem-merasimi\/#primaryimage\",\"url\":\"https:\/\/shiawaves.com\/turkish\/wp-content\/uploads\/sites\/6\/2024\/11\/image-119.png\",\"contentUrl\":\"https:\/\/shiawaves.com\/turkish\/wp-content\/uploads\/sites\/6\/2024\/11\/image-119.png\",\"width\":1000,\"height\":569,\"caption\":\"Hazreti Fat\u0131ma Zehra (s.a)'n\u0131n \u015eehadeti M\u00fcnasebetiyle Ayetullah Uzma \u015eirazi'nin Evinde Matem Merasimi\"},{\"@type\":\"BreadcrumbList\",\"@id\":\"https:\/\/shiawaves.com\/turkish\/2024\/11\/16\/hazreti-fatima-zehra-s-anin-sehadeti-munasebetiyle-ayetullah-uzma-sirazinin-evinde-matem-merasimi\/#breadcrumb\",\"itemListElement\":[{\"@type\":\"ListItem\",\"position\":1,\"name\":\"Home\",\"item\":\"https:\/\/shiawaves.com\/turkish\/\"},{\"@type\":\"ListItem\",\"position\":2,\"name\":\"Hazreti Fat\u0131ma Zehra (s.a)&#8217;n\u0131n \u015eehadeti M\u00fcnasebetiyle Ayetullah Uzma \u015eirazi&#8217;nin Evinde Matem Merasimi\"}]},{\"@type\":\"WebSite\",\"@id\":\"https:\/\/shiawaves.com\/turkish\/#website\",\"url\":\"https:\/\/shiawaves.com\/turkish\/\",\"name\":\"ShiaWaves Turkish - \u015eia Haberleri\",\"description\":\"\",\"potentialAction\":[{\"@type\":\"SearchAction\",\"target\":{\"@type\":\"EntryPoint\",\"urlTemplate\":\"https:\/\/shiawaves.com\/turkish\/?s={search_term_string}\"},\"query-input\":{\"@type\":\"PropertyValueSpecification\",\"valueRequired\":true,\"valueName\":\"search_term_string\"}}],\"inLanguage\":\"tr\"},{\"@type\":\"Person\",\"@id\":\"https:\/\/shiawaves.com\/turkish\/#\/schema\/person\/9f68d5023e948086b9348fba5aebd954\",\"name\":\"modir\",\"image\":{\"@type\":\"ImageObject\",\"inLanguage\":\"tr\",\"@id\":\"https:\/\/shiawaves.com\/turkish\/#\/schema\/person\/image\/\",\"url\":\"https:\/\/secure.gravatar.com\/avatar\/8e76f93cdbdd480bd8918d1e0e1d938664c9cb1516c2a57a2b96fe50b507a6b9?s=96&d=mm&r=g\",\"contentUrl\":\"https:\/\/secure.gravatar.com\/avatar\/8e76f93cdbdd480bd8918d1e0e1d938664c9cb1516c2a57a2b96fe50b507a6b9?s=96&d=mm&r=g\",\"caption\":\"modir\"},\"sameAs\":[\"https:\/\/shiawaves.com\"],\"url\":\"https:\/\/shiawaves.com\/turkish\/author\/modir\/\"}]}<\/script>\n<!-- \/ Yoast SEO plugin. -->","yoast_head_json":{"title":"Hazreti Fat\u0131ma Zehra (s.a)'n\u0131n \u015eehadeti M\u00fcnasebetiyle Ayetullah Uzma \u015eirazi'nin Evinde Matem Merasimi - ShiaWaves Turkish - \u015eia Haberleri","description":"Hazreti Fat\u0131ma Zehra (s.a)'n\u0131n \u015eehadeti M\u00fcnasebetiyle Ayetullah Uzma \u015eirazi'nin Evinde Matem Merasimi","robots":{"index":"index","follow":"follow","max-snippet":"max-snippet:-1","max-image-preview":"max-image-preview:large","max-video-preview":"max-video-preview:-1"},"canonical":"https:\/\/shiawaves.com\/turkish\/2024\/11\/16\/hazreti-fatima-zehra-s-anin-sehadeti-munasebetiyle-ayetullah-uzma-sirazinin-evinde-matem-merasimi\/","og_locale":"tr_TR","og_type":"article","og_title":"Hazreti Fat\u0131ma Zehra (s.a)'n\u0131n \u015eehadeti M\u00fcnasebetiyle Ayetullah Uzma \u015eirazi'nin Evinde Matem Merasimi - ShiaWaves Turkish - \u015eia Haberleri","og_description":"Hazreti Fat\u0131ma Zehra (s.a)'n\u0131n \u015eehadeti M\u00fcnasebetiyle Ayetullah Uzma \u015eirazi'nin Evinde Matem Merasimi","og_url":"https:\/\/shiawaves.com\/turkish\/2024\/11\/16\/hazreti-fatima-zehra-s-anin-sehadeti-munasebetiyle-ayetullah-uzma-sirazinin-evinde-matem-merasimi\/","og_site_name":"ShiaWaves Turkish - \u015eia Haberleri","article_published_time":"2024-11-16T08:30:00+00:00","article_modified_time":"2024-11-16T07:55:06+00:00","og_image":[{"width":1000,"height":569,"url":"https:\/\/shiawaves.com\/turkish\/wp-content\/uploads\/sites\/6\/2024\/11\/image-119.png","type":"image\/png"}],"author":"modir","twitter_card":"summary_large_image","twitter_misc":{"Yazan:":"modir","Tahmini okuma s\u00fcresi":"1 dakika"},"schema":{"@context":"https:\/\/schema.org","@graph":[{"@type":"WebPage","@id":"https:\/\/shiawaves.com\/turkish\/2024\/11\/16\/hazreti-fatima-zehra-s-anin-sehadeti-munasebetiyle-ayetullah-uzma-sirazinin-evinde-matem-merasimi\/","url":"https:\/\/shiawaves.com\/turkish\/2024\/11\/16\/hazreti-fatima-zehra-s-anin-sehadeti-munasebetiyle-ayetullah-uzma-sirazinin-evinde-matem-merasimi\/","name":"Hazreti Fat\u0131ma Zehra (s.a)'n\u0131n \u015eehadeti M\u00fcnasebetiyle Ayetullah Uzma \u015eirazi'nin Evinde Matem Merasimi - ShiaWaves Turkish - \u015eia Haberleri","isPartOf":{"@id":"https:\/\/shiawaves.com\/turkish\/#website"},"primaryImageOfPage":{"@id":"https:\/\/shiawaves.com\/turkish\/2024\/11\/16\/hazreti-fatima-zehra-s-anin-sehadeti-munasebetiyle-ayetullah-uzma-sirazinin-evinde-matem-merasimi\/#primaryimage"},"image":{"@id":"https:\/\/shiawaves.com\/turkish\/2024\/11\/16\/hazreti-fatima-zehra-s-anin-sehadeti-munasebetiyle-ayetullah-uzma-sirazinin-evinde-matem-merasimi\/#primaryimage"},"thumbnailUrl":"https:\/\/shiawaves.com\/turkish\/wp-content\/uploads\/sites\/6\/2024\/11\/image-119.png","datePublished":"2024-11-16T08:30:00+00:00","dateModified":"2024-11-16T07:55:06+00:00","author":{"@id":"https:\/\/shiawaves.com\/turkish\/#\/schema\/person\/9f68d5023e948086b9348fba5aebd954"},"description":"Hazreti Fat\u0131ma Zehra (s.a)'n\u0131n \u015eehadeti M\u00fcnasebetiyle Ayetullah Uzma \u015eirazi'nin Evinde Matem Merasimi","breadcrumb":{"@id":"https:\/\/shiawaves.com\/turkish\/2024\/11\/16\/hazreti-fatima-zehra-s-anin-sehadeti-munasebetiyle-ayetullah-uzma-sirazinin-evinde-matem-merasimi\/#breadcrumb"},"inLanguage":"tr","potentialAction":[{"@type":"ReadAction","target":["https:\/\/shiawaves.com\/turkish\/2024\/11\/16\/hazreti-fatima-zehra-s-anin-sehadeti-munasebetiyle-ayetullah-uzma-sirazinin-evinde-matem-merasimi\/"]}]},{"@type":"ImageObject","inLanguage":"tr","@id":"https:\/\/shiawaves.com\/turkish\/2024\/11\/16\/hazreti-fatima-zehra-s-anin-sehadeti-munasebetiyle-ayetullah-uzma-sirazinin-evinde-matem-merasimi\/#primaryimage","url":"https:\/\/shiawaves.com\/turkish\/wp-content\/uploads\/sites\/6\/2024\/11\/image-119.png","contentUrl":"https:\/\/shiawaves.com\/turkish\/wp-content\/uploads\/sites\/6\/2024\/11\/image-119.png","width":1000,"height":569,"caption":"Hazreti Fat\u0131ma Zehra (s.a)'n\u0131n \u015eehadeti M\u00fcnasebetiyle Ayetullah Uzma \u015eirazi'nin Evinde Matem Merasimi"},{"@type":"BreadcrumbList","@id":"https:\/\/shiawaves.com\/turkish\/2024\/11\/16\/hazreti-fatima-zehra-s-anin-sehadeti-munasebetiyle-ayetullah-uzma-sirazinin-evinde-matem-merasimi\/#breadcrumb","itemListElement":[{"@type":"ListItem","position":1,"name":"Home","item":"https:\/\/shiawaves.com\/turkish\/"},{"@type":"ListItem","position":2,"name":"Hazreti Fat\u0131ma Zehra (s.a)&#8217;n\u0131n \u015eehadeti M\u00fcnasebetiyle Ayetullah Uzma \u015eirazi&#8217;nin Evinde Matem Merasimi"}]},{"@type":"WebSite","@id":"https:\/\/shiawaves.com\/turkish\/#website","url":"https:\/\/shiawaves.com\/turkish\/","name":"ShiaWaves Turkish - \u015eia Haberleri","description":"","potentialAction":[{"@type":"SearchAction","target":{"@type":"EntryPoint","urlTemplate":"https:\/\/shiawaves.com\/turkish\/?s={search_term_string}"},"query-input":{"@type":"PropertyValueSpecification","valueRequired":true,"valueName":"search_term_string"}}],"inLanguage":"tr"},{"@type":"Person","@id":"https:\/\/shiawaves.com\/turkish\/#\/schema\/person\/9f68d5023e948086b9348fba5aebd954","name":"modir","image":{"@type":"ImageObject","inLanguage":"tr","@id":"https:\/\/shiawaves.com\/turkish\/#\/schema\/person\/image\/","url":"https:\/\/secure.gravatar.com\/avatar\/8e76f93cdbdd480bd8918d1e0e1d938664c9cb1516c2a57a2b96fe50b507a6b9?s=96&d=mm&r=g","contentUrl":"https:\/\/secure.gravatar.com\/avatar\/8e76f93cdbdd480bd8918d1e0e1d938664c9cb1516c2a57a2b96fe50b507a6b9?s=96&d=mm&r=g","caption":"modir"},"sameAs":["https:\/\/shiawaves.com"],"url":"https:\/\/shiawaves.com\/turkish\/author\/modir\/"}]}},"_links":{"self":[{"href":"https:\/\/shiawaves.com\/turkish\/wp-json\/wp\/v2\/posts\/108813","targetHints":{"allow":["GET"]}}],"collection":[{"href":"https:\/\/shiawaves.com\/turkish\/wp-json\/wp\/v2\/posts"}],"about":[{"href":"https:\/\/shiawaves.com\/turkish\/wp-json\/wp\/v2\/types\/post"}],"author":[{"embeddable":true,"href":"https:\/\/shiawaves.com\/turkish\/wp-json\/wp\/v2\/users\/1"}],"replies":[{"embeddable":true,"href":"https:\/\/shiawaves.com\/turkish\/wp-json\/wp\/v2\/comments?post=108813"}],"version-history":[{"count":1,"href":"https:\/\/shiawaves.com\/turkish\/wp-json\/wp\/v2\/posts\/108813\/revisions"}],"predecessor-version":[{"id":108815,"href":"https:\/\/shiawaves.com\/turkish\/wp-json\/wp\/v2\/posts\/108813\/revisions\/108815"}],"wp:featuredmedia":[{"embeddable":true,"href":"https:\/\/shiawaves.com\/turkish\/wp-json\/wp\/v2\/media\/108814"}],"wp:attachment":[{"href":"https:\/\/shiawaves.com\/turkish\/wp-json\/wp\/v2\/media?parent=108813"}],"wp:term":[{"taxonomy":"category","embeddable":true,"href":"https:\/\/shiawaves.com\/turkish\/wp-json\/wp\/v2\/categories?post=108813"},{"taxonomy":"post_tag","embeddable":true,"href":"https:\/\/shiawaves.com\/turkish\/wp-json\/wp\/v2\/tags?post=108813"}],"curies":[{"name":"wp","href":"https:\/\/api.w.org\/{rel}","templated":true}]}}