{"id":108598,"date":"2024-11-06T18:30:00","date_gmt":"2024-11-06T15:30:00","guid":{"rendered":"https:\/\/shiawaves.com\/turkish\/?p=108598"},"modified":"2024-11-06T13:00:47","modified_gmt":"2024-11-06T10:00:47","slug":"almanyada-gocmen-kacakcilarina-15-yil-hapis","status":"publish","type":"post","link":"https:\/\/shiawaves.com\/turkish\/2024\/11\/06\/almanyada-gocmen-kacakcilarina-15-yil-hapis\/","title":{"rendered":"Almanya&#8217;da G\u00f6\u00e7men Ka\u00e7ak\u00e7\u0131lar\u0131na 15 Y\u0131l Hapis"},"content":{"rendered":"\n<p>Almanya&#8217;n\u0131n Bayern eyaletindeki bir mahkeme, g\u00f6\u00e7men\u0131 ka\u00e7ak\u00e7\u0131s\u0131na 15 y\u0131l hapis cezas\u0131 verdi.<\/p>\n\n\n\n<p>Traunstein kentindeki Bayern eyalet mahkemesi, san\u0131\u011f\u0131, insanlar\u0131 izinsiz bir ara\u00e7la yasa d\u0131\u015f\u0131 ve \u00f6l\u00fcmc\u00fcl \u015fekilde ta\u015f\u0131maktan, ayr\u0131ca ihmal nedeniyle insanlar\u0131n kasten \u00f6l\u00fcm\u00fcne sebebiyet vermekten su\u00e7lu buldu.<\/p>\n\n\n\n<p>Savc\u0131, bu eylemlerin kasten \u00f6ld\u00fcrme say\u0131lmas\u0131 ve san\u0131\u011f\u0131n m\u00fcebbet hapis cezas\u0131na \u00e7arpt\u0131r\u0131lmas\u0131n\u0131 talep etti ancak mahkeme hakimleri bu talebi kabul etmedi.<\/p>\n\n\n\n<figure class=\"wp-block-image size-full is-resized\"><img loading=\"lazy\" decoding=\"async\" width=\"384\" height=\"347\" src=\"https:\/\/shiawaves.com\/turkish\/wp-content\/uploads\/sites\/6\/2024\/11\/image-44.png\" alt=\"\" class=\"wp-image-108599\" style=\"width:840px;height:auto\" srcset=\"https:\/\/shiawaves.com\/turkish\/wp-content\/uploads\/sites\/6\/2024\/11\/image-44.png 384w, https:\/\/shiawaves.com\/turkish\/wp-content\/uploads\/sites\/6\/2024\/11\/image-44-300x271.png 300w\" sizes=\"auto, (max-width: 384px) 100vw, 384px\" \/><\/figure>\n\n\n\n<p>H\u00fck\u00fcml\u00fc olan ki\u015fi \u015fof\u00f6r ve Suriye vatanda\u015f\u0131d\u0131r. Ge\u00e7en y\u0131l 22 m\u00fclteciyi Avusturya&#8217;dan Almanya&#8217;ya minib\u00fcsle ta\u015f\u0131d\u0131\u011f\u0131n\u0131 itiraf etti.<\/p>\n\n\n\n<p>Bu nakil s\u0131ras\u0131nda polis taraf\u0131ndan aranaca\u011f\u0131n\u0131 anlayarak h\u0131zla ka\u00e7maya \u00e7al\u0131\u015f\u0131p kaza ge\u00e7irdi ve bu kaza sonucunda aralar\u0131nda 6 ya\u015f\u0131nda bir \u00e7ocu\u011fun da bulundu\u011fu 7 s\u0131\u011f\u0131nmac\u0131 hayat\u0131n\u0131 kaybetti<\/p>\n","protected":false},"excerpt":{"rendered":"<p>Almanya&#8217;n\u0131n Bayern eyaletindeki bir mahkeme, g\u00f6\u00e7men\u0131 ka\u00e7ak\u00e7\u0131s\u0131na 15 y\u0131l hapis cezas\u0131 verdi. Traunstein kentindeki Bayern eyalet mahkemesi, san\u0131\u011f\u0131, insanlar\u0131 izinsiz bir ara\u00e7la yasa d\u0131\u015f\u0131 ve \u00f6l\u00fcmc\u00fcl \u015fekilde ta\u015f\u0131maktan, ayr\u0131ca ihmal nedeniyle insanlar\u0131n kasten \u00f6l\u00fcm\u00fcne sebebiyet vermekten su\u00e7lu buldu. Savc\u0131, bu eylemlerin kasten \u00f6ld\u00fcrme say\u0131lmas\u0131 ve san\u0131\u011f\u0131n m\u00fcebbet hapis cezas\u0131na \u00e7arpt\u0131r\u0131lmas\u0131n\u0131 talep etti ancak mahkeme hakimleri &hellip;<\/p>\n","protected":false},"author":1,"featured_media":108599,"comment_status":"open","ping_status":"open","sticky":false,"template":"","format":"standard","meta":{"rop_custom_images_group":[],"rop_custom_messages_group":[],"rop_publish_now":"initial","rop_publish_now_accounts":[],"rop_publish_now_history":[],"rop_publish_now_status":"pending","footnotes":""},"categories":[71],"tags":[1268],"class_list":["post-108598","post","type-post","status-publish","format-standard","has-post-thumbnail","hentry","category-germany","tag-almanyada-gocmen-kacakcilarina-15-yil-hapis"],"_wp_page_template":null,"_wp_attached_file":null,"_wp_attachment_metadata":null,"_edit_lock":"1730887248:1","yoast_head":"<!-- This site is optimized with the Yoast SEO plugin v24.3 - https:\/\/yoast.com\/wordpress\/plugins\/seo\/ -->\n<title>Almanya&#039;da G\u00f6\u00e7men Ka\u00e7ak\u00e7\u0131lar\u0131na 15 Y\u0131l Hapis - ShiaWaves Turkish - \u015eia Haberleri<\/title>\n<meta name=\"description\" content=\"Almanya&#039;da G\u00f6\u00e7men Ka\u00e7ak\u00e7\u0131lar\u0131na 15 Y\u0131l Hapis\" \/>\n<meta name=\"robots\" content=\"index, follow, max-snippet:-1, max-image-preview:large, max-video-preview:-1\" \/>\n<link rel=\"canonical\" href=\"https:\/\/shiawaves.com\/turkish\/2024\/11\/06\/almanyada-gocmen-kacakcilarina-15-yil-hapis\/\" \/>\n<meta property=\"og:locale\" content=\"tr_TR\" \/>\n<meta property=\"og:type\" content=\"article\" \/>\n<meta property=\"og:title\" content=\"Almanya&#039;da G\u00f6\u00e7men Ka\u00e7ak\u00e7\u0131lar\u0131na 15 Y\u0131l Hapis - ShiaWaves Turkish - \u015eia Haberleri\" \/>\n<meta property=\"og:description\" content=\"Almanya&#039;da G\u00f6\u00e7men Ka\u00e7ak\u00e7\u0131lar\u0131na 15 Y\u0131l Hapis\" \/>\n<meta property=\"og:url\" content=\"https:\/\/shiawaves.com\/turkish\/2024\/11\/06\/almanyada-gocmen-kacakcilarina-15-yil-hapis\/\" \/>\n<meta property=\"og:site_name\" content=\"ShiaWaves Turkish - \u015eia Haberleri\" \/>\n<meta property=\"article:published_time\" content=\"2024-11-06T15:30:00+00:00\" \/>\n<meta property=\"article:modified_time\" content=\"2024-11-06T10:00:47+00:00\" \/>\n<meta property=\"og:image\" content=\"https:\/\/shiawaves.com\/turkish\/wp-content\/uploads\/sites\/6\/2024\/11\/image-44.png\" \/>\n\t<meta property=\"og:image:width\" content=\"384\" \/>\n\t<meta property=\"og:image:height\" content=\"347\" \/>\n\t<meta property=\"og:image:type\" content=\"image\/png\" \/>\n<meta name=\"author\" content=\"modir\" \/>\n<meta name=\"twitter:card\" content=\"summary_large_image\" \/>\n<meta name=\"twitter:label1\" content=\"Yazan:\" \/>\n\t<meta name=\"twitter:data1\" content=\"modir\" \/>\n\t<meta name=\"twitter:label2\" content=\"Tahmini okuma s\u00fcresi\" \/>\n\t<meta name=\"twitter:data2\" content=\"2 dakika\" \/>\n<script type=\"application\/ld+json\" class=\"yoast-schema-graph\">{\"@context\":\"https:\/\/schema.org\",\"@graph\":[{\"@type\":\"WebPage\",\"@id\":\"https:\/\/shiawaves.com\/turkish\/2024\/11\/06\/almanyada-gocmen-kacakcilarina-15-yil-hapis\/\",\"url\":\"https:\/\/shiawaves.com\/turkish\/2024\/11\/06\/almanyada-gocmen-kacakcilarina-15-yil-hapis\/\",\"name\":\"Almanya'da G\u00f6\u00e7men Ka\u00e7ak\u00e7\u0131lar\u0131na 15 Y\u0131l Hapis - ShiaWaves Turkish - \u015eia Haberleri\",\"isPartOf\":{\"@id\":\"https:\/\/shiawaves.com\/turkish\/#website\"},\"primaryImageOfPage\":{\"@id\":\"https:\/\/shiawaves.com\/turkish\/2024\/11\/06\/almanyada-gocmen-kacakcilarina-15-yil-hapis\/#primaryimage\"},\"image\":{\"@id\":\"https:\/\/shiawaves.com\/turkish\/2024\/11\/06\/almanyada-gocmen-kacakcilarina-15-yil-hapis\/#primaryimage\"},\"thumbnailUrl\":\"https:\/\/shiawaves.com\/turkish\/wp-content\/uploads\/sites\/6\/2024\/11\/image-44.png\",\"datePublished\":\"2024-11-06T15:30:00+00:00\",\"dateModified\":\"2024-11-06T10:00:47+00:00\",\"author\":{\"@id\":\"https:\/\/shiawaves.com\/turkish\/#\/schema\/person\/9f68d5023e948086b9348fba5aebd954\"},\"description\":\"Almanya'da G\u00f6\u00e7men Ka\u00e7ak\u00e7\u0131lar\u0131na 15 Y\u0131l Hapis\",\"breadcrumb\":{\"@id\":\"https:\/\/shiawaves.com\/turkish\/2024\/11\/06\/almanyada-gocmen-kacakcilarina-15-yil-hapis\/#breadcrumb\"},\"inLanguage\":\"tr\",\"potentialAction\":[{\"@type\":\"ReadAction\",\"target\":[\"https:\/\/shiawaves.com\/turkish\/2024\/11\/06\/almanyada-gocmen-kacakcilarina-15-yil-hapis\/\"]}]},{\"@type\":\"ImageObject\",\"inLanguage\":\"tr\",\"@id\":\"https:\/\/shiawaves.com\/turkish\/2024\/11\/06\/almanyada-gocmen-kacakcilarina-15-yil-hapis\/#primaryimage\",\"url\":\"https:\/\/shiawaves.com\/turkish\/wp-content\/uploads\/sites\/6\/2024\/11\/image-44.png\",\"contentUrl\":\"https:\/\/shiawaves.com\/turkish\/wp-content\/uploads\/sites\/6\/2024\/11\/image-44.png\",\"width\":384,\"height\":347,\"caption\":\"Almanya'da G\u00f6\u00e7men Ka\u00e7ak\u00e7\u0131lar\u0131na 15 Y\u0131l Hapis\"},{\"@type\":\"BreadcrumbList\",\"@id\":\"https:\/\/shiawaves.com\/turkish\/2024\/11\/06\/almanyada-gocmen-kacakcilarina-15-yil-hapis\/#breadcrumb\",\"itemListElement\":[{\"@type\":\"ListItem\",\"position\":1,\"name\":\"Home\",\"item\":\"https:\/\/shiawaves.com\/turkish\/\"},{\"@type\":\"ListItem\",\"position\":2,\"name\":\"Almanya&#8217;da G\u00f6\u00e7men Ka\u00e7ak\u00e7\u0131lar\u0131na 15 Y\u0131l Hapis\"}]},{\"@type\":\"WebSite\",\"@id\":\"https:\/\/shiawaves.com\/turkish\/#website\",\"url\":\"https:\/\/shiawaves.com\/turkish\/\",\"name\":\"ShiaWaves Turkish - \u015eia Haberleri\",\"description\":\"\",\"potentialAction\":[{\"@type\":\"SearchAction\",\"target\":{\"@type\":\"EntryPoint\",\"urlTemplate\":\"https:\/\/shiawaves.com\/turkish\/?s={search_term_string}\"},\"query-input\":{\"@type\":\"PropertyValueSpecification\",\"valueRequired\":true,\"valueName\":\"search_term_string\"}}],\"inLanguage\":\"tr\"},{\"@type\":\"Person\",\"@id\":\"https:\/\/shiawaves.com\/turkish\/#\/schema\/person\/9f68d5023e948086b9348fba5aebd954\",\"name\":\"modir\",\"image\":{\"@type\":\"ImageObject\",\"inLanguage\":\"tr\",\"@id\":\"https:\/\/shiawaves.com\/turkish\/#\/schema\/person\/image\/\",\"url\":\"https:\/\/secure.gravatar.com\/avatar\/8e76f93cdbdd480bd8918d1e0e1d938664c9cb1516c2a57a2b96fe50b507a6b9?s=96&d=mm&r=g\",\"contentUrl\":\"https:\/\/secure.gravatar.com\/avatar\/8e76f93cdbdd480bd8918d1e0e1d938664c9cb1516c2a57a2b96fe50b507a6b9?s=96&d=mm&r=g\",\"caption\":\"modir\"},\"sameAs\":[\"https:\/\/shiawaves.com\"],\"url\":\"https:\/\/shiawaves.com\/turkish\/author\/modir\/\"}]}<\/script>\n<!-- \/ Yoast SEO plugin. -->","yoast_head_json":{"title":"Almanya'da G\u00f6\u00e7men Ka\u00e7ak\u00e7\u0131lar\u0131na 15 Y\u0131l Hapis - ShiaWaves Turkish - \u015eia Haberleri","description":"Almanya'da G\u00f6\u00e7men Ka\u00e7ak\u00e7\u0131lar\u0131na 15 Y\u0131l Hapis","robots":{"index":"index","follow":"follow","max-snippet":"max-snippet:-1","max-image-preview":"max-image-preview:large","max-video-preview":"max-video-preview:-1"},"canonical":"https:\/\/shiawaves.com\/turkish\/2024\/11\/06\/almanyada-gocmen-kacakcilarina-15-yil-hapis\/","og_locale":"tr_TR","og_type":"article","og_title":"Almanya'da G\u00f6\u00e7men Ka\u00e7ak\u00e7\u0131lar\u0131na 15 Y\u0131l Hapis - ShiaWaves Turkish - \u015eia Haberleri","og_description":"Almanya'da G\u00f6\u00e7men Ka\u00e7ak\u00e7\u0131lar\u0131na 15 Y\u0131l Hapis","og_url":"https:\/\/shiawaves.com\/turkish\/2024\/11\/06\/almanyada-gocmen-kacakcilarina-15-yil-hapis\/","og_site_name":"ShiaWaves Turkish - \u015eia Haberleri","article_published_time":"2024-11-06T15:30:00+00:00","article_modified_time":"2024-11-06T10:00:47+00:00","og_image":[{"width":384,"height":347,"url":"https:\/\/shiawaves.com\/turkish\/wp-content\/uploads\/sites\/6\/2024\/11\/image-44.png","type":"image\/png"}],"author":"modir","twitter_card":"summary_large_image","twitter_misc":{"Yazan:":"modir","Tahmini okuma s\u00fcresi":"2 dakika"},"schema":{"@context":"https:\/\/schema.org","@graph":[{"@type":"WebPage","@id":"https:\/\/shiawaves.com\/turkish\/2024\/11\/06\/almanyada-gocmen-kacakcilarina-15-yil-hapis\/","url":"https:\/\/shiawaves.com\/turkish\/2024\/11\/06\/almanyada-gocmen-kacakcilarina-15-yil-hapis\/","name":"Almanya'da G\u00f6\u00e7men Ka\u00e7ak\u00e7\u0131lar\u0131na 15 Y\u0131l Hapis - ShiaWaves Turkish - \u015eia Haberleri","isPartOf":{"@id":"https:\/\/shiawaves.com\/turkish\/#website"},"primaryImageOfPage":{"@id":"https:\/\/shiawaves.com\/turkish\/2024\/11\/06\/almanyada-gocmen-kacakcilarina-15-yil-hapis\/#primaryimage"},"image":{"@id":"https:\/\/shiawaves.com\/turkish\/2024\/11\/06\/almanyada-gocmen-kacakcilarina-15-yil-hapis\/#primaryimage"},"thumbnailUrl":"https:\/\/shiawaves.com\/turkish\/wp-content\/uploads\/sites\/6\/2024\/11\/image-44.png","datePublished":"2024-11-06T15:30:00+00:00","dateModified":"2024-11-06T10:00:47+00:00","author":{"@id":"https:\/\/shiawaves.com\/turkish\/#\/schema\/person\/9f68d5023e948086b9348fba5aebd954"},"description":"Almanya'da G\u00f6\u00e7men Ka\u00e7ak\u00e7\u0131lar\u0131na 15 Y\u0131l Hapis","breadcrumb":{"@id":"https:\/\/shiawaves.com\/turkish\/2024\/11\/06\/almanyada-gocmen-kacakcilarina-15-yil-hapis\/#breadcrumb"},"inLanguage":"tr","potentialAction":[{"@type":"ReadAction","target":["https:\/\/shiawaves.com\/turkish\/2024\/11\/06\/almanyada-gocmen-kacakcilarina-15-yil-hapis\/"]}]},{"@type":"ImageObject","inLanguage":"tr","@id":"https:\/\/shiawaves.com\/turkish\/2024\/11\/06\/almanyada-gocmen-kacakcilarina-15-yil-hapis\/#primaryimage","url":"https:\/\/shiawaves.com\/turkish\/wp-content\/uploads\/sites\/6\/2024\/11\/image-44.png","contentUrl":"https:\/\/shiawaves.com\/turkish\/wp-content\/uploads\/sites\/6\/2024\/11\/image-44.png","width":384,"height":347,"caption":"Almanya'da G\u00f6\u00e7men Ka\u00e7ak\u00e7\u0131lar\u0131na 15 Y\u0131l Hapis"},{"@type":"BreadcrumbList","@id":"https:\/\/shiawaves.com\/turkish\/2024\/11\/06\/almanyada-gocmen-kacakcilarina-15-yil-hapis\/#breadcrumb","itemListElement":[{"@type":"ListItem","position":1,"name":"Home","item":"https:\/\/shiawaves.com\/turkish\/"},{"@type":"ListItem","position":2,"name":"Almanya&#8217;da G\u00f6\u00e7men Ka\u00e7ak\u00e7\u0131lar\u0131na 15 Y\u0131l Hapis"}]},{"@type":"WebSite","@id":"https:\/\/shiawaves.com\/turkish\/#website","url":"https:\/\/shiawaves.com\/turkish\/","name":"ShiaWaves Turkish - \u015eia Haberleri","description":"","potentialAction":[{"@type":"SearchAction","target":{"@type":"EntryPoint","urlTemplate":"https:\/\/shiawaves.com\/turkish\/?s={search_term_string}"},"query-input":{"@type":"PropertyValueSpecification","valueRequired":true,"valueName":"search_term_string"}}],"inLanguage":"tr"},{"@type":"Person","@id":"https:\/\/shiawaves.com\/turkish\/#\/schema\/person\/9f68d5023e948086b9348fba5aebd954","name":"modir","image":{"@type":"ImageObject","inLanguage":"tr","@id":"https:\/\/shiawaves.com\/turkish\/#\/schema\/person\/image\/","url":"https:\/\/secure.gravatar.com\/avatar\/8e76f93cdbdd480bd8918d1e0e1d938664c9cb1516c2a57a2b96fe50b507a6b9?s=96&d=mm&r=g","contentUrl":"https:\/\/secure.gravatar.com\/avatar\/8e76f93cdbdd480bd8918d1e0e1d938664c9cb1516c2a57a2b96fe50b507a6b9?s=96&d=mm&r=g","caption":"modir"},"sameAs":["https:\/\/shiawaves.com"],"url":"https:\/\/shiawaves.com\/turkish\/author\/modir\/"}]}},"_links":{"self":[{"href":"https:\/\/shiawaves.com\/turkish\/wp-json\/wp\/v2\/posts\/108598","targetHints":{"allow":["GET"]}}],"collection":[{"href":"https:\/\/shiawaves.com\/turkish\/wp-json\/wp\/v2\/posts"}],"about":[{"href":"https:\/\/shiawaves.com\/turkish\/wp-json\/wp\/v2\/types\/post"}],"author":[{"embeddable":true,"href":"https:\/\/shiawaves.com\/turkish\/wp-json\/wp\/v2\/users\/1"}],"replies":[{"embeddable":true,"href":"https:\/\/shiawaves.com\/turkish\/wp-json\/wp\/v2\/comments?post=108598"}],"version-history":[{"count":1,"href":"https:\/\/shiawaves.com\/turkish\/wp-json\/wp\/v2\/posts\/108598\/revisions"}],"predecessor-version":[{"id":108600,"href":"https:\/\/shiawaves.com\/turkish\/wp-json\/wp\/v2\/posts\/108598\/revisions\/108600"}],"wp:featuredmedia":[{"embeddable":true,"href":"https:\/\/shiawaves.com\/turkish\/wp-json\/wp\/v2\/media\/108599"}],"wp:attachment":[{"href":"https:\/\/shiawaves.com\/turkish\/wp-json\/wp\/v2\/media?parent=108598"}],"wp:term":[{"taxonomy":"category","embeddable":true,"href":"https:\/\/shiawaves.com\/turkish\/wp-json\/wp\/v2\/categories?post=108598"},{"taxonomy":"post_tag","embeddable":true,"href":"https:\/\/shiawaves.com\/turkish\/wp-json\/wp\/v2\/tags?post=108598"}],"curies":[{"name":"wp","href":"https:\/\/api.w.org\/{rel}","templated":true}]}}