{"id":108446,"date":"2024-11-02T09:16:06","date_gmt":"2024-11-02T06:16:06","guid":{"rendered":"https:\/\/shiawaves.com\/turkish\/?p=108446"},"modified":"2024-11-02T09:16:07","modified_gmt":"2024-11-02T06:16:07","slug":"afgan-siyasi-aktivistlerin-istanbuldaki-toplantisi-muzakereleri-yeniden-baslatmaya-calismak","status":"publish","type":"post","link":"https:\/\/shiawaves.com\/turkish\/2024\/11\/02\/afgan-siyasi-aktivistlerin-istanbuldaki-toplantisi-muzakereleri-yeniden-baslatmaya-calismak\/","title":{"rendered":"Afgan Siyasi Aktivistlerin \u0130stanbul&#8217;daki Toplant\u0131s\u0131; M\u00fczakereleri Yeniden Ba\u015flatmaya \u00c7al\u0131\u015fmak"},"content":{"rendered":"\n<p>Yakla\u015f\u0131k 50 siyasi aktivist ve eski Afgan h\u00fck\u00fcmet yetkilisi, m\u00fczakerelerin yeniden ba\u015flat\u0131lmas\u0131 olas\u0131l\u0131\u011f\u0131n\u0131 ve \u00fclkenin siyasi zorluklar\u0131n\u0131 tart\u0131\u015fmak \u00fczere \u0130stanbul\u2019daki iki g\u00fcnl\u00fck toplant\u0131da bir araya geldi.<\/p>\n\n\n\n<p>&#8220;Ulusal Diyalog Kurulu\u015fu&#8221;nun ve T\u00fcrk h\u00fck\u00fcmetinin deste\u011fiyle ger\u00e7ekle\u015ftirilen bu toplant\u0131, Afgan krizinin \u00e7\u00f6z\u00fcm\u00fcne y\u00f6nelik yap\u0131c\u0131 ve s\u00fcrd\u00fcr\u00fclebilir diyaloglar\u0131n zeminini haz\u0131rlamaya \u00e7al\u0131\u015f\u0131yor.<\/p>\n\n\n\n<figure class=\"wp-block-image size-full is-resized\"><img loading=\"lazy\" decoding=\"async\" width=\"633\" height=\"357\" src=\"https:\/\/shiawaves.com\/turkish\/wp-content\/uploads\/sites\/6\/2024\/11\/image.png\" alt=\"\" class=\"wp-image-108447\" style=\"width:840px;height:auto\" srcset=\"https:\/\/shiawaves.com\/turkish\/wp-content\/uploads\/sites\/6\/2024\/11\/image.png 633w, https:\/\/shiawaves.com\/turkish\/wp-content\/uploads\/sites\/6\/2024\/11\/image-300x169.png 300w, https:\/\/shiawaves.com\/turkish\/wp-content\/uploads\/sites\/6\/2024\/11\/image-390x220.png 390w\" sizes=\"auto, (max-width: 633px) 100vw, 633px\" \/><\/figure>\n\n\n\n<p>Yakla\u015f\u0131k 50 siyasi aktivist ve eski Afgan h\u00fck\u00fcmeti yetkilisi, m\u00fczakerelerin yeniden ba\u015flat\u0131lmas\u0131 olas\u0131l\u0131\u011f\u0131n\u0131 tart\u0131\u015fmak \u00fczere \u0130stanbul\u2019da bir araya geldi.<\/p>\n\n\n\n<p>&#8220;Ulusal Diyalog Kurulu\u015fu&#8221;nun giri\u015fimiyle ger\u00e7ekle\u015ftirilen ve T\u00fcrk h\u00fck\u00fcmeti taraf\u0131ndan desteklenen bu toplant\u0131, Afgan krizinin \u00e7\u00f6z\u00fcm\u00fcne y\u00f6nelik zorluklar\u0131n ve mevcut f\u0131rsatlar\u0131n incelenmesine y\u00f6nelikti.<\/p>\n\n\n\n<p>Bu toplant\u0131da kad\u0131n aktivistler de dahil olmak \u00fczere Afganistan&#8217;\u0131n t\u00fcm siyasi ak\u0131mlar\u0131ndan temsilciler haz\u0131r bulundu.<\/p>\n\n\n\n<p>Taliban bu toplant\u0131ya resmi temsilcilerini g\u00f6ndermese de gelecek toplant\u0131lara kat\u0131l\u0131m i\u00e7in &#8220;ye\u015fil \u0131\u015f\u0131k&#8221; yakt\u0131.<\/p>\n\n\n\n<p>Bu toplant\u0131n\u0131n amac\u0131, siyasi m\u00fczakerelerin yeniden ba\u015flamas\u0131 ve 2021 y\u0131l\u0131nda Kabil&#8217;in Taliban&#8217;\u0131n eline ge\u00e7mesinin ard\u0131ndan durdurulan Doha g\u00f6r\u00fc\u015fmelerinin yeniden canland\u0131r\u0131lmas\u0131 i\u00e7in bir temel olu\u015fturmakt\u0131.<\/p>\n\n\n\n<p>Afganistan&#8217;daki kritik durum ve acil siyasi anla\u015fma ihtiyac\u0131 dikkate al\u0131nd\u0131\u011f\u0131nda, bu toplant\u0131n\u0131n \u00fclkede siyasi ve sosyal yak\u0131nla\u015fmaya y\u00f6nelik \u00f6nemli bir ad\u0131m olarak de\u011ferlendiriliyor.<\/p>\n\n\n\n<p>2022 y\u0131l\u0131nda kurulan Ulusal Diyalog Kurulu\u015fu, bir siyasi kurum olarak Afganistan&#8217;\u0131n \u00f6nemli isimleri ad\u0131na yap\u0131c\u0131 ve s\u00fcrd\u00fcr\u00fclebilir diyaloglara zemin haz\u0131rlamaya ve Afgan halk\u0131n\u0131n daha iyi bir gelece\u011fe dair umutlar\u0131n\u0131 canland\u0131rmaya \u00e7al\u0131\u015f\u0131yor.<\/p>\n","protected":false},"excerpt":{"rendered":"<p>Yakla\u015f\u0131k 50 siyasi aktivist ve eski Afgan h\u00fck\u00fcmet yetkilisi, m\u00fczakerelerin yeniden ba\u015flat\u0131lmas\u0131 olas\u0131l\u0131\u011f\u0131n\u0131 ve \u00fclkenin siyasi zorluklar\u0131n\u0131 tart\u0131\u015fmak \u00fczere \u0130stanbul\u2019daki iki g\u00fcnl\u00fck toplant\u0131da bir araya geldi. &#8220;Ulusal Diyalog Kurulu\u015fu&#8221;nun ve T\u00fcrk h\u00fck\u00fcmetinin deste\u011fiyle ger\u00e7ekle\u015ftirilen bu toplant\u0131, Afgan krizinin \u00e7\u00f6z\u00fcm\u00fcne y\u00f6nelik yap\u0131c\u0131 ve s\u00fcrd\u00fcr\u00fclebilir diyaloglar\u0131n zeminini haz\u0131rlamaya \u00e7al\u0131\u015f\u0131yor. Yakla\u015f\u0131k 50 siyasi aktivist ve eski Afgan h\u00fck\u00fcmeti &hellip;<\/p>\n","protected":false},"author":1,"featured_media":108447,"comment_status":"open","ping_status":"open","sticky":false,"template":"","format":"standard","meta":{"rop_custom_images_group":[],"rop_custom_messages_group":[],"rop_publish_now":"initial","rop_publish_now_accounts":[],"rop_publish_now_history":[],"rop_publish_now_status":"pending","footnotes":""},"categories":[8,357],"tags":[1224],"class_list":["post-108446","post","type-post","status-publish","format-standard","has-post-thumbnail","hentry","category-afghanistan","category-turkiye","tag-afgan-siyasi-aktivistlerin-istanbuldaki-toplantisi"],"_wp_page_template":null,"_wp_attached_file":null,"_wp_attachment_metadata":null,"_edit_lock":"1730528121:1","yoast_head":"<!-- This site is optimized with the Yoast SEO plugin v24.3 - https:\/\/yoast.com\/wordpress\/plugins\/seo\/ -->\n<title>Afgan Siyasi Aktivistlerin \u0130stanbul&#039;daki Toplant\u0131s\u0131; M\u00fczakereleri Yeniden Ba\u015flatmaya \u00c7al\u0131\u015fmak - ShiaWaves Turkish - \u015eia Haberleri<\/title>\n<meta name=\"robots\" content=\"index, follow, max-snippet:-1, max-image-preview:large, max-video-preview:-1\" \/>\n<link rel=\"canonical\" href=\"https:\/\/shiawaves.com\/turkish\/2024\/11\/02\/afgan-siyasi-aktivistlerin-istanbuldaki-toplantisi-muzakereleri-yeniden-baslatmaya-calismak\/\" \/>\n<meta property=\"og:locale\" content=\"tr_TR\" \/>\n<meta property=\"og:type\" content=\"article\" \/>\n<meta property=\"og:title\" content=\"Afgan Siyasi Aktivistlerin \u0130stanbul&#039;daki Toplant\u0131s\u0131; M\u00fczakereleri Yeniden Ba\u015flatmaya \u00c7al\u0131\u015fmak - ShiaWaves Turkish - \u015eia Haberleri\" \/>\n<meta property=\"og:description\" content=\"Yakla\u015f\u0131k 50 siyasi aktivist ve eski Afgan h\u00fck\u00fcmet yetkilisi, m\u00fczakerelerin yeniden ba\u015flat\u0131lmas\u0131 olas\u0131l\u0131\u011f\u0131n\u0131 ve \u00fclkenin siyasi zorluklar\u0131n\u0131 tart\u0131\u015fmak \u00fczere \u0130stanbul\u2019daki iki g\u00fcnl\u00fck toplant\u0131da bir araya geldi. &#8220;Ulusal Diyalog Kurulu\u015fu&#8221;nun ve T\u00fcrk h\u00fck\u00fcmetinin deste\u011fiyle ger\u00e7ekle\u015ftirilen bu toplant\u0131, Afgan krizinin \u00e7\u00f6z\u00fcm\u00fcne y\u00f6nelik yap\u0131c\u0131 ve s\u00fcrd\u00fcr\u00fclebilir diyaloglar\u0131n zeminini haz\u0131rlamaya \u00e7al\u0131\u015f\u0131yor. Yakla\u015f\u0131k 50 siyasi aktivist ve eski Afgan h\u00fck\u00fcmeti &hellip;\" \/>\n<meta property=\"og:url\" content=\"https:\/\/shiawaves.com\/turkish\/2024\/11\/02\/afgan-siyasi-aktivistlerin-istanbuldaki-toplantisi-muzakereleri-yeniden-baslatmaya-calismak\/\" \/>\n<meta property=\"og:site_name\" content=\"ShiaWaves Turkish - \u015eia Haberleri\" \/>\n<meta property=\"article:published_time\" content=\"2024-11-02T06:16:06+00:00\" \/>\n<meta property=\"article:modified_time\" content=\"2024-11-02T06:16:07+00:00\" \/>\n<meta property=\"og:image\" content=\"https:\/\/shiawaves.com\/turkish\/wp-content\/uploads\/sites\/6\/2024\/11\/image.png\" \/>\n<meta name=\"author\" content=\"modir\" \/>\n<meta name=\"twitter:card\" content=\"summary_large_image\" \/>\n<meta name=\"twitter:label1\" content=\"Yazan:\" \/>\n\t<meta name=\"twitter:data1\" content=\"modir\" \/>\n\t<meta name=\"twitter:label2\" content=\"Tahmini okuma s\u00fcresi\" \/>\n\t<meta name=\"twitter:data2\" content=\"2 dakika\" \/>\n<script type=\"application\/ld+json\" class=\"yoast-schema-graph\">{\"@context\":\"https:\/\/schema.org\",\"@graph\":[{\"@type\":\"WebPage\",\"@id\":\"https:\/\/shiawaves.com\/turkish\/2024\/11\/02\/afgan-siyasi-aktivistlerin-istanbuldaki-toplantisi-muzakereleri-yeniden-baslatmaya-calismak\/\",\"url\":\"https:\/\/shiawaves.com\/turkish\/2024\/11\/02\/afgan-siyasi-aktivistlerin-istanbuldaki-toplantisi-muzakereleri-yeniden-baslatmaya-calismak\/\",\"name\":\"Afgan Siyasi Aktivistlerin \u0130stanbul'daki Toplant\u0131s\u0131; M\u00fczakereleri Yeniden Ba\u015flatmaya \u00c7al\u0131\u015fmak - ShiaWaves Turkish - \u015eia Haberleri\",\"isPartOf\":{\"@id\":\"https:\/\/shiawaves.com\/turkish\/#website\"},\"primaryImageOfPage\":{\"@id\":\"https:\/\/shiawaves.com\/turkish\/2024\/11\/02\/afgan-siyasi-aktivistlerin-istanbuldaki-toplantisi-muzakereleri-yeniden-baslatmaya-calismak\/#primaryimage\"},\"image\":{\"@id\":\"https:\/\/shiawaves.com\/turkish\/2024\/11\/02\/afgan-siyasi-aktivistlerin-istanbuldaki-toplantisi-muzakereleri-yeniden-baslatmaya-calismak\/#primaryimage\"},\"thumbnailUrl\":\"https:\/\/shiawaves.com\/turkish\/wp-content\/uploads\/sites\/6\/2024\/11\/image.png\",\"datePublished\":\"2024-11-02T06:16:06+00:00\",\"dateModified\":\"2024-11-02T06:16:07+00:00\",\"author\":{\"@id\":\"https:\/\/shiawaves.com\/turkish\/#\/schema\/person\/9f68d5023e948086b9348fba5aebd954\"},\"breadcrumb\":{\"@id\":\"https:\/\/shiawaves.com\/turkish\/2024\/11\/02\/afgan-siyasi-aktivistlerin-istanbuldaki-toplantisi-muzakereleri-yeniden-baslatmaya-calismak\/#breadcrumb\"},\"inLanguage\":\"tr\",\"potentialAction\":[{\"@type\":\"ReadAction\",\"target\":[\"https:\/\/shiawaves.com\/turkish\/2024\/11\/02\/afgan-siyasi-aktivistlerin-istanbuldaki-toplantisi-muzakereleri-yeniden-baslatmaya-calismak\/\"]}]},{\"@type\":\"ImageObject\",\"inLanguage\":\"tr\",\"@id\":\"https:\/\/shiawaves.com\/turkish\/2024\/11\/02\/afgan-siyasi-aktivistlerin-istanbuldaki-toplantisi-muzakereleri-yeniden-baslatmaya-calismak\/#primaryimage\",\"url\":\"https:\/\/shiawaves.com\/turkish\/wp-content\/uploads\/sites\/6\/2024\/11\/image.png\",\"contentUrl\":\"https:\/\/shiawaves.com\/turkish\/wp-content\/uploads\/sites\/6\/2024\/11\/image.png\",\"width\":633,\"height\":357,\"caption\":\"Afgan Siyasi Aktivistlerin \u0130stanbul'daki Toplant\u0131s\u0131; M\u00fczakereleri Yeniden Ba\u015flatmaya \u00c7al\u0131\u015fmak\"},{\"@type\":\"BreadcrumbList\",\"@id\":\"https:\/\/shiawaves.com\/turkish\/2024\/11\/02\/afgan-siyasi-aktivistlerin-istanbuldaki-toplantisi-muzakereleri-yeniden-baslatmaya-calismak\/#breadcrumb\",\"itemListElement\":[{\"@type\":\"ListItem\",\"position\":1,\"name\":\"Home\",\"item\":\"https:\/\/shiawaves.com\/turkish\/\"},{\"@type\":\"ListItem\",\"position\":2,\"name\":\"Afgan Siyasi Aktivistlerin \u0130stanbul&#8217;daki Toplant\u0131s\u0131; M\u00fczakereleri Yeniden Ba\u015flatmaya \u00c7al\u0131\u015fmak\"}]},{\"@type\":\"WebSite\",\"@id\":\"https:\/\/shiawaves.com\/turkish\/#website\",\"url\":\"https:\/\/shiawaves.com\/turkish\/\",\"name\":\"ShiaWaves Turkish - \u015eia Haberleri\",\"description\":\"\",\"potentialAction\":[{\"@type\":\"SearchAction\",\"target\":{\"@type\":\"EntryPoint\",\"urlTemplate\":\"https:\/\/shiawaves.com\/turkish\/?s={search_term_string}\"},\"query-input\":{\"@type\":\"PropertyValueSpecification\",\"valueRequired\":true,\"valueName\":\"search_term_string\"}}],\"inLanguage\":\"tr\"},{\"@type\":\"Person\",\"@id\":\"https:\/\/shiawaves.com\/turkish\/#\/schema\/person\/9f68d5023e948086b9348fba5aebd954\",\"name\":\"modir\",\"image\":{\"@type\":\"ImageObject\",\"inLanguage\":\"tr\",\"@id\":\"https:\/\/shiawaves.com\/turkish\/#\/schema\/person\/image\/\",\"url\":\"https:\/\/secure.gravatar.com\/avatar\/8e76f93cdbdd480bd8918d1e0e1d938664c9cb1516c2a57a2b96fe50b507a6b9?s=96&d=mm&r=g\",\"contentUrl\":\"https:\/\/secure.gravatar.com\/avatar\/8e76f93cdbdd480bd8918d1e0e1d938664c9cb1516c2a57a2b96fe50b507a6b9?s=96&d=mm&r=g\",\"caption\":\"modir\"},\"sameAs\":[\"https:\/\/shiawaves.com\"],\"url\":\"https:\/\/shiawaves.com\/turkish\/author\/modir\/\"}]}<\/script>\n<!-- \/ Yoast SEO plugin. -->","yoast_head_json":{"title":"Afgan Siyasi Aktivistlerin \u0130stanbul'daki Toplant\u0131s\u0131; M\u00fczakereleri Yeniden Ba\u015flatmaya \u00c7al\u0131\u015fmak - ShiaWaves Turkish - \u015eia Haberleri","robots":{"index":"index","follow":"follow","max-snippet":"max-snippet:-1","max-image-preview":"max-image-preview:large","max-video-preview":"max-video-preview:-1"},"canonical":"https:\/\/shiawaves.com\/turkish\/2024\/11\/02\/afgan-siyasi-aktivistlerin-istanbuldaki-toplantisi-muzakereleri-yeniden-baslatmaya-calismak\/","og_locale":"tr_TR","og_type":"article","og_title":"Afgan Siyasi Aktivistlerin \u0130stanbul'daki Toplant\u0131s\u0131; M\u00fczakereleri Yeniden Ba\u015flatmaya \u00c7al\u0131\u015fmak - ShiaWaves Turkish - \u015eia Haberleri","og_description":"Yakla\u015f\u0131k 50 siyasi aktivist ve eski Afgan h\u00fck\u00fcmet yetkilisi, m\u00fczakerelerin yeniden ba\u015flat\u0131lmas\u0131 olas\u0131l\u0131\u011f\u0131n\u0131 ve \u00fclkenin siyasi zorluklar\u0131n\u0131 tart\u0131\u015fmak \u00fczere \u0130stanbul\u2019daki iki g\u00fcnl\u00fck toplant\u0131da bir araya geldi. &#8220;Ulusal Diyalog Kurulu\u015fu&#8221;nun ve T\u00fcrk h\u00fck\u00fcmetinin deste\u011fiyle ger\u00e7ekle\u015ftirilen bu toplant\u0131, Afgan krizinin \u00e7\u00f6z\u00fcm\u00fcne y\u00f6nelik yap\u0131c\u0131 ve s\u00fcrd\u00fcr\u00fclebilir diyaloglar\u0131n zeminini haz\u0131rlamaya \u00e7al\u0131\u015f\u0131yor. Yakla\u015f\u0131k 50 siyasi aktivist ve eski Afgan h\u00fck\u00fcmeti &hellip;","og_url":"https:\/\/shiawaves.com\/turkish\/2024\/11\/02\/afgan-siyasi-aktivistlerin-istanbuldaki-toplantisi-muzakereleri-yeniden-baslatmaya-calismak\/","og_site_name":"ShiaWaves Turkish - \u015eia Haberleri","article_published_time":"2024-11-02T06:16:06+00:00","article_modified_time":"2024-11-02T06:16:07+00:00","og_image":[{"url":"https:\/\/shiawaves.com\/turkish\/wp-content\/uploads\/sites\/6\/2024\/11\/image.png","type":"","width":"","height":""}],"author":"modir","twitter_card":"summary_large_image","twitter_misc":{"Yazan:":"modir","Tahmini okuma s\u00fcresi":"2 dakika"},"schema":{"@context":"https:\/\/schema.org","@graph":[{"@type":"WebPage","@id":"https:\/\/shiawaves.com\/turkish\/2024\/11\/02\/afgan-siyasi-aktivistlerin-istanbuldaki-toplantisi-muzakereleri-yeniden-baslatmaya-calismak\/","url":"https:\/\/shiawaves.com\/turkish\/2024\/11\/02\/afgan-siyasi-aktivistlerin-istanbuldaki-toplantisi-muzakereleri-yeniden-baslatmaya-calismak\/","name":"Afgan Siyasi Aktivistlerin \u0130stanbul'daki Toplant\u0131s\u0131; M\u00fczakereleri Yeniden Ba\u015flatmaya \u00c7al\u0131\u015fmak - ShiaWaves Turkish - \u015eia Haberleri","isPartOf":{"@id":"https:\/\/shiawaves.com\/turkish\/#website"},"primaryImageOfPage":{"@id":"https:\/\/shiawaves.com\/turkish\/2024\/11\/02\/afgan-siyasi-aktivistlerin-istanbuldaki-toplantisi-muzakereleri-yeniden-baslatmaya-calismak\/#primaryimage"},"image":{"@id":"https:\/\/shiawaves.com\/turkish\/2024\/11\/02\/afgan-siyasi-aktivistlerin-istanbuldaki-toplantisi-muzakereleri-yeniden-baslatmaya-calismak\/#primaryimage"},"thumbnailUrl":"https:\/\/shiawaves.com\/turkish\/wp-content\/uploads\/sites\/6\/2024\/11\/image.png","datePublished":"2024-11-02T06:16:06+00:00","dateModified":"2024-11-02T06:16:07+00:00","author":{"@id":"https:\/\/shiawaves.com\/turkish\/#\/schema\/person\/9f68d5023e948086b9348fba5aebd954"},"breadcrumb":{"@id":"https:\/\/shiawaves.com\/turkish\/2024\/11\/02\/afgan-siyasi-aktivistlerin-istanbuldaki-toplantisi-muzakereleri-yeniden-baslatmaya-calismak\/#breadcrumb"},"inLanguage":"tr","potentialAction":[{"@type":"ReadAction","target":["https:\/\/shiawaves.com\/turkish\/2024\/11\/02\/afgan-siyasi-aktivistlerin-istanbuldaki-toplantisi-muzakereleri-yeniden-baslatmaya-calismak\/"]}]},{"@type":"ImageObject","inLanguage":"tr","@id":"https:\/\/shiawaves.com\/turkish\/2024\/11\/02\/afgan-siyasi-aktivistlerin-istanbuldaki-toplantisi-muzakereleri-yeniden-baslatmaya-calismak\/#primaryimage","url":"https:\/\/shiawaves.com\/turkish\/wp-content\/uploads\/sites\/6\/2024\/11\/image.png","contentUrl":"https:\/\/shiawaves.com\/turkish\/wp-content\/uploads\/sites\/6\/2024\/11\/image.png","width":633,"height":357,"caption":"Afgan Siyasi Aktivistlerin \u0130stanbul'daki Toplant\u0131s\u0131; M\u00fczakereleri Yeniden Ba\u015flatmaya \u00c7al\u0131\u015fmak"},{"@type":"BreadcrumbList","@id":"https:\/\/shiawaves.com\/turkish\/2024\/11\/02\/afgan-siyasi-aktivistlerin-istanbuldaki-toplantisi-muzakereleri-yeniden-baslatmaya-calismak\/#breadcrumb","itemListElement":[{"@type":"ListItem","position":1,"name":"Home","item":"https:\/\/shiawaves.com\/turkish\/"},{"@type":"ListItem","position":2,"name":"Afgan Siyasi Aktivistlerin \u0130stanbul&#8217;daki Toplant\u0131s\u0131; M\u00fczakereleri Yeniden Ba\u015flatmaya \u00c7al\u0131\u015fmak"}]},{"@type":"WebSite","@id":"https:\/\/shiawaves.com\/turkish\/#website","url":"https:\/\/shiawaves.com\/turkish\/","name":"ShiaWaves Turkish - \u015eia Haberleri","description":"","potentialAction":[{"@type":"SearchAction","target":{"@type":"EntryPoint","urlTemplate":"https:\/\/shiawaves.com\/turkish\/?s={search_term_string}"},"query-input":{"@type":"PropertyValueSpecification","valueRequired":true,"valueName":"search_term_string"}}],"inLanguage":"tr"},{"@type":"Person","@id":"https:\/\/shiawaves.com\/turkish\/#\/schema\/person\/9f68d5023e948086b9348fba5aebd954","name":"modir","image":{"@type":"ImageObject","inLanguage":"tr","@id":"https:\/\/shiawaves.com\/turkish\/#\/schema\/person\/image\/","url":"https:\/\/secure.gravatar.com\/avatar\/8e76f93cdbdd480bd8918d1e0e1d938664c9cb1516c2a57a2b96fe50b507a6b9?s=96&d=mm&r=g","contentUrl":"https:\/\/secure.gravatar.com\/avatar\/8e76f93cdbdd480bd8918d1e0e1d938664c9cb1516c2a57a2b96fe50b507a6b9?s=96&d=mm&r=g","caption":"modir"},"sameAs":["https:\/\/shiawaves.com"],"url":"https:\/\/shiawaves.com\/turkish\/author\/modir\/"}]}},"_links":{"self":[{"href":"https:\/\/shiawaves.com\/turkish\/wp-json\/wp\/v2\/posts\/108446","targetHints":{"allow":["GET"]}}],"collection":[{"href":"https:\/\/shiawaves.com\/turkish\/wp-json\/wp\/v2\/posts"}],"about":[{"href":"https:\/\/shiawaves.com\/turkish\/wp-json\/wp\/v2\/types\/post"}],"author":[{"embeddable":true,"href":"https:\/\/shiawaves.com\/turkish\/wp-json\/wp\/v2\/users\/1"}],"replies":[{"embeddable":true,"href":"https:\/\/shiawaves.com\/turkish\/wp-json\/wp\/v2\/comments?post=108446"}],"version-history":[{"count":1,"href":"https:\/\/shiawaves.com\/turkish\/wp-json\/wp\/v2\/posts\/108446\/revisions"}],"predecessor-version":[{"id":108448,"href":"https:\/\/shiawaves.com\/turkish\/wp-json\/wp\/v2\/posts\/108446\/revisions\/108448"}],"wp:featuredmedia":[{"embeddable":true,"href":"https:\/\/shiawaves.com\/turkish\/wp-json\/wp\/v2\/media\/108447"}],"wp:attachment":[{"href":"https:\/\/shiawaves.com\/turkish\/wp-json\/wp\/v2\/media?parent=108446"}],"wp:term":[{"taxonomy":"category","embeddable":true,"href":"https:\/\/shiawaves.com\/turkish\/wp-json\/wp\/v2\/categories?post=108446"},{"taxonomy":"post_tag","embeddable":true,"href":"https:\/\/shiawaves.com\/turkish\/wp-json\/wp\/v2\/tags?post=108446"}],"curies":[{"name":"wp","href":"https:\/\/api.w.org\/{rel}","templated":true}]}}