{"id":108287,"date":"2024-10-28T13:00:00","date_gmt":"2024-10-28T10:00:00","guid":{"rendered":"https:\/\/shiawaves.com\/turkish\/?p=108287"},"modified":"2024-10-28T12:05:21","modified_gmt":"2024-10-28T09:05:21","slug":"almanyanin-yatirimiyla-fas-camilerinde-istihdami-ve-enerji-verimliligini-artiracak-proje-baslatildi","status":"publish","type":"post","link":"https:\/\/shiawaves.com\/turkish\/2024\/10\/28\/almanyanin-yatirimiyla-fas-camilerinde-istihdami-ve-enerji-verimliligini-artiracak-proje-baslatildi\/","title":{"rendered":"Almanya\u2019n\u0131n Yat\u0131r\u0131m\u0131yla Fas Camilerinde \u0130stihdam\u0131 ve Enerji Verimlili\u011fini Art\u0131racak Proje Ba\u015flat\u0131ld\u0131"},"content":{"rendered":"\n<p>Alman h\u00fck\u00fcmeti, yeni bir projeye sekiz milyon avronun \u00fczerinde yat\u0131r\u0131m yaparak, Fas camilerinde enerji verimlili\u011fi ve yenilenebilir enerjinin te\u015fvik edilmesini ba\u015flatt\u0131.<\/p>\n\n\n\n<p>Bu proje, yenilenebilir enerji alan\u0131ndaki i\u015f ve i\u015f f\u0131rsatlar\u0131n\u0131 te\u015fvik etmek ve faydalar\u0131 konusunda fark\u0131ndal\u0131\u011f\u0131 art\u0131rmak amac\u0131yla tasarlanm\u0131\u015ft\u0131r.<\/p>\n\n\n\n<figure class=\"wp-block-image size-full is-resized\"><img loading=\"lazy\" decoding=\"async\" width=\"457\" height=\"304\" src=\"https:\/\/shiawaves.com\/turkish\/wp-content\/uploads\/sites\/6\/2024\/10\/image-224.png\" alt=\"\" class=\"wp-image-108288\" style=\"width:840px;height:auto\" srcset=\"https:\/\/shiawaves.com\/turkish\/wp-content\/uploads\/sites\/6\/2024\/10\/image-224.png 457w, https:\/\/shiawaves.com\/turkish\/wp-content\/uploads\/sites\/6\/2024\/10\/image-224-300x200.png 300w\" sizes=\"auto, (max-width: 457px) 100vw, 457px\" \/><\/figure>\n\n\n\n<p>Alman h\u00fck\u00fcmeti, yeni bir projeye sekiz milyon avronun \u00fczerinde yat\u0131r\u0131m yaparak enerji verimlili\u011fini art\u0131rmay\u0131 ve Fas camilerinde yenilenebilir enerjiyi te\u015fvik etmeyi ama\u00e7l\u0131yor.<\/p>\n\n\n\n<p>Federal Ekonomik \u0130\u015fbirli\u011fi ve Kalk\u0131nma Bakanl\u0131\u011f\u0131 taraf\u0131ndan ba\u015flat\u0131lan &#8220;Camilerde Enerji Verimlili\u011fi ve Yenilenebilir Enerji Yoluyla \u0130stihdam\u0131n Te\u015fviki&#8221; ba\u015fl\u0131kl\u0131 bu proje, \u00f6zellikle bu alandaki i\u015f ve i\u015f f\u0131rsatlar\u0131n\u0131 te\u015fvik ediyor.<\/p>\n\n\n\n<p>Bu b\u00fct\u00e7enin 5,99 milyon Euro&#8217;dan fazlas\u0131, sahada tavsiyelerde bulunmak ve tedbirleri uygulamak \u00fczere uzmanlar\u0131n g\u00f6revlendirilmesine tahsis edildi.<\/p>\n\n\n\n<p>Ayr\u0131ca camilere y\u00f6nelik LED \u0131\u015f\u0131klar, g\u00fcne\u015f enerjili su \u0131s\u0131t\u0131c\u0131lar\u0131 ve fotovoltaik paneller de dahil olmak \u00fczere malzemelerin sa\u011flanmas\u0131 i\u00e7in yakla\u015f\u0131k 404.000 avro harcand\u0131.<\/p>\n\n\n\n<p>Bu proje, enerji altyap\u0131s\u0131n\u0131n iyile\u015ftirilmesinin yan\u0131 s\u0131ra, yerel \u015firketler i\u00e7in teknik yeterlili\u011fin tasarlanmas\u0131 ve uygulanmas\u0131na y\u00f6nelik dan\u0131\u015fmanl\u0131\u011f\u0131, ayr\u0131ca camilerde imamlar\u0131n ve erkek ile kad\u0131n \u00f6\u011fretmenlerin e\u011fitimini de i\u00e7ermektedir.<\/p>\n\n\n\n<p>Bu e\u011fitimlerin amac\u0131 enerji verimlili\u011fi ve yenilenebilir enerjilerin faydalar\u0131 konusunda fark\u0131ndal\u0131\u011f\u0131 art\u0131rmakt\u0131r.<\/p>\n\n\n\n<p>Fas h\u00fck\u00fcmeti, projenin istihdam ve i\u015f f\u0131rsatlar\u0131n\u0131 te\u015fvik etme hedeflerine ula\u015ft\u0131\u011f\u0131n\u0131 belirterek bu eylemler devam ettik\u00e7e yerel toplumda daha fazla olumlu etki yarat\u0131laca\u011f\u0131n\u0131n umuldu\u011funu belirtti.<\/p>\n","protected":false},"excerpt":{"rendered":"<p>Alman h\u00fck\u00fcmeti, yeni bir projeye sekiz milyon avronun \u00fczerinde yat\u0131r\u0131m yaparak, Fas camilerinde enerji verimlili\u011fi ve yenilenebilir enerjinin te\u015fvik edilmesini ba\u015flatt\u0131. Bu proje, yenilenebilir enerji alan\u0131ndaki i\u015f ve i\u015f f\u0131rsatlar\u0131n\u0131 te\u015fvik etmek ve faydalar\u0131 konusunda fark\u0131ndal\u0131\u011f\u0131 art\u0131rmak amac\u0131yla tasarlanm\u0131\u015ft\u0131r. Alman h\u00fck\u00fcmeti, yeni bir projeye sekiz milyon avronun \u00fczerinde yat\u0131r\u0131m yaparak enerji verimlili\u011fini art\u0131rmay\u0131 ve Fas &hellip;<\/p>\n","protected":false},"author":1,"featured_media":108288,"comment_status":"open","ping_status":"open","sticky":false,"template":"","format":"standard","meta":{"rop_custom_images_group":[],"rop_custom_messages_group":[],"rop_publish_now":"initial","rop_publish_now_accounts":[],"rop_publish_now_history":[],"rop_publish_now_status":"pending","footnotes":""},"categories":[71],"tags":[1171],"class_list":["post-108287","post","type-post","status-publish","format-standard","has-post-thumbnail","hentry","category-germany","tag-almanyanin-yatirimiyla-fas-camilerinde-istihdami-ve-enerji-verimliligini-artiracak-proje-baslatildi"],"_wp_page_template":null,"_wp_attached_file":null,"_wp_attachment_metadata":null,"_edit_lock":"1730106322:1","yoast_head":"<!-- This site is optimized with the Yoast SEO plugin v24.3 - https:\/\/yoast.com\/wordpress\/plugins\/seo\/ -->\n<title>Almanya\u2019n\u0131n Yat\u0131r\u0131m\u0131yla Fas Camilerinde \u0130stihdam\u0131 ve Enerji Verimlili\u011fini Art\u0131racak Proje Ba\u015flat\u0131ld\u0131 - ShiaWaves Turkish - \u015eia Haberleri<\/title>\n<meta name=\"description\" content=\"Almanya\u2019n\u0131n Yat\u0131r\u0131m\u0131yla Fas Camilerinde \u0130stihdam\u0131 ve Enerji Verimlili\u011fini Art\u0131racak Proje Ba\u015flat\u0131ld\u0131\" \/>\n<meta name=\"robots\" content=\"index, follow, max-snippet:-1, max-image-preview:large, max-video-preview:-1\" \/>\n<link rel=\"canonical\" href=\"https:\/\/shiawaves.com\/turkish\/2024\/10\/28\/almanyanin-yatirimiyla-fas-camilerinde-istihdami-ve-enerji-verimliligini-artiracak-proje-baslatildi\/\" \/>\n<meta property=\"og:locale\" content=\"tr_TR\" \/>\n<meta property=\"og:type\" content=\"article\" \/>\n<meta property=\"og:title\" content=\"Almanya\u2019n\u0131n Yat\u0131r\u0131m\u0131yla Fas Camilerinde \u0130stihdam\u0131 ve Enerji Verimlili\u011fini Art\u0131racak Proje Ba\u015flat\u0131ld\u0131 - ShiaWaves Turkish - \u015eia Haberleri\" \/>\n<meta property=\"og:description\" content=\"Almanya\u2019n\u0131n Yat\u0131r\u0131m\u0131yla Fas Camilerinde \u0130stihdam\u0131 ve Enerji Verimlili\u011fini Art\u0131racak Proje Ba\u015flat\u0131ld\u0131\" \/>\n<meta property=\"og:url\" content=\"https:\/\/shiawaves.com\/turkish\/2024\/10\/28\/almanyanin-yatirimiyla-fas-camilerinde-istihdami-ve-enerji-verimliligini-artiracak-proje-baslatildi\/\" \/>\n<meta property=\"og:site_name\" content=\"ShiaWaves Turkish - \u015eia Haberleri\" \/>\n<meta property=\"article:published_time\" content=\"2024-10-28T10:00:00+00:00\" \/>\n<meta property=\"article:modified_time\" content=\"2024-10-28T09:05:21+00:00\" \/>\n<meta property=\"og:image\" content=\"https:\/\/shiawaves.com\/turkish\/wp-content\/uploads\/sites\/6\/2024\/10\/image-224.png\" \/>\n\t<meta property=\"og:image:width\" content=\"457\" \/>\n\t<meta property=\"og:image:height\" content=\"304\" \/>\n\t<meta property=\"og:image:type\" content=\"image\/png\" \/>\n<meta name=\"author\" content=\"modir\" \/>\n<meta name=\"twitter:card\" content=\"summary_large_image\" \/>\n<meta name=\"twitter:label1\" content=\"Yazan:\" \/>\n\t<meta name=\"twitter:data1\" content=\"modir\" \/>\n\t<meta name=\"twitter:label2\" content=\"Tahmini okuma s\u00fcresi\" \/>\n\t<meta name=\"twitter:data2\" content=\"2 dakika\" \/>\n<script type=\"application\/ld+json\" class=\"yoast-schema-graph\">{\"@context\":\"https:\/\/schema.org\",\"@graph\":[{\"@type\":\"WebPage\",\"@id\":\"https:\/\/shiawaves.com\/turkish\/2024\/10\/28\/almanyanin-yatirimiyla-fas-camilerinde-istihdami-ve-enerji-verimliligini-artiracak-proje-baslatildi\/\",\"url\":\"https:\/\/shiawaves.com\/turkish\/2024\/10\/28\/almanyanin-yatirimiyla-fas-camilerinde-istihdami-ve-enerji-verimliligini-artiracak-proje-baslatildi\/\",\"name\":\"Almanya\u2019n\u0131n Yat\u0131r\u0131m\u0131yla Fas Camilerinde \u0130stihdam\u0131 ve Enerji Verimlili\u011fini Art\u0131racak Proje Ba\u015flat\u0131ld\u0131 - ShiaWaves Turkish - \u015eia Haberleri\",\"isPartOf\":{\"@id\":\"https:\/\/shiawaves.com\/turkish\/#website\"},\"primaryImageOfPage\":{\"@id\":\"https:\/\/shiawaves.com\/turkish\/2024\/10\/28\/almanyanin-yatirimiyla-fas-camilerinde-istihdami-ve-enerji-verimliligini-artiracak-proje-baslatildi\/#primaryimage\"},\"image\":{\"@id\":\"https:\/\/shiawaves.com\/turkish\/2024\/10\/28\/almanyanin-yatirimiyla-fas-camilerinde-istihdami-ve-enerji-verimliligini-artiracak-proje-baslatildi\/#primaryimage\"},\"thumbnailUrl\":\"https:\/\/shiawaves.com\/turkish\/wp-content\/uploads\/sites\/6\/2024\/10\/image-224.png\",\"datePublished\":\"2024-10-28T10:00:00+00:00\",\"dateModified\":\"2024-10-28T09:05:21+00:00\",\"author\":{\"@id\":\"https:\/\/shiawaves.com\/turkish\/#\/schema\/person\/9f68d5023e948086b9348fba5aebd954\"},\"description\":\"Almanya\u2019n\u0131n Yat\u0131r\u0131m\u0131yla Fas Camilerinde \u0130stihdam\u0131 ve Enerji Verimlili\u011fini Art\u0131racak Proje Ba\u015flat\u0131ld\u0131\",\"breadcrumb\":{\"@id\":\"https:\/\/shiawaves.com\/turkish\/2024\/10\/28\/almanyanin-yatirimiyla-fas-camilerinde-istihdami-ve-enerji-verimliligini-artiracak-proje-baslatildi\/#breadcrumb\"},\"inLanguage\":\"tr\",\"potentialAction\":[{\"@type\":\"ReadAction\",\"target\":[\"https:\/\/shiawaves.com\/turkish\/2024\/10\/28\/almanyanin-yatirimiyla-fas-camilerinde-istihdami-ve-enerji-verimliligini-artiracak-proje-baslatildi\/\"]}]},{\"@type\":\"ImageObject\",\"inLanguage\":\"tr\",\"@id\":\"https:\/\/shiawaves.com\/turkish\/2024\/10\/28\/almanyanin-yatirimiyla-fas-camilerinde-istihdami-ve-enerji-verimliligini-artiracak-proje-baslatildi\/#primaryimage\",\"url\":\"https:\/\/shiawaves.com\/turkish\/wp-content\/uploads\/sites\/6\/2024\/10\/image-224.png\",\"contentUrl\":\"https:\/\/shiawaves.com\/turkish\/wp-content\/uploads\/sites\/6\/2024\/10\/image-224.png\",\"width\":457,\"height\":304,\"caption\":\"Almanya\u2019n\u0131n Yat\u0131r\u0131m\u0131yla Fas Camilerinde \u0130stihdam\u0131 ve Enerji Verimlili\u011fini Art\u0131racak Proje Ba\u015flat\u0131ld\u0131\"},{\"@type\":\"BreadcrumbList\",\"@id\":\"https:\/\/shiawaves.com\/turkish\/2024\/10\/28\/almanyanin-yatirimiyla-fas-camilerinde-istihdami-ve-enerji-verimliligini-artiracak-proje-baslatildi\/#breadcrumb\",\"itemListElement\":[{\"@type\":\"ListItem\",\"position\":1,\"name\":\"Home\",\"item\":\"https:\/\/shiawaves.com\/turkish\/\"},{\"@type\":\"ListItem\",\"position\":2,\"name\":\"Almanya\u2019n\u0131n Yat\u0131r\u0131m\u0131yla Fas Camilerinde \u0130stihdam\u0131 ve Enerji Verimlili\u011fini Art\u0131racak Proje Ba\u015flat\u0131ld\u0131\"}]},{\"@type\":\"WebSite\",\"@id\":\"https:\/\/shiawaves.com\/turkish\/#website\",\"url\":\"https:\/\/shiawaves.com\/turkish\/\",\"name\":\"ShiaWaves Turkish - \u015eia Haberleri\",\"description\":\"\",\"potentialAction\":[{\"@type\":\"SearchAction\",\"target\":{\"@type\":\"EntryPoint\",\"urlTemplate\":\"https:\/\/shiawaves.com\/turkish\/?s={search_term_string}\"},\"query-input\":{\"@type\":\"PropertyValueSpecification\",\"valueRequired\":true,\"valueName\":\"search_term_string\"}}],\"inLanguage\":\"tr\"},{\"@type\":\"Person\",\"@id\":\"https:\/\/shiawaves.com\/turkish\/#\/schema\/person\/9f68d5023e948086b9348fba5aebd954\",\"name\":\"modir\",\"image\":{\"@type\":\"ImageObject\",\"inLanguage\":\"tr\",\"@id\":\"https:\/\/shiawaves.com\/turkish\/#\/schema\/person\/image\/\",\"url\":\"https:\/\/secure.gravatar.com\/avatar\/8e76f93cdbdd480bd8918d1e0e1d938664c9cb1516c2a57a2b96fe50b507a6b9?s=96&d=mm&r=g\",\"contentUrl\":\"https:\/\/secure.gravatar.com\/avatar\/8e76f93cdbdd480bd8918d1e0e1d938664c9cb1516c2a57a2b96fe50b507a6b9?s=96&d=mm&r=g\",\"caption\":\"modir\"},\"sameAs\":[\"https:\/\/shiawaves.com\"],\"url\":\"https:\/\/shiawaves.com\/turkish\/author\/modir\/\"}]}<\/script>\n<!-- \/ Yoast SEO plugin. -->","yoast_head_json":{"title":"Almanya\u2019n\u0131n Yat\u0131r\u0131m\u0131yla Fas Camilerinde \u0130stihdam\u0131 ve Enerji Verimlili\u011fini Art\u0131racak Proje Ba\u015flat\u0131ld\u0131 - ShiaWaves Turkish - \u015eia Haberleri","description":"Almanya\u2019n\u0131n Yat\u0131r\u0131m\u0131yla Fas Camilerinde \u0130stihdam\u0131 ve Enerji Verimlili\u011fini Art\u0131racak Proje Ba\u015flat\u0131ld\u0131","robots":{"index":"index","follow":"follow","max-snippet":"max-snippet:-1","max-image-preview":"max-image-preview:large","max-video-preview":"max-video-preview:-1"},"canonical":"https:\/\/shiawaves.com\/turkish\/2024\/10\/28\/almanyanin-yatirimiyla-fas-camilerinde-istihdami-ve-enerji-verimliligini-artiracak-proje-baslatildi\/","og_locale":"tr_TR","og_type":"article","og_title":"Almanya\u2019n\u0131n Yat\u0131r\u0131m\u0131yla Fas Camilerinde \u0130stihdam\u0131 ve Enerji Verimlili\u011fini Art\u0131racak Proje Ba\u015flat\u0131ld\u0131 - ShiaWaves Turkish - \u015eia Haberleri","og_description":"Almanya\u2019n\u0131n Yat\u0131r\u0131m\u0131yla Fas Camilerinde \u0130stihdam\u0131 ve Enerji Verimlili\u011fini Art\u0131racak Proje Ba\u015flat\u0131ld\u0131","og_url":"https:\/\/shiawaves.com\/turkish\/2024\/10\/28\/almanyanin-yatirimiyla-fas-camilerinde-istihdami-ve-enerji-verimliligini-artiracak-proje-baslatildi\/","og_site_name":"ShiaWaves Turkish - \u015eia Haberleri","article_published_time":"2024-10-28T10:00:00+00:00","article_modified_time":"2024-10-28T09:05:21+00:00","og_image":[{"width":457,"height":304,"url":"https:\/\/shiawaves.com\/turkish\/wp-content\/uploads\/sites\/6\/2024\/10\/image-224.png","type":"image\/png"}],"author":"modir","twitter_card":"summary_large_image","twitter_misc":{"Yazan:":"modir","Tahmini okuma s\u00fcresi":"2 dakika"},"schema":{"@context":"https:\/\/schema.org","@graph":[{"@type":"WebPage","@id":"https:\/\/shiawaves.com\/turkish\/2024\/10\/28\/almanyanin-yatirimiyla-fas-camilerinde-istihdami-ve-enerji-verimliligini-artiracak-proje-baslatildi\/","url":"https:\/\/shiawaves.com\/turkish\/2024\/10\/28\/almanyanin-yatirimiyla-fas-camilerinde-istihdami-ve-enerji-verimliligini-artiracak-proje-baslatildi\/","name":"Almanya\u2019n\u0131n Yat\u0131r\u0131m\u0131yla Fas Camilerinde \u0130stihdam\u0131 ve Enerji Verimlili\u011fini Art\u0131racak Proje Ba\u015flat\u0131ld\u0131 - ShiaWaves Turkish - \u015eia Haberleri","isPartOf":{"@id":"https:\/\/shiawaves.com\/turkish\/#website"},"primaryImageOfPage":{"@id":"https:\/\/shiawaves.com\/turkish\/2024\/10\/28\/almanyanin-yatirimiyla-fas-camilerinde-istihdami-ve-enerji-verimliligini-artiracak-proje-baslatildi\/#primaryimage"},"image":{"@id":"https:\/\/shiawaves.com\/turkish\/2024\/10\/28\/almanyanin-yatirimiyla-fas-camilerinde-istihdami-ve-enerji-verimliligini-artiracak-proje-baslatildi\/#primaryimage"},"thumbnailUrl":"https:\/\/shiawaves.com\/turkish\/wp-content\/uploads\/sites\/6\/2024\/10\/image-224.png","datePublished":"2024-10-28T10:00:00+00:00","dateModified":"2024-10-28T09:05:21+00:00","author":{"@id":"https:\/\/shiawaves.com\/turkish\/#\/schema\/person\/9f68d5023e948086b9348fba5aebd954"},"description":"Almanya\u2019n\u0131n Yat\u0131r\u0131m\u0131yla Fas Camilerinde \u0130stihdam\u0131 ve Enerji Verimlili\u011fini Art\u0131racak Proje Ba\u015flat\u0131ld\u0131","breadcrumb":{"@id":"https:\/\/shiawaves.com\/turkish\/2024\/10\/28\/almanyanin-yatirimiyla-fas-camilerinde-istihdami-ve-enerji-verimliligini-artiracak-proje-baslatildi\/#breadcrumb"},"inLanguage":"tr","potentialAction":[{"@type":"ReadAction","target":["https:\/\/shiawaves.com\/turkish\/2024\/10\/28\/almanyanin-yatirimiyla-fas-camilerinde-istihdami-ve-enerji-verimliligini-artiracak-proje-baslatildi\/"]}]},{"@type":"ImageObject","inLanguage":"tr","@id":"https:\/\/shiawaves.com\/turkish\/2024\/10\/28\/almanyanin-yatirimiyla-fas-camilerinde-istihdami-ve-enerji-verimliligini-artiracak-proje-baslatildi\/#primaryimage","url":"https:\/\/shiawaves.com\/turkish\/wp-content\/uploads\/sites\/6\/2024\/10\/image-224.png","contentUrl":"https:\/\/shiawaves.com\/turkish\/wp-content\/uploads\/sites\/6\/2024\/10\/image-224.png","width":457,"height":304,"caption":"Almanya\u2019n\u0131n Yat\u0131r\u0131m\u0131yla Fas Camilerinde \u0130stihdam\u0131 ve Enerji Verimlili\u011fini Art\u0131racak Proje Ba\u015flat\u0131ld\u0131"},{"@type":"BreadcrumbList","@id":"https:\/\/shiawaves.com\/turkish\/2024\/10\/28\/almanyanin-yatirimiyla-fas-camilerinde-istihdami-ve-enerji-verimliligini-artiracak-proje-baslatildi\/#breadcrumb","itemListElement":[{"@type":"ListItem","position":1,"name":"Home","item":"https:\/\/shiawaves.com\/turkish\/"},{"@type":"ListItem","position":2,"name":"Almanya\u2019n\u0131n Yat\u0131r\u0131m\u0131yla Fas Camilerinde \u0130stihdam\u0131 ve Enerji Verimlili\u011fini Art\u0131racak Proje Ba\u015flat\u0131ld\u0131"}]},{"@type":"WebSite","@id":"https:\/\/shiawaves.com\/turkish\/#website","url":"https:\/\/shiawaves.com\/turkish\/","name":"ShiaWaves Turkish - \u015eia Haberleri","description":"","potentialAction":[{"@type":"SearchAction","target":{"@type":"EntryPoint","urlTemplate":"https:\/\/shiawaves.com\/turkish\/?s={search_term_string}"},"query-input":{"@type":"PropertyValueSpecification","valueRequired":true,"valueName":"search_term_string"}}],"inLanguage":"tr"},{"@type":"Person","@id":"https:\/\/shiawaves.com\/turkish\/#\/schema\/person\/9f68d5023e948086b9348fba5aebd954","name":"modir","image":{"@type":"ImageObject","inLanguage":"tr","@id":"https:\/\/shiawaves.com\/turkish\/#\/schema\/person\/image\/","url":"https:\/\/secure.gravatar.com\/avatar\/8e76f93cdbdd480bd8918d1e0e1d938664c9cb1516c2a57a2b96fe50b507a6b9?s=96&d=mm&r=g","contentUrl":"https:\/\/secure.gravatar.com\/avatar\/8e76f93cdbdd480bd8918d1e0e1d938664c9cb1516c2a57a2b96fe50b507a6b9?s=96&d=mm&r=g","caption":"modir"},"sameAs":["https:\/\/shiawaves.com"],"url":"https:\/\/shiawaves.com\/turkish\/author\/modir\/"}]}},"_links":{"self":[{"href":"https:\/\/shiawaves.com\/turkish\/wp-json\/wp\/v2\/posts\/108287","targetHints":{"allow":["GET"]}}],"collection":[{"href":"https:\/\/shiawaves.com\/turkish\/wp-json\/wp\/v2\/posts"}],"about":[{"href":"https:\/\/shiawaves.com\/turkish\/wp-json\/wp\/v2\/types\/post"}],"author":[{"embeddable":true,"href":"https:\/\/shiawaves.com\/turkish\/wp-json\/wp\/v2\/users\/1"}],"replies":[{"embeddable":true,"href":"https:\/\/shiawaves.com\/turkish\/wp-json\/wp\/v2\/comments?post=108287"}],"version-history":[{"count":1,"href":"https:\/\/shiawaves.com\/turkish\/wp-json\/wp\/v2\/posts\/108287\/revisions"}],"predecessor-version":[{"id":108289,"href":"https:\/\/shiawaves.com\/turkish\/wp-json\/wp\/v2\/posts\/108287\/revisions\/108289"}],"wp:featuredmedia":[{"embeddable":true,"href":"https:\/\/shiawaves.com\/turkish\/wp-json\/wp\/v2\/media\/108288"}],"wp:attachment":[{"href":"https:\/\/shiawaves.com\/turkish\/wp-json\/wp\/v2\/media?parent=108287"}],"wp:term":[{"taxonomy":"category","embeddable":true,"href":"https:\/\/shiawaves.com\/turkish\/wp-json\/wp\/v2\/categories?post=108287"},{"taxonomy":"post_tag","embeddable":true,"href":"https:\/\/shiawaves.com\/turkish\/wp-json\/wp\/v2\/tags?post=108287"}],"curies":[{"name":"wp","href":"https:\/\/api.w.org\/{rel}","templated":true}]}}