{"id":108058,"date":"2024-10-20T20:35:00","date_gmt":"2024-10-20T17:35:00","guid":{"rendered":"https:\/\/shiawaves.com\/turkish\/?p=108058"},"modified":"2024-10-20T17:10:40","modified_gmt":"2024-10-20T14:10:40","slug":"binlerce-turk-vatandasi-almanyayi-terk-etmek-zorunda-kaldi","status":"publish","type":"post","link":"https:\/\/shiawaves.com\/turkish\/2024\/10\/20\/binlerce-turk-vatandasi-almanyayi-terk-etmek-zorunda-kaldi\/","title":{"rendered":"Binlerce T\u00fcrk vatanda\u015f\u0131 Almanya&#8217;y\u0131 Terk Etmek Zorunda Kald\u0131"},"content":{"rendered":"\n<p>16.000 T\u00fcrk vatanda\u015f\u0131 Almanya&#8217;y\u0131 terk etmek zorunda kal\u0131yor.<\/p>\n\n\n\n<p>Ge\u00e7en y\u0131l bu \u00fclkenin toplam 1.300 vatanda\u015f\u0131 Almanya&#8217;dan s\u0131n\u0131r d\u0131\u015f\u0131 edildi.<\/p>\n\n\n\n<p>Olaf Schultz ile Recep Tayyip Erdo\u011fan&#8217;\u0131n \u0130stanbul&#8217;da yapaca\u011f\u0131 g\u00f6r\u00fc\u015fmede bu konunun g\u00fcndeme gelmesi bekleniyor.<\/p>\n\n\n\n<figure class=\"wp-block-image size-full is-resized\"><img loading=\"lazy\" decoding=\"async\" width=\"768\" height=\"535\" src=\"https:\/\/shiawaves.com\/turkish\/wp-content\/uploads\/sites\/6\/2024\/10\/image-155.png\" alt=\"\" class=\"wp-image-108059\" style=\"width:840px;height:auto\" srcset=\"https:\/\/shiawaves.com\/turkish\/wp-content\/uploads\/sites\/6\/2024\/10\/image-155.png 768w, https:\/\/shiawaves.com\/turkish\/wp-content\/uploads\/sites\/6\/2024\/10\/image-155-300x209.png 300w\" sizes=\"auto, (max-width: 768px) 100vw, 768px\" \/><\/figure>\n\n\n\n<p>Yay\u0131mlanan raporlar, T\u00fcrkiye&#8217;den Almanya&#8217;ya gelen ki\u015filerin s\u0131\u011f\u0131nma alma \u015fans\u0131n\u0131n \u00e7ok d\u00fc\u015f\u00fck oldu\u011funu g\u00f6steriyor.<\/p>\n\n\n\n<p>Almanya&#8217;dan ayr\u0131lmas\u0131 gereken ki\u015filerin y\u00fczde 7&#8217;sini T\u00fcrk vatanda\u015flar\u0131n\u0131n olu\u015fturdu\u011funu da belirtmek gerekir.<\/p>\n\n\n\n<p>\u0130statistikler, Eyl\u00fcl sonu itibar\u0131yla Almanya&#8217;daki yakla\u015f\u0131k 16 bin T\u00fcrk vatanda\u015f\u0131n\u0131n \u00fclkeyi terk etmek zorunda kald\u0131\u011f\u0131n\u0131 g\u00f6steriyor; Bunlardan 12.835 ki\u015finin ge\u00e7ici olarak kalmas\u0131na izin verildi.<\/p>\n","protected":false},"excerpt":{"rendered":"<p>16.000 T\u00fcrk vatanda\u015f\u0131 Almanya&#8217;y\u0131 terk etmek zorunda kal\u0131yor. Ge\u00e7en y\u0131l bu \u00fclkenin toplam 1.300 vatanda\u015f\u0131 Almanya&#8217;dan s\u0131n\u0131r d\u0131\u015f\u0131 edildi. Olaf Schultz ile Recep Tayyip Erdo\u011fan&#8217;\u0131n \u0130stanbul&#8217;da yapaca\u011f\u0131 g\u00f6r\u00fc\u015fmede bu konunun g\u00fcndeme gelmesi bekleniyor. Yay\u0131mlanan raporlar, T\u00fcrkiye&#8217;den Almanya&#8217;ya gelen ki\u015filerin s\u0131\u011f\u0131nma alma \u015fans\u0131n\u0131n \u00e7ok d\u00fc\u015f\u00fck oldu\u011funu g\u00f6steriyor. Almanya&#8217;dan ayr\u0131lmas\u0131 gereken ki\u015filerin y\u00fczde 7&#8217;sini T\u00fcrk vatanda\u015flar\u0131n\u0131n olu\u015fturdu\u011funu &hellip;<\/p>\n","protected":false},"author":1,"featured_media":108059,"comment_status":"open","ping_status":"open","sticky":false,"template":"","format":"standard","meta":{"rop_custom_images_group":[],"rop_custom_messages_group":[],"rop_publish_now":"initial","rop_publish_now_accounts":[],"rop_publish_now_history":[],"rop_publish_now_status":"pending","footnotes":""},"categories":[71],"tags":[1103],"class_list":["post-108058","post","type-post","status-publish","format-standard","has-post-thumbnail","hentry","category-germany","tag-binlerce-turk-vatandasi-almanyayi-terk-etmek-zorunda-kaldi"],"_wp_page_template":null,"_wp_attached_file":null,"_wp_attachment_metadata":null,"_edit_lock":"1729433440:1","yoast_head":"<!-- This site is optimized with the Yoast SEO plugin v24.3 - https:\/\/yoast.com\/wordpress\/plugins\/seo\/ -->\n<title>Binlerce T\u00fcrk vatanda\u015f\u0131 Almanya&#039;y\u0131 Terk Etmek Zorunda Kald\u0131 - ShiaWaves Turkish - \u015eia Haberleri<\/title>\n<meta name=\"description\" content=\"Binlerce T\u00fcrk vatanda\u015f\u0131 Almanya&#039;y\u0131 Terk Etmek Zorunda Kald\u0131\" \/>\n<meta name=\"robots\" content=\"index, follow, max-snippet:-1, max-image-preview:large, max-video-preview:-1\" \/>\n<link rel=\"canonical\" href=\"https:\/\/shiawaves.com\/turkish\/2024\/10\/20\/binlerce-turk-vatandasi-almanyayi-terk-etmek-zorunda-kaldi\/\" \/>\n<meta property=\"og:locale\" content=\"tr_TR\" \/>\n<meta property=\"og:type\" content=\"article\" \/>\n<meta property=\"og:title\" content=\"Binlerce T\u00fcrk vatanda\u015f\u0131 Almanya&#039;y\u0131 Terk Etmek Zorunda Kald\u0131 - ShiaWaves Turkish - \u015eia Haberleri\" \/>\n<meta property=\"og:description\" content=\"Binlerce T\u00fcrk vatanda\u015f\u0131 Almanya&#039;y\u0131 Terk Etmek Zorunda Kald\u0131\" \/>\n<meta property=\"og:url\" content=\"https:\/\/shiawaves.com\/turkish\/2024\/10\/20\/binlerce-turk-vatandasi-almanyayi-terk-etmek-zorunda-kaldi\/\" \/>\n<meta property=\"og:site_name\" content=\"ShiaWaves Turkish - \u015eia Haberleri\" \/>\n<meta property=\"article:published_time\" content=\"2024-10-20T17:35:00+00:00\" \/>\n<meta property=\"article:modified_time\" content=\"2024-10-20T14:10:40+00:00\" \/>\n<meta property=\"og:image\" content=\"https:\/\/shiawaves.com\/turkish\/wp-content\/uploads\/sites\/6\/2024\/10\/image-155.png\" \/>\n\t<meta property=\"og:image:width\" content=\"768\" \/>\n\t<meta property=\"og:image:height\" content=\"535\" \/>\n\t<meta property=\"og:image:type\" content=\"image\/png\" \/>\n<meta name=\"author\" content=\"modir\" \/>\n<meta name=\"twitter:card\" content=\"summary_large_image\" \/>\n<meta name=\"twitter:label1\" content=\"Yazan:\" \/>\n\t<meta name=\"twitter:data1\" content=\"modir\" \/>\n\t<meta name=\"twitter:label2\" content=\"Tahmini okuma s\u00fcresi\" \/>\n\t<meta name=\"twitter:data2\" content=\"1 dakika\" \/>\n<script type=\"application\/ld+json\" class=\"yoast-schema-graph\">{\"@context\":\"https:\/\/schema.org\",\"@graph\":[{\"@type\":\"WebPage\",\"@id\":\"https:\/\/shiawaves.com\/turkish\/2024\/10\/20\/binlerce-turk-vatandasi-almanyayi-terk-etmek-zorunda-kaldi\/\",\"url\":\"https:\/\/shiawaves.com\/turkish\/2024\/10\/20\/binlerce-turk-vatandasi-almanyayi-terk-etmek-zorunda-kaldi\/\",\"name\":\"Binlerce T\u00fcrk vatanda\u015f\u0131 Almanya'y\u0131 Terk Etmek Zorunda Kald\u0131 - ShiaWaves Turkish - \u015eia Haberleri\",\"isPartOf\":{\"@id\":\"https:\/\/shiawaves.com\/turkish\/#website\"},\"primaryImageOfPage\":{\"@id\":\"https:\/\/shiawaves.com\/turkish\/2024\/10\/20\/binlerce-turk-vatandasi-almanyayi-terk-etmek-zorunda-kaldi\/#primaryimage\"},\"image\":{\"@id\":\"https:\/\/shiawaves.com\/turkish\/2024\/10\/20\/binlerce-turk-vatandasi-almanyayi-terk-etmek-zorunda-kaldi\/#primaryimage\"},\"thumbnailUrl\":\"https:\/\/shiawaves.com\/turkish\/wp-content\/uploads\/sites\/6\/2024\/10\/image-155.png\",\"datePublished\":\"2024-10-20T17:35:00+00:00\",\"dateModified\":\"2024-10-20T14:10:40+00:00\",\"author\":{\"@id\":\"https:\/\/shiawaves.com\/turkish\/#\/schema\/person\/9f68d5023e948086b9348fba5aebd954\"},\"description\":\"Binlerce T\u00fcrk vatanda\u015f\u0131 Almanya'y\u0131 Terk Etmek Zorunda Kald\u0131\",\"breadcrumb\":{\"@id\":\"https:\/\/shiawaves.com\/turkish\/2024\/10\/20\/binlerce-turk-vatandasi-almanyayi-terk-etmek-zorunda-kaldi\/#breadcrumb\"},\"inLanguage\":\"tr\",\"potentialAction\":[{\"@type\":\"ReadAction\",\"target\":[\"https:\/\/shiawaves.com\/turkish\/2024\/10\/20\/binlerce-turk-vatandasi-almanyayi-terk-etmek-zorunda-kaldi\/\"]}]},{\"@type\":\"ImageObject\",\"inLanguage\":\"tr\",\"@id\":\"https:\/\/shiawaves.com\/turkish\/2024\/10\/20\/binlerce-turk-vatandasi-almanyayi-terk-etmek-zorunda-kaldi\/#primaryimage\",\"url\":\"https:\/\/shiawaves.com\/turkish\/wp-content\/uploads\/sites\/6\/2024\/10\/image-155.png\",\"contentUrl\":\"https:\/\/shiawaves.com\/turkish\/wp-content\/uploads\/sites\/6\/2024\/10\/image-155.png\",\"width\":768,\"height\":535,\"caption\":\"Binlerce T\u00fcrk vatanda\u015f\u0131 Almanya'y\u0131 Terk Etmek Zorunda Kald\u0131\"},{\"@type\":\"BreadcrumbList\",\"@id\":\"https:\/\/shiawaves.com\/turkish\/2024\/10\/20\/binlerce-turk-vatandasi-almanyayi-terk-etmek-zorunda-kaldi\/#breadcrumb\",\"itemListElement\":[{\"@type\":\"ListItem\",\"position\":1,\"name\":\"Home\",\"item\":\"https:\/\/shiawaves.com\/turkish\/\"},{\"@type\":\"ListItem\",\"position\":2,\"name\":\"Binlerce T\u00fcrk vatanda\u015f\u0131 Almanya&#8217;y\u0131 Terk Etmek Zorunda Kald\u0131\"}]},{\"@type\":\"WebSite\",\"@id\":\"https:\/\/shiawaves.com\/turkish\/#website\",\"url\":\"https:\/\/shiawaves.com\/turkish\/\",\"name\":\"ShiaWaves Turkish - \u015eia Haberleri\",\"description\":\"\",\"potentialAction\":[{\"@type\":\"SearchAction\",\"target\":{\"@type\":\"EntryPoint\",\"urlTemplate\":\"https:\/\/shiawaves.com\/turkish\/?s={search_term_string}\"},\"query-input\":{\"@type\":\"PropertyValueSpecification\",\"valueRequired\":true,\"valueName\":\"search_term_string\"}}],\"inLanguage\":\"tr\"},{\"@type\":\"Person\",\"@id\":\"https:\/\/shiawaves.com\/turkish\/#\/schema\/person\/9f68d5023e948086b9348fba5aebd954\",\"name\":\"modir\",\"image\":{\"@type\":\"ImageObject\",\"inLanguage\":\"tr\",\"@id\":\"https:\/\/shiawaves.com\/turkish\/#\/schema\/person\/image\/\",\"url\":\"https:\/\/secure.gravatar.com\/avatar\/8e76f93cdbdd480bd8918d1e0e1d938664c9cb1516c2a57a2b96fe50b507a6b9?s=96&d=mm&r=g\",\"contentUrl\":\"https:\/\/secure.gravatar.com\/avatar\/8e76f93cdbdd480bd8918d1e0e1d938664c9cb1516c2a57a2b96fe50b507a6b9?s=96&d=mm&r=g\",\"caption\":\"modir\"},\"sameAs\":[\"https:\/\/shiawaves.com\"],\"url\":\"https:\/\/shiawaves.com\/turkish\/author\/modir\/\"}]}<\/script>\n<!-- \/ Yoast SEO plugin. -->","yoast_head_json":{"title":"Binlerce T\u00fcrk vatanda\u015f\u0131 Almanya'y\u0131 Terk Etmek Zorunda Kald\u0131 - ShiaWaves Turkish - \u015eia Haberleri","description":"Binlerce T\u00fcrk vatanda\u015f\u0131 Almanya'y\u0131 Terk Etmek Zorunda Kald\u0131","robots":{"index":"index","follow":"follow","max-snippet":"max-snippet:-1","max-image-preview":"max-image-preview:large","max-video-preview":"max-video-preview:-1"},"canonical":"https:\/\/shiawaves.com\/turkish\/2024\/10\/20\/binlerce-turk-vatandasi-almanyayi-terk-etmek-zorunda-kaldi\/","og_locale":"tr_TR","og_type":"article","og_title":"Binlerce T\u00fcrk vatanda\u015f\u0131 Almanya'y\u0131 Terk Etmek Zorunda Kald\u0131 - ShiaWaves Turkish - \u015eia Haberleri","og_description":"Binlerce T\u00fcrk vatanda\u015f\u0131 Almanya'y\u0131 Terk Etmek Zorunda Kald\u0131","og_url":"https:\/\/shiawaves.com\/turkish\/2024\/10\/20\/binlerce-turk-vatandasi-almanyayi-terk-etmek-zorunda-kaldi\/","og_site_name":"ShiaWaves Turkish - \u015eia Haberleri","article_published_time":"2024-10-20T17:35:00+00:00","article_modified_time":"2024-10-20T14:10:40+00:00","og_image":[{"width":768,"height":535,"url":"https:\/\/shiawaves.com\/turkish\/wp-content\/uploads\/sites\/6\/2024\/10\/image-155.png","type":"image\/png"}],"author":"modir","twitter_card":"summary_large_image","twitter_misc":{"Yazan:":"modir","Tahmini okuma s\u00fcresi":"1 dakika"},"schema":{"@context":"https:\/\/schema.org","@graph":[{"@type":"WebPage","@id":"https:\/\/shiawaves.com\/turkish\/2024\/10\/20\/binlerce-turk-vatandasi-almanyayi-terk-etmek-zorunda-kaldi\/","url":"https:\/\/shiawaves.com\/turkish\/2024\/10\/20\/binlerce-turk-vatandasi-almanyayi-terk-etmek-zorunda-kaldi\/","name":"Binlerce T\u00fcrk vatanda\u015f\u0131 Almanya'y\u0131 Terk Etmek Zorunda Kald\u0131 - ShiaWaves Turkish - \u015eia Haberleri","isPartOf":{"@id":"https:\/\/shiawaves.com\/turkish\/#website"},"primaryImageOfPage":{"@id":"https:\/\/shiawaves.com\/turkish\/2024\/10\/20\/binlerce-turk-vatandasi-almanyayi-terk-etmek-zorunda-kaldi\/#primaryimage"},"image":{"@id":"https:\/\/shiawaves.com\/turkish\/2024\/10\/20\/binlerce-turk-vatandasi-almanyayi-terk-etmek-zorunda-kaldi\/#primaryimage"},"thumbnailUrl":"https:\/\/shiawaves.com\/turkish\/wp-content\/uploads\/sites\/6\/2024\/10\/image-155.png","datePublished":"2024-10-20T17:35:00+00:00","dateModified":"2024-10-20T14:10:40+00:00","author":{"@id":"https:\/\/shiawaves.com\/turkish\/#\/schema\/person\/9f68d5023e948086b9348fba5aebd954"},"description":"Binlerce T\u00fcrk vatanda\u015f\u0131 Almanya'y\u0131 Terk Etmek Zorunda Kald\u0131","breadcrumb":{"@id":"https:\/\/shiawaves.com\/turkish\/2024\/10\/20\/binlerce-turk-vatandasi-almanyayi-terk-etmek-zorunda-kaldi\/#breadcrumb"},"inLanguage":"tr","potentialAction":[{"@type":"ReadAction","target":["https:\/\/shiawaves.com\/turkish\/2024\/10\/20\/binlerce-turk-vatandasi-almanyayi-terk-etmek-zorunda-kaldi\/"]}]},{"@type":"ImageObject","inLanguage":"tr","@id":"https:\/\/shiawaves.com\/turkish\/2024\/10\/20\/binlerce-turk-vatandasi-almanyayi-terk-etmek-zorunda-kaldi\/#primaryimage","url":"https:\/\/shiawaves.com\/turkish\/wp-content\/uploads\/sites\/6\/2024\/10\/image-155.png","contentUrl":"https:\/\/shiawaves.com\/turkish\/wp-content\/uploads\/sites\/6\/2024\/10\/image-155.png","width":768,"height":535,"caption":"Binlerce T\u00fcrk vatanda\u015f\u0131 Almanya'y\u0131 Terk Etmek Zorunda Kald\u0131"},{"@type":"BreadcrumbList","@id":"https:\/\/shiawaves.com\/turkish\/2024\/10\/20\/binlerce-turk-vatandasi-almanyayi-terk-etmek-zorunda-kaldi\/#breadcrumb","itemListElement":[{"@type":"ListItem","position":1,"name":"Home","item":"https:\/\/shiawaves.com\/turkish\/"},{"@type":"ListItem","position":2,"name":"Binlerce T\u00fcrk vatanda\u015f\u0131 Almanya&#8217;y\u0131 Terk Etmek Zorunda Kald\u0131"}]},{"@type":"WebSite","@id":"https:\/\/shiawaves.com\/turkish\/#website","url":"https:\/\/shiawaves.com\/turkish\/","name":"ShiaWaves Turkish - \u015eia Haberleri","description":"","potentialAction":[{"@type":"SearchAction","target":{"@type":"EntryPoint","urlTemplate":"https:\/\/shiawaves.com\/turkish\/?s={search_term_string}"},"query-input":{"@type":"PropertyValueSpecification","valueRequired":true,"valueName":"search_term_string"}}],"inLanguage":"tr"},{"@type":"Person","@id":"https:\/\/shiawaves.com\/turkish\/#\/schema\/person\/9f68d5023e948086b9348fba5aebd954","name":"modir","image":{"@type":"ImageObject","inLanguage":"tr","@id":"https:\/\/shiawaves.com\/turkish\/#\/schema\/person\/image\/","url":"https:\/\/secure.gravatar.com\/avatar\/8e76f93cdbdd480bd8918d1e0e1d938664c9cb1516c2a57a2b96fe50b507a6b9?s=96&d=mm&r=g","contentUrl":"https:\/\/secure.gravatar.com\/avatar\/8e76f93cdbdd480bd8918d1e0e1d938664c9cb1516c2a57a2b96fe50b507a6b9?s=96&d=mm&r=g","caption":"modir"},"sameAs":["https:\/\/shiawaves.com"],"url":"https:\/\/shiawaves.com\/turkish\/author\/modir\/"}]}},"_links":{"self":[{"href":"https:\/\/shiawaves.com\/turkish\/wp-json\/wp\/v2\/posts\/108058","targetHints":{"allow":["GET"]}}],"collection":[{"href":"https:\/\/shiawaves.com\/turkish\/wp-json\/wp\/v2\/posts"}],"about":[{"href":"https:\/\/shiawaves.com\/turkish\/wp-json\/wp\/v2\/types\/post"}],"author":[{"embeddable":true,"href":"https:\/\/shiawaves.com\/turkish\/wp-json\/wp\/v2\/users\/1"}],"replies":[{"embeddable":true,"href":"https:\/\/shiawaves.com\/turkish\/wp-json\/wp\/v2\/comments?post=108058"}],"version-history":[{"count":1,"href":"https:\/\/shiawaves.com\/turkish\/wp-json\/wp\/v2\/posts\/108058\/revisions"}],"predecessor-version":[{"id":108060,"href":"https:\/\/shiawaves.com\/turkish\/wp-json\/wp\/v2\/posts\/108058\/revisions\/108060"}],"wp:featuredmedia":[{"embeddable":true,"href":"https:\/\/shiawaves.com\/turkish\/wp-json\/wp\/v2\/media\/108059"}],"wp:attachment":[{"href":"https:\/\/shiawaves.com\/turkish\/wp-json\/wp\/v2\/media?parent=108058"}],"wp:term":[{"taxonomy":"category","embeddable":true,"href":"https:\/\/shiawaves.com\/turkish\/wp-json\/wp\/v2\/categories?post=108058"},{"taxonomy":"post_tag","embeddable":true,"href":"https:\/\/shiawaves.com\/turkish\/wp-json\/wp\/v2\/tags?post=108058"}],"curies":[{"name":"wp","href":"https:\/\/api.w.org\/{rel}","templated":true}]}}