{"id":108012,"date":"2024-10-19T21:30:00","date_gmt":"2024-10-19T18:30:00","guid":{"rendered":"https:\/\/shiawaves.com\/turkish\/?p=108012"},"modified":"2024-10-19T19:48:31","modified_gmt":"2024-10-19T16:48:31","slug":"frankfurt-kitap-fuarinin-baslangici-ifade-ozgurlugu-ve-edebiyatin-rolune-vurgu","status":"publish","type":"post","link":"https:\/\/shiawaves.com\/turkish\/2024\/10\/19\/frankfurt-kitap-fuarinin-baslangici-ifade-ozgurlugu-ve-edebiyatin-rolune-vurgu\/","title":{"rendered":"Frankfurt Kitap Fuar\u0131&#8217;n\u0131n Ba\u015flang\u0131c\u0131; \u0130fade \u00d6zg\u00fcrl\u00fc\u011f\u00fc ve Edebiyat\u0131n Rol\u00fcne Vurgu"},"content":{"rendered":"\n<p>15 Ekim&#8217;de ba\u015flayan Frankfurt Kitap Fuar\u0131, 76. kez d\u00fczenleniyor ve d\u00fcnyan\u0131n en b\u00fcy\u00fck kitap fuar\u0131 olarak d\u00f6rt bin yay\u0131nc\u0131 ve binlerce yazara ev sahipli\u011fi yap\u0131yor.<\/p>\n\n\n\n<p>\u0130ran&#8217;dan alt\u0131 ba\u011f\u0131ms\u0131z yay\u0131n bulunuyor. Almanya&#8217;n\u0131n k\u00fclt\u00fcr komiseri Claudia Roth ifade \u00f6zg\u00fcrl\u00fc\u011f\u00fcn\u00fcn \u00f6nemini vurgulad\u0131.<\/p>\n\n\n\n<p>Bu etkinlik fikir al\u0131\u015fveri\u015finde bulunmaya ve farkl\u0131 k\u00fclt\u00fcrleri tan\u0131tmaya devam ediyor.<\/p>\n\n\n\n<figure class=\"wp-block-image size-full\"><img loading=\"lazy\" decoding=\"async\" width=\"1024\" height=\"448\" src=\"https:\/\/shiawaves.com\/turkish\/wp-content\/uploads\/sites\/6\/2024\/10\/image-139.png\" alt=\"\" class=\"wp-image-108013\" srcset=\"https:\/\/shiawaves.com\/turkish\/wp-content\/uploads\/sites\/6\/2024\/10\/image-139.png 1024w, https:\/\/shiawaves.com\/turkish\/wp-content\/uploads\/sites\/6\/2024\/10\/image-139-300x131.png 300w, https:\/\/shiawaves.com\/turkish\/wp-content\/uploads\/sites\/6\/2024\/10\/image-139-768x336.png 768w\" sizes=\"auto, (max-width: 1024px) 100vw, 1024px\" \/><\/figure>\n\n\n\n<p>Frankfurt Kitap Fuar\u0131&#8217;n\u0131n 76. etab\u0131, 15 Ekim ak\u015fam\u0131, d\u00fcnyan\u0131n d\u00f6rt bir yan\u0131ndan k\u00fclt\u00fcr yetkilileri ve \u00f6nde gelen yazarlar\u0131n kat\u0131l\u0131m\u0131yla ba\u015flad\u0131.<\/p>\n\n\n\n<p>D\u00fcnyan\u0131n en b\u00fcy\u00fck kitap fuar\u0131 olarak kabul edilen bu fuar, 650 farkl\u0131 etkinlikte yakla\u015f\u0131k d\u00f6rt bin yay\u0131nc\u0131 ve binin \u00fczerinde yazar ve konu\u015fmac\u0131y\u0131 a\u011f\u0131rl\u0131yor.<\/p>\n\n\n\n<p>Ge\u00e7en y\u0131l oldu\u011fu gibi bu fuarda da \u0130ran h\u00fck\u00fcmetinin stand\u0131 bulunmuyor ancak \u0130ran&#8217;dan alt\u0131 aktif yay\u0131n ba\u011f\u0131ms\u0131z olarak bu etkinlikte yer al\u0131yor.<\/p>\n\n\n\n<p>A\u00e7\u0131l\u0131\u015f t\u00f6reninde konu\u015fan Alman K\u00fclt\u00fcr Komiseri Claudia Roth, son d\u00f6nemde d\u00fc\u015f\u00fcnce \u00f6zg\u00fcrl\u00fc\u011f\u00fcne y\u00f6nelik tehditlere dikkat \u00e7ekerek, &#8220;Kitaplar\u0131n \u00f6zg\u00fcrl\u00fc\u011fe ve demokrasiye ihtiyac\u0131 var&#8221; dedi.<\/p>\n\n\n\n<p>\u0130ran yay\u0131nlar\u0131n\u0131n k\u00fclt\u00fcr temsilcisi olarak varl\u0131\u011f\u0131, \u0130ran edebiyat\u0131n\u0131 ve k\u00fclt\u00fcr\u00fcn\u00fc d\u00fcnyaya tan\u0131tma \u00e7abas\u0131n\u0131 g\u00f6stermektedir.<\/p>\n\n\n\n<figure class=\"wp-block-image size-full is-resized\"><img loading=\"lazy\" decoding=\"async\" width=\"281\" height=\"179\" src=\"https:\/\/shiawaves.com\/turkish\/wp-content\/uploads\/sites\/6\/2024\/10\/image-140.png\" alt=\"\" class=\"wp-image-108014\" style=\"width:840px;height:auto\"\/><\/figure>\n\n\n\n<p>Bu arada, uluslararas\u0131 edebiyat\u0131n di\u011fer y\u00f6nlerine daha fazla ilgi g\u00f6sterilebilir.<\/p>\n\n\n\n<p>K\u00fcresel k\u00fclt\u00fcrel ve politik meselelerin vurguland\u0131\u011f\u0131 bu y\u0131lki sergide, T\u00fcrk yazar Elif \u015eafak&#8217;\u0131n da aralar\u0131nda bulundu\u011fu, ifade \u00f6zg\u00fcrl\u00fc\u011f\u00fcn\u00fcn \u00f6nemine ve yazarlar\u0131n insanlar\u0131 ayd\u0131nlatma ve bilgilendirmedeki rol\u00fcne vurgu yapan etkileyici konu\u015fmalar yap\u0131ld\u0131.<\/p>\n\n\n\n<p>Bu etkinlik, \u00f6nemli bir k\u00fclt\u00fcrel platform olarak fikir ve d\u00fc\u015f\u00fcnce al\u0131\u015fveri\u015fine olanak sa\u011flayan yay\u0131nc\u0131l\u0131k sekt\u00f6r\u00fcndeki ve k\u00fcresel k\u00fclt\u00fcrdeki geli\u015fmeleri ve geli\u015fmeleri bir kez daha g\u00f6zler \u00f6n\u00fcne seriyor.<\/p>\n","protected":false},"excerpt":{"rendered":"<p>15 Ekim&#8217;de ba\u015flayan Frankfurt Kitap Fuar\u0131, 76. kez d\u00fczenleniyor ve d\u00fcnyan\u0131n en b\u00fcy\u00fck kitap fuar\u0131 olarak d\u00f6rt bin yay\u0131nc\u0131 ve binlerce yazara ev sahipli\u011fi yap\u0131yor. \u0130ran&#8217;dan alt\u0131 ba\u011f\u0131ms\u0131z yay\u0131n bulunuyor. Almanya&#8217;n\u0131n k\u00fclt\u00fcr komiseri Claudia Roth ifade \u00f6zg\u00fcrl\u00fc\u011f\u00fcn\u00fcn \u00f6nemini vurgulad\u0131. Bu etkinlik fikir al\u0131\u015fveri\u015finde bulunmaya ve farkl\u0131 k\u00fclt\u00fcrleri tan\u0131tmaya devam ediyor. Frankfurt Kitap Fuar\u0131&#8217;n\u0131n 76. etab\u0131, &hellip;<\/p>\n","protected":false},"author":1,"featured_media":108014,"comment_status":"open","ping_status":"open","sticky":false,"template":"","format":"standard","meta":{"rop_custom_images_group":[],"rop_custom_messages_group":[],"rop_publish_now":"initial","rop_publish_now_accounts":[],"rop_publish_now_history":[],"rop_publish_now_status":"pending","footnotes":""},"categories":[71],"tags":[1093],"class_list":["post-108012","post","type-post","status-publish","format-standard","has-post-thumbnail","hentry","category-germany","tag-frankfurt-kitap-fuarinin-baslangici-ifade-ozgurlugu-ve-edebiyatin-rolune-vurgu"],"_wp_page_template":null,"_wp_attached_file":null,"_wp_attachment_metadata":null,"_edit_lock":"1729356511:1","yoast_head":"<!-- This site is optimized with the Yoast SEO plugin v24.3 - https:\/\/yoast.com\/wordpress\/plugins\/seo\/ -->\n<title>Frankfurt Kitap Fuar\u0131&#039;n\u0131n Ba\u015flang\u0131c\u0131; \u0130fade \u00d6zg\u00fcrl\u00fc\u011f\u00fc ve Edebiyat\u0131n Rol\u00fcne Vurgu - ShiaWaves Turkish - \u015eia Haberleri<\/title>\n<meta name=\"description\" content=\"Frankfurt Kitap Fuar\u0131&#039;n\u0131n Ba\u015flang\u0131c\u0131; \u0130fade \u00d6zg\u00fcrl\u00fc\u011f\u00fc ve Edebiyat\u0131n Rol\u00fcne Vurgu\" \/>\n<meta name=\"robots\" content=\"index, follow, max-snippet:-1, max-image-preview:large, max-video-preview:-1\" \/>\n<link rel=\"canonical\" href=\"https:\/\/shiawaves.com\/turkish\/2024\/10\/19\/frankfurt-kitap-fuarinin-baslangici-ifade-ozgurlugu-ve-edebiyatin-rolune-vurgu\/\" \/>\n<meta property=\"og:locale\" content=\"tr_TR\" \/>\n<meta property=\"og:type\" content=\"article\" \/>\n<meta property=\"og:title\" content=\"Frankfurt Kitap Fuar\u0131&#039;n\u0131n Ba\u015flang\u0131c\u0131; \u0130fade \u00d6zg\u00fcrl\u00fc\u011f\u00fc ve Edebiyat\u0131n Rol\u00fcne Vurgu - ShiaWaves Turkish - \u015eia Haberleri\" \/>\n<meta property=\"og:description\" content=\"Frankfurt Kitap Fuar\u0131&#039;n\u0131n Ba\u015flang\u0131c\u0131; \u0130fade \u00d6zg\u00fcrl\u00fc\u011f\u00fc ve Edebiyat\u0131n Rol\u00fcne Vurgu\" \/>\n<meta property=\"og:url\" content=\"https:\/\/shiawaves.com\/turkish\/2024\/10\/19\/frankfurt-kitap-fuarinin-baslangici-ifade-ozgurlugu-ve-edebiyatin-rolune-vurgu\/\" \/>\n<meta property=\"og:site_name\" content=\"ShiaWaves Turkish - \u015eia Haberleri\" \/>\n<meta property=\"article:published_time\" content=\"2024-10-19T18:30:00+00:00\" \/>\n<meta property=\"article:modified_time\" content=\"2024-10-19T16:48:31+00:00\" \/>\n<meta property=\"og:image\" content=\"https:\/\/shiawaves.com\/turkish\/wp-content\/uploads\/sites\/6\/2024\/10\/image-140.png\" \/>\n\t<meta property=\"og:image:width\" content=\"281\" \/>\n\t<meta property=\"og:image:height\" content=\"179\" \/>\n\t<meta property=\"og:image:type\" content=\"image\/png\" \/>\n<meta name=\"author\" content=\"modir\" \/>\n<meta name=\"twitter:card\" content=\"summary_large_image\" \/>\n<meta name=\"twitter:label1\" content=\"Yazan:\" \/>\n\t<meta name=\"twitter:data1\" content=\"modir\" \/>\n\t<meta name=\"twitter:label2\" content=\"Tahmini okuma s\u00fcresi\" \/>\n\t<meta name=\"twitter:data2\" content=\"2 dakika\" \/>\n<script type=\"application\/ld+json\" class=\"yoast-schema-graph\">{\"@context\":\"https:\/\/schema.org\",\"@graph\":[{\"@type\":\"WebPage\",\"@id\":\"https:\/\/shiawaves.com\/turkish\/2024\/10\/19\/frankfurt-kitap-fuarinin-baslangici-ifade-ozgurlugu-ve-edebiyatin-rolune-vurgu\/\",\"url\":\"https:\/\/shiawaves.com\/turkish\/2024\/10\/19\/frankfurt-kitap-fuarinin-baslangici-ifade-ozgurlugu-ve-edebiyatin-rolune-vurgu\/\",\"name\":\"Frankfurt Kitap Fuar\u0131'n\u0131n Ba\u015flang\u0131c\u0131; \u0130fade \u00d6zg\u00fcrl\u00fc\u011f\u00fc ve Edebiyat\u0131n Rol\u00fcne Vurgu - ShiaWaves Turkish - \u015eia Haberleri\",\"isPartOf\":{\"@id\":\"https:\/\/shiawaves.com\/turkish\/#website\"},\"primaryImageOfPage\":{\"@id\":\"https:\/\/shiawaves.com\/turkish\/2024\/10\/19\/frankfurt-kitap-fuarinin-baslangici-ifade-ozgurlugu-ve-edebiyatin-rolune-vurgu\/#primaryimage\"},\"image\":{\"@id\":\"https:\/\/shiawaves.com\/turkish\/2024\/10\/19\/frankfurt-kitap-fuarinin-baslangici-ifade-ozgurlugu-ve-edebiyatin-rolune-vurgu\/#primaryimage\"},\"thumbnailUrl\":\"https:\/\/shiawaves.com\/turkish\/wp-content\/uploads\/sites\/6\/2024\/10\/image-140.png\",\"datePublished\":\"2024-10-19T18:30:00+00:00\",\"dateModified\":\"2024-10-19T16:48:31+00:00\",\"author\":{\"@id\":\"https:\/\/shiawaves.com\/turkish\/#\/schema\/person\/9f68d5023e948086b9348fba5aebd954\"},\"description\":\"Frankfurt Kitap Fuar\u0131'n\u0131n Ba\u015flang\u0131c\u0131; \u0130fade \u00d6zg\u00fcrl\u00fc\u011f\u00fc ve Edebiyat\u0131n Rol\u00fcne Vurgu\",\"breadcrumb\":{\"@id\":\"https:\/\/shiawaves.com\/turkish\/2024\/10\/19\/frankfurt-kitap-fuarinin-baslangici-ifade-ozgurlugu-ve-edebiyatin-rolune-vurgu\/#breadcrumb\"},\"inLanguage\":\"tr\",\"potentialAction\":[{\"@type\":\"ReadAction\",\"target\":[\"https:\/\/shiawaves.com\/turkish\/2024\/10\/19\/frankfurt-kitap-fuarinin-baslangici-ifade-ozgurlugu-ve-edebiyatin-rolune-vurgu\/\"]}]},{\"@type\":\"ImageObject\",\"inLanguage\":\"tr\",\"@id\":\"https:\/\/shiawaves.com\/turkish\/2024\/10\/19\/frankfurt-kitap-fuarinin-baslangici-ifade-ozgurlugu-ve-edebiyatin-rolune-vurgu\/#primaryimage\",\"url\":\"https:\/\/shiawaves.com\/turkish\/wp-content\/uploads\/sites\/6\/2024\/10\/image-140.png\",\"contentUrl\":\"https:\/\/shiawaves.com\/turkish\/wp-content\/uploads\/sites\/6\/2024\/10\/image-140.png\",\"width\":281,\"height\":179,\"caption\":\"Frankfurt Kitap Fuar\u0131'n\u0131n Ba\u015flang\u0131c\u0131; \u0130fade \u00d6zg\u00fcrl\u00fc\u011f\u00fc ve Edebiyat\u0131n Rol\u00fcne Vurgu\"},{\"@type\":\"BreadcrumbList\",\"@id\":\"https:\/\/shiawaves.com\/turkish\/2024\/10\/19\/frankfurt-kitap-fuarinin-baslangici-ifade-ozgurlugu-ve-edebiyatin-rolune-vurgu\/#breadcrumb\",\"itemListElement\":[{\"@type\":\"ListItem\",\"position\":1,\"name\":\"Home\",\"item\":\"https:\/\/shiawaves.com\/turkish\/\"},{\"@type\":\"ListItem\",\"position\":2,\"name\":\"Frankfurt Kitap Fuar\u0131&#8217;n\u0131n Ba\u015flang\u0131c\u0131; \u0130fade \u00d6zg\u00fcrl\u00fc\u011f\u00fc ve Edebiyat\u0131n Rol\u00fcne Vurgu\"}]},{\"@type\":\"WebSite\",\"@id\":\"https:\/\/shiawaves.com\/turkish\/#website\",\"url\":\"https:\/\/shiawaves.com\/turkish\/\",\"name\":\"ShiaWaves Turkish - \u015eia Haberleri\",\"description\":\"\",\"potentialAction\":[{\"@type\":\"SearchAction\",\"target\":{\"@type\":\"EntryPoint\",\"urlTemplate\":\"https:\/\/shiawaves.com\/turkish\/?s={search_term_string}\"},\"query-input\":{\"@type\":\"PropertyValueSpecification\",\"valueRequired\":true,\"valueName\":\"search_term_string\"}}],\"inLanguage\":\"tr\"},{\"@type\":\"Person\",\"@id\":\"https:\/\/shiawaves.com\/turkish\/#\/schema\/person\/9f68d5023e948086b9348fba5aebd954\",\"name\":\"modir\",\"image\":{\"@type\":\"ImageObject\",\"inLanguage\":\"tr\",\"@id\":\"https:\/\/shiawaves.com\/turkish\/#\/schema\/person\/image\/\",\"url\":\"https:\/\/secure.gravatar.com\/avatar\/8e76f93cdbdd480bd8918d1e0e1d938664c9cb1516c2a57a2b96fe50b507a6b9?s=96&d=mm&r=g\",\"contentUrl\":\"https:\/\/secure.gravatar.com\/avatar\/8e76f93cdbdd480bd8918d1e0e1d938664c9cb1516c2a57a2b96fe50b507a6b9?s=96&d=mm&r=g\",\"caption\":\"modir\"},\"sameAs\":[\"https:\/\/shiawaves.com\"],\"url\":\"https:\/\/shiawaves.com\/turkish\/author\/modir\/\"}]}<\/script>\n<!-- \/ Yoast SEO plugin. -->","yoast_head_json":{"title":"Frankfurt Kitap Fuar\u0131'n\u0131n Ba\u015flang\u0131c\u0131; \u0130fade \u00d6zg\u00fcrl\u00fc\u011f\u00fc ve Edebiyat\u0131n Rol\u00fcne Vurgu - ShiaWaves Turkish - \u015eia Haberleri","description":"Frankfurt Kitap Fuar\u0131'n\u0131n Ba\u015flang\u0131c\u0131; \u0130fade \u00d6zg\u00fcrl\u00fc\u011f\u00fc ve Edebiyat\u0131n Rol\u00fcne Vurgu","robots":{"index":"index","follow":"follow","max-snippet":"max-snippet:-1","max-image-preview":"max-image-preview:large","max-video-preview":"max-video-preview:-1"},"canonical":"https:\/\/shiawaves.com\/turkish\/2024\/10\/19\/frankfurt-kitap-fuarinin-baslangici-ifade-ozgurlugu-ve-edebiyatin-rolune-vurgu\/","og_locale":"tr_TR","og_type":"article","og_title":"Frankfurt Kitap Fuar\u0131'n\u0131n Ba\u015flang\u0131c\u0131; \u0130fade \u00d6zg\u00fcrl\u00fc\u011f\u00fc ve Edebiyat\u0131n Rol\u00fcne Vurgu - ShiaWaves Turkish - \u015eia Haberleri","og_description":"Frankfurt Kitap Fuar\u0131'n\u0131n Ba\u015flang\u0131c\u0131; \u0130fade \u00d6zg\u00fcrl\u00fc\u011f\u00fc ve Edebiyat\u0131n Rol\u00fcne Vurgu","og_url":"https:\/\/shiawaves.com\/turkish\/2024\/10\/19\/frankfurt-kitap-fuarinin-baslangici-ifade-ozgurlugu-ve-edebiyatin-rolune-vurgu\/","og_site_name":"ShiaWaves Turkish - \u015eia Haberleri","article_published_time":"2024-10-19T18:30:00+00:00","article_modified_time":"2024-10-19T16:48:31+00:00","og_image":[{"width":281,"height":179,"url":"https:\/\/shiawaves.com\/turkish\/wp-content\/uploads\/sites\/6\/2024\/10\/image-140.png","type":"image\/png"}],"author":"modir","twitter_card":"summary_large_image","twitter_misc":{"Yazan:":"modir","Tahmini okuma s\u00fcresi":"2 dakika"},"schema":{"@context":"https:\/\/schema.org","@graph":[{"@type":"WebPage","@id":"https:\/\/shiawaves.com\/turkish\/2024\/10\/19\/frankfurt-kitap-fuarinin-baslangici-ifade-ozgurlugu-ve-edebiyatin-rolune-vurgu\/","url":"https:\/\/shiawaves.com\/turkish\/2024\/10\/19\/frankfurt-kitap-fuarinin-baslangici-ifade-ozgurlugu-ve-edebiyatin-rolune-vurgu\/","name":"Frankfurt Kitap Fuar\u0131'n\u0131n Ba\u015flang\u0131c\u0131; \u0130fade \u00d6zg\u00fcrl\u00fc\u011f\u00fc ve Edebiyat\u0131n Rol\u00fcne Vurgu - ShiaWaves Turkish - \u015eia Haberleri","isPartOf":{"@id":"https:\/\/shiawaves.com\/turkish\/#website"},"primaryImageOfPage":{"@id":"https:\/\/shiawaves.com\/turkish\/2024\/10\/19\/frankfurt-kitap-fuarinin-baslangici-ifade-ozgurlugu-ve-edebiyatin-rolune-vurgu\/#primaryimage"},"image":{"@id":"https:\/\/shiawaves.com\/turkish\/2024\/10\/19\/frankfurt-kitap-fuarinin-baslangici-ifade-ozgurlugu-ve-edebiyatin-rolune-vurgu\/#primaryimage"},"thumbnailUrl":"https:\/\/shiawaves.com\/turkish\/wp-content\/uploads\/sites\/6\/2024\/10\/image-140.png","datePublished":"2024-10-19T18:30:00+00:00","dateModified":"2024-10-19T16:48:31+00:00","author":{"@id":"https:\/\/shiawaves.com\/turkish\/#\/schema\/person\/9f68d5023e948086b9348fba5aebd954"},"description":"Frankfurt Kitap Fuar\u0131'n\u0131n Ba\u015flang\u0131c\u0131; \u0130fade \u00d6zg\u00fcrl\u00fc\u011f\u00fc ve Edebiyat\u0131n Rol\u00fcne Vurgu","breadcrumb":{"@id":"https:\/\/shiawaves.com\/turkish\/2024\/10\/19\/frankfurt-kitap-fuarinin-baslangici-ifade-ozgurlugu-ve-edebiyatin-rolune-vurgu\/#breadcrumb"},"inLanguage":"tr","potentialAction":[{"@type":"ReadAction","target":["https:\/\/shiawaves.com\/turkish\/2024\/10\/19\/frankfurt-kitap-fuarinin-baslangici-ifade-ozgurlugu-ve-edebiyatin-rolune-vurgu\/"]}]},{"@type":"ImageObject","inLanguage":"tr","@id":"https:\/\/shiawaves.com\/turkish\/2024\/10\/19\/frankfurt-kitap-fuarinin-baslangici-ifade-ozgurlugu-ve-edebiyatin-rolune-vurgu\/#primaryimage","url":"https:\/\/shiawaves.com\/turkish\/wp-content\/uploads\/sites\/6\/2024\/10\/image-140.png","contentUrl":"https:\/\/shiawaves.com\/turkish\/wp-content\/uploads\/sites\/6\/2024\/10\/image-140.png","width":281,"height":179,"caption":"Frankfurt Kitap Fuar\u0131'n\u0131n Ba\u015flang\u0131c\u0131; \u0130fade \u00d6zg\u00fcrl\u00fc\u011f\u00fc ve Edebiyat\u0131n Rol\u00fcne Vurgu"},{"@type":"BreadcrumbList","@id":"https:\/\/shiawaves.com\/turkish\/2024\/10\/19\/frankfurt-kitap-fuarinin-baslangici-ifade-ozgurlugu-ve-edebiyatin-rolune-vurgu\/#breadcrumb","itemListElement":[{"@type":"ListItem","position":1,"name":"Home","item":"https:\/\/shiawaves.com\/turkish\/"},{"@type":"ListItem","position":2,"name":"Frankfurt Kitap Fuar\u0131&#8217;n\u0131n Ba\u015flang\u0131c\u0131; \u0130fade \u00d6zg\u00fcrl\u00fc\u011f\u00fc ve Edebiyat\u0131n Rol\u00fcne Vurgu"}]},{"@type":"WebSite","@id":"https:\/\/shiawaves.com\/turkish\/#website","url":"https:\/\/shiawaves.com\/turkish\/","name":"ShiaWaves Turkish - \u015eia Haberleri","description":"","potentialAction":[{"@type":"SearchAction","target":{"@type":"EntryPoint","urlTemplate":"https:\/\/shiawaves.com\/turkish\/?s={search_term_string}"},"query-input":{"@type":"PropertyValueSpecification","valueRequired":true,"valueName":"search_term_string"}}],"inLanguage":"tr"},{"@type":"Person","@id":"https:\/\/shiawaves.com\/turkish\/#\/schema\/person\/9f68d5023e948086b9348fba5aebd954","name":"modir","image":{"@type":"ImageObject","inLanguage":"tr","@id":"https:\/\/shiawaves.com\/turkish\/#\/schema\/person\/image\/","url":"https:\/\/secure.gravatar.com\/avatar\/8e76f93cdbdd480bd8918d1e0e1d938664c9cb1516c2a57a2b96fe50b507a6b9?s=96&d=mm&r=g","contentUrl":"https:\/\/secure.gravatar.com\/avatar\/8e76f93cdbdd480bd8918d1e0e1d938664c9cb1516c2a57a2b96fe50b507a6b9?s=96&d=mm&r=g","caption":"modir"},"sameAs":["https:\/\/shiawaves.com"],"url":"https:\/\/shiawaves.com\/turkish\/author\/modir\/"}]}},"_links":{"self":[{"href":"https:\/\/shiawaves.com\/turkish\/wp-json\/wp\/v2\/posts\/108012","targetHints":{"allow":["GET"]}}],"collection":[{"href":"https:\/\/shiawaves.com\/turkish\/wp-json\/wp\/v2\/posts"}],"about":[{"href":"https:\/\/shiawaves.com\/turkish\/wp-json\/wp\/v2\/types\/post"}],"author":[{"embeddable":true,"href":"https:\/\/shiawaves.com\/turkish\/wp-json\/wp\/v2\/users\/1"}],"replies":[{"embeddable":true,"href":"https:\/\/shiawaves.com\/turkish\/wp-json\/wp\/v2\/comments?post=108012"}],"version-history":[{"count":1,"href":"https:\/\/shiawaves.com\/turkish\/wp-json\/wp\/v2\/posts\/108012\/revisions"}],"predecessor-version":[{"id":108015,"href":"https:\/\/shiawaves.com\/turkish\/wp-json\/wp\/v2\/posts\/108012\/revisions\/108015"}],"wp:featuredmedia":[{"embeddable":true,"href":"https:\/\/shiawaves.com\/turkish\/wp-json\/wp\/v2\/media\/108014"}],"wp:attachment":[{"href":"https:\/\/shiawaves.com\/turkish\/wp-json\/wp\/v2\/media?parent=108012"}],"wp:term":[{"taxonomy":"category","embeddable":true,"href":"https:\/\/shiawaves.com\/turkish\/wp-json\/wp\/v2\/categories?post=108012"},{"taxonomy":"post_tag","embeddable":true,"href":"https:\/\/shiawaves.com\/turkish\/wp-json\/wp\/v2\/tags?post=108012"}],"curies":[{"name":"wp","href":"https:\/\/api.w.org\/{rel}","templated":true}]}}