{"id":107909,"date":"2024-10-16T14:00:00","date_gmt":"2024-10-16T11:00:00","guid":{"rendered":"https:\/\/shiawaves.com\/turkish\/?p=107909"},"modified":"2024-10-16T12:39:53","modified_gmt":"2024-10-16T09:39:53","slug":"avrupa-konseyi-danimarka-egitim-ve-kanun-uygulamalarinda-daha-fazla-muslumani-istihdam","status":"publish","type":"post","link":"https:\/\/shiawaves.com\/turkish\/2024\/10\/16\/avrupa-konseyi-danimarka-egitim-ve-kanun-uygulamalarinda-daha-fazla-muslumani-istihdam\/","title":{"rendered":"Avrupa Konseyi: Danimarka E\u011fitim ve Kanun Uygulamalar\u0131nda Daha Fazla M\u00fcsl\u00fcman\u0131 \u0130stihdam"},"content":{"rendered":"\n<p>Avrupa Konseyi son tavsiyelerinde Danimarka&#8217;dan M\u00fcsl\u00fcmanlar\u0131n e\u011fitim ve kamu kurumlar\u0131nda istihdam edilmesi konusunda harekete ge\u00e7mesini istedi.<\/p>\n\n\n\n<figure class=\"wp-block-image size-full is-resized\"><img loading=\"lazy\" decoding=\"async\" width=\"768\" height=\"432\" src=\"https:\/\/shiawaves.com\/turkish\/wp-content\/uploads\/sites\/6\/2024\/10\/image-100.png\" alt=\"\" class=\"wp-image-107910\" style=\"width:840px;height:auto\" srcset=\"https:\/\/shiawaves.com\/turkish\/wp-content\/uploads\/sites\/6\/2024\/10\/image-100.png 768w, https:\/\/shiawaves.com\/turkish\/wp-content\/uploads\/sites\/6\/2024\/10\/image-100-300x169.png 300w, https:\/\/shiawaves.com\/turkish\/wp-content\/uploads\/sites\/6\/2024\/10\/image-100-390x220.png 390w\" sizes=\"auto, (max-width: 768px) 100vw, 768px\" \/><\/figure>\n\n\n\n<p>Uluslararas\u0131 insan haklar\u0131 kurumu, Danimarka h\u00fck\u00fcmetine \u0131rk\u00e7\u0131l\u0131kla m\u00fccadele i\u00e7in, \u00f6\u011fretmenlik ve yasama i\u015flerinde \u00e7al\u0131\u015fan M\u00fcsl\u00fcman ve di\u011fer az\u0131nl\u0131k \u00e7al\u0131\u015fanlar\u0131n\u0131n say\u0131s\u0131n\u0131n art\u0131r\u0131lmas\u0131 da dahil olmak \u00fczere bir ulusal eylem plan\u0131 uygulamas\u0131n\u0131 \u00f6nerdi.<\/p>\n\n\n\n<p>Raporlara g\u00f6re Avrupa Konseyi, M\u00fcsl\u00fcman kar\u015f\u0131t\u0131 \u0131rk\u00e7\u0131l\u0131k ve ayr\u0131mc\u0131l\u0131\u011f\u0131n \u00f6nlenmesi gerekti\u011fini vurgulad\u0131.<\/p>\n\n\n\n<p>\u00d6nceki Danimarka h\u00fck\u00fcmeti 2022&#8217;de \u0131rk\u00e7\u0131l\u0131k kar\u015f\u0131t\u0131 bir eylem plan\u0131 kabul etmi\u015fti ve bu plan\u0131n ba\u015flat\u0131lmas\u0131n\u0131n \u00fczerinden iki y\u0131l ge\u00e7ti.<\/p>\n\n\n\n<p>Tavsiyeler, Danimarka&#8217;daki M\u00fcsl\u00fcmanlar\u0131n kar\u015f\u0131la\u015ft\u0131\u011f\u0131 zorluklara ili\u015fkin raporlar\u0131n ard\u0131ndan geldi.<\/p>\n\n\n\n<p>Avrupa \u0130slamofobi 2022 raporuna g\u00f6re Danimarka, Fransa ve Avusturya ile birlikte M\u00fcsl\u00fcmanlar i\u00e7in zorlu \u00fclkelerden biri olarak biliniyor.<\/p>\n\n\n\n<p>Danimarka&#8217;daki dini nefret su\u00e7lar\u0131n\u0131n yar\u0131dan fazlas\u0131 M\u00fcsl\u00fcmanlar\u0131 hedef al\u0131yor.<\/p>\n","protected":false},"excerpt":{"rendered":"<p>Avrupa Konseyi son tavsiyelerinde Danimarka&#8217;dan M\u00fcsl\u00fcmanlar\u0131n e\u011fitim ve kamu kurumlar\u0131nda istihdam edilmesi konusunda harekete ge\u00e7mesini istedi. Uluslararas\u0131 insan haklar\u0131 kurumu, Danimarka h\u00fck\u00fcmetine \u0131rk\u00e7\u0131l\u0131kla m\u00fccadele i\u00e7in, \u00f6\u011fretmenlik ve yasama i\u015flerinde \u00e7al\u0131\u015fan M\u00fcsl\u00fcman ve di\u011fer az\u0131nl\u0131k \u00e7al\u0131\u015fanlar\u0131n\u0131n say\u0131s\u0131n\u0131n art\u0131r\u0131lmas\u0131 da dahil olmak \u00fczere bir ulusal eylem plan\u0131 uygulamas\u0131n\u0131 \u00f6nerdi. Raporlara g\u00f6re Avrupa Konseyi, M\u00fcsl\u00fcman kar\u015f\u0131t\u0131 \u0131rk\u00e7\u0131l\u0131k ve &hellip;<\/p>\n","protected":false},"author":1,"featured_media":107910,"comment_status":"open","ping_status":"open","sticky":false,"template":"","format":"standard","meta":{"rop_custom_images_group":[],"rop_custom_messages_group":[],"rop_publish_now":"initial","rop_publish_now_accounts":[],"rop_publish_now_history":[],"rop_publish_now_status":"pending","footnotes":""},"categories":[23],"tags":[1054,1055,1056],"class_list":["post-107909","post","type-post","status-publish","format-standard","has-post-thumbnail","hentry","category-europe","tag-avrupa-konseyi","tag-danimarka-egitim","tag-muslumani-istihdam"],"_wp_page_template":null,"_wp_attached_file":null,"_wp_attachment_metadata":null,"_edit_lock":"1729071594:1","yoast_head":"<!-- This site is optimized with the Yoast SEO plugin v24.3 - https:\/\/yoast.com\/wordpress\/plugins\/seo\/ -->\n<title>Avrupa Konseyi: Danimarka E\u011fitim ve Kanun Uygulamalar\u0131nda Daha Fazla M\u00fcsl\u00fcman\u0131 \u0130stihdam - ShiaWaves Turkish - \u015eia Haberleri<\/title>\n<meta name=\"description\" content=\"Danimarka E\u011fitim ve Kanun Uygulamalar\u0131nda Daha Fazla M\u00fcsl\u00fcman\u0131 \u0130stihdam Etmeli\" \/>\n<meta name=\"robots\" content=\"index, follow, max-snippet:-1, max-image-preview:large, max-video-preview:-1\" \/>\n<link rel=\"canonical\" href=\"https:\/\/shiawaves.com\/turkish\/2024\/10\/16\/avrupa-konseyi-danimarka-egitim-ve-kanun-uygulamalarinda-daha-fazla-muslumani-istihdam\/\" \/>\n<meta property=\"og:locale\" content=\"tr_TR\" \/>\n<meta property=\"og:type\" content=\"article\" \/>\n<meta property=\"og:title\" content=\"Avrupa Konseyi: Danimarka E\u011fitim ve Kanun Uygulamalar\u0131nda Daha Fazla M\u00fcsl\u00fcman\u0131 \u0130stihdam - ShiaWaves Turkish - \u015eia Haberleri\" \/>\n<meta property=\"og:description\" content=\"Danimarka E\u011fitim ve Kanun Uygulamalar\u0131nda Daha Fazla M\u00fcsl\u00fcman\u0131 \u0130stihdam Etmeli\" \/>\n<meta property=\"og:url\" content=\"https:\/\/shiawaves.com\/turkish\/2024\/10\/16\/avrupa-konseyi-danimarka-egitim-ve-kanun-uygulamalarinda-daha-fazla-muslumani-istihdam\/\" \/>\n<meta property=\"og:site_name\" content=\"ShiaWaves Turkish - \u015eia Haberleri\" \/>\n<meta property=\"article:published_time\" content=\"2024-10-16T11:00:00+00:00\" \/>\n<meta property=\"article:modified_time\" content=\"2024-10-16T09:39:53+00:00\" \/>\n<meta property=\"og:image\" content=\"https:\/\/shiawaves.com\/turkish\/wp-content\/uploads\/sites\/6\/2024\/10\/image-100.png\" \/>\n\t<meta property=\"og:image:width\" content=\"768\" \/>\n\t<meta property=\"og:image:height\" content=\"432\" \/>\n\t<meta property=\"og:image:type\" content=\"image\/png\" \/>\n<meta name=\"author\" content=\"modir\" \/>\n<meta name=\"twitter:card\" content=\"summary_large_image\" \/>\n<meta name=\"twitter:label1\" content=\"Yazan:\" \/>\n\t<meta name=\"twitter:data1\" content=\"modir\" \/>\n\t<meta name=\"twitter:label2\" content=\"Tahmini okuma s\u00fcresi\" \/>\n\t<meta name=\"twitter:data2\" content=\"2 dakika\" \/>\n<script type=\"application\/ld+json\" class=\"yoast-schema-graph\">{\"@context\":\"https:\/\/schema.org\",\"@graph\":[{\"@type\":\"WebPage\",\"@id\":\"https:\/\/shiawaves.com\/turkish\/2024\/10\/16\/avrupa-konseyi-danimarka-egitim-ve-kanun-uygulamalarinda-daha-fazla-muslumani-istihdam\/\",\"url\":\"https:\/\/shiawaves.com\/turkish\/2024\/10\/16\/avrupa-konseyi-danimarka-egitim-ve-kanun-uygulamalarinda-daha-fazla-muslumani-istihdam\/\",\"name\":\"Avrupa Konseyi: Danimarka E\u011fitim ve Kanun Uygulamalar\u0131nda Daha Fazla M\u00fcsl\u00fcman\u0131 \u0130stihdam - ShiaWaves Turkish - \u015eia Haberleri\",\"isPartOf\":{\"@id\":\"https:\/\/shiawaves.com\/turkish\/#website\"},\"primaryImageOfPage\":{\"@id\":\"https:\/\/shiawaves.com\/turkish\/2024\/10\/16\/avrupa-konseyi-danimarka-egitim-ve-kanun-uygulamalarinda-daha-fazla-muslumani-istihdam\/#primaryimage\"},\"image\":{\"@id\":\"https:\/\/shiawaves.com\/turkish\/2024\/10\/16\/avrupa-konseyi-danimarka-egitim-ve-kanun-uygulamalarinda-daha-fazla-muslumani-istihdam\/#primaryimage\"},\"thumbnailUrl\":\"https:\/\/shiawaves.com\/turkish\/wp-content\/uploads\/sites\/6\/2024\/10\/image-100.png\",\"datePublished\":\"2024-10-16T11:00:00+00:00\",\"dateModified\":\"2024-10-16T09:39:53+00:00\",\"author\":{\"@id\":\"https:\/\/shiawaves.com\/turkish\/#\/schema\/person\/9f68d5023e948086b9348fba5aebd954\"},\"description\":\"Danimarka E\u011fitim ve Kanun Uygulamalar\u0131nda Daha Fazla M\u00fcsl\u00fcman\u0131 \u0130stihdam Etmeli\",\"breadcrumb\":{\"@id\":\"https:\/\/shiawaves.com\/turkish\/2024\/10\/16\/avrupa-konseyi-danimarka-egitim-ve-kanun-uygulamalarinda-daha-fazla-muslumani-istihdam\/#breadcrumb\"},\"inLanguage\":\"tr\",\"potentialAction\":[{\"@type\":\"ReadAction\",\"target\":[\"https:\/\/shiawaves.com\/turkish\/2024\/10\/16\/avrupa-konseyi-danimarka-egitim-ve-kanun-uygulamalarinda-daha-fazla-muslumani-istihdam\/\"]}]},{\"@type\":\"ImageObject\",\"inLanguage\":\"tr\",\"@id\":\"https:\/\/shiawaves.com\/turkish\/2024\/10\/16\/avrupa-konseyi-danimarka-egitim-ve-kanun-uygulamalarinda-daha-fazla-muslumani-istihdam\/#primaryimage\",\"url\":\"https:\/\/shiawaves.com\/turkish\/wp-content\/uploads\/sites\/6\/2024\/10\/image-100.png\",\"contentUrl\":\"https:\/\/shiawaves.com\/turkish\/wp-content\/uploads\/sites\/6\/2024\/10\/image-100.png\",\"width\":768,\"height\":432,\"caption\":\"Avrupa Konseyi: Danimarka E\u011fitim ve Kanun Uygulamalar\u0131nda Daha Fazla M\u00fcsl\u00fcman\u0131 \u0130stihdam Etmeli\"},{\"@type\":\"BreadcrumbList\",\"@id\":\"https:\/\/shiawaves.com\/turkish\/2024\/10\/16\/avrupa-konseyi-danimarka-egitim-ve-kanun-uygulamalarinda-daha-fazla-muslumani-istihdam\/#breadcrumb\",\"itemListElement\":[{\"@type\":\"ListItem\",\"position\":1,\"name\":\"Home\",\"item\":\"https:\/\/shiawaves.com\/turkish\/\"},{\"@type\":\"ListItem\",\"position\":2,\"name\":\"Avrupa Konseyi: Danimarka E\u011fitim ve Kanun Uygulamalar\u0131nda Daha Fazla M\u00fcsl\u00fcman\u0131 \u0130stihdam\"}]},{\"@type\":\"WebSite\",\"@id\":\"https:\/\/shiawaves.com\/turkish\/#website\",\"url\":\"https:\/\/shiawaves.com\/turkish\/\",\"name\":\"ShiaWaves Turkish - \u015eia Haberleri\",\"description\":\"\",\"potentialAction\":[{\"@type\":\"SearchAction\",\"target\":{\"@type\":\"EntryPoint\",\"urlTemplate\":\"https:\/\/shiawaves.com\/turkish\/?s={search_term_string}\"},\"query-input\":{\"@type\":\"PropertyValueSpecification\",\"valueRequired\":true,\"valueName\":\"search_term_string\"}}],\"inLanguage\":\"tr\"},{\"@type\":\"Person\",\"@id\":\"https:\/\/shiawaves.com\/turkish\/#\/schema\/person\/9f68d5023e948086b9348fba5aebd954\",\"name\":\"modir\",\"image\":{\"@type\":\"ImageObject\",\"inLanguage\":\"tr\",\"@id\":\"https:\/\/shiawaves.com\/turkish\/#\/schema\/person\/image\/\",\"url\":\"https:\/\/secure.gravatar.com\/avatar\/8e76f93cdbdd480bd8918d1e0e1d938664c9cb1516c2a57a2b96fe50b507a6b9?s=96&d=mm&r=g\",\"contentUrl\":\"https:\/\/secure.gravatar.com\/avatar\/8e76f93cdbdd480bd8918d1e0e1d938664c9cb1516c2a57a2b96fe50b507a6b9?s=96&d=mm&r=g\",\"caption\":\"modir\"},\"sameAs\":[\"https:\/\/shiawaves.com\"],\"url\":\"https:\/\/shiawaves.com\/turkish\/author\/modir\/\"}]}<\/script>\n<!-- \/ Yoast SEO plugin. -->","yoast_head_json":{"title":"Avrupa Konseyi: Danimarka E\u011fitim ve Kanun Uygulamalar\u0131nda Daha Fazla M\u00fcsl\u00fcman\u0131 \u0130stihdam - ShiaWaves Turkish - \u015eia Haberleri","description":"Danimarka E\u011fitim ve Kanun Uygulamalar\u0131nda Daha Fazla M\u00fcsl\u00fcman\u0131 \u0130stihdam Etmeli","robots":{"index":"index","follow":"follow","max-snippet":"max-snippet:-1","max-image-preview":"max-image-preview:large","max-video-preview":"max-video-preview:-1"},"canonical":"https:\/\/shiawaves.com\/turkish\/2024\/10\/16\/avrupa-konseyi-danimarka-egitim-ve-kanun-uygulamalarinda-daha-fazla-muslumani-istihdam\/","og_locale":"tr_TR","og_type":"article","og_title":"Avrupa Konseyi: Danimarka E\u011fitim ve Kanun Uygulamalar\u0131nda Daha Fazla M\u00fcsl\u00fcman\u0131 \u0130stihdam - ShiaWaves Turkish - \u015eia Haberleri","og_description":"Danimarka E\u011fitim ve Kanun Uygulamalar\u0131nda Daha Fazla M\u00fcsl\u00fcman\u0131 \u0130stihdam Etmeli","og_url":"https:\/\/shiawaves.com\/turkish\/2024\/10\/16\/avrupa-konseyi-danimarka-egitim-ve-kanun-uygulamalarinda-daha-fazla-muslumani-istihdam\/","og_site_name":"ShiaWaves Turkish - \u015eia Haberleri","article_published_time":"2024-10-16T11:00:00+00:00","article_modified_time":"2024-10-16T09:39:53+00:00","og_image":[{"width":768,"height":432,"url":"https:\/\/shiawaves.com\/turkish\/wp-content\/uploads\/sites\/6\/2024\/10\/image-100.png","type":"image\/png"}],"author":"modir","twitter_card":"summary_large_image","twitter_misc":{"Yazan:":"modir","Tahmini okuma s\u00fcresi":"2 dakika"},"schema":{"@context":"https:\/\/schema.org","@graph":[{"@type":"WebPage","@id":"https:\/\/shiawaves.com\/turkish\/2024\/10\/16\/avrupa-konseyi-danimarka-egitim-ve-kanun-uygulamalarinda-daha-fazla-muslumani-istihdam\/","url":"https:\/\/shiawaves.com\/turkish\/2024\/10\/16\/avrupa-konseyi-danimarka-egitim-ve-kanun-uygulamalarinda-daha-fazla-muslumani-istihdam\/","name":"Avrupa Konseyi: Danimarka E\u011fitim ve Kanun Uygulamalar\u0131nda Daha Fazla M\u00fcsl\u00fcman\u0131 \u0130stihdam - ShiaWaves Turkish - \u015eia Haberleri","isPartOf":{"@id":"https:\/\/shiawaves.com\/turkish\/#website"},"primaryImageOfPage":{"@id":"https:\/\/shiawaves.com\/turkish\/2024\/10\/16\/avrupa-konseyi-danimarka-egitim-ve-kanun-uygulamalarinda-daha-fazla-muslumani-istihdam\/#primaryimage"},"image":{"@id":"https:\/\/shiawaves.com\/turkish\/2024\/10\/16\/avrupa-konseyi-danimarka-egitim-ve-kanun-uygulamalarinda-daha-fazla-muslumani-istihdam\/#primaryimage"},"thumbnailUrl":"https:\/\/shiawaves.com\/turkish\/wp-content\/uploads\/sites\/6\/2024\/10\/image-100.png","datePublished":"2024-10-16T11:00:00+00:00","dateModified":"2024-10-16T09:39:53+00:00","author":{"@id":"https:\/\/shiawaves.com\/turkish\/#\/schema\/person\/9f68d5023e948086b9348fba5aebd954"},"description":"Danimarka E\u011fitim ve Kanun Uygulamalar\u0131nda Daha Fazla M\u00fcsl\u00fcman\u0131 \u0130stihdam Etmeli","breadcrumb":{"@id":"https:\/\/shiawaves.com\/turkish\/2024\/10\/16\/avrupa-konseyi-danimarka-egitim-ve-kanun-uygulamalarinda-daha-fazla-muslumani-istihdam\/#breadcrumb"},"inLanguage":"tr","potentialAction":[{"@type":"ReadAction","target":["https:\/\/shiawaves.com\/turkish\/2024\/10\/16\/avrupa-konseyi-danimarka-egitim-ve-kanun-uygulamalarinda-daha-fazla-muslumani-istihdam\/"]}]},{"@type":"ImageObject","inLanguage":"tr","@id":"https:\/\/shiawaves.com\/turkish\/2024\/10\/16\/avrupa-konseyi-danimarka-egitim-ve-kanun-uygulamalarinda-daha-fazla-muslumani-istihdam\/#primaryimage","url":"https:\/\/shiawaves.com\/turkish\/wp-content\/uploads\/sites\/6\/2024\/10\/image-100.png","contentUrl":"https:\/\/shiawaves.com\/turkish\/wp-content\/uploads\/sites\/6\/2024\/10\/image-100.png","width":768,"height":432,"caption":"Avrupa Konseyi: Danimarka E\u011fitim ve Kanun Uygulamalar\u0131nda Daha Fazla M\u00fcsl\u00fcman\u0131 \u0130stihdam Etmeli"},{"@type":"BreadcrumbList","@id":"https:\/\/shiawaves.com\/turkish\/2024\/10\/16\/avrupa-konseyi-danimarka-egitim-ve-kanun-uygulamalarinda-daha-fazla-muslumani-istihdam\/#breadcrumb","itemListElement":[{"@type":"ListItem","position":1,"name":"Home","item":"https:\/\/shiawaves.com\/turkish\/"},{"@type":"ListItem","position":2,"name":"Avrupa Konseyi: Danimarka E\u011fitim ve Kanun Uygulamalar\u0131nda Daha Fazla M\u00fcsl\u00fcman\u0131 \u0130stihdam"}]},{"@type":"WebSite","@id":"https:\/\/shiawaves.com\/turkish\/#website","url":"https:\/\/shiawaves.com\/turkish\/","name":"ShiaWaves Turkish - \u015eia Haberleri","description":"","potentialAction":[{"@type":"SearchAction","target":{"@type":"EntryPoint","urlTemplate":"https:\/\/shiawaves.com\/turkish\/?s={search_term_string}"},"query-input":{"@type":"PropertyValueSpecification","valueRequired":true,"valueName":"search_term_string"}}],"inLanguage":"tr"},{"@type":"Person","@id":"https:\/\/shiawaves.com\/turkish\/#\/schema\/person\/9f68d5023e948086b9348fba5aebd954","name":"modir","image":{"@type":"ImageObject","inLanguage":"tr","@id":"https:\/\/shiawaves.com\/turkish\/#\/schema\/person\/image\/","url":"https:\/\/secure.gravatar.com\/avatar\/8e76f93cdbdd480bd8918d1e0e1d938664c9cb1516c2a57a2b96fe50b507a6b9?s=96&d=mm&r=g","contentUrl":"https:\/\/secure.gravatar.com\/avatar\/8e76f93cdbdd480bd8918d1e0e1d938664c9cb1516c2a57a2b96fe50b507a6b9?s=96&d=mm&r=g","caption":"modir"},"sameAs":["https:\/\/shiawaves.com"],"url":"https:\/\/shiawaves.com\/turkish\/author\/modir\/"}]}},"_links":{"self":[{"href":"https:\/\/shiawaves.com\/turkish\/wp-json\/wp\/v2\/posts\/107909","targetHints":{"allow":["GET"]}}],"collection":[{"href":"https:\/\/shiawaves.com\/turkish\/wp-json\/wp\/v2\/posts"}],"about":[{"href":"https:\/\/shiawaves.com\/turkish\/wp-json\/wp\/v2\/types\/post"}],"author":[{"embeddable":true,"href":"https:\/\/shiawaves.com\/turkish\/wp-json\/wp\/v2\/users\/1"}],"replies":[{"embeddable":true,"href":"https:\/\/shiawaves.com\/turkish\/wp-json\/wp\/v2\/comments?post=107909"}],"version-history":[{"count":1,"href":"https:\/\/shiawaves.com\/turkish\/wp-json\/wp\/v2\/posts\/107909\/revisions"}],"predecessor-version":[{"id":107911,"href":"https:\/\/shiawaves.com\/turkish\/wp-json\/wp\/v2\/posts\/107909\/revisions\/107911"}],"wp:featuredmedia":[{"embeddable":true,"href":"https:\/\/shiawaves.com\/turkish\/wp-json\/wp\/v2\/media\/107910"}],"wp:attachment":[{"href":"https:\/\/shiawaves.com\/turkish\/wp-json\/wp\/v2\/media?parent=107909"}],"wp:term":[{"taxonomy":"category","embeddable":true,"href":"https:\/\/shiawaves.com\/turkish\/wp-json\/wp\/v2\/categories?post=107909"},{"taxonomy":"post_tag","embeddable":true,"href":"https:\/\/shiawaves.com\/turkish\/wp-json\/wp\/v2\/tags?post=107909"}],"curies":[{"name":"wp","href":"https:\/\/api.w.org\/{rel}","templated":true}]}}