{"id":107842,"date":"2024-10-13T21:30:00","date_gmt":"2024-10-13T18:30:00","guid":{"rendered":"https:\/\/shiawaves.com\/turkish\/?p=107842"},"modified":"2024-10-13T15:13:08","modified_gmt":"2024-10-13T12:13:08","slug":"asiri-sagin-ulkede-kazandigi-zaferden-sonra-avusturyali-muslumanlarin-kaygisi","status":"publish","type":"post","link":"https:\/\/shiawaves.com\/turkish\/2024\/10\/13\/asiri-sagin-ulkede-kazandigi-zaferden-sonra-avusturyali-muslumanlarin-kaygisi\/","title":{"rendered":"A\u015f\u0131r\u0131 Sa\u011f\u0131n \u00dclkede Kazand\u0131\u011f\u0131 Zaferden Sonra Avusturyal\u0131 M\u00fcsl\u00fcmanlar\u0131n Kayg\u0131s\u0131"},"content":{"rendered":"\n<p>Avusturya&#8217;da 29 Eyl\u00fcl&#8217;de yap\u0131lan genel se\u00e7imlerde a\u015f\u0131r\u0131 sa\u011f \u00d6zg\u00fcrl\u00fck Partisi&#8217;nin (FP\u00d6) elde etti\u011fi ba\u015far\u0131, baz\u0131 Avusturyal\u0131 M\u00fcsl\u00fcmanlar\u0131n s\u0131n\u0131r d\u0131\u015f\u0131 edilme korkusu ya\u015famas\u0131na neden oldu.<\/p>\n\n\n\n<p>Avusturya&#8217;daki M\u00fcsl\u00fcman liderler, partinin g\u00f6\u00e7men k\u00f6kenli ki\u015fileri s\u0131n\u0131r d\u0131\u015f\u0131 etme politikas\u0131n\u0131n \u00fclkede yasa haline gelebilece\u011finden duyduklar\u0131 endi\u015feyi dile getirdi.<\/p>\n\n\n\n<figure class=\"wp-block-image size-full is-resized\"><img loading=\"lazy\" decoding=\"async\" width=\"393\" height=\"220\" src=\"https:\/\/shiawaves.com\/turkish\/wp-content\/uploads\/sites\/6\/2024\/10\/image-78.png\" alt=\"\" class=\"wp-image-107843\" style=\"width:840px;height:auto\" srcset=\"https:\/\/shiawaves.com\/turkish\/wp-content\/uploads\/sites\/6\/2024\/10\/image-78.png 393w, https:\/\/shiawaves.com\/turkish\/wp-content\/uploads\/sites\/6\/2024\/10\/image-78-300x168.png 300w\" sizes=\"auto, (max-width: 393px) 100vw, 393px\" \/><\/figure>\n\n\n\n<p>Avusturya&#8217;daki \u00d6zg\u00fcrl\u00fck Partisi&#8217;nin yasad\u0131\u015f\u0131 g\u00f6\u00e7menleri Avusturya&#8217;dan s\u0131n\u0131r d\u0131\u015f\u0131 etme ve s\u0131n\u0131rlar\u0131 s\u0131\u011f\u0131nmac\u0131lara kapatma niyetinde oldu\u011funu a\u00e7\u0131k\u00e7a ifade etmesi dikkat \u00e7ekicidir.<\/p>\n","protected":false},"excerpt":{"rendered":"<p>Avusturya&#8217;da 29 Eyl\u00fcl&#8217;de yap\u0131lan genel se\u00e7imlerde a\u015f\u0131r\u0131 sa\u011f \u00d6zg\u00fcrl\u00fck Partisi&#8217;nin (FP\u00d6) elde etti\u011fi ba\u015far\u0131, baz\u0131 Avusturyal\u0131 M\u00fcsl\u00fcmanlar\u0131n s\u0131n\u0131r d\u0131\u015f\u0131 edilme korkusu ya\u015famas\u0131na neden oldu. Avusturya&#8217;daki M\u00fcsl\u00fcman liderler, partinin g\u00f6\u00e7men k\u00f6kenli ki\u015fileri s\u0131n\u0131r d\u0131\u015f\u0131 etme politikas\u0131n\u0131n \u00fclkede yasa haline gelebilece\u011finden duyduklar\u0131 endi\u015feyi dile getirdi. Avusturya&#8217;daki \u00d6zg\u00fcrl\u00fck Partisi&#8217;nin yasad\u0131\u015f\u0131 g\u00f6\u00e7menleri Avusturya&#8217;dan s\u0131n\u0131r d\u0131\u015f\u0131 etme ve s\u0131n\u0131rlar\u0131 s\u0131\u011f\u0131nmac\u0131lara &hellip;<\/p>\n","protected":false},"author":1,"featured_media":107843,"comment_status":"open","ping_status":"open","sticky":false,"template":"","format":"standard","meta":{"rop_custom_images_group":[],"rop_custom_messages_group":[],"rop_publish_now":"initial","rop_publish_now_accounts":[],"rop_publish_now_history":[],"rop_publish_now_status":"pending","footnotes":""},"categories":[23,71],"tags":[1025],"class_list":["post-107842","post","type-post","status-publish","format-standard","has-post-thumbnail","hentry","category-europe","category-germany","tag-avusturyali-muslumanlarin-kaygisi"],"_wp_page_template":null,"_wp_attached_file":null,"_wp_attachment_metadata":null,"_edit_lock":"1728821588:1","yoast_head":"<!-- This site is optimized with the Yoast SEO plugin v24.3 - https:\/\/yoast.com\/wordpress\/plugins\/seo\/ -->\n<title>A\u015f\u0131r\u0131 Sa\u011f\u0131n \u00dclkede Kazand\u0131\u011f\u0131 Zaferden Sonra Avusturyal\u0131 M\u00fcsl\u00fcmanlar\u0131n Kayg\u0131s\u0131 - ShiaWaves Turkish - \u015eia Haberleri<\/title>\n<meta name=\"description\" content=\"A\u015f\u0131r\u0131 Sa\u011f\u0131n \u00dclkede Kazand\u0131\u011f\u0131 Zaferden Sonra Avusturyal\u0131 M\u00fcsl\u00fcmanlar\u0131n Kayg\u0131s\u0131\" \/>\n<meta name=\"robots\" content=\"index, follow, max-snippet:-1, max-image-preview:large, max-video-preview:-1\" \/>\n<link rel=\"canonical\" href=\"https:\/\/shiawaves.com\/turkish\/2024\/10\/13\/asiri-sagin-ulkede-kazandigi-zaferden-sonra-avusturyali-muslumanlarin-kaygisi\/\" \/>\n<meta property=\"og:locale\" content=\"tr_TR\" \/>\n<meta property=\"og:type\" content=\"article\" \/>\n<meta property=\"og:title\" content=\"A\u015f\u0131r\u0131 Sa\u011f\u0131n \u00dclkede Kazand\u0131\u011f\u0131 Zaferden Sonra Avusturyal\u0131 M\u00fcsl\u00fcmanlar\u0131n Kayg\u0131s\u0131 - ShiaWaves Turkish - \u015eia Haberleri\" \/>\n<meta property=\"og:description\" content=\"A\u015f\u0131r\u0131 Sa\u011f\u0131n \u00dclkede Kazand\u0131\u011f\u0131 Zaferden Sonra Avusturyal\u0131 M\u00fcsl\u00fcmanlar\u0131n Kayg\u0131s\u0131\" \/>\n<meta property=\"og:url\" content=\"https:\/\/shiawaves.com\/turkish\/2024\/10\/13\/asiri-sagin-ulkede-kazandigi-zaferden-sonra-avusturyali-muslumanlarin-kaygisi\/\" \/>\n<meta property=\"og:site_name\" content=\"ShiaWaves Turkish - \u015eia Haberleri\" \/>\n<meta property=\"article:published_time\" content=\"2024-10-13T18:30:00+00:00\" \/>\n<meta property=\"article:modified_time\" content=\"2024-10-13T12:13:08+00:00\" \/>\n<meta property=\"og:image\" content=\"https:\/\/shiawaves.com\/turkish\/wp-content\/uploads\/sites\/6\/2024\/10\/image-78.png\" \/>\n\t<meta property=\"og:image:width\" content=\"393\" \/>\n\t<meta property=\"og:image:height\" content=\"220\" \/>\n\t<meta property=\"og:image:type\" content=\"image\/png\" \/>\n<meta name=\"author\" content=\"modir\" \/>\n<meta name=\"twitter:card\" content=\"summary_large_image\" \/>\n<meta name=\"twitter:label1\" content=\"Yazan:\" \/>\n\t<meta name=\"twitter:data1\" content=\"modir\" \/>\n\t<meta name=\"twitter:label2\" content=\"Tahmini okuma s\u00fcresi\" \/>\n\t<meta name=\"twitter:data2\" content=\"1 dakika\" \/>\n<script type=\"application\/ld+json\" class=\"yoast-schema-graph\">{\"@context\":\"https:\/\/schema.org\",\"@graph\":[{\"@type\":\"WebPage\",\"@id\":\"https:\/\/shiawaves.com\/turkish\/2024\/10\/13\/asiri-sagin-ulkede-kazandigi-zaferden-sonra-avusturyali-muslumanlarin-kaygisi\/\",\"url\":\"https:\/\/shiawaves.com\/turkish\/2024\/10\/13\/asiri-sagin-ulkede-kazandigi-zaferden-sonra-avusturyali-muslumanlarin-kaygisi\/\",\"name\":\"A\u015f\u0131r\u0131 Sa\u011f\u0131n \u00dclkede Kazand\u0131\u011f\u0131 Zaferden Sonra Avusturyal\u0131 M\u00fcsl\u00fcmanlar\u0131n Kayg\u0131s\u0131 - ShiaWaves Turkish - \u015eia Haberleri\",\"isPartOf\":{\"@id\":\"https:\/\/shiawaves.com\/turkish\/#website\"},\"primaryImageOfPage\":{\"@id\":\"https:\/\/shiawaves.com\/turkish\/2024\/10\/13\/asiri-sagin-ulkede-kazandigi-zaferden-sonra-avusturyali-muslumanlarin-kaygisi\/#primaryimage\"},\"image\":{\"@id\":\"https:\/\/shiawaves.com\/turkish\/2024\/10\/13\/asiri-sagin-ulkede-kazandigi-zaferden-sonra-avusturyali-muslumanlarin-kaygisi\/#primaryimage\"},\"thumbnailUrl\":\"https:\/\/shiawaves.com\/turkish\/wp-content\/uploads\/sites\/6\/2024\/10\/image-78.png\",\"datePublished\":\"2024-10-13T18:30:00+00:00\",\"dateModified\":\"2024-10-13T12:13:08+00:00\",\"author\":{\"@id\":\"https:\/\/shiawaves.com\/turkish\/#\/schema\/person\/9f68d5023e948086b9348fba5aebd954\"},\"description\":\"A\u015f\u0131r\u0131 Sa\u011f\u0131n \u00dclkede Kazand\u0131\u011f\u0131 Zaferden Sonra Avusturyal\u0131 M\u00fcsl\u00fcmanlar\u0131n Kayg\u0131s\u0131\",\"breadcrumb\":{\"@id\":\"https:\/\/shiawaves.com\/turkish\/2024\/10\/13\/asiri-sagin-ulkede-kazandigi-zaferden-sonra-avusturyali-muslumanlarin-kaygisi\/#breadcrumb\"},\"inLanguage\":\"tr\",\"potentialAction\":[{\"@type\":\"ReadAction\",\"target\":[\"https:\/\/shiawaves.com\/turkish\/2024\/10\/13\/asiri-sagin-ulkede-kazandigi-zaferden-sonra-avusturyali-muslumanlarin-kaygisi\/\"]}]},{\"@type\":\"ImageObject\",\"inLanguage\":\"tr\",\"@id\":\"https:\/\/shiawaves.com\/turkish\/2024\/10\/13\/asiri-sagin-ulkede-kazandigi-zaferden-sonra-avusturyali-muslumanlarin-kaygisi\/#primaryimage\",\"url\":\"https:\/\/shiawaves.com\/turkish\/wp-content\/uploads\/sites\/6\/2024\/10\/image-78.png\",\"contentUrl\":\"https:\/\/shiawaves.com\/turkish\/wp-content\/uploads\/sites\/6\/2024\/10\/image-78.png\",\"width\":393,\"height\":220,\"caption\":\"A\u015f\u0131r\u0131 Sa\u011f\u0131n \u00dclkede Kazand\u0131\u011f\u0131 Zaferden Sonra Avusturyal\u0131 M\u00fcsl\u00fcmanlar\u0131n Kayg\u0131s\u0131\"},{\"@type\":\"BreadcrumbList\",\"@id\":\"https:\/\/shiawaves.com\/turkish\/2024\/10\/13\/asiri-sagin-ulkede-kazandigi-zaferden-sonra-avusturyali-muslumanlarin-kaygisi\/#breadcrumb\",\"itemListElement\":[{\"@type\":\"ListItem\",\"position\":1,\"name\":\"Home\",\"item\":\"https:\/\/shiawaves.com\/turkish\/\"},{\"@type\":\"ListItem\",\"position\":2,\"name\":\"A\u015f\u0131r\u0131 Sa\u011f\u0131n \u00dclkede Kazand\u0131\u011f\u0131 Zaferden Sonra Avusturyal\u0131 M\u00fcsl\u00fcmanlar\u0131n Kayg\u0131s\u0131\"}]},{\"@type\":\"WebSite\",\"@id\":\"https:\/\/shiawaves.com\/turkish\/#website\",\"url\":\"https:\/\/shiawaves.com\/turkish\/\",\"name\":\"ShiaWaves Turkish - \u015eia Haberleri\",\"description\":\"\",\"potentialAction\":[{\"@type\":\"SearchAction\",\"target\":{\"@type\":\"EntryPoint\",\"urlTemplate\":\"https:\/\/shiawaves.com\/turkish\/?s={search_term_string}\"},\"query-input\":{\"@type\":\"PropertyValueSpecification\",\"valueRequired\":true,\"valueName\":\"search_term_string\"}}],\"inLanguage\":\"tr\"},{\"@type\":\"Person\",\"@id\":\"https:\/\/shiawaves.com\/turkish\/#\/schema\/person\/9f68d5023e948086b9348fba5aebd954\",\"name\":\"modir\",\"image\":{\"@type\":\"ImageObject\",\"inLanguage\":\"tr\",\"@id\":\"https:\/\/shiawaves.com\/turkish\/#\/schema\/person\/image\/\",\"url\":\"https:\/\/secure.gravatar.com\/avatar\/8e76f93cdbdd480bd8918d1e0e1d938664c9cb1516c2a57a2b96fe50b507a6b9?s=96&d=mm&r=g\",\"contentUrl\":\"https:\/\/secure.gravatar.com\/avatar\/8e76f93cdbdd480bd8918d1e0e1d938664c9cb1516c2a57a2b96fe50b507a6b9?s=96&d=mm&r=g\",\"caption\":\"modir\"},\"sameAs\":[\"https:\/\/shiawaves.com\"],\"url\":\"https:\/\/shiawaves.com\/turkish\/author\/modir\/\"}]}<\/script>\n<!-- \/ Yoast SEO plugin. -->","yoast_head_json":{"title":"A\u015f\u0131r\u0131 Sa\u011f\u0131n \u00dclkede Kazand\u0131\u011f\u0131 Zaferden Sonra Avusturyal\u0131 M\u00fcsl\u00fcmanlar\u0131n Kayg\u0131s\u0131 - ShiaWaves Turkish - \u015eia Haberleri","description":"A\u015f\u0131r\u0131 Sa\u011f\u0131n \u00dclkede Kazand\u0131\u011f\u0131 Zaferden Sonra Avusturyal\u0131 M\u00fcsl\u00fcmanlar\u0131n Kayg\u0131s\u0131","robots":{"index":"index","follow":"follow","max-snippet":"max-snippet:-1","max-image-preview":"max-image-preview:large","max-video-preview":"max-video-preview:-1"},"canonical":"https:\/\/shiawaves.com\/turkish\/2024\/10\/13\/asiri-sagin-ulkede-kazandigi-zaferden-sonra-avusturyali-muslumanlarin-kaygisi\/","og_locale":"tr_TR","og_type":"article","og_title":"A\u015f\u0131r\u0131 Sa\u011f\u0131n \u00dclkede Kazand\u0131\u011f\u0131 Zaferden Sonra Avusturyal\u0131 M\u00fcsl\u00fcmanlar\u0131n Kayg\u0131s\u0131 - ShiaWaves Turkish - \u015eia Haberleri","og_description":"A\u015f\u0131r\u0131 Sa\u011f\u0131n \u00dclkede Kazand\u0131\u011f\u0131 Zaferden Sonra Avusturyal\u0131 M\u00fcsl\u00fcmanlar\u0131n Kayg\u0131s\u0131","og_url":"https:\/\/shiawaves.com\/turkish\/2024\/10\/13\/asiri-sagin-ulkede-kazandigi-zaferden-sonra-avusturyali-muslumanlarin-kaygisi\/","og_site_name":"ShiaWaves Turkish - \u015eia Haberleri","article_published_time":"2024-10-13T18:30:00+00:00","article_modified_time":"2024-10-13T12:13:08+00:00","og_image":[{"width":393,"height":220,"url":"https:\/\/shiawaves.com\/turkish\/wp-content\/uploads\/sites\/6\/2024\/10\/image-78.png","type":"image\/png"}],"author":"modir","twitter_card":"summary_large_image","twitter_misc":{"Yazan:":"modir","Tahmini okuma s\u00fcresi":"1 dakika"},"schema":{"@context":"https:\/\/schema.org","@graph":[{"@type":"WebPage","@id":"https:\/\/shiawaves.com\/turkish\/2024\/10\/13\/asiri-sagin-ulkede-kazandigi-zaferden-sonra-avusturyali-muslumanlarin-kaygisi\/","url":"https:\/\/shiawaves.com\/turkish\/2024\/10\/13\/asiri-sagin-ulkede-kazandigi-zaferden-sonra-avusturyali-muslumanlarin-kaygisi\/","name":"A\u015f\u0131r\u0131 Sa\u011f\u0131n \u00dclkede Kazand\u0131\u011f\u0131 Zaferden Sonra Avusturyal\u0131 M\u00fcsl\u00fcmanlar\u0131n Kayg\u0131s\u0131 - ShiaWaves Turkish - \u015eia Haberleri","isPartOf":{"@id":"https:\/\/shiawaves.com\/turkish\/#website"},"primaryImageOfPage":{"@id":"https:\/\/shiawaves.com\/turkish\/2024\/10\/13\/asiri-sagin-ulkede-kazandigi-zaferden-sonra-avusturyali-muslumanlarin-kaygisi\/#primaryimage"},"image":{"@id":"https:\/\/shiawaves.com\/turkish\/2024\/10\/13\/asiri-sagin-ulkede-kazandigi-zaferden-sonra-avusturyali-muslumanlarin-kaygisi\/#primaryimage"},"thumbnailUrl":"https:\/\/shiawaves.com\/turkish\/wp-content\/uploads\/sites\/6\/2024\/10\/image-78.png","datePublished":"2024-10-13T18:30:00+00:00","dateModified":"2024-10-13T12:13:08+00:00","author":{"@id":"https:\/\/shiawaves.com\/turkish\/#\/schema\/person\/9f68d5023e948086b9348fba5aebd954"},"description":"A\u015f\u0131r\u0131 Sa\u011f\u0131n \u00dclkede Kazand\u0131\u011f\u0131 Zaferden Sonra Avusturyal\u0131 M\u00fcsl\u00fcmanlar\u0131n Kayg\u0131s\u0131","breadcrumb":{"@id":"https:\/\/shiawaves.com\/turkish\/2024\/10\/13\/asiri-sagin-ulkede-kazandigi-zaferden-sonra-avusturyali-muslumanlarin-kaygisi\/#breadcrumb"},"inLanguage":"tr","potentialAction":[{"@type":"ReadAction","target":["https:\/\/shiawaves.com\/turkish\/2024\/10\/13\/asiri-sagin-ulkede-kazandigi-zaferden-sonra-avusturyali-muslumanlarin-kaygisi\/"]}]},{"@type":"ImageObject","inLanguage":"tr","@id":"https:\/\/shiawaves.com\/turkish\/2024\/10\/13\/asiri-sagin-ulkede-kazandigi-zaferden-sonra-avusturyali-muslumanlarin-kaygisi\/#primaryimage","url":"https:\/\/shiawaves.com\/turkish\/wp-content\/uploads\/sites\/6\/2024\/10\/image-78.png","contentUrl":"https:\/\/shiawaves.com\/turkish\/wp-content\/uploads\/sites\/6\/2024\/10\/image-78.png","width":393,"height":220,"caption":"A\u015f\u0131r\u0131 Sa\u011f\u0131n \u00dclkede Kazand\u0131\u011f\u0131 Zaferden Sonra Avusturyal\u0131 M\u00fcsl\u00fcmanlar\u0131n Kayg\u0131s\u0131"},{"@type":"BreadcrumbList","@id":"https:\/\/shiawaves.com\/turkish\/2024\/10\/13\/asiri-sagin-ulkede-kazandigi-zaferden-sonra-avusturyali-muslumanlarin-kaygisi\/#breadcrumb","itemListElement":[{"@type":"ListItem","position":1,"name":"Home","item":"https:\/\/shiawaves.com\/turkish\/"},{"@type":"ListItem","position":2,"name":"A\u015f\u0131r\u0131 Sa\u011f\u0131n \u00dclkede Kazand\u0131\u011f\u0131 Zaferden Sonra Avusturyal\u0131 M\u00fcsl\u00fcmanlar\u0131n Kayg\u0131s\u0131"}]},{"@type":"WebSite","@id":"https:\/\/shiawaves.com\/turkish\/#website","url":"https:\/\/shiawaves.com\/turkish\/","name":"ShiaWaves Turkish - \u015eia Haberleri","description":"","potentialAction":[{"@type":"SearchAction","target":{"@type":"EntryPoint","urlTemplate":"https:\/\/shiawaves.com\/turkish\/?s={search_term_string}"},"query-input":{"@type":"PropertyValueSpecification","valueRequired":true,"valueName":"search_term_string"}}],"inLanguage":"tr"},{"@type":"Person","@id":"https:\/\/shiawaves.com\/turkish\/#\/schema\/person\/9f68d5023e948086b9348fba5aebd954","name":"modir","image":{"@type":"ImageObject","inLanguage":"tr","@id":"https:\/\/shiawaves.com\/turkish\/#\/schema\/person\/image\/","url":"https:\/\/secure.gravatar.com\/avatar\/8e76f93cdbdd480bd8918d1e0e1d938664c9cb1516c2a57a2b96fe50b507a6b9?s=96&d=mm&r=g","contentUrl":"https:\/\/secure.gravatar.com\/avatar\/8e76f93cdbdd480bd8918d1e0e1d938664c9cb1516c2a57a2b96fe50b507a6b9?s=96&d=mm&r=g","caption":"modir"},"sameAs":["https:\/\/shiawaves.com"],"url":"https:\/\/shiawaves.com\/turkish\/author\/modir\/"}]}},"_links":{"self":[{"href":"https:\/\/shiawaves.com\/turkish\/wp-json\/wp\/v2\/posts\/107842","targetHints":{"allow":["GET"]}}],"collection":[{"href":"https:\/\/shiawaves.com\/turkish\/wp-json\/wp\/v2\/posts"}],"about":[{"href":"https:\/\/shiawaves.com\/turkish\/wp-json\/wp\/v2\/types\/post"}],"author":[{"embeddable":true,"href":"https:\/\/shiawaves.com\/turkish\/wp-json\/wp\/v2\/users\/1"}],"replies":[{"embeddable":true,"href":"https:\/\/shiawaves.com\/turkish\/wp-json\/wp\/v2\/comments?post=107842"}],"version-history":[{"count":1,"href":"https:\/\/shiawaves.com\/turkish\/wp-json\/wp\/v2\/posts\/107842\/revisions"}],"predecessor-version":[{"id":107844,"href":"https:\/\/shiawaves.com\/turkish\/wp-json\/wp\/v2\/posts\/107842\/revisions\/107844"}],"wp:featuredmedia":[{"embeddable":true,"href":"https:\/\/shiawaves.com\/turkish\/wp-json\/wp\/v2\/media\/107843"}],"wp:attachment":[{"href":"https:\/\/shiawaves.com\/turkish\/wp-json\/wp\/v2\/media?parent=107842"}],"wp:term":[{"taxonomy":"category","embeddable":true,"href":"https:\/\/shiawaves.com\/turkish\/wp-json\/wp\/v2\/categories?post=107842"},{"taxonomy":"post_tag","embeddable":true,"href":"https:\/\/shiawaves.com\/turkish\/wp-json\/wp\/v2\/tags?post=107842"}],"curies":[{"name":"wp","href":"https:\/\/api.w.org\/{rel}","templated":true}]}}