{"id":107717,"date":"2024-10-07T07:36:24","date_gmt":"2024-10-07T04:36:24","guid":{"rendered":"https:\/\/shiawaves.com\/turkish\/?p=107717"},"modified":"2024-10-07T07:36:25","modified_gmt":"2024-10-07T04:36:25","slug":"mans-kanali-yine-can-aldi","status":"publish","type":"post","link":"https:\/\/shiawaves.com\/turkish\/2024\/10\/07\/mans-kanali-yine-can-aldi\/","title":{"rendered":"Man\u015f Kanal\u0131 Yine Can Ald\u0131"},"content":{"rendered":"\n<p>Frans\u0131z yetkililer, aralar\u0131nda k\u00fc\u00e7\u00fck bir \u00e7ocu\u011fun da bulundu\u011fu \u00e7ok say\u0131da g\u00f6\u00e7menin d\u00fcn \u0130ngiltere&#8217;ye ula\u015fmaya ve Man\u015f Denizi&#8217;ni ge\u00e7meye \u00e7al\u0131\u015f\u0131rken \u00f6ld\u00fc\u011f\u00fcn\u00fc s\u00f6yledi.<\/p>\n\n\n\n<p>Bu ba\u011flamda &#8220;Fransa \u0130\u00e7i\u015fleri Bakan\u0131&#8221; Bruno Ratalo, gazetecilerle yapt\u0131\u011f\u0131 g\u00f6r\u00fc\u015fmede, &#8220;korkun\u00e7 bir trajedi&#8221; s\u0131ras\u0131nda bir \u00e7ocu\u011fun &#8220;bir teknede ayak alt\u0131nda kald\u0131\u011f\u0131n\u0131&#8221; ve \u00f6ld\u00fcr\u00fcld\u00fc\u011f\u00fcn\u00fc s\u00f6yledi. Bu g\u00f6\u00e7menlerin kan\u0131n\u0131n insan tacirlerinin sorumlulu\u011funda oldu\u011funu vurgulad\u0131.<\/p>\n\n\n\n<figure class=\"wp-block-image size-full\"><img loading=\"lazy\" decoding=\"async\" width=\"1024\" height=\"576\" src=\"https:\/\/shiawaves.com\/turkish\/wp-content\/uploads\/sites\/6\/2024\/10\/image-33.png\" alt=\"\" class=\"wp-image-107718\" srcset=\"https:\/\/shiawaves.com\/turkish\/wp-content\/uploads\/sites\/6\/2024\/10\/image-33.png 1024w, https:\/\/shiawaves.com\/turkish\/wp-content\/uploads\/sites\/6\/2024\/10\/image-33-300x169.png 300w, https:\/\/shiawaves.com\/turkish\/wp-content\/uploads\/sites\/6\/2024\/10\/image-33-768x432.png 768w, https:\/\/shiawaves.com\/turkish\/wp-content\/uploads\/sites\/6\/2024\/10\/image-33-390x220.png 390w\" sizes=\"auto, (max-width: 1024px) 100vw, 1024px\" \/><\/figure>\n\n\n\n<p>Bu g\u00f6\u00e7menlerin say\u0131s\u0131 ve uyru\u011fu hakk\u0131nda hen\u00fcz bir haber yay\u0131nlanmad\u0131. Ge\u00e7en ay ya\u015fanan benzer bir olayda Man\u015f Kanal\u0131&#8217;nda \u0130ran ve Afganistan&#8217;dan \u00e7ok say\u0131da g\u00f6\u00e7men hayat\u0131n\u0131 kaybetmi\u015fti.<\/p>\n\n\n\n<p>Birle\u015fmi\u015f Milletler&#8217;e ba\u011fl\u0131 Uluslararas\u0131 G\u00f6\u00e7 \u00d6rg\u00fct\u00fc&#8217;ne g\u00f6re bu y\u0131l Man\u015f Denizi&#8217;nde \u015fu ana kadar 50&#8217;den fazla ki\u015fi \u00f6ld\u00fc; bu, 2021&#8217;den bu yana bildirilen en y\u00fcksek rakam.<\/p>\n","protected":false},"excerpt":{"rendered":"<p>Frans\u0131z yetkililer, aralar\u0131nda k\u00fc\u00e7\u00fck bir \u00e7ocu\u011fun da bulundu\u011fu \u00e7ok say\u0131da g\u00f6\u00e7menin d\u00fcn \u0130ngiltere&#8217;ye ula\u015fmaya ve Man\u015f Denizi&#8217;ni ge\u00e7meye \u00e7al\u0131\u015f\u0131rken \u00f6ld\u00fc\u011f\u00fcn\u00fc s\u00f6yledi. Bu ba\u011flamda &#8220;Fransa \u0130\u00e7i\u015fleri Bakan\u0131&#8221; Bruno Ratalo, gazetecilerle yapt\u0131\u011f\u0131 g\u00f6r\u00fc\u015fmede, &#8220;korkun\u00e7 bir trajedi&#8221; s\u0131ras\u0131nda bir \u00e7ocu\u011fun &#8220;bir teknede ayak alt\u0131nda kald\u0131\u011f\u0131n\u0131&#8221; ve \u00f6ld\u00fcr\u00fcld\u00fc\u011f\u00fcn\u00fc s\u00f6yledi. Bu g\u00f6\u00e7menlerin kan\u0131n\u0131n insan tacirlerinin sorumlulu\u011funda oldu\u011funu vurgulad\u0131. Bu g\u00f6\u00e7menlerin &hellip;<\/p>\n","protected":false},"author":1,"featured_media":107718,"comment_status":"open","ping_status":"open","sticky":false,"template":"","format":"standard","meta":{"rop_custom_images_group":[],"rop_custom_messages_group":[],"rop_publish_now":"initial","rop_publish_now_accounts":[],"rop_publish_now_history":[],"rop_publish_now_status":"pending","footnotes":""},"categories":[23],"tags":[981],"class_list":["post-107717","post","type-post","status-publish","format-standard","has-post-thumbnail","hentry","category-europe","tag-mans-kanali-yine-can-aldi"],"_wp_page_template":null,"_wp_attached_file":null,"_wp_attachment_metadata":null,"_edit_lock":"1728275777:1","yoast_head":"<!-- This site is optimized with the Yoast SEO plugin v24.3 - https:\/\/yoast.com\/wordpress\/plugins\/seo\/ -->\n<title>Man\u015f Kanal\u0131 Yine Can Ald\u0131 - ShiaWaves Turkish - \u015eia Haberleri<\/title>\n<meta name=\"robots\" content=\"index, follow, max-snippet:-1, max-image-preview:large, max-video-preview:-1\" \/>\n<link rel=\"canonical\" href=\"https:\/\/shiawaves.com\/turkish\/2024\/10\/07\/mans-kanali-yine-can-aldi\/\" \/>\n<meta property=\"og:locale\" content=\"tr_TR\" \/>\n<meta property=\"og:type\" content=\"article\" \/>\n<meta property=\"og:title\" content=\"Man\u015f Kanal\u0131 Yine Can Ald\u0131 - ShiaWaves Turkish - \u015eia Haberleri\" \/>\n<meta property=\"og:description\" content=\"Frans\u0131z yetkililer, aralar\u0131nda k\u00fc\u00e7\u00fck bir \u00e7ocu\u011fun da bulundu\u011fu \u00e7ok say\u0131da g\u00f6\u00e7menin d\u00fcn \u0130ngiltere&#8217;ye ula\u015fmaya ve Man\u015f Denizi&#8217;ni ge\u00e7meye \u00e7al\u0131\u015f\u0131rken \u00f6ld\u00fc\u011f\u00fcn\u00fc s\u00f6yledi. Bu ba\u011flamda &#8220;Fransa \u0130\u00e7i\u015fleri Bakan\u0131&#8221; Bruno Ratalo, gazetecilerle yapt\u0131\u011f\u0131 g\u00f6r\u00fc\u015fmede, &#8220;korkun\u00e7 bir trajedi&#8221; s\u0131ras\u0131nda bir \u00e7ocu\u011fun &#8220;bir teknede ayak alt\u0131nda kald\u0131\u011f\u0131n\u0131&#8221; ve \u00f6ld\u00fcr\u00fcld\u00fc\u011f\u00fcn\u00fc s\u00f6yledi. Bu g\u00f6\u00e7menlerin kan\u0131n\u0131n insan tacirlerinin sorumlulu\u011funda oldu\u011funu vurgulad\u0131. Bu g\u00f6\u00e7menlerin &hellip;\" \/>\n<meta property=\"og:url\" content=\"https:\/\/shiawaves.com\/turkish\/2024\/10\/07\/mans-kanali-yine-can-aldi\/\" \/>\n<meta property=\"og:site_name\" content=\"ShiaWaves Turkish - \u015eia Haberleri\" \/>\n<meta property=\"article:published_time\" content=\"2024-10-07T04:36:24+00:00\" \/>\n<meta property=\"article:modified_time\" content=\"2024-10-07T04:36:25+00:00\" \/>\n<meta property=\"og:image\" content=\"https:\/\/shiawaves.com\/turkish\/wp-content\/uploads\/sites\/6\/2024\/10\/image-33.png\" \/>\n<meta name=\"author\" content=\"modir\" \/>\n<meta name=\"twitter:card\" content=\"summary_large_image\" \/>\n<meta name=\"twitter:label1\" content=\"Yazan:\" \/>\n\t<meta name=\"twitter:data1\" content=\"modir\" \/>\n\t<meta name=\"twitter:label2\" content=\"Tahmini okuma s\u00fcresi\" \/>\n\t<meta name=\"twitter:data2\" content=\"1 dakika\" \/>\n<script type=\"application\/ld+json\" class=\"yoast-schema-graph\">{\"@context\":\"https:\/\/schema.org\",\"@graph\":[{\"@type\":\"WebPage\",\"@id\":\"https:\/\/shiawaves.com\/turkish\/2024\/10\/07\/mans-kanali-yine-can-aldi\/\",\"url\":\"https:\/\/shiawaves.com\/turkish\/2024\/10\/07\/mans-kanali-yine-can-aldi\/\",\"name\":\"Man\u015f Kanal\u0131 Yine Can Ald\u0131 - ShiaWaves Turkish - \u015eia Haberleri\",\"isPartOf\":{\"@id\":\"https:\/\/shiawaves.com\/turkish\/#website\"},\"primaryImageOfPage\":{\"@id\":\"https:\/\/shiawaves.com\/turkish\/2024\/10\/07\/mans-kanali-yine-can-aldi\/#primaryimage\"},\"image\":{\"@id\":\"https:\/\/shiawaves.com\/turkish\/2024\/10\/07\/mans-kanali-yine-can-aldi\/#primaryimage\"},\"thumbnailUrl\":\"https:\/\/shiawaves.com\/turkish\/wp-content\/uploads\/sites\/6\/2024\/10\/image-33.png\",\"datePublished\":\"2024-10-07T04:36:24+00:00\",\"dateModified\":\"2024-10-07T04:36:25+00:00\",\"author\":{\"@id\":\"https:\/\/shiawaves.com\/turkish\/#\/schema\/person\/9f68d5023e948086b9348fba5aebd954\"},\"breadcrumb\":{\"@id\":\"https:\/\/shiawaves.com\/turkish\/2024\/10\/07\/mans-kanali-yine-can-aldi\/#breadcrumb\"},\"inLanguage\":\"tr\",\"potentialAction\":[{\"@type\":\"ReadAction\",\"target\":[\"https:\/\/shiawaves.com\/turkish\/2024\/10\/07\/mans-kanali-yine-can-aldi\/\"]}]},{\"@type\":\"ImageObject\",\"inLanguage\":\"tr\",\"@id\":\"https:\/\/shiawaves.com\/turkish\/2024\/10\/07\/mans-kanali-yine-can-aldi\/#primaryimage\",\"url\":\"https:\/\/shiawaves.com\/turkish\/wp-content\/uploads\/sites\/6\/2024\/10\/image-33.png\",\"contentUrl\":\"https:\/\/shiawaves.com\/turkish\/wp-content\/uploads\/sites\/6\/2024\/10\/image-33.png\",\"width\":1024,\"height\":576,\"caption\":\"Man\u015f Kanal\u0131 Yine Can Ald\u0131\"},{\"@type\":\"BreadcrumbList\",\"@id\":\"https:\/\/shiawaves.com\/turkish\/2024\/10\/07\/mans-kanali-yine-can-aldi\/#breadcrumb\",\"itemListElement\":[{\"@type\":\"ListItem\",\"position\":1,\"name\":\"Home\",\"item\":\"https:\/\/shiawaves.com\/turkish\/\"},{\"@type\":\"ListItem\",\"position\":2,\"name\":\"Man\u015f Kanal\u0131 Yine Can Ald\u0131\"}]},{\"@type\":\"WebSite\",\"@id\":\"https:\/\/shiawaves.com\/turkish\/#website\",\"url\":\"https:\/\/shiawaves.com\/turkish\/\",\"name\":\"ShiaWaves Turkish - \u015eia Haberleri\",\"description\":\"\",\"potentialAction\":[{\"@type\":\"SearchAction\",\"target\":{\"@type\":\"EntryPoint\",\"urlTemplate\":\"https:\/\/shiawaves.com\/turkish\/?s={search_term_string}\"},\"query-input\":{\"@type\":\"PropertyValueSpecification\",\"valueRequired\":true,\"valueName\":\"search_term_string\"}}],\"inLanguage\":\"tr\"},{\"@type\":\"Person\",\"@id\":\"https:\/\/shiawaves.com\/turkish\/#\/schema\/person\/9f68d5023e948086b9348fba5aebd954\",\"name\":\"modir\",\"image\":{\"@type\":\"ImageObject\",\"inLanguage\":\"tr\",\"@id\":\"https:\/\/shiawaves.com\/turkish\/#\/schema\/person\/image\/\",\"url\":\"https:\/\/secure.gravatar.com\/avatar\/8e76f93cdbdd480bd8918d1e0e1d938664c9cb1516c2a57a2b96fe50b507a6b9?s=96&d=mm&r=g\",\"contentUrl\":\"https:\/\/secure.gravatar.com\/avatar\/8e76f93cdbdd480bd8918d1e0e1d938664c9cb1516c2a57a2b96fe50b507a6b9?s=96&d=mm&r=g\",\"caption\":\"modir\"},\"sameAs\":[\"https:\/\/shiawaves.com\"],\"url\":\"https:\/\/shiawaves.com\/turkish\/author\/modir\/\"}]}<\/script>\n<!-- \/ Yoast SEO plugin. -->","yoast_head_json":{"title":"Man\u015f Kanal\u0131 Yine Can Ald\u0131 - ShiaWaves Turkish - \u015eia Haberleri","robots":{"index":"index","follow":"follow","max-snippet":"max-snippet:-1","max-image-preview":"max-image-preview:large","max-video-preview":"max-video-preview:-1"},"canonical":"https:\/\/shiawaves.com\/turkish\/2024\/10\/07\/mans-kanali-yine-can-aldi\/","og_locale":"tr_TR","og_type":"article","og_title":"Man\u015f Kanal\u0131 Yine Can Ald\u0131 - ShiaWaves Turkish - \u015eia Haberleri","og_description":"Frans\u0131z yetkililer, aralar\u0131nda k\u00fc\u00e7\u00fck bir \u00e7ocu\u011fun da bulundu\u011fu \u00e7ok say\u0131da g\u00f6\u00e7menin d\u00fcn \u0130ngiltere&#8217;ye ula\u015fmaya ve Man\u015f Denizi&#8217;ni ge\u00e7meye \u00e7al\u0131\u015f\u0131rken \u00f6ld\u00fc\u011f\u00fcn\u00fc s\u00f6yledi. Bu ba\u011flamda &#8220;Fransa \u0130\u00e7i\u015fleri Bakan\u0131&#8221; Bruno Ratalo, gazetecilerle yapt\u0131\u011f\u0131 g\u00f6r\u00fc\u015fmede, &#8220;korkun\u00e7 bir trajedi&#8221; s\u0131ras\u0131nda bir \u00e7ocu\u011fun &#8220;bir teknede ayak alt\u0131nda kald\u0131\u011f\u0131n\u0131&#8221; ve \u00f6ld\u00fcr\u00fcld\u00fc\u011f\u00fcn\u00fc s\u00f6yledi. Bu g\u00f6\u00e7menlerin kan\u0131n\u0131n insan tacirlerinin sorumlulu\u011funda oldu\u011funu vurgulad\u0131. Bu g\u00f6\u00e7menlerin &hellip;","og_url":"https:\/\/shiawaves.com\/turkish\/2024\/10\/07\/mans-kanali-yine-can-aldi\/","og_site_name":"ShiaWaves Turkish - \u015eia Haberleri","article_published_time":"2024-10-07T04:36:24+00:00","article_modified_time":"2024-10-07T04:36:25+00:00","og_image":[{"url":"https:\/\/shiawaves.com\/turkish\/wp-content\/uploads\/sites\/6\/2024\/10\/image-33.png","type":"","width":"","height":""}],"author":"modir","twitter_card":"summary_large_image","twitter_misc":{"Yazan:":"modir","Tahmini okuma s\u00fcresi":"1 dakika"},"schema":{"@context":"https:\/\/schema.org","@graph":[{"@type":"WebPage","@id":"https:\/\/shiawaves.com\/turkish\/2024\/10\/07\/mans-kanali-yine-can-aldi\/","url":"https:\/\/shiawaves.com\/turkish\/2024\/10\/07\/mans-kanali-yine-can-aldi\/","name":"Man\u015f Kanal\u0131 Yine Can Ald\u0131 - ShiaWaves Turkish - \u015eia Haberleri","isPartOf":{"@id":"https:\/\/shiawaves.com\/turkish\/#website"},"primaryImageOfPage":{"@id":"https:\/\/shiawaves.com\/turkish\/2024\/10\/07\/mans-kanali-yine-can-aldi\/#primaryimage"},"image":{"@id":"https:\/\/shiawaves.com\/turkish\/2024\/10\/07\/mans-kanali-yine-can-aldi\/#primaryimage"},"thumbnailUrl":"https:\/\/shiawaves.com\/turkish\/wp-content\/uploads\/sites\/6\/2024\/10\/image-33.png","datePublished":"2024-10-07T04:36:24+00:00","dateModified":"2024-10-07T04:36:25+00:00","author":{"@id":"https:\/\/shiawaves.com\/turkish\/#\/schema\/person\/9f68d5023e948086b9348fba5aebd954"},"breadcrumb":{"@id":"https:\/\/shiawaves.com\/turkish\/2024\/10\/07\/mans-kanali-yine-can-aldi\/#breadcrumb"},"inLanguage":"tr","potentialAction":[{"@type":"ReadAction","target":["https:\/\/shiawaves.com\/turkish\/2024\/10\/07\/mans-kanali-yine-can-aldi\/"]}]},{"@type":"ImageObject","inLanguage":"tr","@id":"https:\/\/shiawaves.com\/turkish\/2024\/10\/07\/mans-kanali-yine-can-aldi\/#primaryimage","url":"https:\/\/shiawaves.com\/turkish\/wp-content\/uploads\/sites\/6\/2024\/10\/image-33.png","contentUrl":"https:\/\/shiawaves.com\/turkish\/wp-content\/uploads\/sites\/6\/2024\/10\/image-33.png","width":1024,"height":576,"caption":"Man\u015f Kanal\u0131 Yine Can Ald\u0131"},{"@type":"BreadcrumbList","@id":"https:\/\/shiawaves.com\/turkish\/2024\/10\/07\/mans-kanali-yine-can-aldi\/#breadcrumb","itemListElement":[{"@type":"ListItem","position":1,"name":"Home","item":"https:\/\/shiawaves.com\/turkish\/"},{"@type":"ListItem","position":2,"name":"Man\u015f Kanal\u0131 Yine Can Ald\u0131"}]},{"@type":"WebSite","@id":"https:\/\/shiawaves.com\/turkish\/#website","url":"https:\/\/shiawaves.com\/turkish\/","name":"ShiaWaves Turkish - \u015eia Haberleri","description":"","potentialAction":[{"@type":"SearchAction","target":{"@type":"EntryPoint","urlTemplate":"https:\/\/shiawaves.com\/turkish\/?s={search_term_string}"},"query-input":{"@type":"PropertyValueSpecification","valueRequired":true,"valueName":"search_term_string"}}],"inLanguage":"tr"},{"@type":"Person","@id":"https:\/\/shiawaves.com\/turkish\/#\/schema\/person\/9f68d5023e948086b9348fba5aebd954","name":"modir","image":{"@type":"ImageObject","inLanguage":"tr","@id":"https:\/\/shiawaves.com\/turkish\/#\/schema\/person\/image\/","url":"https:\/\/secure.gravatar.com\/avatar\/8e76f93cdbdd480bd8918d1e0e1d938664c9cb1516c2a57a2b96fe50b507a6b9?s=96&d=mm&r=g","contentUrl":"https:\/\/secure.gravatar.com\/avatar\/8e76f93cdbdd480bd8918d1e0e1d938664c9cb1516c2a57a2b96fe50b507a6b9?s=96&d=mm&r=g","caption":"modir"},"sameAs":["https:\/\/shiawaves.com"],"url":"https:\/\/shiawaves.com\/turkish\/author\/modir\/"}]}},"_links":{"self":[{"href":"https:\/\/shiawaves.com\/turkish\/wp-json\/wp\/v2\/posts\/107717","targetHints":{"allow":["GET"]}}],"collection":[{"href":"https:\/\/shiawaves.com\/turkish\/wp-json\/wp\/v2\/posts"}],"about":[{"href":"https:\/\/shiawaves.com\/turkish\/wp-json\/wp\/v2\/types\/post"}],"author":[{"embeddable":true,"href":"https:\/\/shiawaves.com\/turkish\/wp-json\/wp\/v2\/users\/1"}],"replies":[{"embeddable":true,"href":"https:\/\/shiawaves.com\/turkish\/wp-json\/wp\/v2\/comments?post=107717"}],"version-history":[{"count":1,"href":"https:\/\/shiawaves.com\/turkish\/wp-json\/wp\/v2\/posts\/107717\/revisions"}],"predecessor-version":[{"id":107719,"href":"https:\/\/shiawaves.com\/turkish\/wp-json\/wp\/v2\/posts\/107717\/revisions\/107719"}],"wp:featuredmedia":[{"embeddable":true,"href":"https:\/\/shiawaves.com\/turkish\/wp-json\/wp\/v2\/media\/107718"}],"wp:attachment":[{"href":"https:\/\/shiawaves.com\/turkish\/wp-json\/wp\/v2\/media?parent=107717"}],"wp:term":[{"taxonomy":"category","embeddable":true,"href":"https:\/\/shiawaves.com\/turkish\/wp-json\/wp\/v2\/categories?post=107717"},{"taxonomy":"post_tag","embeddable":true,"href":"https:\/\/shiawaves.com\/turkish\/wp-json\/wp\/v2\/tags?post=107717"}],"curies":[{"name":"wp","href":"https:\/\/api.w.org\/{rel}","templated":true}]}}