{"id":107286,"date":"2024-09-16T23:00:00","date_gmt":"2024-09-16T20:00:00","guid":{"rendered":"https:\/\/shiawaves.com\/turkish\/?p=107286"},"modified":"2024-09-16T21:58:57","modified_gmt":"2024-09-16T18:58:57","slug":"uluslararasi-siddetsizlik-orgutu-dunya-demokrasi-gunu-nedeniyle-demokrasilerin-guclenmesini-istedi","status":"publish","type":"post","link":"https:\/\/shiawaves.com\/turkish\/2024\/09\/16\/uluslararasi-siddetsizlik-orgutu-dunya-demokrasi-gunu-nedeniyle-demokrasilerin-guclenmesini-istedi\/","title":{"rendered":"Uluslararas\u0131 \u015fiddetsizlik \u00f6rg\u00fct\u00fc D\u00fcnya Demokrasi g\u00fcn\u00fc nedeniyle demokrasilerin g\u00fc\u00e7lenmesini istedi"},"content":{"rendered":"\n<p>Uluslararas\u0131 \u015eiddetsizlik \u00f6rg\u00fct (H\u00fcr M\u00fcsl\u00fcman) 15 Eyl\u00fcl d\u00fcnya demokrasi g\u00fcn\u00fc m\u00fcnasebetiyle kutlanan g\u00fcn nedeniyle birle\u015fmi\u015f milletlerden d\u00fcnyada demokrasinin t\u0131rmanmas\u0131 hedefiyle te\u015febb\u00fcsleri , ayr\u0131ca otoriter rejimlere kar\u015f\u0131 y\u00fcr\u00fct\u00fclen kampanyadan \u00f6t\u00fcr\u00fc te\u015fekk\u00fcr etti.<\/p>\n\n\n\n<figure class=\"wp-block-image size-full\"><img loading=\"lazy\" decoding=\"async\" width=\"768\" height=\"461\" src=\"https:\/\/shiawaves.com\/turkish\/wp-content\/uploads\/sites\/6\/2024\/09\/image-80.png\" alt=\"\" class=\"wp-image-107287\" srcset=\"https:\/\/shiawaves.com\/turkish\/wp-content\/uploads\/sites\/6\/2024\/09\/image-80.png 768w, https:\/\/shiawaves.com\/turkish\/wp-content\/uploads\/sites\/6\/2024\/09\/image-80-300x180.png 300w\" sizes=\"auto, (max-width: 768px) 100vw, 768px\" \/><\/figure>\n\n\n\n<p><br>\u015eii haber ajans\u0131n\u0131n haberine g\u00f6re bu \u00f6rg\u00fct ifadesinde bu g\u00fcn\u00fcn \u00f6nemini vurgulayarak onu otoriterli\u011fin me\u015fruiyetsizli\u011finin bir simgesi olarak , ayr\u0131ca her birey ve toplumun kendi egemenli\u011fini kurmas\u0131n\u0131 bir hak olarak g\u00f6rd\u00fc\u011f\u00fcn\u00fc saymaktad\u0131r.<br>S\u00f6z konusu \u00f6rg\u00fct\u00fcn dedi\u011fine g\u00f6re demokrasi birey vatanda\u015f\u0131n siyasi karar verme mekanizmas\u0131nda kat\u0131l\u0131m\u0131n\u0131 sa\u011fl\u0131yor ve onlara bu imkan\u0131 veriyor ki kendi toplumunun ihtiya\u00e7lar\u0131n\u0131 kara\u015f\u0131layabilen liderler se\u00e7sinler.<br>H\u00fcr M\u00fcsl\u00fcman \u00f6rg\u00fct kendi mesaj\u0131nda m\u00fcsl\u00fcman \u00fclkeler liderlerine hitaben siyasi reformlar istedi\u011fini vurguluyor ki ifade \u00f6zg\u00fcrl\u00fc\u011f\u00fc ve siyasette kat\u0131l\u0131m hakk\u0131n\u0131 sonu\u00e7lar\u0131ndan korku olmadan bir \u015fekilde garanti etsin.<br>Bu \u00f6rg\u00fct ayr\u0131ca \u015feffafl\u0131k ve yolsuzluk ile m\u00fccadelenin \u00f6nemine vurgu yaparak , varl\u0131klar\u0131n adil bir bi\u00e7imde payla\u015f\u0131lmas\u0131 ve siyasi g\u00fc\u00e7\u00fcn \u015fiddetsiz bir \u015fekilde ge\u00e7i\u015fini , m\u00fcsl\u00fcman toplumlar\u0131n kalk\u0131nmas\u0131 ve istikrar\u0131 i\u00e7in ne kadar \u00f6nemli oldu\u011funu tekrarl\u0131yor.<br>\u0130fadenin sonunda uluslaras\u0131 \u015fiddetsizlik \u00f6rg\u00fct\u00fc vurguluyor ki M\u00fcsl\u00fcman milletlerin bask\u0131 ve otoriterlikten uzak durmalar\u0131 gerekmektedir.<br>Ayr\u0131ca bu \u00fclkelerin liderlerini adalet ve kalk\u0131nman\u0131n ger\u00e7ekle\u015fmesi i\u00e7in gerekli olan demokrasinin t\u0131rmand\u0131r\u0131lmas\u0131na davet etmi\u015f.<\/p>\n","protected":false},"excerpt":{"rendered":"<p>Uluslararas\u0131 \u015eiddetsizlik \u00f6rg\u00fct (H\u00fcr M\u00fcsl\u00fcman) 15 Eyl\u00fcl d\u00fcnya demokrasi g\u00fcn\u00fc m\u00fcnasebetiyle kutlanan g\u00fcn nedeniyle birle\u015fmi\u015f milletlerden d\u00fcnyada demokrasinin t\u0131rmanmas\u0131 hedefiyle te\u015febb\u00fcsleri , ayr\u0131ca otoriter rejimlere kar\u015f\u0131 y\u00fcr\u00fct\u00fclen kampanyadan \u00f6t\u00fcr\u00fc te\u015fekk\u00fcr etti. \u015eii haber ajans\u0131n\u0131n haberine g\u00f6re bu \u00f6rg\u00fct ifadesinde bu g\u00fcn\u00fcn \u00f6nemini vurgulayarak onu otoriterli\u011fin me\u015fruiyetsizli\u011finin bir simgesi olarak , ayr\u0131ca her birey ve toplumun &hellip;<\/p>\n","protected":false},"author":1,"featured_media":107287,"comment_status":"open","ping_status":"open","sticky":false,"template":"","format":"standard","meta":{"rop_custom_images_group":[],"rop_custom_messages_group":[],"rop_publish_now":"initial","rop_publish_now_accounts":[],"rop_publish_now_history":[],"rop_publish_now_status":"pending","footnotes":""},"categories":[27],"tags":[],"class_list":["post-107286","post","type-post","status-publish","format-standard","has-post-thumbnail","hentry","category-int-and-media"],"_wp_page_template":null,"_wp_attached_file":null,"_wp_attachment_metadata":null,"_edit_lock":"1726513137:1","yoast_head":"<!-- This site is optimized with the Yoast SEO plugin v24.3 - https:\/\/yoast.com\/wordpress\/plugins\/seo\/ -->\n<title>Uluslararas\u0131 \u015fiddetsizlik \u00f6rg\u00fct\u00fc D\u00fcnya Demokrasi g\u00fcn\u00fc nedeniyle demokrasilerin g\u00fc\u00e7lenmesini istedi - ShiaWaves Turkish - \u015eia Haberleri<\/title>\n<meta name=\"description\" content=\"Uluslararas\u0131 \u015fiddetsizlik \u00f6rg\u00fct\u00fc D\u00fcnya Demokrasi g\u00fcn\u00fc nedeniyle demokrasilerin g\u00fc\u00e7lenmesini istedi\" \/>\n<meta name=\"robots\" content=\"index, follow, max-snippet:-1, max-image-preview:large, max-video-preview:-1\" \/>\n<link rel=\"canonical\" href=\"https:\/\/shiawaves.com\/turkish\/2024\/09\/16\/uluslararasi-siddetsizlik-orgutu-dunya-demokrasi-gunu-nedeniyle-demokrasilerin-guclenmesini-istedi\/\" \/>\n<meta property=\"og:locale\" content=\"tr_TR\" \/>\n<meta property=\"og:type\" content=\"article\" \/>\n<meta property=\"og:title\" content=\"Uluslararas\u0131 \u015fiddetsizlik \u00f6rg\u00fct\u00fc D\u00fcnya Demokrasi g\u00fcn\u00fc nedeniyle demokrasilerin g\u00fc\u00e7lenmesini istedi - ShiaWaves Turkish - \u015eia Haberleri\" \/>\n<meta property=\"og:description\" content=\"Uluslararas\u0131 \u015fiddetsizlik \u00f6rg\u00fct\u00fc D\u00fcnya Demokrasi g\u00fcn\u00fc nedeniyle demokrasilerin g\u00fc\u00e7lenmesini istedi\" \/>\n<meta property=\"og:url\" content=\"https:\/\/shiawaves.com\/turkish\/2024\/09\/16\/uluslararasi-siddetsizlik-orgutu-dunya-demokrasi-gunu-nedeniyle-demokrasilerin-guclenmesini-istedi\/\" \/>\n<meta property=\"og:site_name\" content=\"ShiaWaves Turkish - \u015eia Haberleri\" \/>\n<meta property=\"article:published_time\" content=\"2024-09-16T20:00:00+00:00\" \/>\n<meta property=\"article:modified_time\" content=\"2024-09-16T18:58:57+00:00\" \/>\n<meta property=\"og:image\" content=\"https:\/\/shiawaves.com\/turkish\/wp-content\/uploads\/sites\/6\/2024\/09\/image-80.png\" \/>\n\t<meta property=\"og:image:width\" content=\"768\" \/>\n\t<meta property=\"og:image:height\" content=\"461\" \/>\n\t<meta property=\"og:image:type\" content=\"image\/png\" \/>\n<meta name=\"author\" content=\"modir\" \/>\n<meta name=\"twitter:card\" content=\"summary_large_image\" \/>\n<meta name=\"twitter:label1\" content=\"Yazan:\" \/>\n\t<meta name=\"twitter:data1\" content=\"modir\" \/>\n\t<meta name=\"twitter:label2\" content=\"Tahmini okuma s\u00fcresi\" \/>\n\t<meta name=\"twitter:data2\" content=\"2 dakika\" \/>\n<script type=\"application\/ld+json\" class=\"yoast-schema-graph\">{\"@context\":\"https:\/\/schema.org\",\"@graph\":[{\"@type\":\"WebPage\",\"@id\":\"https:\/\/shiawaves.com\/turkish\/2024\/09\/16\/uluslararasi-siddetsizlik-orgutu-dunya-demokrasi-gunu-nedeniyle-demokrasilerin-guclenmesini-istedi\/\",\"url\":\"https:\/\/shiawaves.com\/turkish\/2024\/09\/16\/uluslararasi-siddetsizlik-orgutu-dunya-demokrasi-gunu-nedeniyle-demokrasilerin-guclenmesini-istedi\/\",\"name\":\"Uluslararas\u0131 \u015fiddetsizlik \u00f6rg\u00fct\u00fc D\u00fcnya Demokrasi g\u00fcn\u00fc nedeniyle demokrasilerin g\u00fc\u00e7lenmesini istedi - ShiaWaves Turkish - \u015eia Haberleri\",\"isPartOf\":{\"@id\":\"https:\/\/shiawaves.com\/turkish\/#website\"},\"primaryImageOfPage\":{\"@id\":\"https:\/\/shiawaves.com\/turkish\/2024\/09\/16\/uluslararasi-siddetsizlik-orgutu-dunya-demokrasi-gunu-nedeniyle-demokrasilerin-guclenmesini-istedi\/#primaryimage\"},\"image\":{\"@id\":\"https:\/\/shiawaves.com\/turkish\/2024\/09\/16\/uluslararasi-siddetsizlik-orgutu-dunya-demokrasi-gunu-nedeniyle-demokrasilerin-guclenmesini-istedi\/#primaryimage\"},\"thumbnailUrl\":\"https:\/\/shiawaves.com\/turkish\/wp-content\/uploads\/sites\/6\/2024\/09\/image-80.png\",\"datePublished\":\"2024-09-16T20:00:00+00:00\",\"dateModified\":\"2024-09-16T18:58:57+00:00\",\"author\":{\"@id\":\"https:\/\/shiawaves.com\/turkish\/#\/schema\/person\/9f68d5023e948086b9348fba5aebd954\"},\"description\":\"Uluslararas\u0131 \u015fiddetsizlik \u00f6rg\u00fct\u00fc D\u00fcnya Demokrasi g\u00fcn\u00fc nedeniyle demokrasilerin g\u00fc\u00e7lenmesini istedi\",\"breadcrumb\":{\"@id\":\"https:\/\/shiawaves.com\/turkish\/2024\/09\/16\/uluslararasi-siddetsizlik-orgutu-dunya-demokrasi-gunu-nedeniyle-demokrasilerin-guclenmesini-istedi\/#breadcrumb\"},\"inLanguage\":\"tr\",\"potentialAction\":[{\"@type\":\"ReadAction\",\"target\":[\"https:\/\/shiawaves.com\/turkish\/2024\/09\/16\/uluslararasi-siddetsizlik-orgutu-dunya-demokrasi-gunu-nedeniyle-demokrasilerin-guclenmesini-istedi\/\"]}]},{\"@type\":\"ImageObject\",\"inLanguage\":\"tr\",\"@id\":\"https:\/\/shiawaves.com\/turkish\/2024\/09\/16\/uluslararasi-siddetsizlik-orgutu-dunya-demokrasi-gunu-nedeniyle-demokrasilerin-guclenmesini-istedi\/#primaryimage\",\"url\":\"https:\/\/shiawaves.com\/turkish\/wp-content\/uploads\/sites\/6\/2024\/09\/image-80.png\",\"contentUrl\":\"https:\/\/shiawaves.com\/turkish\/wp-content\/uploads\/sites\/6\/2024\/09\/image-80.png\",\"width\":768,\"height\":461,\"caption\":\"Uluslararas\u0131 \u015fiddetsizlik \u00f6rg\u00fct\u00fc D\u00fcnya Demokrasi g\u00fcn\u00fc nedeniyle demokrasilerin g\u00fc\u00e7lenmesini istedi\"},{\"@type\":\"BreadcrumbList\",\"@id\":\"https:\/\/shiawaves.com\/turkish\/2024\/09\/16\/uluslararasi-siddetsizlik-orgutu-dunya-demokrasi-gunu-nedeniyle-demokrasilerin-guclenmesini-istedi\/#breadcrumb\",\"itemListElement\":[{\"@type\":\"ListItem\",\"position\":1,\"name\":\"Home\",\"item\":\"https:\/\/shiawaves.com\/turkish\/\"},{\"@type\":\"ListItem\",\"position\":2,\"name\":\"Uluslararas\u0131 \u015fiddetsizlik \u00f6rg\u00fct\u00fc D\u00fcnya Demokrasi g\u00fcn\u00fc nedeniyle demokrasilerin g\u00fc\u00e7lenmesini istedi\"}]},{\"@type\":\"WebSite\",\"@id\":\"https:\/\/shiawaves.com\/turkish\/#website\",\"url\":\"https:\/\/shiawaves.com\/turkish\/\",\"name\":\"ShiaWaves Turkish - \u015eia Haberleri\",\"description\":\"\",\"potentialAction\":[{\"@type\":\"SearchAction\",\"target\":{\"@type\":\"EntryPoint\",\"urlTemplate\":\"https:\/\/shiawaves.com\/turkish\/?s={search_term_string}\"},\"query-input\":{\"@type\":\"PropertyValueSpecification\",\"valueRequired\":true,\"valueName\":\"search_term_string\"}}],\"inLanguage\":\"tr\"},{\"@type\":\"Person\",\"@id\":\"https:\/\/shiawaves.com\/turkish\/#\/schema\/person\/9f68d5023e948086b9348fba5aebd954\",\"name\":\"modir\",\"image\":{\"@type\":\"ImageObject\",\"inLanguage\":\"tr\",\"@id\":\"https:\/\/shiawaves.com\/turkish\/#\/schema\/person\/image\/\",\"url\":\"https:\/\/secure.gravatar.com\/avatar\/8e76f93cdbdd480bd8918d1e0e1d938664c9cb1516c2a57a2b96fe50b507a6b9?s=96&d=mm&r=g\",\"contentUrl\":\"https:\/\/secure.gravatar.com\/avatar\/8e76f93cdbdd480bd8918d1e0e1d938664c9cb1516c2a57a2b96fe50b507a6b9?s=96&d=mm&r=g\",\"caption\":\"modir\"},\"sameAs\":[\"https:\/\/shiawaves.com\"],\"url\":\"https:\/\/shiawaves.com\/turkish\/author\/modir\/\"}]}<\/script>\n<!-- \/ Yoast SEO plugin. -->","yoast_head_json":{"title":"Uluslararas\u0131 \u015fiddetsizlik \u00f6rg\u00fct\u00fc D\u00fcnya Demokrasi g\u00fcn\u00fc nedeniyle demokrasilerin g\u00fc\u00e7lenmesini istedi - ShiaWaves Turkish - \u015eia Haberleri","description":"Uluslararas\u0131 \u015fiddetsizlik \u00f6rg\u00fct\u00fc D\u00fcnya Demokrasi g\u00fcn\u00fc nedeniyle demokrasilerin g\u00fc\u00e7lenmesini istedi","robots":{"index":"index","follow":"follow","max-snippet":"max-snippet:-1","max-image-preview":"max-image-preview:large","max-video-preview":"max-video-preview:-1"},"canonical":"https:\/\/shiawaves.com\/turkish\/2024\/09\/16\/uluslararasi-siddetsizlik-orgutu-dunya-demokrasi-gunu-nedeniyle-demokrasilerin-guclenmesini-istedi\/","og_locale":"tr_TR","og_type":"article","og_title":"Uluslararas\u0131 \u015fiddetsizlik \u00f6rg\u00fct\u00fc D\u00fcnya Demokrasi g\u00fcn\u00fc nedeniyle demokrasilerin g\u00fc\u00e7lenmesini istedi - ShiaWaves Turkish - \u015eia Haberleri","og_description":"Uluslararas\u0131 \u015fiddetsizlik \u00f6rg\u00fct\u00fc D\u00fcnya Demokrasi g\u00fcn\u00fc nedeniyle demokrasilerin g\u00fc\u00e7lenmesini istedi","og_url":"https:\/\/shiawaves.com\/turkish\/2024\/09\/16\/uluslararasi-siddetsizlik-orgutu-dunya-demokrasi-gunu-nedeniyle-demokrasilerin-guclenmesini-istedi\/","og_site_name":"ShiaWaves Turkish - \u015eia Haberleri","article_published_time":"2024-09-16T20:00:00+00:00","article_modified_time":"2024-09-16T18:58:57+00:00","og_image":[{"width":768,"height":461,"url":"https:\/\/shiawaves.com\/turkish\/wp-content\/uploads\/sites\/6\/2024\/09\/image-80.png","type":"image\/png"}],"author":"modir","twitter_card":"summary_large_image","twitter_misc":{"Yazan:":"modir","Tahmini okuma s\u00fcresi":"2 dakika"},"schema":{"@context":"https:\/\/schema.org","@graph":[{"@type":"WebPage","@id":"https:\/\/shiawaves.com\/turkish\/2024\/09\/16\/uluslararasi-siddetsizlik-orgutu-dunya-demokrasi-gunu-nedeniyle-demokrasilerin-guclenmesini-istedi\/","url":"https:\/\/shiawaves.com\/turkish\/2024\/09\/16\/uluslararasi-siddetsizlik-orgutu-dunya-demokrasi-gunu-nedeniyle-demokrasilerin-guclenmesini-istedi\/","name":"Uluslararas\u0131 \u015fiddetsizlik \u00f6rg\u00fct\u00fc D\u00fcnya Demokrasi g\u00fcn\u00fc nedeniyle demokrasilerin g\u00fc\u00e7lenmesini istedi - ShiaWaves Turkish - \u015eia Haberleri","isPartOf":{"@id":"https:\/\/shiawaves.com\/turkish\/#website"},"primaryImageOfPage":{"@id":"https:\/\/shiawaves.com\/turkish\/2024\/09\/16\/uluslararasi-siddetsizlik-orgutu-dunya-demokrasi-gunu-nedeniyle-demokrasilerin-guclenmesini-istedi\/#primaryimage"},"image":{"@id":"https:\/\/shiawaves.com\/turkish\/2024\/09\/16\/uluslararasi-siddetsizlik-orgutu-dunya-demokrasi-gunu-nedeniyle-demokrasilerin-guclenmesini-istedi\/#primaryimage"},"thumbnailUrl":"https:\/\/shiawaves.com\/turkish\/wp-content\/uploads\/sites\/6\/2024\/09\/image-80.png","datePublished":"2024-09-16T20:00:00+00:00","dateModified":"2024-09-16T18:58:57+00:00","author":{"@id":"https:\/\/shiawaves.com\/turkish\/#\/schema\/person\/9f68d5023e948086b9348fba5aebd954"},"description":"Uluslararas\u0131 \u015fiddetsizlik \u00f6rg\u00fct\u00fc D\u00fcnya Demokrasi g\u00fcn\u00fc nedeniyle demokrasilerin g\u00fc\u00e7lenmesini istedi","breadcrumb":{"@id":"https:\/\/shiawaves.com\/turkish\/2024\/09\/16\/uluslararasi-siddetsizlik-orgutu-dunya-demokrasi-gunu-nedeniyle-demokrasilerin-guclenmesini-istedi\/#breadcrumb"},"inLanguage":"tr","potentialAction":[{"@type":"ReadAction","target":["https:\/\/shiawaves.com\/turkish\/2024\/09\/16\/uluslararasi-siddetsizlik-orgutu-dunya-demokrasi-gunu-nedeniyle-demokrasilerin-guclenmesini-istedi\/"]}]},{"@type":"ImageObject","inLanguage":"tr","@id":"https:\/\/shiawaves.com\/turkish\/2024\/09\/16\/uluslararasi-siddetsizlik-orgutu-dunya-demokrasi-gunu-nedeniyle-demokrasilerin-guclenmesini-istedi\/#primaryimage","url":"https:\/\/shiawaves.com\/turkish\/wp-content\/uploads\/sites\/6\/2024\/09\/image-80.png","contentUrl":"https:\/\/shiawaves.com\/turkish\/wp-content\/uploads\/sites\/6\/2024\/09\/image-80.png","width":768,"height":461,"caption":"Uluslararas\u0131 \u015fiddetsizlik \u00f6rg\u00fct\u00fc D\u00fcnya Demokrasi g\u00fcn\u00fc nedeniyle demokrasilerin g\u00fc\u00e7lenmesini istedi"},{"@type":"BreadcrumbList","@id":"https:\/\/shiawaves.com\/turkish\/2024\/09\/16\/uluslararasi-siddetsizlik-orgutu-dunya-demokrasi-gunu-nedeniyle-demokrasilerin-guclenmesini-istedi\/#breadcrumb","itemListElement":[{"@type":"ListItem","position":1,"name":"Home","item":"https:\/\/shiawaves.com\/turkish\/"},{"@type":"ListItem","position":2,"name":"Uluslararas\u0131 \u015fiddetsizlik \u00f6rg\u00fct\u00fc D\u00fcnya Demokrasi g\u00fcn\u00fc nedeniyle demokrasilerin g\u00fc\u00e7lenmesini istedi"}]},{"@type":"WebSite","@id":"https:\/\/shiawaves.com\/turkish\/#website","url":"https:\/\/shiawaves.com\/turkish\/","name":"ShiaWaves Turkish - \u015eia Haberleri","description":"","potentialAction":[{"@type":"SearchAction","target":{"@type":"EntryPoint","urlTemplate":"https:\/\/shiawaves.com\/turkish\/?s={search_term_string}"},"query-input":{"@type":"PropertyValueSpecification","valueRequired":true,"valueName":"search_term_string"}}],"inLanguage":"tr"},{"@type":"Person","@id":"https:\/\/shiawaves.com\/turkish\/#\/schema\/person\/9f68d5023e948086b9348fba5aebd954","name":"modir","image":{"@type":"ImageObject","inLanguage":"tr","@id":"https:\/\/shiawaves.com\/turkish\/#\/schema\/person\/image\/","url":"https:\/\/secure.gravatar.com\/avatar\/8e76f93cdbdd480bd8918d1e0e1d938664c9cb1516c2a57a2b96fe50b507a6b9?s=96&d=mm&r=g","contentUrl":"https:\/\/secure.gravatar.com\/avatar\/8e76f93cdbdd480bd8918d1e0e1d938664c9cb1516c2a57a2b96fe50b507a6b9?s=96&d=mm&r=g","caption":"modir"},"sameAs":["https:\/\/shiawaves.com"],"url":"https:\/\/shiawaves.com\/turkish\/author\/modir\/"}]}},"_links":{"self":[{"href":"https:\/\/shiawaves.com\/turkish\/wp-json\/wp\/v2\/posts\/107286","targetHints":{"allow":["GET"]}}],"collection":[{"href":"https:\/\/shiawaves.com\/turkish\/wp-json\/wp\/v2\/posts"}],"about":[{"href":"https:\/\/shiawaves.com\/turkish\/wp-json\/wp\/v2\/types\/post"}],"author":[{"embeddable":true,"href":"https:\/\/shiawaves.com\/turkish\/wp-json\/wp\/v2\/users\/1"}],"replies":[{"embeddable":true,"href":"https:\/\/shiawaves.com\/turkish\/wp-json\/wp\/v2\/comments?post=107286"}],"version-history":[{"count":1,"href":"https:\/\/shiawaves.com\/turkish\/wp-json\/wp\/v2\/posts\/107286\/revisions"}],"predecessor-version":[{"id":107288,"href":"https:\/\/shiawaves.com\/turkish\/wp-json\/wp\/v2\/posts\/107286\/revisions\/107288"}],"wp:featuredmedia":[{"embeddable":true,"href":"https:\/\/shiawaves.com\/turkish\/wp-json\/wp\/v2\/media\/107287"}],"wp:attachment":[{"href":"https:\/\/shiawaves.com\/turkish\/wp-json\/wp\/v2\/media?parent=107286"}],"wp:term":[{"taxonomy":"category","embeddable":true,"href":"https:\/\/shiawaves.com\/turkish\/wp-json\/wp\/v2\/categories?post=107286"},{"taxonomy":"post_tag","embeddable":true,"href":"https:\/\/shiawaves.com\/turkish\/wp-json\/wp\/v2\/tags?post=107286"}],"curies":[{"name":"wp","href":"https:\/\/api.w.org\/{rel}","templated":true}]}}