{"id":107183,"date":"2024-09-10T23:30:00","date_gmt":"2024-09-10T20:30:00","guid":{"rendered":"https:\/\/shiawaves.com\/turkish\/?p=107183"},"modified":"2024-09-10T20:55:49","modified_gmt":"2024-09-10T17:55:49","slug":"eski-basbakan-imran-han-liderligindeki-pakistan-tahrik-i-insaf-pti-subat-ayindaki-tartismali-secimlerden-bu-yana-partinin-ilk-guc-gosterisi-icin-islamabadda-bir-miting-duzenledi","status":"publish","type":"post","link":"https:\/\/shiawaves.com\/turkish\/2024\/09\/10\/eski-basbakan-imran-han-liderligindeki-pakistan-tahrik-i-insaf-pti-subat-ayindaki-tartismali-secimlerden-bu-yana-partinin-ilk-guc-gosterisi-icin-islamabadda-bir-miting-duzenledi\/","title":{"rendered":"Pakistan&#8217;da Binlerce Ki\u015fi Eski Ba\u015fbakan \u0130mran Han&#8217;\u0131n Serbest B\u0131rak\u0131lmas\u0131 \u0130\u00e7in Miting D\u00fczenledi"},"content":{"rendered":"\n<p>Eski Ba\u015fbakan \u0130mran Han liderli\u011findeki Pakistan Tahrik-i \u0130nsaf (PTI), \u015eubat ay\u0131ndaki tart\u0131\u015fmal\u0131 se\u00e7imlerden bu yana partinin ilk g\u00fc\u00e7 g\u00f6sterisi i\u00e7in \u0130slamabad&#8217;da bir miting d\u00fczenledi.<\/p>\n\n\n\n<p><\/p>\n\n\n\n<figure class=\"wp-block-image size-full\"><img loading=\"lazy\" decoding=\"async\" width=\"1022\" height=\"728\" src=\"https:\/\/shiawaves.com\/turkish\/wp-content\/uploads\/sites\/6\/2024\/09\/image-43.png\" alt=\"\" class=\"wp-image-107184\" srcset=\"https:\/\/shiawaves.com\/turkish\/wp-content\/uploads\/sites\/6\/2024\/09\/image-43.png 1022w, https:\/\/shiawaves.com\/turkish\/wp-content\/uploads\/sites\/6\/2024\/09\/image-43-300x214.png 300w, https:\/\/shiawaves.com\/turkish\/wp-content\/uploads\/sites\/6\/2024\/09\/image-43-768x547.png 768w\" sizes=\"auto, (max-width: 1022px) 100vw, 1022px\" \/><\/figure>\n\n\n\n<p>Pakistan&#8217;\u0131n ba\u015fkenti \u0130slamabad&#8217;da binlerce ki\u015fi, siyasi su\u00e7lamalarla bir y\u0131l\u0131 a\u015fk\u0131n s\u00fcredir parmakl\u0131klar ard\u0131nda tutulan Pakistan eski ba\u015fbakan\u0131 \u0130mran Han&#8217;\u0131n serbest b\u0131rak\u0131lmas\u0131 talebiyle sokaklara \u00e7\u0131kt\u0131.<\/p>\n\n\n\n<p>\u0130mran Han liderli\u011findeki Pakistan Tahrik-i \u0130nsaf (PTI), Pazar g\u00fcn\u00fc \u0130slamabad&#8217;da bir miting d\u00fczenledi. Bu miting partinin \u015eubat ay\u0131ndaki tart\u0131\u015fmal\u0131 ulusal ve b\u00f6lgesel se\u00e7imlerden bu yana ilk g\u00fc\u00e7 g\u00f6sterisiydi.<\/p>\n\n\n\n<p>Sosyal medya platformu X&#8217;te yay\u0131nlanan foto\u011fraf ve videolar, Imran Khan&#8217;\u0131n destek\u00e7ilerinin \u00fclkenin farkl\u0131 yerlerinden insanlar\u0131n protestolara kat\u0131ld\u0131\u011f\u0131n\u0131 g\u00f6steriyor.<\/p>\n\n\n\n<p>\u0130mran Han&#8217;\u0131n yard\u0131mc\u0131lar\u0131ndan Hamad Azhar, bu protestolar\u0131n a\u00e7\u0131l\u0131\u015f konu\u015fmas\u0131nda \u015funlar\u0131 s\u00f6yledi: \u0130mran Han hapisten \u00e7\u0131kana kadar dinlenmeyece\u011fiz.<\/p>\n\n\n\n<p>Tan\u0131nm\u0131\u015f bir avukat ve Lahorlu Tahrik-i \u0130nsaf Partisi liderlerinden biri olan Salman Akram Raja da bu g\u00f6steride \u00fclkeyi &#8220;yozla\u015fm\u0131\u015f ve beceriksiz politikac\u0131lar\u0131n pen\u00e7esinden&#8221; kurtarabilecek tek ki\u015finin \u0130mran Han oldu\u011funu s\u00f6yledi.<\/p>\n\n\n\n<p>\u0130slamabad h\u00fck\u00fcmeti, olas\u0131 huzursuzlu\u011fu \u00f6nlemek i\u00e7in \u015fehrin \u00f6nemli giri\u015f noktalar\u0131n\u0131 nakliye konteyn\u0131rlar\u0131 ve \u00e7evik kuvvet polisiyle kapatm\u0131\u015ft\u0131.<\/p>\n\n\n\n<p>Sosyal medyadaki videolar, d\u00fczinelerce PTI aktivistinin, giri\u015f noktalar\u0131ndan birinde g\u00f6stericilere yer a\u00e7mak i\u00e7in konteyn\u0131rlar\u0131 ba\u015far\u0131yla kenara itti\u011fini g\u00f6steriyor.<\/p>\n\n\n\n<p>Bu g\u00f6sterilerde \u00f6fkeli g\u00f6stericiler \u00e7evik kuvvet polisine ta\u015f att\u0131 ve polis protestocular\u0131 da\u011f\u0131tmak i\u00e7in g\u00f6z ya\u015fart\u0131c\u0131 gaz bombas\u0131 att\u0131.<\/p>\n\n\n\n<p>Bu, ge\u00e7en y\u0131l \u0130mran Han&#8217;\u0131n tutuklanmas\u0131ndan bu yana ilk kez Pakistan mahkemesinin Tahrik-i \u0130nsaf&#8217;\u0131n \u0130slamabad ogislerine miting d\u00fczenlemesine izin vermesiydi.<\/p>\n\n\n\n<p>Eski kriket y\u0131ld\u0131z\u0131 \u0130mran Han, Nisan 2022&#8217;de g\u00f6revden al\u0131nd\u0131.<\/p>\n\n\n\n<p>Kendisi A\u011fustos 2023&#8217;ten beri hapiste ve o y\u0131ldan beri, yani destek\u00e7ilerinin askeri tesislere sald\u0131rd\u0131\u011f\u0131 o me\u015fhur g\u00fcnde, insanlar\u0131 k\u0131\u015fk\u0131rtmaktan dolay\u0131 yarg\u0131lan\u0131yor.<\/p>\n\n\n\n<p>Davas\u0131, e\u015fi benzeri g\u00f6r\u00fclmemi\u015f bir \u015fekilde tutuklanmas\u0131 ve ard\u0131ndan casuslukla su\u00e7lanan ve yayg\u0131n olarak \u0130mran Han&#8217;\u0131n ba\u015fbakanl\u0131\u011f\u0131 s\u0131ras\u0131nda ona yak\u0131n oldu\u011funa inan\u0131lan bir g\u00fcvenlik g\u00f6revlisinin askeri mahkemeye \u00e7\u0131kar\u0131lmas\u0131 nedeniyle iyice karma\u015f\u0131k bir hal ald\u0131.<\/p>\n\n\n\n<p>\u0130mran Han su\u00e7lamalar\u0131 reddetmektedir. Ayr\u0131ca son aylardaki t\u00fcm hapis kararlar\u0131 ya ertelendi ya da bozuldu.<\/p>\n\n\n\n<p>Pakistan \u0130nsan Haklar\u0131 Komisyonu, Tahrik-i \u0130nsaf&#8217;\u0131 yasaklama giri\u015fimini demokratik normlara b\u00fcy\u00fck bir darbe olarak nitelendirdi ve bunun siyasi \u00e7aresizlik koktu\u011funu s\u00f6yledi.<\/p>\n\n\n\n<p>Bir grup BM haklar\u0131 uzman\u0131 da Temmuz ay\u0131nda \u0130mran Han&#8217;\u0131n tutuklulu\u011funun hi\u00e7bir yasal dayana\u011f\u0131 olmad\u0131\u011f\u0131n\u0131 ve onu siyasi makamlara aday olmaktan diskalifiye etmeyi ama\u00e7lad\u0131\u011f\u0131n\u0131 tespit etti.<\/p>\n\n\n\n<p>Pakistan Tahrik-i \u0130nsaf&#8217;\u0131n (PTI) kurucusu \u0130mran Han&#8217;\u0131n, hapishanede \u00f6l\u00fcm\u00fcne yol a\u00e7sa bile &#8220;zorbal\u0131k fakt\u00f6rlerine&#8221; direnme s\u00f6z\u00fc verdi\u011fini belirtmekte fayda var.<\/p>\n\n\n\n<p>Adiala hapishanesinde gazetecilerle yapt\u0131\u011f\u0131 a\u00e7\u0131k bas\u0131n toplant\u0131s\u0131nda \u0130mran Khan, \u00fclkenin karar mercilerini ele\u015ftirerek onlar\u0131n hi\u00e7bir anlam ta\u015f\u0131mad\u0131\u011f\u0131n\u0131 ve \u00fclkeyi kaosa s\u00fcr\u00fcklediklerini iddia etti.<\/p>\n\n\n\n<p>S\u00f6zlerinin devam\u0131nda: \u201cBana g\u00fc\u00e7l\u00fclere kar\u015f\u0131 nas\u0131l cesaretle hareket etti\u011fimi a\u00e7\u0131klamam s\u00f6ylendi. \u015eunu a\u00e7\u0131kl\u0131\u011fa kavu\u015fturay\u0131m; zaman\u0131n Yezidi&#8217;ne boyun e\u011fmektense hapishanede \u00f6lmeyi tercih ederim.\u201d dedi.<\/p>\n","protected":false},"excerpt":{"rendered":"<p>Eski Ba\u015fbakan \u0130mran Han liderli\u011findeki Pakistan Tahrik-i \u0130nsaf (PTI), \u015eubat ay\u0131ndaki tart\u0131\u015fmal\u0131 se\u00e7imlerden bu yana partinin ilk g\u00fc\u00e7 g\u00f6sterisi i\u00e7in \u0130slamabad&#8217;da bir miting d\u00fczenledi. Pakistan&#8217;\u0131n ba\u015fkenti \u0130slamabad&#8217;da binlerce ki\u015fi, siyasi su\u00e7lamalarla bir y\u0131l\u0131 a\u015fk\u0131n s\u00fcredir parmakl\u0131klar ard\u0131nda tutulan Pakistan eski ba\u015fbakan\u0131 \u0130mran Han&#8217;\u0131n serbest b\u0131rak\u0131lmas\u0131 talebiyle sokaklara \u00e7\u0131kt\u0131. \u0130mran Han liderli\u011findeki Pakistan Tahrik-i \u0130nsaf (PTI), &hellip;<\/p>\n","protected":false},"author":1,"featured_media":107184,"comment_status":"open","ping_status":"open","sticky":false,"template":"","format":"standard","meta":{"rop_custom_images_group":[],"rop_custom_messages_group":[],"rop_publish_now":"initial","rop_publish_now_accounts":[],"rop_publish_now_history":[],"rop_publish_now_status":"pending","footnotes":""},"categories":[1],"tags":[794,403],"class_list":["post-107183","post","type-post","status-publish","format-standard","has-post-thumbnail","hentry","category-uncategorized","tag-imran-han","tag-pakistan"],"_wp_page_template":null,"_wp_attached_file":null,"_wp_attachment_metadata":null,"_edit_lock":"1725990950:1","yoast_head":"<!-- This site is optimized with the Yoast SEO plugin v24.3 - https:\/\/yoast.com\/wordpress\/plugins\/seo\/ -->\n<title>Pakistan&#039;da Binlerce Ki\u015fi Eski Ba\u015fbakan \u0130mran Han&#039;\u0131n Serbest B\u0131rak\u0131lmas\u0131 \u0130\u00e7in Miting D\u00fczenledi - ShiaWaves Turkish - \u015eia Haberleri<\/title>\n<meta name=\"description\" content=\"Pakistan&#039;da Binlerce Ki\u015fi Eski Ba\u015fbakan \u0130mran Han&#039;\u0131n Serbest B\u0131rak\u0131lmas\u0131 \u0130\u00e7in Miting D\u00fczenledi\" \/>\n<meta name=\"robots\" content=\"index, follow, max-snippet:-1, max-image-preview:large, max-video-preview:-1\" \/>\n<link rel=\"canonical\" href=\"https:\/\/shiawaves.com\/turkish\/2024\/09\/10\/eski-basbakan-imran-han-liderligindeki-pakistan-tahrik-i-insaf-pti-subat-ayindaki-tartismali-secimlerden-bu-yana-partinin-ilk-guc-gosterisi-icin-islamabadda-bir-miting-duzenledi\/\" \/>\n<meta property=\"og:locale\" content=\"tr_TR\" \/>\n<meta property=\"og:type\" content=\"article\" \/>\n<meta property=\"og:title\" content=\"Pakistan&#039;da Binlerce Ki\u015fi Eski Ba\u015fbakan \u0130mran Han&#039;\u0131n Serbest B\u0131rak\u0131lmas\u0131 \u0130\u00e7in Miting D\u00fczenledi - ShiaWaves Turkish - \u015eia Haberleri\" \/>\n<meta property=\"og:description\" content=\"Pakistan&#039;da Binlerce Ki\u015fi Eski Ba\u015fbakan \u0130mran Han&#039;\u0131n Serbest B\u0131rak\u0131lmas\u0131 \u0130\u00e7in Miting D\u00fczenledi\" \/>\n<meta property=\"og:url\" content=\"https:\/\/shiawaves.com\/turkish\/2024\/09\/10\/eski-basbakan-imran-han-liderligindeki-pakistan-tahrik-i-insaf-pti-subat-ayindaki-tartismali-secimlerden-bu-yana-partinin-ilk-guc-gosterisi-icin-islamabadda-bir-miting-duzenledi\/\" \/>\n<meta property=\"og:site_name\" content=\"ShiaWaves Turkish - \u015eia Haberleri\" \/>\n<meta property=\"article:published_time\" content=\"2024-09-10T20:30:00+00:00\" \/>\n<meta property=\"article:modified_time\" content=\"2024-09-10T17:55:49+00:00\" \/>\n<meta property=\"og:image\" content=\"https:\/\/shiawaves.com\/turkish\/wp-content\/uploads\/sites\/6\/2024\/09\/image-43.png\" \/>\n\t<meta property=\"og:image:width\" content=\"1022\" \/>\n\t<meta property=\"og:image:height\" content=\"728\" \/>\n\t<meta property=\"og:image:type\" content=\"image\/png\" \/>\n<meta name=\"author\" content=\"modir\" \/>\n<meta name=\"twitter:card\" content=\"summary_large_image\" \/>\n<meta name=\"twitter:label1\" content=\"Yazan:\" \/>\n\t<meta name=\"twitter:data1\" content=\"modir\" \/>\n\t<meta name=\"twitter:label2\" content=\"Tahmini okuma s\u00fcresi\" \/>\n\t<meta name=\"twitter:data2\" content=\"3 dakika\" \/>\n<script type=\"application\/ld+json\" class=\"yoast-schema-graph\">{\"@context\":\"https:\/\/schema.org\",\"@graph\":[{\"@type\":\"WebPage\",\"@id\":\"https:\/\/shiawaves.com\/turkish\/2024\/09\/10\/eski-basbakan-imran-han-liderligindeki-pakistan-tahrik-i-insaf-pti-subat-ayindaki-tartismali-secimlerden-bu-yana-partinin-ilk-guc-gosterisi-icin-islamabadda-bir-miting-duzenledi\/\",\"url\":\"https:\/\/shiawaves.com\/turkish\/2024\/09\/10\/eski-basbakan-imran-han-liderligindeki-pakistan-tahrik-i-insaf-pti-subat-ayindaki-tartismali-secimlerden-bu-yana-partinin-ilk-guc-gosterisi-icin-islamabadda-bir-miting-duzenledi\/\",\"name\":\"Pakistan'da Binlerce Ki\u015fi Eski Ba\u015fbakan \u0130mran Han'\u0131n Serbest B\u0131rak\u0131lmas\u0131 \u0130\u00e7in Miting D\u00fczenledi - ShiaWaves Turkish - \u015eia Haberleri\",\"isPartOf\":{\"@id\":\"https:\/\/shiawaves.com\/turkish\/#website\"},\"primaryImageOfPage\":{\"@id\":\"https:\/\/shiawaves.com\/turkish\/2024\/09\/10\/eski-basbakan-imran-han-liderligindeki-pakistan-tahrik-i-insaf-pti-subat-ayindaki-tartismali-secimlerden-bu-yana-partinin-ilk-guc-gosterisi-icin-islamabadda-bir-miting-duzenledi\/#primaryimage\"},\"image\":{\"@id\":\"https:\/\/shiawaves.com\/turkish\/2024\/09\/10\/eski-basbakan-imran-han-liderligindeki-pakistan-tahrik-i-insaf-pti-subat-ayindaki-tartismali-secimlerden-bu-yana-partinin-ilk-guc-gosterisi-icin-islamabadda-bir-miting-duzenledi\/#primaryimage\"},\"thumbnailUrl\":\"https:\/\/shiawaves.com\/turkish\/wp-content\/uploads\/sites\/6\/2024\/09\/image-43.png\",\"datePublished\":\"2024-09-10T20:30:00+00:00\",\"dateModified\":\"2024-09-10T17:55:49+00:00\",\"author\":{\"@id\":\"https:\/\/shiawaves.com\/turkish\/#\/schema\/person\/9f68d5023e948086b9348fba5aebd954\"},\"description\":\"Pakistan'da Binlerce Ki\u015fi Eski Ba\u015fbakan \u0130mran Han'\u0131n Serbest B\u0131rak\u0131lmas\u0131 \u0130\u00e7in Miting D\u00fczenledi\",\"breadcrumb\":{\"@id\":\"https:\/\/shiawaves.com\/turkish\/2024\/09\/10\/eski-basbakan-imran-han-liderligindeki-pakistan-tahrik-i-insaf-pti-subat-ayindaki-tartismali-secimlerden-bu-yana-partinin-ilk-guc-gosterisi-icin-islamabadda-bir-miting-duzenledi\/#breadcrumb\"},\"inLanguage\":\"tr\",\"potentialAction\":[{\"@type\":\"ReadAction\",\"target\":[\"https:\/\/shiawaves.com\/turkish\/2024\/09\/10\/eski-basbakan-imran-han-liderligindeki-pakistan-tahrik-i-insaf-pti-subat-ayindaki-tartismali-secimlerden-bu-yana-partinin-ilk-guc-gosterisi-icin-islamabadda-bir-miting-duzenledi\/\"]}]},{\"@type\":\"ImageObject\",\"inLanguage\":\"tr\",\"@id\":\"https:\/\/shiawaves.com\/turkish\/2024\/09\/10\/eski-basbakan-imran-han-liderligindeki-pakistan-tahrik-i-insaf-pti-subat-ayindaki-tartismali-secimlerden-bu-yana-partinin-ilk-guc-gosterisi-icin-islamabadda-bir-miting-duzenledi\/#primaryimage\",\"url\":\"https:\/\/shiawaves.com\/turkish\/wp-content\/uploads\/sites\/6\/2024\/09\/image-43.png\",\"contentUrl\":\"https:\/\/shiawaves.com\/turkish\/wp-content\/uploads\/sites\/6\/2024\/09\/image-43.png\",\"width\":1022,\"height\":728,\"caption\":\"Pakistan'da Binlerce Ki\u015fi Eski Ba\u015fbakan \u0130mran Han'\u0131n Serbest B\u0131rak\u0131lmas\u0131 \u0130\u00e7in Miting D\u00fczenledi\"},{\"@type\":\"BreadcrumbList\",\"@id\":\"https:\/\/shiawaves.com\/turkish\/2024\/09\/10\/eski-basbakan-imran-han-liderligindeki-pakistan-tahrik-i-insaf-pti-subat-ayindaki-tartismali-secimlerden-bu-yana-partinin-ilk-guc-gosterisi-icin-islamabadda-bir-miting-duzenledi\/#breadcrumb\",\"itemListElement\":[{\"@type\":\"ListItem\",\"position\":1,\"name\":\"Home\",\"item\":\"https:\/\/shiawaves.com\/turkish\/\"},{\"@type\":\"ListItem\",\"position\":2,\"name\":\"Pakistan&#8217;da Binlerce Ki\u015fi Eski Ba\u015fbakan \u0130mran Han&#8217;\u0131n Serbest B\u0131rak\u0131lmas\u0131 \u0130\u00e7in Miting D\u00fczenledi\"}]},{\"@type\":\"WebSite\",\"@id\":\"https:\/\/shiawaves.com\/turkish\/#website\",\"url\":\"https:\/\/shiawaves.com\/turkish\/\",\"name\":\"ShiaWaves Turkish - \u015eia Haberleri\",\"description\":\"\",\"potentialAction\":[{\"@type\":\"SearchAction\",\"target\":{\"@type\":\"EntryPoint\",\"urlTemplate\":\"https:\/\/shiawaves.com\/turkish\/?s={search_term_string}\"},\"query-input\":{\"@type\":\"PropertyValueSpecification\",\"valueRequired\":true,\"valueName\":\"search_term_string\"}}],\"inLanguage\":\"tr\"},{\"@type\":\"Person\",\"@id\":\"https:\/\/shiawaves.com\/turkish\/#\/schema\/person\/9f68d5023e948086b9348fba5aebd954\",\"name\":\"modir\",\"image\":{\"@type\":\"ImageObject\",\"inLanguage\":\"tr\",\"@id\":\"https:\/\/shiawaves.com\/turkish\/#\/schema\/person\/image\/\",\"url\":\"https:\/\/secure.gravatar.com\/avatar\/8e76f93cdbdd480bd8918d1e0e1d938664c9cb1516c2a57a2b96fe50b507a6b9?s=96&d=mm&r=g\",\"contentUrl\":\"https:\/\/secure.gravatar.com\/avatar\/8e76f93cdbdd480bd8918d1e0e1d938664c9cb1516c2a57a2b96fe50b507a6b9?s=96&d=mm&r=g\",\"caption\":\"modir\"},\"sameAs\":[\"https:\/\/shiawaves.com\"],\"url\":\"https:\/\/shiawaves.com\/turkish\/author\/modir\/\"}]}<\/script>\n<!-- \/ Yoast SEO plugin. -->","yoast_head_json":{"title":"Pakistan'da Binlerce Ki\u015fi Eski Ba\u015fbakan \u0130mran Han'\u0131n Serbest B\u0131rak\u0131lmas\u0131 \u0130\u00e7in Miting D\u00fczenledi - ShiaWaves Turkish - \u015eia Haberleri","description":"Pakistan'da Binlerce Ki\u015fi Eski Ba\u015fbakan \u0130mran Han'\u0131n Serbest B\u0131rak\u0131lmas\u0131 \u0130\u00e7in Miting D\u00fczenledi","robots":{"index":"index","follow":"follow","max-snippet":"max-snippet:-1","max-image-preview":"max-image-preview:large","max-video-preview":"max-video-preview:-1"},"canonical":"https:\/\/shiawaves.com\/turkish\/2024\/09\/10\/eski-basbakan-imran-han-liderligindeki-pakistan-tahrik-i-insaf-pti-subat-ayindaki-tartismali-secimlerden-bu-yana-partinin-ilk-guc-gosterisi-icin-islamabadda-bir-miting-duzenledi\/","og_locale":"tr_TR","og_type":"article","og_title":"Pakistan'da Binlerce Ki\u015fi Eski Ba\u015fbakan \u0130mran Han'\u0131n Serbest B\u0131rak\u0131lmas\u0131 \u0130\u00e7in Miting D\u00fczenledi - ShiaWaves Turkish - \u015eia Haberleri","og_description":"Pakistan'da Binlerce Ki\u015fi Eski Ba\u015fbakan \u0130mran Han'\u0131n Serbest B\u0131rak\u0131lmas\u0131 \u0130\u00e7in Miting D\u00fczenledi","og_url":"https:\/\/shiawaves.com\/turkish\/2024\/09\/10\/eski-basbakan-imran-han-liderligindeki-pakistan-tahrik-i-insaf-pti-subat-ayindaki-tartismali-secimlerden-bu-yana-partinin-ilk-guc-gosterisi-icin-islamabadda-bir-miting-duzenledi\/","og_site_name":"ShiaWaves Turkish - \u015eia Haberleri","article_published_time":"2024-09-10T20:30:00+00:00","article_modified_time":"2024-09-10T17:55:49+00:00","og_image":[{"width":1022,"height":728,"url":"https:\/\/shiawaves.com\/turkish\/wp-content\/uploads\/sites\/6\/2024\/09\/image-43.png","type":"image\/png"}],"author":"modir","twitter_card":"summary_large_image","twitter_misc":{"Yazan:":"modir","Tahmini okuma s\u00fcresi":"3 dakika"},"schema":{"@context":"https:\/\/schema.org","@graph":[{"@type":"WebPage","@id":"https:\/\/shiawaves.com\/turkish\/2024\/09\/10\/eski-basbakan-imran-han-liderligindeki-pakistan-tahrik-i-insaf-pti-subat-ayindaki-tartismali-secimlerden-bu-yana-partinin-ilk-guc-gosterisi-icin-islamabadda-bir-miting-duzenledi\/","url":"https:\/\/shiawaves.com\/turkish\/2024\/09\/10\/eski-basbakan-imran-han-liderligindeki-pakistan-tahrik-i-insaf-pti-subat-ayindaki-tartismali-secimlerden-bu-yana-partinin-ilk-guc-gosterisi-icin-islamabadda-bir-miting-duzenledi\/","name":"Pakistan'da Binlerce Ki\u015fi Eski Ba\u015fbakan \u0130mran Han'\u0131n Serbest B\u0131rak\u0131lmas\u0131 \u0130\u00e7in Miting D\u00fczenledi - ShiaWaves Turkish - \u015eia Haberleri","isPartOf":{"@id":"https:\/\/shiawaves.com\/turkish\/#website"},"primaryImageOfPage":{"@id":"https:\/\/shiawaves.com\/turkish\/2024\/09\/10\/eski-basbakan-imran-han-liderligindeki-pakistan-tahrik-i-insaf-pti-subat-ayindaki-tartismali-secimlerden-bu-yana-partinin-ilk-guc-gosterisi-icin-islamabadda-bir-miting-duzenledi\/#primaryimage"},"image":{"@id":"https:\/\/shiawaves.com\/turkish\/2024\/09\/10\/eski-basbakan-imran-han-liderligindeki-pakistan-tahrik-i-insaf-pti-subat-ayindaki-tartismali-secimlerden-bu-yana-partinin-ilk-guc-gosterisi-icin-islamabadda-bir-miting-duzenledi\/#primaryimage"},"thumbnailUrl":"https:\/\/shiawaves.com\/turkish\/wp-content\/uploads\/sites\/6\/2024\/09\/image-43.png","datePublished":"2024-09-10T20:30:00+00:00","dateModified":"2024-09-10T17:55:49+00:00","author":{"@id":"https:\/\/shiawaves.com\/turkish\/#\/schema\/person\/9f68d5023e948086b9348fba5aebd954"},"description":"Pakistan'da Binlerce Ki\u015fi Eski Ba\u015fbakan \u0130mran Han'\u0131n Serbest B\u0131rak\u0131lmas\u0131 \u0130\u00e7in Miting D\u00fczenledi","breadcrumb":{"@id":"https:\/\/shiawaves.com\/turkish\/2024\/09\/10\/eski-basbakan-imran-han-liderligindeki-pakistan-tahrik-i-insaf-pti-subat-ayindaki-tartismali-secimlerden-bu-yana-partinin-ilk-guc-gosterisi-icin-islamabadda-bir-miting-duzenledi\/#breadcrumb"},"inLanguage":"tr","potentialAction":[{"@type":"ReadAction","target":["https:\/\/shiawaves.com\/turkish\/2024\/09\/10\/eski-basbakan-imran-han-liderligindeki-pakistan-tahrik-i-insaf-pti-subat-ayindaki-tartismali-secimlerden-bu-yana-partinin-ilk-guc-gosterisi-icin-islamabadda-bir-miting-duzenledi\/"]}]},{"@type":"ImageObject","inLanguage":"tr","@id":"https:\/\/shiawaves.com\/turkish\/2024\/09\/10\/eski-basbakan-imran-han-liderligindeki-pakistan-tahrik-i-insaf-pti-subat-ayindaki-tartismali-secimlerden-bu-yana-partinin-ilk-guc-gosterisi-icin-islamabadda-bir-miting-duzenledi\/#primaryimage","url":"https:\/\/shiawaves.com\/turkish\/wp-content\/uploads\/sites\/6\/2024\/09\/image-43.png","contentUrl":"https:\/\/shiawaves.com\/turkish\/wp-content\/uploads\/sites\/6\/2024\/09\/image-43.png","width":1022,"height":728,"caption":"Pakistan'da Binlerce Ki\u015fi Eski Ba\u015fbakan \u0130mran Han'\u0131n Serbest B\u0131rak\u0131lmas\u0131 \u0130\u00e7in Miting D\u00fczenledi"},{"@type":"BreadcrumbList","@id":"https:\/\/shiawaves.com\/turkish\/2024\/09\/10\/eski-basbakan-imran-han-liderligindeki-pakistan-tahrik-i-insaf-pti-subat-ayindaki-tartismali-secimlerden-bu-yana-partinin-ilk-guc-gosterisi-icin-islamabadda-bir-miting-duzenledi\/#breadcrumb","itemListElement":[{"@type":"ListItem","position":1,"name":"Home","item":"https:\/\/shiawaves.com\/turkish\/"},{"@type":"ListItem","position":2,"name":"Pakistan&#8217;da Binlerce Ki\u015fi Eski Ba\u015fbakan \u0130mran Han&#8217;\u0131n Serbest B\u0131rak\u0131lmas\u0131 \u0130\u00e7in Miting D\u00fczenledi"}]},{"@type":"WebSite","@id":"https:\/\/shiawaves.com\/turkish\/#website","url":"https:\/\/shiawaves.com\/turkish\/","name":"ShiaWaves Turkish - \u015eia Haberleri","description":"","potentialAction":[{"@type":"SearchAction","target":{"@type":"EntryPoint","urlTemplate":"https:\/\/shiawaves.com\/turkish\/?s={search_term_string}"},"query-input":{"@type":"PropertyValueSpecification","valueRequired":true,"valueName":"search_term_string"}}],"inLanguage":"tr"},{"@type":"Person","@id":"https:\/\/shiawaves.com\/turkish\/#\/schema\/person\/9f68d5023e948086b9348fba5aebd954","name":"modir","image":{"@type":"ImageObject","inLanguage":"tr","@id":"https:\/\/shiawaves.com\/turkish\/#\/schema\/person\/image\/","url":"https:\/\/secure.gravatar.com\/avatar\/8e76f93cdbdd480bd8918d1e0e1d938664c9cb1516c2a57a2b96fe50b507a6b9?s=96&d=mm&r=g","contentUrl":"https:\/\/secure.gravatar.com\/avatar\/8e76f93cdbdd480bd8918d1e0e1d938664c9cb1516c2a57a2b96fe50b507a6b9?s=96&d=mm&r=g","caption":"modir"},"sameAs":["https:\/\/shiawaves.com"],"url":"https:\/\/shiawaves.com\/turkish\/author\/modir\/"}]}},"_links":{"self":[{"href":"https:\/\/shiawaves.com\/turkish\/wp-json\/wp\/v2\/posts\/107183","targetHints":{"allow":["GET"]}}],"collection":[{"href":"https:\/\/shiawaves.com\/turkish\/wp-json\/wp\/v2\/posts"}],"about":[{"href":"https:\/\/shiawaves.com\/turkish\/wp-json\/wp\/v2\/types\/post"}],"author":[{"embeddable":true,"href":"https:\/\/shiawaves.com\/turkish\/wp-json\/wp\/v2\/users\/1"}],"replies":[{"embeddable":true,"href":"https:\/\/shiawaves.com\/turkish\/wp-json\/wp\/v2\/comments?post=107183"}],"version-history":[{"count":1,"href":"https:\/\/shiawaves.com\/turkish\/wp-json\/wp\/v2\/posts\/107183\/revisions"}],"predecessor-version":[{"id":107185,"href":"https:\/\/shiawaves.com\/turkish\/wp-json\/wp\/v2\/posts\/107183\/revisions\/107185"}],"wp:featuredmedia":[{"embeddable":true,"href":"https:\/\/shiawaves.com\/turkish\/wp-json\/wp\/v2\/media\/107184"}],"wp:attachment":[{"href":"https:\/\/shiawaves.com\/turkish\/wp-json\/wp\/v2\/media?parent=107183"}],"wp:term":[{"taxonomy":"category","embeddable":true,"href":"https:\/\/shiawaves.com\/turkish\/wp-json\/wp\/v2\/categories?post=107183"},{"taxonomy":"post_tag","embeddable":true,"href":"https:\/\/shiawaves.com\/turkish\/wp-json\/wp\/v2\/tags?post=107183"}],"curies":[{"name":"wp","href":"https:\/\/api.w.org\/{rel}","templated":true}]}}